{"id":5011,"date":"2024-06-09T19:38:25","date_gmt":"2024-06-09T17:38:25","guid":{"rendered":"https:\/\/atlantis-interim.com\/?p=5011"},"modified":"2024-06-09T19:38:27","modified_gmt":"2024-06-09T17:38:27","slug":"la-qualite-des-travailleurs-roumains","status":"publish","type":"post","link":"https:\/\/atlantis-interim.com\/index.php\/2024\/06\/09\/la-qualite-des-travailleurs-roumains\/","title":{"rendered":"La Qualit\u00e9 des Travailleurs Roumains"},"content":{"rendered":"\n<p><strong>Un Atout pour les Entreprises Europ\u00e9ennes<\/strong><\/p>\n\n\n\n<p>Dans le paysage \u00e9conomique actuel, o\u00f9 la comp\u00e9titivit\u00e9 et la comp\u00e9tence sont essentielles, les entreprises recherchent constamment des talents capables de r\u00e9pondre \u00e0 des exigences \u00e9lev\u00e9es. Les <a href=\"https:\/\/atlantis-interim.com\/index.php\/2024\/06\/14\/les-droits-des-travailleurs-roumains-detaches-en-matiere-de-sante-et-securite-au-travail\/\" data-internallinksmanager029f6b8e52c=\"4\" title=\"Travailleurs roumains\">travailleurs roumains<\/a>, de plus en plus pr\u00e9sents sur les march\u00e9s du travail europ\u00e9ens, se distinguent par leur qualit\u00e9 exceptionnelle et leurs comp\u00e9tences vari\u00e9es. Explorons les raisons pour lesquelles les <a href=\"https:\/\/atlantis-interim.com\/index.php\/2024\/06\/14\/les-droits-des-travailleurs-roumains-detaches-en-matiere-de-sante-et-securite-au-travail\/\" data-internallinksmanager029f6b8e52c=\"4\" title=\"Travailleurs roumains\">travailleurs roumains<\/a> sont si pris\u00e9s et les avantages qu\u2019ils apportent aux entreprises europ\u00e9ennes.<\/p>\n\n\n\n<h4 class=\"wp-block-heading\">1. Une Formation Solide et Polyvalente<\/h4>\n\n\n<div class=\"wp-block-image\">\n<figure class=\"alignleft size-full\"><img fetchpriority=\"high\" decoding=\"async\" width=\"391\" height=\"420\" src=\"https:\/\/atlantis-interim.com\/wp-content\/uploads\/2024\/03\/project_1_4.jpg\" alt=\"\" class=\"wp-image-4122\" srcset=\"https:\/\/atlantis-interim.com\/wp-content\/uploads\/2024\/03\/project_1_4.jpg 391w, https:\/\/atlantis-interim.com\/wp-content\/uploads\/2024\/03\/project_1_4-279x300.jpg 279w\" sizes=\"(max-width: 391px) 100vw, 391px\" \/><\/figure>\n<\/div>\n\n\n<p><strong>Excellence \u00c9ducative:<\/strong> Le syst\u00e8me \u00e9ducatif roumain met un fort accent sur les mati\u00e8res scientifiques et techniques. De nombreux <a href=\"https:\/\/atlantis-interim.com\/index.php\/2024\/06\/14\/les-droits-des-travailleurs-roumains-detaches-en-matiere-de-sante-et-securite-au-travail\/\" data-internallinksmanager029f6b8e52c=\"4\" title=\"Travailleurs roumains\">travailleurs roumains<\/a> b\u00e9n\u00e9ficient d&#8217;une formation solide dans des domaines tels que l\u2019ing\u00e9nierie, l\u2019informatique, la m\u00e9decine, et les sciences. Les universit\u00e9s roumaines produisent des dipl\u00f4m\u00e9s hautement qualifi\u00e9s, pr\u00eats \u00e0 relever les d\u00e9fis du march\u00e9 international.<\/p>\n\n\n\n<p><strong>Polyvalence Professionnelle:<\/strong> Les <a href=\"https:\/\/atlantis-interim.com\/index.php\/2024\/06\/14\/les-droits-des-travailleurs-roumains-detaches-en-matiere-de-sante-et-securite-au-travail\/\" data-internallinksmanager029f6b8e52c=\"4\" title=\"Travailleurs roumains\">travailleurs roumains<\/a> sont souvent polyvalents, capables de s\u2019adapter \u00e0 diff\u00e9rents r\u00f4les et secteurs. Leur formation acad\u00e9mique rigoureuse combin\u00e9e \u00e0 une capacit\u00e9 d&#8217;apprentissage rapide leur permet de ma\u00eetriser de nouvelles comp\u00e9tences et de s\u2019int\u00e9grer facilement dans divers environnements professionnels.<\/p>\n\n\n\n<h4 class=\"wp-block-heading\">2. Une \u00c9thique de Travail Exemplaire<\/h4>\n\n\n\n<p><strong>Diligence et Engagement:<\/strong> Les <a href=\"https:\/\/atlantis-interim.com\/index.php\/2024\/06\/14\/les-droits-des-travailleurs-roumains-detaches-en-matiere-de-sante-et-securite-au-travail\/\" data-internallinksmanager029f6b8e52c=\"4\" title=\"Travailleurs roumains\">travailleurs roumains<\/a> sont reconnus pour leur diligence et leur d\u00e9vouement. Ils sont pr\u00eats \u00e0 investir le temps et les efforts n\u00e9cessaires pour accomplir leurs t\u00e2ches de mani\u00e8re efficace et efficiente. Leur \u00e9thique de travail est souvent cit\u00e9e comme un mod\u00e8le de professionnalisme.<\/p>\n\n\n\n<p><strong>Fiabilit\u00e9 et Ponctualit\u00e9:<\/strong> La fiabilit\u00e9 est une qualit\u00e9 primordiale des <a href=\"https:\/\/atlantis-interim.com\/index.php\/2024\/06\/14\/les-droits-des-travailleurs-roumains-detaches-en-matiere-de-sante-et-securite-au-travail\/\" data-internallinksmanager029f6b8e52c=\"4\" title=\"Travailleurs roumains\">travailleurs roumains<\/a>. Ils respectent les d\u00e9lais et les engagements, ce qui en fait des employ\u00e9s de confiance sur lesquels les employeurs peuvent compter. Leur ponctualit\u00e9 et leur s\u00e9rieux dans l\u2019ex\u00e9cution des t\u00e2ches renforcent la coh\u00e9rence et la productivit\u00e9 au sein des \u00e9quipes.<\/p>\n\n\n\n<h4 class=\"wp-block-heading\">3. Comp\u00e9tences Techniques et Technologiques<\/h4>\n\n\n<div class=\"wp-block-image\">\n<figure class=\"alignright size-full\"><img decoding=\"async\" width=\"390\" height=\"400\" src=\"https:\/\/atlantis-interim.com\/wp-content\/uploads\/2023\/10\/project_4_2.jpg\" alt=\"\" class=\"wp-image-3273\" srcset=\"https:\/\/atlantis-interim.com\/wp-content\/uploads\/2023\/10\/project_4_2.jpg 390w, https:\/\/atlantis-interim.com\/wp-content\/uploads\/2023\/10\/project_4_2-293x300.jpg 293w\" sizes=\"(max-width: 390px) 100vw, 390px\" \/><\/figure>\n<\/div>\n\n\n<p><strong>Ma\u00eetrise des Technologies Modernes:<\/strong> Dans un monde o\u00f9 la technologie \u00e9volue rapidement, les comp\u00e9tences techniques sont essentielles. Les <a href=\"https:\/\/atlantis-interim.com\/index.php\/2024\/06\/14\/les-droits-des-travailleurs-roumains-detaches-en-matiere-de-sante-et-securite-au-travail\/\" data-internallinksmanager029f6b8e52c=\"4\" title=\"Travailleurs roumains\">travailleurs roumains<\/a> poss\u00e8dent souvent une excellente ma\u00eetrise des technologies modernes, des outils informatiques et des syst\u00e8mes de gestion complexes. Cette comp\u00e9tence est particuli\u00e8rement appr\u00e9ci\u00e9e dans les secteurs de l\u2019informatique, de la fabrication et de la recherche scientifique.<\/p>\n\n\n\n<p><strong>Innovation et Cr\u00e9ativit\u00e9:<\/strong> Les <a href=\"https:\/\/atlantis-interim.com\/index.php\/2024\/06\/14\/les-droits-des-travailleurs-roumains-detaches-en-matiere-de-sante-et-securite-au-travail\/\" data-internallinksmanager029f6b8e52c=\"4\" title=\"Travailleurs roumains\">travailleurs roumains<\/a> apportent \u00e9galement une touche d&#8217;innovation et de cr\u00e9ativit\u00e9 \u00e0 leur travail. Leur capacit\u00e9 \u00e0 penser de mani\u00e8re innovante permet de trouver des solutions nouvelles et efficaces aux probl\u00e8mes complexes, favorisant ainsi la croissance et le d\u00e9veloppement des entreprises.<\/p>\n\n\n\n<h4 class=\"wp-block-heading\">4. Comp\u00e9tences Linguistiques et Adaptabilit\u00e9 Culturelle<\/h4>\n\n\n\n<p><strong>Multilinguisme:<\/strong> Beaucoup de Roumains parlent couramment plusieurs langues, dont l\u2019anglais, le fran\u00e7ais, l\u2019allemand et d\u2019autres langues europ\u00e9ennes. Cette comp\u00e9tence linguistique facilite leur int\u00e9gration dans des \u00e9quipes internationales et am\u00e9liore la communication avec les clients et partenaires \u00e9trangers.<\/p>\n\n\n\n<p><strong>Adaptabilit\u00e9 Culturelle:<\/strong> Les <a href=\"https:\/\/atlantis-interim.com\/index.php\/2024\/06\/14\/les-droits-des-travailleurs-roumains-detaches-en-matiere-de-sante-et-securite-au-travail\/\" data-internallinksmanager029f6b8e52c=\"4\" title=\"Travailleurs roumains\">travailleurs roumains<\/a> sont r\u00e9put\u00e9s pour leur capacit\u00e9 \u00e0 s&#8217;adapter rapidement \u00e0 diff\u00e9rents environnements culturels. Ils montrent une grande ouverture d\u2019esprit et une volont\u00e9 d\u2019apprendre et de s\u2019int\u00e9grer dans de nouvelles cultures, ce qui est essentiel dans un monde de plus en plus globalis\u00e9.<\/p>\n\n\n\n<h4 class=\"wp-block-heading\">5. Une Attitude Positive et Collaborative<\/h4>\n\n\n\n<p><strong>Esprit d\u2019\u00c9quipe:<\/strong> Les <a href=\"https:\/\/atlantis-interim.com\/index.php\/2024\/06\/14\/les-droits-des-travailleurs-roumains-detaches-en-matiere-de-sante-et-securite-au-travail\/\" data-internallinksmanager029f6b8e52c=\"4\" title=\"Travailleurs roumains\">travailleurs roumains<\/a> valorisent le travail d\u2019\u00e9quipe et la collaboration. Leur attitude positive et leur capacit\u00e9 \u00e0 travailler harmonieusement avec d&#8217;autres contribuent \u00e0 cr\u00e9er un environnement de travail productif et convivial. Leur respect pour les coll\u00e8gues et la hi\u00e9rarchie favorise des relations de travail saines et constructives.<\/p>\n\n\n\n<p><strong>R\u00e9silience et Flexibilit\u00e9:<\/strong> Face aux d\u00e9fis, les <a href=\"https:\/\/atlantis-interim.com\/index.php\/2024\/06\/14\/les-droits-des-travailleurs-roumains-detaches-en-matiere-de-sante-et-securite-au-travail\/\" data-internallinksmanager029f6b8e52c=\"4\" title=\"Travailleurs roumains\">travailleurs roumains<\/a> montrent une grande r\u00e9silience et une flexibilit\u00e9 remarquable. Leur capacit\u00e9 \u00e0 s\u2019adapter aux changements et \u00e0 rester performants dans des conditions variables est un atout majeur pour les entreprises confront\u00e9es \u00e0 un march\u00e9 en constante \u00e9volution.<\/p>\n\n\n\n<h4 class=\"wp-block-heading\">Conclusion<\/h4>\n\n\n\n<p>Les <a href=\"https:\/\/atlantis-interim.com\/index.php\/2024\/06\/14\/les-droits-des-travailleurs-roumains-detaches-en-matiere-de-sante-et-securite-au-travail\/\" data-internallinksmanager029f6b8e52c=\"4\" title=\"Travailleurs roumains\">travailleurs roumains<\/a> apportent une combinaison unique de comp\u00e9tences techniques, d\u2019\u00e9thique de travail, de polyvalence et de capacit\u00e9s d\u2019adaptation qui les rendent extr\u00eamement pr\u00e9cieux pour les entreprises europ\u00e9ennes. Leur formation rigoureuse, leur engagement professionnel et leur aptitude \u00e0 s\u2019int\u00e9grer dans des environnements multiculturels en font des collaborateurs de choix dans un contexte globalis\u00e9. En recrutant des talents roumains, les entreprises ne se contentent pas de combler des postes vacants, elles investissent dans des ressources humaines de haute qualit\u00e9 qui contribueront de mani\u00e8re significative \u00e0 leur succ\u00e8s et \u00e0 leur croissance.<\/p>\n","protected":false},"excerpt":{"rendered":"<p>Un Atout pour les Entreprises Europ\u00e9ennes Dans le paysage \u00e9conomique actuel, o\u00f9 la comp\u00e9titivit\u00e9 et la comp\u00e9tence sont essentielles, les entreprises recherchent constamment des talents capables de r\u00e9pondre \u00e0 des exigences \u00e9lev\u00e9es. Les travailleurs roumains, de plus en plus pr\u00e9sents sur les march\u00e9s du travail europ\u00e9ens, se distinguent par leur qualit\u00e9 exceptionnelle et leurs comp\u00e9tences&#8230;<\/p>\n","protected":false},"author":1,"featured_media":3471,"comment_status":"open","ping_status":"open","sticky":false,"template":"","format":"standard","meta":{"_monsterinsights_skip_tracking":false,"_monsterinsights_sitenote_active":false,"_monsterinsights_sitenote_note":"","_monsterinsights_sitenote_category":0,"_jetpack_memberships_contains_paid_content":false,"wds_primary_category":0,"footnotes":""},"categories":[1],"tags":[79,78,82,80,83,84,81],"class_list":["post-5011","post","type-post","status-publish","format-standard","has-post-thumbnail","hentry","category-blog","tag-agence-interim-roumanie","tag-interim-roumanie","tag-interimaire-roumain","tag-ouvrier-roumain","tag-travail-detache","tag-travail-detache-roumanie","tag-travailleur-roumain","th-blog blog-single has-post-thumbnail"],"aioseo_notices":[],"jetpack_featured_media_url":"https:\/\/atlantis-interim.com\/wp-content\/uploads\/2023\/10\/hero_bg_2_3.png","jetpack_sharing_enabled":true,"_links":{"self":[{"href":"https:\/\/atlantis-interim.com\/index.php\/wp-json\/wp\/v2\/posts\/5011","targetHints":{"allow":["GET"]}}],"collection":[{"href":"https:\/\/atlantis-interim.com\/index.php\/wp-json\/wp\/v2\/posts"}],"about":[{"href":"https:\/\/atlantis-interim.com\/index.php\/wp-json\/wp\/v2\/types\/post"}],"author":[{"embeddable":true,"href":"https:\/\/atlantis-interim.com\/index.php\/wp-json\/wp\/v2\/users\/1"}],"replies":[{"embeddable":true,"href":"https:\/\/atlantis-interim.com\/index.php\/wp-json\/wp\/v2\/comments?post=5011"}],"version-history":[{"count":1,"href":"https:\/\/atlantis-interim.com\/index.php\/wp-json\/wp\/v2\/posts\/5011\/revisions"}],"predecessor-version":[{"id":5012,"href":"https:\/\/atlantis-interim.com\/index.php\/wp-json\/wp\/v2\/posts\/5011\/revisions\/5012"}],"wp:featuredmedia":[{"embeddable":true,"href":"https:\/\/atlantis-interim.com\/index.php\/wp-json\/wp\/v2\/media\/3471"}],"wp:attachment":[{"href":"https:\/\/atlantis-interim.com\/index.php\/wp-json\/wp\/v2\/media?parent=5011"}],"wp:term":[{"taxonomy":"category","embeddable":true,"href":"https:\/\/atlantis-interim.com\/index.php\/wp-json\/wp\/v2\/categories?post=5011"},{"taxonomy":"post_tag","embeddable":true,"href":"https:\/\/atlantis-interim.com\/index.php\/wp-json\/wp\/v2\/tags?post=5011"}],"curies":[{"name":"wp","href":"https:\/\/api.w.org\/{rel}","templated":true}]}}