{"id":5094,"date":"2024-06-09T12:55:00","date_gmt":"2024-06-09T10:55:00","guid":{"rendered":"https:\/\/atlantis-interim.com\/?p=5094"},"modified":"2024-07-03T13:00:32","modified_gmt":"2024-07-03T11:00:32","slug":"limportance-des-reseaux-professionnels-pour-les-interimaires-roumains","status":"publish","type":"post","link":"https:\/\/atlantis-interim.com\/index.php\/2024\/06\/09\/limportance-des-reseaux-professionnels-pour-les-interimaires-roumains\/","title":{"rendered":"L&#8217;Importance des R\u00e9seaux Professionnels pour les Int\u00e9rimaires Roumains"},"content":{"rendered":"\n<p>Dans un march\u00e9 de l&#8217;emploi comp\u00e9titif, les r\u00e9seaux professionnels jouent un r\u00f4le crucial pour les <a href=\"https:\/\/atlantis-interim.com\/index.php\/2025\/02\/26\/lapport-des-interimaires-roumains-dans-lelevage-expertise-et-flexibilite-au-service-des-exploitations-europeennes\/\" data-internallinksmanager029f6b8e52c=\"2\" title=\"Interimaires Roumains\">int\u00e9rimaires roumains<\/a>. Cet article examine l&#8217;importance des r\u00e9seaux professionnels pour les travailleurs d\u00e9tach\u00e9s de Roumanie.<\/p>\n\n\n\n<p><strong>Acc\u00e8s aux Opportunit\u00e9s d&#8217;Emploi<\/strong><\/p>\n\n\n\n<p>Les r\u00e9seaux professionnels permettent aux <a href=\"https:\/\/atlantis-interim.com\/index.php\/2025\/02\/26\/lapport-des-interimaires-roumains-dans-lelevage-expertise-et-flexibilite-au-service-des-exploitations-europeennes\/\" data-internallinksmanager029f6b8e52c=\"2\" title=\"Interimaires Roumains\">int\u00e9rimaires roumains<\/a> d&#8217;acc\u00e9der \u00e0 des opportunit\u00e9s d&#8217;emploi exclusives. Les agences d&#8217;int\u00e9rim et les plateformes en ligne facilitent le contact entre les travailleurs et les employeurs, ouvrant la porte \u00e0 des missions int\u00e9ressantes.<\/p>\n\n\n\n<figure class=\"wp-block-image size-full\"><img fetchpriority=\"high\" decoding=\"async\" width=\"1024\" height=\"758\" src=\"https:\/\/atlantis-interim.com\/wp-content\/uploads\/2024\/07\/iStock-1124695331-1024x758-1.jpg\" alt=\"\" class=\"wp-image-5096\" srcset=\"https:\/\/atlantis-interim.com\/wp-content\/uploads\/2024\/07\/iStock-1124695331-1024x758-1.jpg 1024w, https:\/\/atlantis-interim.com\/wp-content\/uploads\/2024\/07\/iStock-1124695331-1024x758-1-300x222.jpg 300w, https:\/\/atlantis-interim.com\/wp-content\/uploads\/2024\/07\/iStock-1124695331-1024x758-1-768x569.jpg 768w, https:\/\/atlantis-interim.com\/wp-content\/uploads\/2024\/07\/iStock-1124695331-1024x758-1-600x444.jpg 600w\" sizes=\"(max-width: 1024px) 100vw, 1024px\" \/><figcaption class=\"wp-element-caption\">Interimaire en Logistique<\/figcaption><\/figure>\n\n\n\n<p><strong>D\u00e9veloppement de Carri\u00e8re<\/strong><\/p>\n\n\n\n<p>Les r\u00e9seaux professionnels offrent des opportunit\u00e9s de mentorat et de d\u00e9veloppement de carri\u00e8re. Les <a href=\"https:\/\/atlantis-interim.com\/index.php\/2024\/06\/14\/les-droits-des-travailleurs-roumains-detaches-en-matiere-de-sante-et-securite-au-travail\/\" data-internallinksmanager029f6b8e52c=\"4\" title=\"Travailleurs roumains\">travailleurs roumains<\/a> peuvent b\u00e9n\u00e9ficier de conseils et d&#8217;orientations de la part de professionnels exp\u00e9riment\u00e9s, ce qui peut les aider \u00e0 progresser dans leur carri\u00e8re.<\/p>\n\n\n\n<p><strong>Renforcement des Comp\u00e9tences<\/strong><\/p>\n\n\n\n<p>Les \u00e9v\u00e9nements de r\u00e9seautage et les ateliers professionnels permettent aux <a href=\"https:\/\/atlantis-interim.com\/index.php\/2025\/02\/25\/les-conditions-de-travail-des-interimaires-roumains-dans-lindustrie-realites-et-defis\/\" data-internallinksmanager029f6b8e52c=\"26\" title=\"int\u00e9rimaires\">int\u00e9rimaires<\/a> de renforcer leurs comp\u00e9tences et de rester inform\u00e9s des derni\u00e8res tendances du march\u00e9. Cela am\u00e9liore leur employabilit\u00e9 et leur performance professionnelle.<\/p>\n\n\n\n<p>Les r\u00e9seaux professionnels sont essentiels pour les <a href=\"https:\/\/atlantis-interim.com\/index.php\/2025\/02\/26\/lapport-des-interimaires-roumains-dans-lelevage-expertise-et-flexibilite-au-service-des-exploitations-europeennes\/\" data-internallinksmanager029f6b8e52c=\"2\" title=\"Interimaires Roumains\">int\u00e9rimaires roumains<\/a>, offrant des opportunit\u00e9s d&#8217;emploi, de d\u00e9veloppement de carri\u00e8re, et de renforcement des comp\u00e9tences. Investir dans ces r\u00e9seaux est crucial pour r\u00e9ussir dans le secteur de l&#8217;int\u00e9rim.<\/p>\n","protected":false},"excerpt":{"rendered":"<p>Dans un march\u00e9 de l&#8217;emploi comp\u00e9titif, les r\u00e9seaux professionnels jouent un r\u00f4le crucial pour les int\u00e9rimaires roumains. Cet article examine l&#8217;importance des r\u00e9seaux professionnels pour les travailleurs d\u00e9tach\u00e9s de Roumanie. Acc\u00e8s aux Opportunit\u00e9s d&#8217;Emploi Les r\u00e9seaux professionnels permettent aux int\u00e9rimaires roumains d&#8217;acc\u00e9der \u00e0 des opportunit\u00e9s d&#8217;emploi exclusives. Les agences d&#8217;int\u00e9rim et les plateformes en ligne&#8230;<\/p>\n","protected":false},"author":1,"featured_media":5095,"comment_status":"open","ping_status":"open","sticky":false,"template":"","format":"standard","meta":{"_monsterinsights_skip_tracking":false,"_monsterinsights_sitenote_active":false,"_monsterinsights_sitenote_note":"","_monsterinsights_sitenote_category":0,"_jetpack_memberships_contains_paid_content":false,"wds_primary_category":0,"footnotes":""},"categories":[1],"tags":[78,84],"class_list":["post-5094","post","type-post","status-publish","format-standard","has-post-thumbnail","hentry","category-blog","tag-interim-roumanie","tag-travail-detache-roumanie","th-blog blog-single has-post-thumbnail"],"aioseo_notices":[],"jetpack_featured_media_url":"https:\/\/atlantis-interim.com\/wp-content\/uploads\/2024\/07\/DEBNX55WCZCOZMFECDVP4BXJDM.avif","jetpack_sharing_enabled":true,"_links":{"self":[{"href":"https:\/\/atlantis-interim.com\/index.php\/wp-json\/wp\/v2\/posts\/5094","targetHints":{"allow":["GET"]}}],"collection":[{"href":"https:\/\/atlantis-interim.com\/index.php\/wp-json\/wp\/v2\/posts"}],"about":[{"href":"https:\/\/atlantis-interim.com\/index.php\/wp-json\/wp\/v2\/types\/post"}],"author":[{"embeddable":true,"href":"https:\/\/atlantis-interim.com\/index.php\/wp-json\/wp\/v2\/users\/1"}],"replies":[{"embeddable":true,"href":"https:\/\/atlantis-interim.com\/index.php\/wp-json\/wp\/v2\/comments?post=5094"}],"version-history":[{"count":1,"href":"https:\/\/atlantis-interim.com\/index.php\/wp-json\/wp\/v2\/posts\/5094\/revisions"}],"predecessor-version":[{"id":5097,"href":"https:\/\/atlantis-interim.com\/index.php\/wp-json\/wp\/v2\/posts\/5094\/revisions\/5097"}],"wp:featuredmedia":[{"embeddable":true,"href":"https:\/\/atlantis-interim.com\/index.php\/wp-json\/wp\/v2\/media\/5095"}],"wp:attachment":[{"href":"https:\/\/atlantis-interim.com\/index.php\/wp-json\/wp\/v2\/media?parent=5094"}],"wp:term":[{"taxonomy":"category","embeddable":true,"href":"https:\/\/atlantis-interim.com\/index.php\/wp-json\/wp\/v2\/categories?post=5094"},{"taxonomy":"post_tag","embeddable":true,"href":"https:\/\/atlantis-interim.com\/index.php\/wp-json\/wp\/v2\/tags?post=5094"}],"curies":[{"name":"wp","href":"https:\/\/api.w.org\/{rel}","templated":true}]}}