{"id":5132,"date":"2024-07-14T14:10:50","date_gmt":"2024-07-14T12:10:50","guid":{"rendered":"https:\/\/atlantis-interim.com\/?p=5132"},"modified":"2024-07-14T14:10:51","modified_gmt":"2024-07-14T12:10:51","slug":"les-droits-des-travailleurs-temporaires-en-france-conges-payes-pour-les-travailleurs-roumains","status":"publish","type":"post","link":"https:\/\/atlantis-interim.com\/index.php\/2024\/07\/14\/les-droits-des-travailleurs-temporaires-en-france-conges-payes-pour-les-travailleurs-roumains\/","title":{"rendered":"Les Droits des Travailleurs Temporaires en France : Cong\u00e9s Pay\u00e9s pour les Travailleurs Roumains"},"content":{"rendered":"\n<p>En France, les<a href=\"https:\/\/atlantis-interim.com\/index.php\/2024\/03\/03\/levolution-du-secteur-de-linterim-une-opportunite-pour-les-travailleurs-roumains\/\" title=\"L\u2019\u00c9volution du Secteur de l\u2019Int\u00e9rim : Une Opportunit\u00e9 pour les Travailleurs Roumains\"> travailleurs temporaires<\/a>, y compris les <a href=\"https:\/\/atlantis-interim.com\/index.php\/2025\/02\/26\/lapport-des-interimaires-roumains-dans-lelevage-expertise-et-flexibilite-au-service-des-exploitations-europeennes\/\" data-internallinksmanager029f6b8e52c=\"2\" title=\"Interimaires Roumains\">int\u00e9rimaires roumains<\/a>, b\u00e9n\u00e9ficient de droits sp\u00e9cifiques en mati\u00e8re de cong\u00e9s pay\u00e9s. Cet article explore ces droits et les \u00e9tapes n\u00e9cessaires pour s&#8217;assurer que les travailleurs d\u00e9tach\u00e9s roumains profitent de ces avantages.<\/p>\n\n\n\n<p><strong>Droit aux Cong\u00e9s Pay\u00e9s<\/strong><\/p>\n\n\n\n<p>Les <a href=\"https:\/\/atlantis-interim.com\/index.php\/2023\/02\/09\/les-droits-des-travailleurs-temporaires-roumains-en-formation-professionnelle\/\" data-internallinksmanager029f6b8e52c=\"18\" title=\"travailleurs temporaires\">travailleurs temporaires<\/a>, qu&#8217;ils soient en mission en France via une <a href=\"https:\/\/atlantis-interim.com\/index.php\/2024\/05\/05\/linterim-detache-roumain-pour-le-secteur-agricole-en-france\/\" title=\"L\u2019Int\u00e9rim D\u00e9tach\u00e9 Roumain pour le Secteur Agricole en France\">agence d&#8217;int\u00e9rim Roumanie<\/a> ou en tant que travailleurs d\u00e9tach\u00e9s, ont droit \u00e0 des cong\u00e9s pay\u00e9s. La loi fran\u00e7aise garantit cinq semaines de cong\u00e9s pay\u00e9s par an, calcul\u00e9es au prorata du temps travaill\u00e9.<\/p>\n\n\n\n<p><strong>Calcul et Prise des Cong\u00e9s<\/strong><\/p>\n\n\n\n<p>Les cong\u00e9s pay\u00e9s pour les <a href=\"https:\/\/atlantis-interim.com\/index.php\/2024\/07\/03\/les-secteurs-en-croissance-pour-les-interimaires-roumains-en-europe\/\" title=\"Les Secteurs en Croissance pour les Int\u00e9rimaires Roumains en Europe\">int\u00e9rimaires \u00e9trangers roumains<\/a> sont calcul\u00e9s en fonction des jours travaill\u00e9s. Pour chaque mois de travail effectif, le travailleur accumule 2,5 jours de cong\u00e9s pay\u00e9s. Les agences d&#8217;int\u00e9rim et les entreprises doivent informer les travailleurs de leurs droits et des modalit\u00e9s pour prendre leurs cong\u00e9s.<\/p>\n\n\n\n<p><strong>Conclusion<\/strong><\/p>\n\n\n\n<p>Les <a href=\"https:\/\/atlantis-interim.com\/index.php\/2024\/07\/03\/les-secteurs-en-croissance-pour-les-interimaires-roumains-en-europe\/\" title=\"Les Secteurs en Croissance pour les Int\u00e9rimaires Roumains en Europe\">int\u00e9rimaires \u00e9trangers<\/a>, notamment les <a href=\"https:\/\/atlantis-interim.com\/index.php\/2024\/06\/14\/les-droits-des-travailleurs-roumains-detaches-en-matiere-de-sante-et-securite-au-travail\/\" data-internallinksmanager029f6b8e52c=\"4\" title=\"Travailleurs roumains\">travailleurs roumains<\/a>, ont des droits clairs et prot\u00e9g\u00e9s en mati\u00e8re de cong\u00e9s pay\u00e9s en France. Les employeurs et les <a href=\"https:\/\/atlantis-interim.com\/index.php\/all-services\/interimaire-dans-la-distribution\/\" title=\"Interimaire dans la Distribution\">agences d&#8217;int\u00e9rim<\/a> doivent veiller \u00e0 respecter ces droits pour assurer le bien-\u00eatre des travailleurs d\u00e9tach\u00e9s.<\/p>\n","protected":false},"excerpt":{"rendered":"<p>En France, les travailleurs temporaires, y compris les int\u00e9rimaires roumains, b\u00e9n\u00e9ficient de droits sp\u00e9cifiques en mati\u00e8re de cong\u00e9s pay\u00e9s. Cet article explore ces droits et les \u00e9tapes n\u00e9cessaires pour s&#8217;assurer que les travailleurs d\u00e9tach\u00e9s roumains profitent de ces avantages. Droit aux Cong\u00e9s Pay\u00e9s Les travailleurs temporaires, qu&#8217;ils soient en mission en France via une agence&#8230;<\/p>\n","protected":false},"author":1,"featured_media":5133,"comment_status":"open","ping_status":"open","sticky":false,"template":"","format":"standard","meta":{"_monsterinsights_skip_tracking":false,"_monsterinsights_sitenote_active":false,"_monsterinsights_sitenote_note":"","_monsterinsights_sitenote_category":0,"_jetpack_memberships_contains_paid_content":false,"wds_primary_category":0,"footnotes":""},"categories":[1],"tags":[79,78,82,83,81],"class_list":["post-5132","post","type-post","status-publish","format-standard","has-post-thumbnail","hentry","category-blog","tag-agence-interim-roumanie","tag-interim-roumanie","tag-interimaire-roumain","tag-travail-detache","tag-travailleur-roumain","th-blog blog-single has-post-thumbnail"],"aioseo_notices":[],"jetpack_featured_media_url":"https:\/\/atlantis-interim.com\/wp-content\/uploads\/2024\/07\/technicien-logistique.jpg","jetpack_sharing_enabled":true,"_links":{"self":[{"href":"https:\/\/atlantis-interim.com\/index.php\/wp-json\/wp\/v2\/posts\/5132","targetHints":{"allow":["GET"]}}],"collection":[{"href":"https:\/\/atlantis-interim.com\/index.php\/wp-json\/wp\/v2\/posts"}],"about":[{"href":"https:\/\/atlantis-interim.com\/index.php\/wp-json\/wp\/v2\/types\/post"}],"author":[{"embeddable":true,"href":"https:\/\/atlantis-interim.com\/index.php\/wp-json\/wp\/v2\/users\/1"}],"replies":[{"embeddable":true,"href":"https:\/\/atlantis-interim.com\/index.php\/wp-json\/wp\/v2\/comments?post=5132"}],"version-history":[{"count":1,"href":"https:\/\/atlantis-interim.com\/index.php\/wp-json\/wp\/v2\/posts\/5132\/revisions"}],"predecessor-version":[{"id":5134,"href":"https:\/\/atlantis-interim.com\/index.php\/wp-json\/wp\/v2\/posts\/5132\/revisions\/5134"}],"wp:featuredmedia":[{"embeddable":true,"href":"https:\/\/atlantis-interim.com\/index.php\/wp-json\/wp\/v2\/media\/5133"}],"wp:attachment":[{"href":"https:\/\/atlantis-interim.com\/index.php\/wp-json\/wp\/v2\/media?parent=5132"}],"wp:term":[{"taxonomy":"category","embeddable":true,"href":"https:\/\/atlantis-interim.com\/index.php\/wp-json\/wp\/v2\/categories?post=5132"},{"taxonomy":"post_tag","embeddable":true,"href":"https:\/\/atlantis-interim.com\/index.php\/wp-json\/wp\/v2\/tags?post=5132"}],"curies":[{"name":"wp","href":"https:\/\/api.w.org\/{rel}","templated":true}]}}