{"id":5135,"date":"2024-07-14T14:17:36","date_gmt":"2024-07-14T12:17:36","guid":{"rendered":"https:\/\/atlantis-interim.com\/?p=5135"},"modified":"2024-07-14T14:17:38","modified_gmt":"2024-07-14T12:17:38","slug":"la-remuneration-des-interimaires-roumains-ce-que-vous-devez-savoir","status":"publish","type":"post","link":"https:\/\/atlantis-interim.com\/index.php\/2024\/07\/14\/la-remuneration-des-interimaires-roumains-ce-que-vous-devez-savoir\/","title":{"rendered":"La R\u00e9mun\u00e9ration des Int\u00e9rimaires Roumains : Ce Que Vous Devez Savoir"},"content":{"rendered":"\n<p>La r\u00e9mun\u00e9ration des <a href=\"https:\/\/atlantis-interim.com\/index.php\/2024\/06\/09\/la-qualite-des-interimaires-roumains\/\" title=\"La Qualit\u00e9 des Int\u00e9rimaires Roumains\">travailleurs temporaires<\/a>, en particulier des <a href=\"https:\/\/atlantis-interim.com\/index.php\/2024\/06\/09\/la-qualite-des-interimaires-roumains\/\" title=\"La Qualit\u00e9 des Int\u00e9rimaires Roumains\">int\u00e9rimaires roumains<\/a>, est un aspect crucial de leurs conditions de travail. Cet article se penche sur les r\u00e8gles de r\u00e9mun\u00e9ration applicables aux travailleurs d\u00e9tach\u00e9s roumains en France.<\/p>\n\n\n\n<p><strong>R\u00e9mun\u00e9ration Minimum et Conventions Collectives<\/strong><\/p>\n\n\n\n<p>Les <a href=\"https:\/\/atlantis-interim.com\/index.php\/2024\/07\/03\/les-defis-et-opportunites-pour-les-travailleurs-detaches-roumains-dans-le-secteur-de-linterim\/\" title=\"Les D\u00e9fis et Opportunit\u00e9s pour les Travailleurs D\u00e9tach\u00e9s Roumains dans le Secteur de l\u2019Int\u00e9rim\">travailleurs d\u00e9tach\u00e9s<\/a> roumains doivent \u00eatre r\u00e9mun\u00e9r\u00e9s au moins au niveau du salaire minimum fran\u00e7ais (SMIC) ou selon les conventions collectives applicables dans le secteur d&#8217;activit\u00e9. Les <a href=\"https:\/\/atlantis-interim.com\/index.php\/2024\/12\/09\/remuneration-et-conditions-des-interimaires-etrangers-en-france\/\" data-internallinksmanager029f6b8e52c=\"5\" title=\"Int\u00e9rimaires \u00e9trangers\">int\u00e9rimaires \u00e9trangers<\/a> roumains b\u00e9n\u00e9ficient ainsi des m\u00eames protections salariales que les travailleurs fran\u00e7ais.<\/p>\n\n\n\n<p><strong>Composantes de la R\u00e9mun\u00e9ration<\/strong><\/p>\n\n\n\n<p>La r\u00e9mun\u00e9ration des <a href=\"https:\/\/atlantis-interim.com\/index.php\/2023\/04\/03\/limpact-de-la-numerisation-sur-les-interimaires-roumains\/\" title=\"L\u2019Impact de la Num\u00e9risation sur les Int\u00e9rimaires Roumains\">int\u00e9rimaires roumains<\/a> comprend non seulement le salaire de base, mais aussi des primes \u00e9ventuelles, des indemnit\u00e9s de d\u00e9placement, et des avantages en nature. Il est essentiel que toutes ces composantes soient clairement sp\u00e9cifi\u00e9es dans le contrat de travail.<\/p>\n\n\n\n<p><strong>Conclusion<\/strong><\/p>\n\n\n\n<p>Assurer une r\u00e9mun\u00e9ration \u00e9quitable et conforme \u00e0 la l\u00e9gislation fran\u00e7aise est primordial pour les travailleurs d\u00e9tach\u00e9s roumains. Les agences d&#8217;int\u00e9rim doivent s&#8217;assurer que les <a href=\"https:\/\/atlantis-interim.com\/index.php\/2024\/12\/09\/remuneration-et-conditions-des-interimaires-etrangers-en-france\/\" data-internallinksmanager029f6b8e52c=\"5\" title=\"Int\u00e9rimaires \u00e9trangers\">int\u00e9rimaires \u00e9trangers<\/a> b\u00e9n\u00e9ficient de toutes les protections salariales n\u00e9cessaires.<\/p>\n","protected":false},"excerpt":{"rendered":"<p>La r\u00e9mun\u00e9ration des travailleurs temporaires, en particulier des int\u00e9rimaires roumains, est un aspect crucial de leurs conditions de travail. Cet article se penche sur les r\u00e8gles de r\u00e9mun\u00e9ration applicables aux travailleurs d\u00e9tach\u00e9s roumains en France. R\u00e9mun\u00e9ration Minimum et Conventions Collectives Les travailleurs d\u00e9tach\u00e9s roumains doivent \u00eatre r\u00e9mun\u00e9r\u00e9s au moins au niveau du salaire minimum fran\u00e7ais&#8230;<\/p>\n","protected":false},"author":1,"featured_media":5136,"comment_status":"open","ping_status":"open","sticky":false,"template":"","format":"standard","meta":{"_monsterinsights_skip_tracking":false,"_monsterinsights_sitenote_active":false,"_monsterinsights_sitenote_note":"","_monsterinsights_sitenote_category":0,"_jetpack_memberships_contains_paid_content":false,"wds_primary_category":0,"footnotes":""},"categories":[1],"tags":[79,78,82,83,81],"class_list":["post-5135","post","type-post","status-publish","format-standard","has-post-thumbnail","hentry","category-blog","tag-agence-interim-roumanie","tag-interim-roumanie","tag-interimaire-roumain","tag-travail-detache","tag-travailleur-roumain","th-blog blog-single has-post-thumbnail"],"aioseo_notices":[],"jetpack_featured_media_url":"https:\/\/atlantis-interim.com\/wp-content\/uploads\/2024\/07\/shutterstock_655155613-e1560518056689-1024x519-1.jpg","jetpack_sharing_enabled":true,"_links":{"self":[{"href":"https:\/\/atlantis-interim.com\/index.php\/wp-json\/wp\/v2\/posts\/5135","targetHints":{"allow":["GET"]}}],"collection":[{"href":"https:\/\/atlantis-interim.com\/index.php\/wp-json\/wp\/v2\/posts"}],"about":[{"href":"https:\/\/atlantis-interim.com\/index.php\/wp-json\/wp\/v2\/types\/post"}],"author":[{"embeddable":true,"href":"https:\/\/atlantis-interim.com\/index.php\/wp-json\/wp\/v2\/users\/1"}],"replies":[{"embeddable":true,"href":"https:\/\/atlantis-interim.com\/index.php\/wp-json\/wp\/v2\/comments?post=5135"}],"version-history":[{"count":1,"href":"https:\/\/atlantis-interim.com\/index.php\/wp-json\/wp\/v2\/posts\/5135\/revisions"}],"predecessor-version":[{"id":5137,"href":"https:\/\/atlantis-interim.com\/index.php\/wp-json\/wp\/v2\/posts\/5135\/revisions\/5137"}],"wp:featuredmedia":[{"embeddable":true,"href":"https:\/\/atlantis-interim.com\/index.php\/wp-json\/wp\/v2\/media\/5136"}],"wp:attachment":[{"href":"https:\/\/atlantis-interim.com\/index.php\/wp-json\/wp\/v2\/media?parent=5135"}],"wp:term":[{"taxonomy":"category","embeddable":true,"href":"https:\/\/atlantis-interim.com\/index.php\/wp-json\/wp\/v2\/categories?post=5135"},{"taxonomy":"post_tag","embeddable":true,"href":"https:\/\/atlantis-interim.com\/index.php\/wp-json\/wp\/v2\/tags?post=5135"}],"curies":[{"name":"wp","href":"https:\/\/api.w.org\/{rel}","templated":true}]}}