{"id":5138,"date":"2024-07-14T14:20:41","date_gmt":"2024-07-14T12:20:41","guid":{"rendered":"https:\/\/atlantis-interim.com\/?p=5138"},"modified":"2024-07-14T14:24:14","modified_gmt":"2024-07-14T12:24:14","slug":"securite-sociale-pour-les-travailleurs-temporaires-roumains-en-france","status":"publish","type":"post","link":"https:\/\/atlantis-interim.com\/index.php\/2024\/07\/14\/securite-sociale-pour-les-travailleurs-temporaires-roumains-en-france\/","title":{"rendered":"S\u00e9curit\u00e9 Sociale pour les Travailleurs Temporaires Roumains en France"},"content":{"rendered":"\n<p>La s\u00e9curit\u00e9 sociale est un \u00e9l\u00e9ment essentiel de la protection des travailleurs, y compris pour les <a href=\"https:\/\/atlantis-interim.com\/index.php\/2025\/02\/26\/lapport-des-interimaires-roumains-dans-lelevage-expertise-et-flexibilite-au-service-des-exploitations-europeennes\/\" data-internallinksmanager029f6b8e52c=\"2\" title=\"Interimaires Roumains\">int\u00e9rimaires roumains<\/a> en France. Cet article examine comment les <a href=\"https:\/\/atlantis-interim.com\/index.php\/2024\/07\/05\/recrutement-de-travailleurs-roumains-pour-le-secteur-de-la-sante\/\" title=\"Recrutement de Travailleurs Roumains pour le Secteur de la Sant\u00e9\">travailleurs d\u00e9tach\u00e9s<\/a> roumains sont couverts par la s\u00e9curit\u00e9 sociale fran\u00e7aise.<\/p>\n\n\n\n<p><strong>Inscription \u00e0 la S\u00e9curit\u00e9 Sociale<\/strong><\/p>\n\n\n\n<p>Les <a href=\"https:\/\/atlantis-interim.com\/index.php\/2024\/12\/09\/remuneration-et-conditions-des-interimaires-etrangers-en-france\/\" data-internallinksmanager029f6b8e52c=\"5\" title=\"Int\u00e9rimaires \u00e9trangers\">int\u00e9rimaires \u00e9trangers<\/a> roumains doivent \u00eatre inscrits \u00e0 la s\u00e9curit\u00e9 sociale fran\u00e7aise d\u00e8s le d\u00e9but de leur mission. L&#8217;agence d&#8217;int\u00e9rim ou l&#8217;employeur est responsable de cette inscription, qui permet aux travailleurs de b\u00e9n\u00e9ficier des prestations de sant\u00e9 et des assurances sociales.<\/p>\n\n\n\n<p><strong>Prestations de S\u00e9curit\u00e9 Sociale<\/strong><\/p>\n\n\n\n<p>Les <a href=\"https:\/\/atlantis-interim.com\/index.php\/2024\/07\/05\/les-avantages-du-recrutement-de-travailleurs-roumains-pour-le-secteur-des-transports\/\" title=\"Les Avantages du Recrutement de Travailleurs Roumains pour le Secteur des Transports\">travailleurs d\u00e9tach\u00e9s roumains<\/a> ont droit aux m\u00eames prestations de s\u00e9curit\u00e9 sociale que les travailleurs fran\u00e7ais, y compris les remboursements de soins m\u00e9dicaux, les indemnit\u00e9s journali\u00e8res en cas de maladie ou d&#8217;accident, et les prestations familiales.<\/p>\n\n\n\n<p><strong>Conclusion<\/strong><\/p>\n\n\n\n<p>La s\u00e9curit\u00e9 sociale est une protection fondamentale pour les <a href=\"https:\/\/atlantis-interim.com\/index.php\/2024\/06\/28\/les-tendances-du-marche-de-linterim-pour-les-travailleurs-roumains-en-2024\/\" title=\"Les Tendances du March\u00e9 de l\u2019Int\u00e9rim pour les Travailleurs Roumains en 2024\">int\u00e9rimaires roumains<\/a> en France. Les agences d&#8217;int\u00e9rim doivent s&#8217;assurer que leurs travailleurs sont correctement inscrits et b\u00e9n\u00e9ficient de toutes les prestations disponibles.<\/p>\n","protected":false},"excerpt":{"rendered":"<p>La s\u00e9curit\u00e9 sociale est un \u00e9l\u00e9ment essentiel de la protection des travailleurs, y compris pour les int\u00e9rimaires roumains en France. Cet article examine comment les travailleurs d\u00e9tach\u00e9s roumains sont couverts par la s\u00e9curit\u00e9 sociale fran\u00e7aise. Inscription \u00e0 la S\u00e9curit\u00e9 Sociale Les int\u00e9rimaires \u00e9trangers roumains doivent \u00eatre inscrits \u00e0 la s\u00e9curit\u00e9 sociale fran\u00e7aise d\u00e8s le d\u00e9but&#8230;<\/p>\n","protected":false},"author":1,"featured_media":5139,"comment_status":"open","ping_status":"open","sticky":false,"template":"","format":"standard","meta":{"_monsterinsights_skip_tracking":false,"_monsterinsights_sitenote_active":false,"_monsterinsights_sitenote_note":"","_monsterinsights_sitenote_category":0,"_jetpack_memberships_contains_paid_content":false,"wds_primary_category":0,"footnotes":""},"categories":[1],"tags":[79,78,82,80,83,84],"class_list":["post-5138","post","type-post","status-publish","format-standard","has-post-thumbnail","hentry","category-blog","tag-agence-interim-roumanie","tag-interim-roumanie","tag-interimaire-roumain","tag-ouvrier-roumain","tag-travail-detache","tag-travail-detache-roumanie","th-blog blog-single has-post-thumbnail"],"aioseo_notices":[],"jetpack_featured_media_url":"https:\/\/atlantis-interim.com\/wp-content\/uploads\/2024\/07\/macon-2.png","jetpack_sharing_enabled":true,"_links":{"self":[{"href":"https:\/\/atlantis-interim.com\/index.php\/wp-json\/wp\/v2\/posts\/5138","targetHints":{"allow":["GET"]}}],"collection":[{"href":"https:\/\/atlantis-interim.com\/index.php\/wp-json\/wp\/v2\/posts"}],"about":[{"href":"https:\/\/atlantis-interim.com\/index.php\/wp-json\/wp\/v2\/types\/post"}],"author":[{"embeddable":true,"href":"https:\/\/atlantis-interim.com\/index.php\/wp-json\/wp\/v2\/users\/1"}],"replies":[{"embeddable":true,"href":"https:\/\/atlantis-interim.com\/index.php\/wp-json\/wp\/v2\/comments?post=5138"}],"version-history":[{"count":2,"href":"https:\/\/atlantis-interim.com\/index.php\/wp-json\/wp\/v2\/posts\/5138\/revisions"}],"predecessor-version":[{"id":5142,"href":"https:\/\/atlantis-interim.com\/index.php\/wp-json\/wp\/v2\/posts\/5138\/revisions\/5142"}],"wp:featuredmedia":[{"embeddable":true,"href":"https:\/\/atlantis-interim.com\/index.php\/wp-json\/wp\/v2\/media\/5139"}],"wp:attachment":[{"href":"https:\/\/atlantis-interim.com\/index.php\/wp-json\/wp\/v2\/media?parent=5138"}],"wp:term":[{"taxonomy":"category","embeddable":true,"href":"https:\/\/atlantis-interim.com\/index.php\/wp-json\/wp\/v2\/categories?post=5138"},{"taxonomy":"post_tag","embeddable":true,"href":"https:\/\/atlantis-interim.com\/index.php\/wp-json\/wp\/v2\/tags?post=5138"}],"curies":[{"name":"wp","href":"https:\/\/api.w.org\/{rel}","templated":true}]}}