{"id":5152,"date":"2024-05-14T14:43:00","date_gmt":"2024-05-14T12:43:00","guid":{"rendered":"https:\/\/atlantis-interim.com\/?p=5152"},"modified":"2024-07-14T14:46:41","modified_gmt":"2024-07-14T12:46:41","slug":"la-protection-contre-le-licenciement-abusif-des-interimaires-roumains","status":"publish","type":"post","link":"https:\/\/atlantis-interim.com\/index.php\/2024\/05\/14\/la-protection-contre-le-licenciement-abusif-des-interimaires-roumains\/","title":{"rendered":"La Protection Contre le Licenciement Abusif des Int\u00e9rimaires Roumains"},"content":{"rendered":"\n<p>La protection contre le licenciement abusif est un droit fondamental pour tous les travailleurs, y compris les <a href=\"https:\/\/atlantis-interim.com\/index.php\/2024\/07\/03\/les-secteurs-en-croissance-pour-les-interimaires-roumains-en-europe\/\" title=\"Les Secteurs en Croissance pour les Int\u00e9rimaires Roumains en Europe\">int\u00e9rimaires \u00e9trangers<\/a> roumains. Cet article examine les protections l\u00e9gales pour les travailleurs d\u00e9tach\u00e9s roumains en France en cas de licenciement.<\/p>\n\n\n\n<p><strong>Motifs de Licenciement<\/strong><\/p>\n\n\n\n<p>Un int\u00e9rimaire roumain ne peut \u00eatre licenci\u00e9 que pour des motifs l\u00e9gitimes tels que l&#8217;insuffisance professionnelle, des fautes graves, ou des motifs \u00e9conomiques. Les licenciements doivent respecter les proc\u00e9dures l\u00e9gales pour \u00eatre valides.<\/p>\n\n\n\n<p><strong>Recours en Cas de Licenciement Abusif<\/strong><\/p>\n\n\n\n<p>Les<a href=\"https:\/\/atlantis-interim.com\/index.php\/2024\/07\/14\/securite-sociale-pour-les-travailleurs-temporaires-roumains-en-france\/\" title=\"S\u00e9curit\u00e9 Sociale pour les Travailleurs Temporaires Roumains en France\"> travailleurs d\u00e9tach\u00e9s roumains<\/a> ont le droit de contester un licenciement abusif devant les tribunaux fran\u00e7ais. Ils peuvent demander une r\u00e9int\u00e9gration ou une indemnisation pour le pr\u00e9judice subi. Les agences d&#8217;int\u00e9rim doivent fournir une assistance juridique si n\u00e9cessaire.<\/p>\n\n\n\n<p><strong>Conclusion<\/strong><\/p>\n\n\n\n<p>La protection contre le licenciement abusif est un droit crucial pour les <a href=\"https:\/\/atlantis-interim.com\/index.php\/2024\/12\/09\/remuneration-et-conditions-des-interimaires-etrangers-en-france\/\" data-internallinksmanager029f6b8e52c=\"5\" title=\"Int\u00e9rimaires \u00e9trangers\">int\u00e9rimaires \u00e9trangers<\/a> roumains. Les employeurs doivent respecter les proc\u00e9dures l\u00e9gales pour garantir la justice et l&#8217;\u00e9quit\u00e9.<\/p>\n","protected":false},"excerpt":{"rendered":"<p>La protection contre le licenciement abusif est un droit fondamental pour tous les travailleurs, y compris les int\u00e9rimaires \u00e9trangers roumains. Cet article examine les protections l\u00e9gales pour les travailleurs d\u00e9tach\u00e9s roumains en France en cas de licenciement. Motifs de Licenciement Un int\u00e9rimaire roumain ne peut \u00eatre licenci\u00e9 que pour des motifs l\u00e9gitimes tels que l&#8217;insuffisance&#8230;<\/p>\n","protected":false},"author":1,"featured_media":5153,"comment_status":"open","ping_status":"open","sticky":false,"template":"","format":"standard","meta":{"_monsterinsights_skip_tracking":false,"_monsterinsights_sitenote_active":false,"_monsterinsights_sitenote_note":"","_monsterinsights_sitenote_category":0,"_jetpack_memberships_contains_paid_content":false,"wds_primary_category":0,"footnotes":""},"categories":[1],"tags":[79,78,80,83,84,81],"class_list":["post-5152","post","type-post","status-publish","format-standard","has-post-thumbnail","hentry","category-blog","tag-agence-interim-roumanie","tag-interim-roumanie","tag-ouvrier-roumain","tag-travail-detache","tag-travail-detache-roumanie","tag-travailleur-roumain","th-blog blog-single has-post-thumbnail"],"aioseo_notices":[],"jetpack_featured_media_url":"https:\/\/atlantis-interim.com\/wp-content\/uploads\/2024\/07\/secteur-logistique.jpeg","jetpack_sharing_enabled":true,"_links":{"self":[{"href":"https:\/\/atlantis-interim.com\/index.php\/wp-json\/wp\/v2\/posts\/5152","targetHints":{"allow":["GET"]}}],"collection":[{"href":"https:\/\/atlantis-interim.com\/index.php\/wp-json\/wp\/v2\/posts"}],"about":[{"href":"https:\/\/atlantis-interim.com\/index.php\/wp-json\/wp\/v2\/types\/post"}],"author":[{"embeddable":true,"href":"https:\/\/atlantis-interim.com\/index.php\/wp-json\/wp\/v2\/users\/1"}],"replies":[{"embeddable":true,"href":"https:\/\/atlantis-interim.com\/index.php\/wp-json\/wp\/v2\/comments?post=5152"}],"version-history":[{"count":1,"href":"https:\/\/atlantis-interim.com\/index.php\/wp-json\/wp\/v2\/posts\/5152\/revisions"}],"predecessor-version":[{"id":5154,"href":"https:\/\/atlantis-interim.com\/index.php\/wp-json\/wp\/v2\/posts\/5152\/revisions\/5154"}],"wp:featuredmedia":[{"embeddable":true,"href":"https:\/\/atlantis-interim.com\/index.php\/wp-json\/wp\/v2\/media\/5153"}],"wp:attachment":[{"href":"https:\/\/atlantis-interim.com\/index.php\/wp-json\/wp\/v2\/media?parent=5152"}],"wp:term":[{"taxonomy":"category","embeddable":true,"href":"https:\/\/atlantis-interim.com\/index.php\/wp-json\/wp\/v2\/categories?post=5152"},{"taxonomy":"post_tag","embeddable":true,"href":"https:\/\/atlantis-interim.com\/index.php\/wp-json\/wp\/v2\/tags?post=5152"}],"curies":[{"name":"wp","href":"https:\/\/api.w.org\/{rel}","templated":true}]}}