{"id":5158,"date":"2023-02-09T15:02:00","date_gmt":"2023-02-09T14:02:00","guid":{"rendered":"https:\/\/atlantis-interim.com\/?p=5158"},"modified":"2024-07-14T15:13:05","modified_gmt":"2024-07-14T13:13:05","slug":"les-droits-des-travailleurs-temporaires-roumains-en-formation-professionnelle","status":"publish","type":"post","link":"https:\/\/atlantis-interim.com\/index.php\/2023\/02\/09\/les-droits-des-travailleurs-temporaires-roumains-en-formation-professionnelle\/","title":{"rendered":"Les Droits des Travailleurs Temporaires Roumains en Formation Professionnelle"},"content":{"rendered":"\n<p><strong>Introduction<\/strong><\/p>\n\n\n\n<p>La formation professionnelle est un droit important pour les<a href=\"https:\/\/atlantis-interim.com\/index.php\/2024\/07\/14\/securite-sociale-pour-les-travailleurs-temporaires-roumains-en-france\/\" title=\"S\u00e9curit\u00e9 Sociale pour les Travailleurs Temporaires Roumains en France\"> travailleurs temporaires<\/a>, y compris les <a href=\"https:\/\/atlantis-interim.com\/index.php\/2024\/12\/09\/remuneration-et-conditions-des-interimaires-etrangers-en-france\/\" data-internallinksmanager029f6b8e52c=\"5\" title=\"Int\u00e9rimaires \u00e9trangers\">int\u00e9rimaires \u00e9trangers<\/a> roumains. Cet article examine les possibilit\u00e9s de formation pour les travailleurs d\u00e9tach\u00e9s roumains en France.<\/p>\n\n\n\n<p><strong>Acc\u00e8s \u00e0 la Formation<\/strong><\/p>\n\n\n\n<p>Les <a href=\"https:\/\/atlantis-interim.com\/index.php\/2024\/06\/14\/les-droits-des-travailleurs-roumains-detaches-en-matiere-de-sante-et-securite-au-travail\/\" data-internallinksmanager029f6b8e52c=\"4\" title=\"Travailleurs roumains\">travailleurs roumains<\/a> en <a href=\"https:\/\/atlantis-interim.com\/index.php\/about-us\/\" title=\"AGENCE INTERIM ROUMANIE\">int\u00e9rim <\/a>ont droit \u00e0 la formation professionnelle pour am\u00e9liorer leurs comp\u00e9tences et leur employabilit\u00e9. Les <a href=\"https:\/\/atlantis-interim.com\/\" title=\"Accueil \u2013 AGENCE INTERIM ROUMANIE\">agences d&#8217;int\u00e9rim<\/a> doivent proposer des programmes de formation adapt\u00e9s aux besoins des travailleurs.<\/p>\n\n\n\n<p><strong>Financement de la Formation<\/strong><\/p>\n\n\n\n<p>La formation professionnelle peut \u00eatre financ\u00e9e par des dispositifs tels que le Compte Personnel de Formation (CPF). Les <a href=\"https:\/\/atlantis-interim.com\/index.php\/2024\/05\/05\/linterim-detache-roumain-pour-le-secteur-de-linformatique\/\" title=\"L\u2019Int\u00e9rim D\u00e9tach\u00e9 Roumain pour le Secteur de l\u2019Informatique\">travailleurs d\u00e9tach\u00e9s roumains<\/a> peuvent utiliser ces fonds pour suivre des formations qualifiantes ou certifiantes.<\/p>\n\n\n\n<p><strong>Conclusion<\/strong><\/p>\n\n\n\n<p>La formation professionnelle est un atout majeur pour les <a href=\"https:\/\/atlantis-interim.com\/index.php\/2024\/12\/09\/remuneration-et-conditions-des-interimaires-etrangers-en-france\/\" data-internallinksmanager029f6b8e52c=\"5\" title=\"Int\u00e9rimaires \u00e9trangers\">int\u00e9rimaires \u00e9trangers<\/a> roumains. Les employeurs doivent encourager et faciliter l&#8217;acc\u00e8s \u00e0 la formation pour leurs travailleurs.<\/p>\n","protected":false},"excerpt":{"rendered":"<p>Introduction La formation professionnelle est un droit important pour les travailleurs temporaires, y compris les int\u00e9rimaires \u00e9trangers roumains. Cet article examine les possibilit\u00e9s de formation pour les travailleurs d\u00e9tach\u00e9s roumains en France. Acc\u00e8s \u00e0 la Formation Les travailleurs roumains en int\u00e9rim ont droit \u00e0 la formation professionnelle pour am\u00e9liorer leurs comp\u00e9tences et leur employabilit\u00e9. Les&#8230;<\/p>\n","protected":false},"author":1,"featured_media":5159,"comment_status":"open","ping_status":"open","sticky":false,"template":"","format":"standard","meta":{"_monsterinsights_skip_tracking":false,"_monsterinsights_sitenote_active":false,"_monsterinsights_sitenote_note":"","_monsterinsights_sitenote_category":0,"_jetpack_memberships_contains_paid_content":false,"wds_primary_category":0,"footnotes":""},"categories":[1],"tags":[],"class_list":["post-5158","post","type-post","status-publish","format-standard","has-post-thumbnail","hentry","category-blog","th-blog blog-single has-post-thumbnail"],"aioseo_notices":[],"jetpack_featured_media_url":"https:\/\/atlantis-interim.com\/wp-content\/uploads\/2024\/07\/Employee-restauration-collective_1.jpg","jetpack_sharing_enabled":true,"_links":{"self":[{"href":"https:\/\/atlantis-interim.com\/index.php\/wp-json\/wp\/v2\/posts\/5158","targetHints":{"allow":["GET"]}}],"collection":[{"href":"https:\/\/atlantis-interim.com\/index.php\/wp-json\/wp\/v2\/posts"}],"about":[{"href":"https:\/\/atlantis-interim.com\/index.php\/wp-json\/wp\/v2\/types\/post"}],"author":[{"embeddable":true,"href":"https:\/\/atlantis-interim.com\/index.php\/wp-json\/wp\/v2\/users\/1"}],"replies":[{"embeddable":true,"href":"https:\/\/atlantis-interim.com\/index.php\/wp-json\/wp\/v2\/comments?post=5158"}],"version-history":[{"count":1,"href":"https:\/\/atlantis-interim.com\/index.php\/wp-json\/wp\/v2\/posts\/5158\/revisions"}],"predecessor-version":[{"id":5160,"href":"https:\/\/atlantis-interim.com\/index.php\/wp-json\/wp\/v2\/posts\/5158\/revisions\/5160"}],"wp:featuredmedia":[{"embeddable":true,"href":"https:\/\/atlantis-interim.com\/index.php\/wp-json\/wp\/v2\/media\/5159"}],"wp:attachment":[{"href":"https:\/\/atlantis-interim.com\/index.php\/wp-json\/wp\/v2\/media?parent=5158"}],"wp:term":[{"taxonomy":"category","embeddable":true,"href":"https:\/\/atlantis-interim.com\/index.php\/wp-json\/wp\/v2\/categories?post=5158"},{"taxonomy":"post_tag","embeddable":true,"href":"https:\/\/atlantis-interim.com\/index.php\/wp-json\/wp\/v2\/tags?post=5158"}],"curies":[{"name":"wp","href":"https:\/\/api.w.org\/{rel}","templated":true}]}}