{"id":5161,"date":"2024-07-04T15:13:28","date_gmt":"2024-07-04T13:13:28","guid":{"rendered":"https:\/\/atlantis-interim.com\/?p=5161"},"modified":"2024-07-14T15:18:11","modified_gmt":"2024-07-14T13:18:11","slug":"les-droits-des-interimaires-roumains-en-cas-de-maladie-ou-daccident-du-travail","status":"publish","type":"post","link":"https:\/\/atlantis-interim.com\/index.php\/2024\/07\/04\/les-droits-des-interimaires-roumains-en-cas-de-maladie-ou-daccident-du-travail\/","title":{"rendered":"Les Droits des Int\u00e9rimaires Roumains en Cas de Maladie ou d&#8217;Accident du Travail"},"content":{"rendered":"\n<p>Les droits des travailleurs en cas de maladie ou d&#8217;accident du travail sont cruciaux pour leur protection. Cet article aborde les droits des <a href=\"https:\/\/atlantis-interim.com\/index.php\/2024\/07\/14\/les-droits-des-travailleurs-roumains-en-interim-le-contrat-de-travail\/\" title=\"Les Droits des Travailleurs Roumains en Int\u00e9rim : Le Contrat de Travail\">int\u00e9rimaires \u00e9trangers roumains <\/a>en France lorsqu&#8217;ils font face \u00e0 de tels \u00e9v\u00e9nements.<\/p>\n\n\n\n<p><strong>Indemnit\u00e9s de Maladie<\/strong><\/p>\n\n\n\n<p>Les travailleurs d\u00e9tach\u00e9s roumains ont droit \u00e0 des <a href=\"https:\/\/atlantis-interim.com\/index.php\/2024\/07\/14\/securite-sociale-pour-les-travailleurs-temporaires-roumains-en-france\/\" title=\"S\u00e9curit\u00e9 Sociale pour les Travailleurs Temporaires Roumains en France\">indemnit\u00e9s journali\u00e8res<\/a> en cas de maladie, pour compenser la perte de salaire. Ces indemnit\u00e9s sont vers\u00e9es par la s\u00e9curit\u00e9 sociale apr\u00e8s un d\u00e9lai de carence.<\/p>\n\n\n\n<p><strong>Accidents du Travail<\/strong><\/p>\n\n\n\n<p>En cas d&#8217;<a href=\"https:\/\/atlantis-interim.com\/index.php\/2024\/06\/14\/les-droits-des-travailleurs-roumains-detaches-en-matiere-de-sante-et-securite-au-travail\/\" title=\"Les Droits des Travailleurs Roumains D\u00e9tach\u00e9s en Mati\u00e8re de Sant\u00e9 et S\u00e9curit\u00e9 au Travail\">accident du travail<\/a>, les <a href=\"https:\/\/atlantis-interim.com\/index.php\/2025\/02\/26\/lapport-des-interimaires-roumains-dans-lelevage-expertise-et-flexibilite-au-service-des-exploitations-europeennes\/\" data-internallinksmanager029f6b8e52c=\"2\" title=\"Interimaires Roumains\">int\u00e9rimaires roumains<\/a> b\u00e9n\u00e9ficient d&#8217;une prise en charge m\u00e9dicale compl\u00e8te et d&#8217;une indemnisation. Les employeurs doivent d\u00e9clarer l&#8217;accident et suivre les proc\u00e9dures pour garantir la protection des <a href=\"https:\/\/atlantis-interim.com\/index.php\/2024\/07\/14\/les-droits-des-interimaires-roumains-en-matiere-de-temps-de-travail-et-de-repos\/\" title=\"Les Droits des Int\u00e9rimaires Roumains en Mati\u00e8re de Temps de Travail et de Repos\">droits des travailleurs<\/a>.<\/p>\n\n\n\n<p><strong>Conclusion<\/strong><\/p>\n\n\n\n<p>Les droits en cas de maladie ou d&#8217;accident du travail sont essentiels pour les <a href=\"https:\/\/atlantis-interim.com\/index.php\/2024\/12\/09\/remuneration-et-conditions-des-interimaires-etrangers-en-france\/\" data-internallinksmanager029f6b8e52c=\"5\" title=\"Int\u00e9rimaires \u00e9trangers\">int\u00e9rimaires \u00e9trangers<\/a> roumains. Les agences d&#8217;int\u00e9rim et les employeurs doivent veiller \u00e0 ce que ces droits soient respect\u00e9s pour assurer la s\u00e9curit\u00e9 et le bien-\u00eatre des travailleurs.<\/p>\n","protected":false},"excerpt":{"rendered":"<p>Les droits des travailleurs en cas de maladie ou d&#8217;accident du travail sont cruciaux pour leur protection. Cet article aborde les droits des int\u00e9rimaires \u00e9trangers roumains en France lorsqu&#8217;ils font face \u00e0 de tels \u00e9v\u00e9nements. Indemnit\u00e9s de Maladie Les travailleurs d\u00e9tach\u00e9s roumains ont droit \u00e0 des indemnit\u00e9s journali\u00e8res en cas de maladie, pour compenser la&#8230;<\/p>\n","protected":false},"author":1,"featured_media":5162,"comment_status":"open","ping_status":"open","sticky":false,"template":"","format":"standard","meta":{"_monsterinsights_skip_tracking":false,"_monsterinsights_sitenote_active":false,"_monsterinsights_sitenote_note":"","_monsterinsights_sitenote_category":0,"_jetpack_memberships_contains_paid_content":false,"wds_primary_category":0,"footnotes":""},"categories":[1],"tags":[79,82,80,86,83,84,81],"class_list":["post-5161","post","type-post","status-publish","format-standard","has-post-thumbnail","hentry","category-blog","tag-agence-interim-roumanie","tag-interimaire-roumain","tag-ouvrier-roumain","tag-recruter-dans-la-restauration","tag-travail-detache","tag-travail-detache-roumanie","tag-travailleur-roumain","th-blog blog-single has-post-thumbnail"],"aioseo_notices":[],"jetpack_featured_media_url":"https:\/\/atlantis-interim.com\/wp-content\/uploads\/2024\/07\/selon-la-responsable-cote-d-orienne-de-l-umih-19-des-salaries-sont-d-origine-etrangere-dans-l-hotellerie-restauration-photo-sipa-adil-benayache-1699801359.jpg","jetpack_sharing_enabled":true,"_links":{"self":[{"href":"https:\/\/atlantis-interim.com\/index.php\/wp-json\/wp\/v2\/posts\/5161","targetHints":{"allow":["GET"]}}],"collection":[{"href":"https:\/\/atlantis-interim.com\/index.php\/wp-json\/wp\/v2\/posts"}],"about":[{"href":"https:\/\/atlantis-interim.com\/index.php\/wp-json\/wp\/v2\/types\/post"}],"author":[{"embeddable":true,"href":"https:\/\/atlantis-interim.com\/index.php\/wp-json\/wp\/v2\/users\/1"}],"replies":[{"embeddable":true,"href":"https:\/\/atlantis-interim.com\/index.php\/wp-json\/wp\/v2\/comments?post=5161"}],"version-history":[{"count":1,"href":"https:\/\/atlantis-interim.com\/index.php\/wp-json\/wp\/v2\/posts\/5161\/revisions"}],"predecessor-version":[{"id":5163,"href":"https:\/\/atlantis-interim.com\/index.php\/wp-json\/wp\/v2\/posts\/5161\/revisions\/5163"}],"wp:featuredmedia":[{"embeddable":true,"href":"https:\/\/atlantis-interim.com\/index.php\/wp-json\/wp\/v2\/media\/5162"}],"wp:attachment":[{"href":"https:\/\/atlantis-interim.com\/index.php\/wp-json\/wp\/v2\/media?parent=5161"}],"wp:term":[{"taxonomy":"category","embeddable":true,"href":"https:\/\/atlantis-interim.com\/index.php\/wp-json\/wp\/v2\/categories?post=5161"},{"taxonomy":"post_tag","embeddable":true,"href":"https:\/\/atlantis-interim.com\/index.php\/wp-json\/wp\/v2\/tags?post=5161"}],"curies":[{"name":"wp","href":"https:\/\/api.w.org\/{rel}","templated":true}]}}