{"id":5245,"date":"2024-09-04T10:48:00","date_gmt":"2024-09-04T08:48:00","guid":{"rendered":"https:\/\/atlantis-interim.com\/?p=5245"},"modified":"2024-09-24T13:52:55","modified_gmt":"2024-09-24T11:52:55","slug":"preparateur-de-commandes-lexpert-de-la-logistique-moderne","status":"publish","type":"post","link":"https:\/\/atlantis-interim.com\/index.php\/2024\/09\/04\/preparateur-de-commandes-lexpert-de-la-logistique-moderne\/","title":{"rendered":"Pr\u00e9parateur de Commandes : L&#8217;Expert de la Logistique Moderne"},"content":{"rendered":"\n<p>Le <strong>pr\u00e9parateur de commandes<\/strong> occupe un poste strat\u00e9gique dans la cha\u00eene logistique. Charg\u00e9 de pr\u00e9parer les commandes des clients avec rapidit\u00e9 et pr\u00e9cision, il est indispensable dans de nombreux secteurs, notamment dans les entrep\u00f4ts de la grande distribution, les plateformes logistiques et les entreprises de commerce en ligne. Ce m\u00e9tier requiert des comp\u00e9tences techniques et une bonne organisation pour g\u00e9rer efficacement les flux de marchandises.<\/p>\n\n\n\n<p>Dans le cadre de l&#8217;<strong><a href=\"https:\/\/atlantis-interim.com\/index.php\/2025\/01\/13\/linterim-detache\/\" data-internallinksmanager029f6b8e52c=\"8\" title=\"int\u00e9rim d\u00e9tach\u00e9\">int\u00e9rim d\u00e9tach\u00e9<\/a><\/strong>, le m\u00e9tier de <strong>pr\u00e9parateur de commandes<\/strong> est de plus en plus demand\u00e9 pour r\u00e9pondre aux pics d&#8217;activit\u00e9, notamment dans le secteur de la logistique internationale et des e-commerces. Les entreprises ont souvent recours \u00e0 des travailleurs d\u00e9tach\u00e9s pour compl\u00e9ter leurs effectifs en p\u00e9riode de forte demande.<\/p>\n\n\n\n<h3 class=\"wp-block-heading\">Les Principales Missions du Pr\u00e9parateur de Commandes<\/h3>\n\n\n\n<p>Le <strong>pr\u00e9parateur de commandes<\/strong> est responsable de la pr\u00e9paration des marchandises destin\u00e9es \u00e0 \u00eatre exp\u00e9di\u00e9es aux clients ou aux diff\u00e9rents points de distribution. Ses t\u00e2ches principales incluent :<\/p>\n\n\n\n<ul class=\"wp-block-list\">\n<li><strong>Prise en charge des bons de commande<\/strong> : Le pr\u00e9parateur re\u00e7oit les commandes via un syst\u00e8me informatis\u00e9 et les traite en suivant scrupuleusement les instructions.<\/li>\n\n\n\n<li><strong>Pr\u00e9paration des produits<\/strong> : Il pr\u00e9l\u00e8ve les articles dans l\u2019entrep\u00f4t ou la zone de stockage, les regroupe et les conditionne selon les sp\u00e9cifications du client (taille, volume, etc.).<\/li>\n\n\n\n<li><strong>Contr\u00f4le qualit\u00e9<\/strong> : Le pr\u00e9parateur v\u00e9rifie l\u2019\u00e9tat des articles, s\u2019assure qu\u2019ils sont complets et conformes aux attentes du client avant l\u2019exp\u00e9dition.<\/li>\n\n\n\n<li><strong>Emballage et \u00e9tiquetage<\/strong> : Une fois les articles pr\u00e9par\u00e9s, ils sont soigneusement emball\u00e9s et \u00e9tiquet\u00e9s pour \u00eatre exp\u00e9di\u00e9s.<\/li>\n\n\n\n<li><strong><a href=\"https:\/\/atlantis-interim.com\/\" data-internallinksmanager029f6b8e52c=\"24\" title=\"Mise \u00e0 disposition\">Mise \u00e0 disposition<\/a> pour exp\u00e9dition<\/strong> : Le pr\u00e9parateur de commandes s\u2019assure que les colis ou les palettes sont transf\u00e9r\u00e9s vers la zone de chargement, pr\u00eats \u00e0 \u00eatre exp\u00e9di\u00e9s.<\/li>\n<\/ul>\n\n\n\n<figure class=\"wp-block-image size-full\"><img fetchpriority=\"high\" decoding=\"async\" width=\"900\" height=\"605\" src=\"https:\/\/atlantis-interim.com\/wp-content\/uploads\/2024\/09\/OMA_preparateur-commande.jpg\" alt=\"\" class=\"wp-image-5246\" srcset=\"https:\/\/atlantis-interim.com\/wp-content\/uploads\/2024\/09\/OMA_preparateur-commande.jpg 900w, https:\/\/atlantis-interim.com\/wp-content\/uploads\/2024\/09\/OMA_preparateur-commande-300x202.jpg 300w, https:\/\/atlantis-interim.com\/wp-content\/uploads\/2024\/09\/OMA_preparateur-commande-768x516.jpg 768w, https:\/\/atlantis-interim.com\/wp-content\/uploads\/2024\/09\/OMA_preparateur-commande-600x403.jpg 600w\" sizes=\"(max-width: 900px) 100vw, 900px\" \/><\/figure>\n\n\n\n<h3 class=\"wp-block-heading\">Les Comp\u00e9tences Requises pour le M\u00e9tier de Pr\u00e9parateur de Commandes<\/h3>\n\n\n\n<p>\u00catre <strong>pr\u00e9parateur de commandes<\/strong> demande plusieurs comp\u00e9tences essentielles pour garantir la fluidit\u00e9 des op\u00e9rations logistiques :<\/p>\n\n\n\n<ul class=\"wp-block-list\">\n<li><strong>Rapidit\u00e9 et pr\u00e9cision<\/strong> : Le pr\u00e9parateur doit \u00eatre capable de travailler rapidement tout en veillant \u00e0 la pr\u00e9cision des commandes pour \u00e9viter les erreurs.<\/li>\n\n\n\n<li><strong>Organisation<\/strong> : Il doit g\u00e9rer efficacement son temps et les diff\u00e9rentes t\u00e2ches afin de r\u00e9pondre aux d\u00e9lais impartis.<\/li>\n\n\n\n<li><strong>Ma\u00eetrise des outils informatiques<\/strong> : Dans de nombreuses entreprises, le <strong>pr\u00e9parateur de commandes<\/strong> utilise des logiciels de gestion des stocks et de pr\u00e9paration des commandes. La capacit\u00e9 \u00e0 manipuler ces outils est essentielle.<\/li>\n\n\n\n<li><strong>Bonne condition physique<\/strong> : Le m\u00e9tier implique de marcher, de porter des charges et de travailler debout pendant de longues p\u00e9riodes.<\/li>\n\n\n\n<li><strong>Travail en \u00e9quipe<\/strong> : Le pr\u00e9parateur de commandes est souvent int\u00e9gr\u00e9 \u00e0 une \u00e9quipe logistique. La collaboration et la communication sont donc primordiales.<\/li>\n<\/ul>\n\n\n\n<h3 class=\"wp-block-heading\">L&#8217;Importance des Pr\u00e9parateurs de Commandes dans l&#8217;Int\u00e9rim D\u00e9tach\u00e9<\/h3>\n\n\n\n<p>Le recours \u00e0 des <strong>pr\u00e9parateurs de commandes d\u00e9tach\u00e9s<\/strong> offre une solution flexible aux entreprises ayant besoin d\u2019adapter leur main-d&#8217;\u0153uvre \u00e0 des fluctuations saisonni\u00e8res ou \u00e0 des pics d\u2019activit\u00e9. Que ce soit pour des campagnes promotionnelles, des p\u00e9riodes de soldes ou la gestion des f\u00eates de fin d&#8217;ann\u00e9e, les entreprises b\u00e9n\u00e9ficient de l&#8217;expertise de <strong>travailleurs d\u00e9tach\u00e9s<\/strong> qualifi\u00e9s.<\/p>\n\n\n\n<p>Les <strong>pr\u00e9parateurs de commandes roumains<\/strong>, par exemple, sont particuli\u00e8rement appr\u00e9ci\u00e9s pour leur capacit\u00e9 \u00e0 s\u2019int\u00e9grer rapidement aux \u00e9quipes et \u00e0 suivre les proc\u00e9dures avec rigueur. Gr\u00e2ce \u00e0 l&#8217;<strong><a href=\"https:\/\/atlantis-interim.com\/index.php\/2025\/01\/13\/linterim-detache\/\" data-internallinksmanager029f6b8e52c=\"8\" title=\"int\u00e9rim d\u00e9tach\u00e9\">int\u00e9rim d\u00e9tach\u00e9<\/a><\/strong>, les entreprises peuvent profiter de travailleurs qualifi\u00e9s sans les contraintes d\u2019un <a href=\"https:\/\/atlantis-interim.com\/\" data-internallinksmanager029f6b8e52c=\"23\" title=\"recrutement\">recrutement<\/a> permanent.<\/p>\n\n\n\n<h3 class=\"wp-block-heading\">Les Pr\u00e9parateurs de Commandes D\u00e9tach\u00e9s : Une Solution pour les Entreprises<\/h3>\n\n\n\n<p>Voici quelques avantages pour les entreprises faisant appel \u00e0 des <strong>pr\u00e9parateurs de commandes d\u00e9tach\u00e9s<\/strong> :<\/p>\n\n\n\n<ul class=\"wp-block-list\">\n<li><strong>Flexibilit\u00e9 accrue<\/strong> : Le recours \u00e0 l\u2019<a href=\"https:\/\/atlantis-interim.com\/index.php\/2025\/01\/13\/linterim-detache\/\" data-internallinksmanager029f6b8e52c=\"8\" title=\"int\u00e9rim d\u00e9tach\u00e9\">int\u00e9rim d\u00e9tach\u00e9<\/a> permet aux entreprises d\u2019ajuster leurs effectifs en fonction des besoins, sans compromettre la qualit\u00e9 du service.<\/li>\n\n\n\n<li><strong>R\u00e9duction des co\u00fbts<\/strong> : L\u2019<a href=\"https:\/\/atlantis-interim.com\/index.php\/2025\/01\/13\/linterim-detache\/\" data-internallinksmanager029f6b8e52c=\"8\" title=\"int\u00e9rim d\u00e9tach\u00e9\">int\u00e9rim d\u00e9tach\u00e9<\/a> est une option \u00e9conomique pour les entreprises, leur permettant de <a href=\"https:\/\/atlantis-interim.com\/index.php\/2024\/07\/05\/recruter-des-travailleurs-roumains-pour-le-secteur-du-batiment-en-france\/\" data-internallinksmanager029f6b8e52c=\"22\" title=\"recruter\">recruter<\/a> rapidement du personnel qualifi\u00e9 pour des missions courtes ou longues.<\/li>\n\n\n\n<li><strong>Mobilit\u00e9 internationale<\/strong> : Les <strong>pr\u00e9parateurs de commandes \u00e9trangers<\/strong> ont souvent l\u2019exp\u00e9rience de travailler dans diff\u00e9rents environnements et peuvent rapidement s&#8217;adapter aux nouvelles m\u00e9thodes de travail.<\/li>\n<\/ul>\n\n\n\n<h3 class=\"wp-block-heading\">Pourquoi Recruter des Pr\u00e9parateurs de Commandes Roumains ?<\/h3>\n\n\n\n<p>Les <strong>pr\u00e9parateurs de commandes roumains<\/strong> sont particuli\u00e8rement recherch\u00e9s pour leur professionnalisme et leur adaptabilit\u00e9. Voici quelques raisons pour lesquelles ils sont souvent privil\u00e9gi\u00e9s :<\/p>\n\n\n\n<ul class=\"wp-block-list\">\n<li><strong>Formation et exp\u00e9rience<\/strong> : Les <strong>pr\u00e9parateurs de commandes d\u00e9tach\u00e9s<\/strong> ont souvent suivi des formations sp\u00e9cifiques et poss\u00e8dent une solide exp\u00e9rience dans la gestion des flux de marchandises.<\/li>\n\n\n\n<li><strong>Adaptabilit\u00e9<\/strong> : Habitu\u00e9s aux missions temporaires, ils savent s&#8217;int\u00e9grer rapidement dans les \u00e9quipes locales et suivre les processus mis en place par les entreprises.<\/li>\n\n\n\n<li><strong>Efficacit\u00e9 et rigueur<\/strong> : Gr\u00e2ce \u00e0 leur exp\u00e9rience internationale, les pr\u00e9parateurs de commandes d\u00e9tach\u00e9s sont efficaces dans la gestion des commandes et respectent les d\u00e9lais.<\/li>\n<\/ul>\n\n\n\n<h3 class=\"wp-block-heading\">Les D\u00e9bouch\u00e9s et Opportunit\u00e9s pour les Pr\u00e9parateurs de Commandes<\/h3>\n\n\n\n<figure class=\"wp-block-image size-full\"><img decoding=\"async\" width=\"724\" height=\"483\" src=\"https:\/\/atlantis-interim.com\/wp-content\/uploads\/2024\/09\/fiche_metier_preparateur_de_commande.jpg\" alt=\"\" class=\"wp-image-5247\" srcset=\"https:\/\/atlantis-interim.com\/wp-content\/uploads\/2024\/09\/fiche_metier_preparateur_de_commande.jpg 724w, https:\/\/atlantis-interim.com\/wp-content\/uploads\/2024\/09\/fiche_metier_preparateur_de_commande-300x200.jpg 300w, https:\/\/atlantis-interim.com\/wp-content\/uploads\/2024\/09\/fiche_metier_preparateur_de_commande-600x400.jpg 600w\" sizes=\"(max-width: 724px) 100vw, 724px\" \/><\/figure>\n\n\n\n<p>Avec l&#8217;essor du commerce en ligne et l&#8217;importance croissante des livraisons rapides, le m\u00e9tier de <strong>pr\u00e9parateur de commandes<\/strong> conna\u00eet un d\u00e9veloppement sans pr\u00e9c\u00e9dent. Les professionnels du secteur peuvent \u00e9voluer vers des postes plus sp\u00e9cialis\u00e9s, comme <strong>chef d\u2019\u00e9quipe logistique<\/strong> ou <strong>gestionnaire de stocks<\/strong>. Ils peuvent \u00e9galement acqu\u00e9rir de nouvelles comp\u00e9tences, notamment dans l\u2019utilisation de machines automatis\u00e9es ou dans la gestion informatique des commandes.<\/p>\n\n\n\n<p>Les entreprises investissent de plus en plus dans les technologies logistiques, et les <strong>pr\u00e9parateurs de commandes<\/strong> form\u00e9s \u00e0 l\u2019utilisation des syst\u00e8mes automatis\u00e9s auront des opportunit\u00e9s de carri\u00e8re int\u00e9ressantes.<\/p>\n\n\n\n<h3 class=\"wp-block-heading\">Pr\u00e9parateur de Commandes : Un M\u00e9tier d&#8217;Avenir<\/h3>\n\n\n\n<p>Le m\u00e9tier de <strong>pr\u00e9parateur de commandes<\/strong> est en constante \u00e9volution, notamment avec la mont\u00e9e en puissance des nouvelles technologies logistiques comme la robotisation des entrep\u00f4ts et l\u2019utilisation de syst\u00e8mes automatis\u00e9s pour la pr\u00e9paration des commandes. Cependant, la demande pour des <strong>pr\u00e9parateurs de commandes qualifi\u00e9s<\/strong> reste forte, en particulier pour r\u00e9pondre aux besoins sp\u00e9cifiques des entreprises pendant les p\u00e9riodes de forte activit\u00e9.<\/p>\n\n\n\n<h3 class=\"wp-block-heading\">Recrutez des Pr\u00e9parateurs de Commandes d\u00e8s Aujourd&#8217;hui !<\/h3>\n\n\n\n<p>Si vous avez besoin de <strong>pr\u00e9parateurs de commandes<\/strong> qualifi\u00e9s et exp\u00e9riment\u00e9s pour r\u00e9pondre \u00e0 vos besoins en personnel temporaire, n\u2019h\u00e9sitez pas \u00e0 nous contacter. Nous mettons \u00e0 votre disposition des <strong>pr\u00e9parateurs de commandes d\u00e9tach\u00e9s<\/strong>, pr\u00eats \u00e0 int\u00e9grer vos \u00e9quipes et \u00e0 assurer la gestion optimale de vos commandes. Pour obtenir un devis ou en savoir plus, contactez-nous \u00e0 l\u2019adresse <strong><a>info@atlantis-interim.com<\/a><\/strong>.<\/p>\n","protected":false},"excerpt":{"rendered":"<p>Le pr\u00e9parateur de commandes occupe un poste strat\u00e9gique dans la cha\u00eene logistique. Charg\u00e9 de pr\u00e9parer les commandes des clients avec rapidit\u00e9 et pr\u00e9cision, il est indispensable dans de nombreux secteurs, notamment dans les entrep\u00f4ts de la grande distribution, les plateformes logistiques et les entreprises de commerce en ligne. Ce m\u00e9tier requiert des comp\u00e9tences techniques et&#8230;<\/p>\n","protected":false},"author":1,"featured_media":5248,"comment_status":"open","ping_status":"open","sticky":false,"template":"","format":"standard","meta":{"_monsterinsights_skip_tracking":false,"_monsterinsights_sitenote_active":false,"_monsterinsights_sitenote_note":"","_monsterinsights_sitenote_category":0,"_jetpack_memberships_contains_paid_content":false,"wds_primary_category":0,"footnotes":""},"categories":[1,87],"tags":[79,78,82,88,80,89,86,83,84,81],"class_list":["post-5245","post","type-post","status-publish","format-standard","has-post-thumbnail","hentry","category-blog","category-logistique-et-distribution","tag-agence-interim-roumanie","tag-interim-roumanie","tag-interimaire-roumain","tag-manutentionnaires-roumains","tag-ouvrier-roumain","tag-preparateurs-de-commandes-roumains","tag-recruter-dans-la-restauration","tag-travail-detache","tag-travail-detache-roumanie","tag-travailleur-roumain","th-blog blog-single has-post-thumbnail"],"aioseo_notices":[],"jetpack_featured_media_url":"https:\/\/atlantis-interim.com\/wp-content\/uploads\/2024\/09\/DSC4505-retaille-min-scaled.jpg","jetpack_sharing_enabled":true,"_links":{"self":[{"href":"https:\/\/atlantis-interim.com\/index.php\/wp-json\/wp\/v2\/posts\/5245","targetHints":{"allow":["GET"]}}],"collection":[{"href":"https:\/\/atlantis-interim.com\/index.php\/wp-json\/wp\/v2\/posts"}],"about":[{"href":"https:\/\/atlantis-interim.com\/index.php\/wp-json\/wp\/v2\/types\/post"}],"author":[{"embeddable":true,"href":"https:\/\/atlantis-interim.com\/index.php\/wp-json\/wp\/v2\/users\/1"}],"replies":[{"embeddable":true,"href":"https:\/\/atlantis-interim.com\/index.php\/wp-json\/wp\/v2\/comments?post=5245"}],"version-history":[{"count":1,"href":"https:\/\/atlantis-interim.com\/index.php\/wp-json\/wp\/v2\/posts\/5245\/revisions"}],"predecessor-version":[{"id":5249,"href":"https:\/\/atlantis-interim.com\/index.php\/wp-json\/wp\/v2\/posts\/5245\/revisions\/5249"}],"wp:featuredmedia":[{"embeddable":true,"href":"https:\/\/atlantis-interim.com\/index.php\/wp-json\/wp\/v2\/media\/5248"}],"wp:attachment":[{"href":"https:\/\/atlantis-interim.com\/index.php\/wp-json\/wp\/v2\/media?parent=5245"}],"wp:term":[{"taxonomy":"category","embeddable":true,"href":"https:\/\/atlantis-interim.com\/index.php\/wp-json\/wp\/v2\/categories?post=5245"},{"taxonomy":"post_tag","embeddable":true,"href":"https:\/\/atlantis-interim.com\/index.php\/wp-json\/wp\/v2\/tags?post=5245"}],"curies":[{"name":"wp","href":"https:\/\/api.w.org\/{rel}","templated":true}]}}