{"id":5303,"date":"2024-09-08T18:36:26","date_gmt":"2024-09-08T16:36:26","guid":{"rendered":"https:\/\/atlantis-interim.com\/?p=5303"},"modified":"2024-09-24T18:42:59","modified_gmt":"2024-09-24T16:42:59","slug":"responsable-logistique-le-stratege-de-la-gestion-des-flux","status":"publish","type":"post","link":"https:\/\/atlantis-interim.com\/index.php\/2024\/09\/08\/responsable-logistique-le-stratege-de-la-gestion-des-flux\/","title":{"rendered":"Responsable Logistique : Le Strat\u00e8ge de la Gestion des Flux"},"content":{"rendered":"\n<p>Le m\u00e9tier de <strong>Responsable logistique<\/strong> est un r\u00f4le central dans la cha\u00eene d&#8217;approvisionnement et la gestion des flux de marchandises. Ce professionnel assure la coordination des op\u00e9rations logistiques, de la r\u00e9ception des produits \u00e0 leur exp\u00e9dition, en passant par le stockage et la distribution. Dans un monde o\u00f9 la r\u00e9activit\u00e9 est cl\u00e9, le <strong>responsable logistique<\/strong> garantit que les marchandises arrivent au bon endroit, au bon moment, et dans les meilleures conditions.<\/p>\n\n\n\n<p>Dans le cadre de l\u2019<strong><a href=\"https:\/\/atlantis-interim.com\/index.php\/2025\/01\/13\/linterim-detache\/\" data-internallinksmanager029f6b8e52c=\"8\" title=\"int\u00e9rim d\u00e9tach\u00e9\">int\u00e9rim d\u00e9tach\u00e9<\/a><\/strong>, les entreprises sollicitent souvent des <strong>responsables logistiques \u00e9trangers<\/strong>, notamment roumains, pour g\u00e9rer les op\u00e9rations complexes de leur cha\u00eene logistique. Ces professionnels d\u00e9tach\u00e9s apportent une expertise pr\u00e9cieuse et flexible, adapt\u00e9e aux besoins sp\u00e9cifiques de chaque organisation.<\/p>\n\n\n\n<h3 class=\"wp-block-heading\">Les Missions du Responsable Logistique<\/h3>\n\n\n\n<p>Le <strong>responsable logistique<\/strong> occupe un poste strat\u00e9gique qui implique de multiples responsabilit\u00e9s :<\/p>\n\n\n\n<ul class=\"wp-block-list\">\n<li><strong>Gestion des flux de marchandises<\/strong> : Il s&#8217;assure que les produits circulent efficacement depuis le lieu de production jusqu\u2019au client final. Cela inclut la r\u00e9ception, le stockage, le transport, et la livraison des marchandises.<\/li>\n\n\n\n<li><strong>Optimisation des processus<\/strong> : Il est charg\u00e9 d&#8217;analyser et d&#8217;am\u00e9liorer continuellement les processus logistiques pour r\u00e9duire les co\u00fbts, les d\u00e9lais, et maximiser l\u2019efficacit\u00e9. Cela inclut l&#8217;optimisation des itin\u00e9raires de transport, la gestion des stocks et des approvisionnements.<\/li>\n\n\n\n<li><strong>Coordination des \u00e9quipes<\/strong> : Le responsable logistique encadre les \u00e9quipes de manutentionnaires, de chauffeurs, et de gestionnaires d\u2019entrep\u00f4t pour s\u2019assurer que les op\u00e9rations se d\u00e9roulent sans heurt.<\/li>\n\n\n\n<li><strong>Suivi des indicateurs de performance<\/strong> : Il met en place et analyse des indicateurs (KPI) pour mesurer la performance de la cha\u00eene logistique, identifier les points d&#8217;am\u00e9lioration et anticiper les besoins futurs.<\/li>\n\n\n\n<li><strong>N\u00e9gociation avec les prestataires<\/strong> : Le responsable logistique est souvent en relation avec les transporteurs et les fournisseurs de services logistiques. Il n\u00e9gocie les contrats et s\u2019assure de la qualit\u00e9 des prestations tout en optimisant les co\u00fbts.<\/li>\n\n\n\n<li><strong>Respect des normes de s\u00e9curit\u00e9 et de conformit\u00e9<\/strong> : Il veille \u00e0 ce que les op\u00e9rations logistiques respectent les r\u00e9glementations en vigueur, notamment en mati\u00e8re de s\u00e9curit\u00e9 et d&#8217;environnement.<\/li>\n<\/ul>\n\n\n\n<figure class=\"wp-block-image size-full\"><img fetchpriority=\"high\" decoding=\"async\" width=\"964\" height=\"642\" src=\"https:\/\/atlantis-interim.com\/wp-content\/uploads\/2024\/09\/2748394-responsable-logistique-original.jpeg\" alt=\"\" class=\"wp-image-5304\" srcset=\"https:\/\/atlantis-interim.com\/wp-content\/uploads\/2024\/09\/2748394-responsable-logistique-original.jpeg 964w, https:\/\/atlantis-interim.com\/wp-content\/uploads\/2024\/09\/2748394-responsable-logistique-original-300x200.jpeg 300w, https:\/\/atlantis-interim.com\/wp-content\/uploads\/2024\/09\/2748394-responsable-logistique-original-768x511.jpeg 768w, https:\/\/atlantis-interim.com\/wp-content\/uploads\/2024\/09\/2748394-responsable-logistique-original-600x400.jpeg 600w\" sizes=\"(max-width: 964px) 100vw, 964px\" \/><\/figure>\n\n\n\n<h3 class=\"wp-block-heading\">Comp\u00e9tences Requises pour un Responsable Logistique<\/h3>\n\n\n\n<p>Pour occuper ce poste cl\u00e9, le <strong>responsable logistique<\/strong> doit disposer de comp\u00e9tences techniques et manag\u00e9riales solides :<\/p>\n\n\n\n<ul class=\"wp-block-list\">\n<li><strong>Comp\u00e9tences en gestion de la cha\u00eene logistique<\/strong> : Une bonne connaissance des processus d&#8217;approvisionnement, de stockage, de transport, et de distribution est indispensable.<\/li>\n\n\n\n<li><strong>Ma\u00eetrise des outils informatiques<\/strong> : Il doit savoir utiliser des logiciels sp\u00e9cialis\u00e9s en gestion de la cha\u00eene logistique (WMS, TMS, ERP) pour superviser les op\u00e9rations et optimiser les flux.<\/li>\n\n\n\n<li><strong>Capacit\u00e9s analytiques<\/strong> : Un bon <strong>responsable logistique<\/strong> doit \u00eatre capable d\u2019analyser des donn\u00e9es, de surveiller les KPI et de proposer des solutions d\u2019am\u00e9lioration continue.<\/li>\n\n\n\n<li><strong>Leadership et management d\u2019\u00e9quipes<\/strong> : Il doit \u00eatre capable de motiver et de diriger des \u00e9quipes pluridisciplinaires tout en favorisant un environnement de travail productif.<\/li>\n\n\n\n<li><strong>Comp\u00e9tences en n\u00e9gociation<\/strong> : Les <strong>responsables logistiques<\/strong> sont souvent en contact avec des fournisseurs, des transporteurs, et des prestataires. La n\u00e9gociation de contrats avantageux tout en maintenant une qualit\u00e9 de service \u00e9lev\u00e9e est essentielle.<\/li>\n\n\n\n<li><strong>R\u00e9sistance au stress<\/strong> : Le <strong>responsable logistique<\/strong> doit faire face \u00e0 des impr\u00e9vus tels que des retards de livraison, des pannes ou des probl\u00e8mes de stock. La capacit\u00e9 \u00e0 g\u00e9rer ces situations sous pression est cruciale.<\/li>\n<\/ul>\n\n\n\n<h3 class=\"wp-block-heading\">Les Avantages de Recruter un Responsable Logistique en Int\u00e9rim D\u00e9tach\u00e9<\/h3>\n\n\n\n<p>Le recours \u00e0 un <strong>responsable logistique en <a href=\"https:\/\/atlantis-interim.com\/index.php\/2025\/01\/13\/linterim-detache\/\" data-internallinksmanager029f6b8e52c=\"8\" title=\"int\u00e9rim d\u00e9tach\u00e9\">int\u00e9rim d\u00e9tach\u00e9<\/a><\/strong> offre plusieurs avantages aux entreprises :<\/p>\n\n\n\n<ul class=\"wp-block-list\">\n<li><strong>Flexibilit\u00e9<\/strong> : Les <strong>responsables logistiques \u00e9trangers<\/strong>, tels que les <strong>responsables roumains<\/strong>, sont souvent habitu\u00e9s \u00e0 s&#8217;adapter rapidement aux environnements changeants. Ils peuvent \u00eatre mobilis\u00e9s pour des missions temporaires ou des projets sp\u00e9cifiques n\u00e9cessitant une expertise logistique particuli\u00e8re.<\/li>\n\n\n\n<li><strong>R\u00e9activit\u00e9<\/strong> : Les <a href=\"https:\/\/atlantis-interim.com\/index.php\/2025\/02\/25\/les-conditions-de-travail-des-interimaires-roumains-dans-lindustrie-realites-et-defis\/\" data-internallinksmanager029f6b8e52c=\"26\" title=\"int\u00e9rimaires\">int\u00e9rimaires<\/a> d\u00e9tach\u00e9s peuvent r\u00e9pondre rapidement aux pics d\u2019activit\u00e9 ou aux besoins urgents, garantissant une continuit\u00e9 des op\u00e9rations sans impact sur les d\u00e9lais de livraison.<\/li>\n\n\n\n<li><strong>Expertise diversifi\u00e9e<\/strong> : <a href=\"https:\/\/atlantis-interim.com\/index.php\/2024\/07\/05\/recruter-des-travailleurs-roumains-pour-le-secteur-du-batiment-en-france\/\" data-internallinksmanager029f6b8e52c=\"22\" title=\"recruter\">Recruter<\/a> des <strong>responsables logistiques \u00e9trangers<\/strong> permet aux entreprises de b\u00e9n\u00e9ficier de nouvelles approches et m\u00e9thodes, bas\u00e9es sur des exp\u00e9riences acquises dans diff\u00e9rents secteurs et environnements.<\/li>\n\n\n\n<li><strong>R\u00e9duction des co\u00fbts<\/strong> : En optimisant les flux logistiques et les processus, un <strong>responsable logistique d\u00e9tach\u00e9<\/strong> peut contribuer \u00e0 r\u00e9duire significativement les co\u00fbts op\u00e9rationnels, tout en maintenant une efficacit\u00e9 accrue.<\/li>\n<\/ul>\n\n\n\n<figure class=\"wp-block-image size-full\"><img decoding=\"async\" width=\"800\" height=\"533\" src=\"https:\/\/atlantis-interim.com\/wp-content\/uploads\/2024\/09\/Responsable_logistique.webp\" alt=\"\" class=\"wp-image-5305\" srcset=\"https:\/\/atlantis-interim.com\/wp-content\/uploads\/2024\/09\/Responsable_logistique.webp 800w, https:\/\/atlantis-interim.com\/wp-content\/uploads\/2024\/09\/Responsable_logistique-300x200.webp 300w, https:\/\/atlantis-interim.com\/wp-content\/uploads\/2024\/09\/Responsable_logistique-768x512.webp 768w, https:\/\/atlantis-interim.com\/wp-content\/uploads\/2024\/09\/Responsable_logistique-600x400.webp 600w\" sizes=\"(max-width: 800px) 100vw, 800px\" \/><\/figure>\n\n\n\n<h3 class=\"wp-block-heading\">Profil d\u2019un Responsable Logistique D\u00e9tach\u00e9<\/h3>\n\n\n\n<p>Les <strong>responsables logistiques d\u00e9tach\u00e9s<\/strong> sont des professionnels exp\u00e9riment\u00e9s, souvent habitu\u00e9s \u00e0 travailler dans des environnements multiculturels. Leur flexibilit\u00e9 et leur capacit\u00e9 \u00e0 s&#8217;adapter rapidement \u00e0 des organisations diverses leur permettent de prendre en charge des missions complexes et de g\u00e9rer des \u00e9quipes nombreuses.<\/p>\n\n\n\n<p>Les <strong>responsables logistiques roumains<\/strong> ou d&#8217;autres nationalit\u00e9s apportent une expertise technique pr\u00e9cieuse, alli\u00e9e \u00e0 une forte capacit\u00e9 d\u2019adaptation. Leur pr\u00e9sence permet aux entreprises de faire face aux d\u00e9fis logistiques tout en garantissant la fluidit\u00e9 des op\u00e9rations, m\u00eame dans des contextes exigeants.<\/p>\n\n\n\n<h3 class=\"wp-block-heading\">Recrutement de Responsables Logistiques D\u00e9tach\u00e9s<\/h3>\n\n\n\n<p>Si vous \u00eates \u00e0 la recherche d&#8217;un <strong>responsable logistique<\/strong> exp\u00e9riment\u00e9 pour optimiser vos processus, nous pouvons vous aider \u00e0 trouver le profil id\u00e9al. Que ce soit pour des missions temporaires ou pour des projets de longue dur\u00e9e, nos experts en <strong><a href=\"https:\/\/atlantis-interim.com\/index.php\/2025\/01\/13\/linterim-detache\/\" data-internallinksmanager029f6b8e52c=\"8\" title=\"int\u00e9rim d\u00e9tach\u00e9\">int\u00e9rim d\u00e9tach\u00e9<\/a><\/strong> sont \u00e0 votre disposition.<\/p>\n\n\n\n<p>Contactez-nous pour un devis ou des informations suppl\u00e9mentaires \u00e0 l\u2019adresse <strong><a>info@atlantis-interim.com<\/a><\/strong>, et profitez de l\u2019expertise de nos <strong>responsables logistiques d\u00e9tach\u00e9s<\/strong> pour am\u00e9liorer vos op\u00e9rations et renforcer votre cha\u00eene logistique.<\/p>\n","protected":false},"excerpt":{"rendered":"<p>Le m\u00e9tier de Responsable logistique est un r\u00f4le central dans la cha\u00eene d&#8217;approvisionnement et la gestion des flux de marchandises. Ce professionnel assure la coordination des op\u00e9rations logistiques, de la r\u00e9ception des produits \u00e0 leur exp\u00e9dition, en passant par le stockage et la distribution. Dans un monde o\u00f9 la r\u00e9activit\u00e9 est cl\u00e9, le responsable logistique&#8230;<\/p>\n","protected":false},"author":1,"featured_media":5306,"comment_status":"open","ping_status":"open","sticky":false,"template":"","format":"standard","meta":{"_monsterinsights_skip_tracking":false,"_monsterinsights_sitenote_active":false,"_monsterinsights_sitenote_note":"","_monsterinsights_sitenote_category":0,"_jetpack_memberships_contains_paid_content":false,"wds_primary_category":0,"footnotes":""},"categories":[1,87],"tags":[79,78,82,80,89,86,83,84,81],"class_list":["post-5303","post","type-post","status-publish","format-standard","has-post-thumbnail","hentry","category-blog","category-logistique-et-distribution","tag-agence-interim-roumanie","tag-interim-roumanie","tag-interimaire-roumain","tag-ouvrier-roumain","tag-preparateurs-de-commandes-roumains","tag-recruter-dans-la-restauration","tag-travail-detache","tag-travail-detache-roumanie","tag-travailleur-roumain","th-blog blog-single has-post-thumbnail"],"aioseo_notices":[],"jetpack_featured_media_url":"https:\/\/atlantis-interim.com\/wp-content\/uploads\/2024\/09\/secteur-logistique.jpeg","jetpack_sharing_enabled":true,"_links":{"self":[{"href":"https:\/\/atlantis-interim.com\/index.php\/wp-json\/wp\/v2\/posts\/5303","targetHints":{"allow":["GET"]}}],"collection":[{"href":"https:\/\/atlantis-interim.com\/index.php\/wp-json\/wp\/v2\/posts"}],"about":[{"href":"https:\/\/atlantis-interim.com\/index.php\/wp-json\/wp\/v2\/types\/post"}],"author":[{"embeddable":true,"href":"https:\/\/atlantis-interim.com\/index.php\/wp-json\/wp\/v2\/users\/1"}],"replies":[{"embeddable":true,"href":"https:\/\/atlantis-interim.com\/index.php\/wp-json\/wp\/v2\/comments?post=5303"}],"version-history":[{"count":1,"href":"https:\/\/atlantis-interim.com\/index.php\/wp-json\/wp\/v2\/posts\/5303\/revisions"}],"predecessor-version":[{"id":5307,"href":"https:\/\/atlantis-interim.com\/index.php\/wp-json\/wp\/v2\/posts\/5303\/revisions\/5307"}],"wp:featuredmedia":[{"embeddable":true,"href":"https:\/\/atlantis-interim.com\/index.php\/wp-json\/wp\/v2\/media\/5306"}],"wp:attachment":[{"href":"https:\/\/atlantis-interim.com\/index.php\/wp-json\/wp\/v2\/media?parent=5303"}],"wp:term":[{"taxonomy":"category","embeddable":true,"href":"https:\/\/atlantis-interim.com\/index.php\/wp-json\/wp\/v2\/categories?post=5303"},{"taxonomy":"post_tag","embeddable":true,"href":"https:\/\/atlantis-interim.com\/index.php\/wp-json\/wp\/v2\/tags?post=5303"}],"curies":[{"name":"wp","href":"https:\/\/api.w.org\/{rel}","templated":true}]}}