{"id":5361,"date":"2024-10-02T19:55:51","date_gmt":"2024-10-02T17:55:51","guid":{"rendered":"https:\/\/atlantis-interim.com\/?p=5361"},"modified":"2024-10-22T19:58:36","modified_gmt":"2024-10-22T17:58:36","slug":"le-recrutement-de-chefs-datelier-en-interim-expertise-leadership-et-flexibilite","status":"publish","type":"post","link":"https:\/\/atlantis-interim.com\/index.php\/2024\/10\/02\/le-recrutement-de-chefs-datelier-en-interim-expertise-leadership-et-flexibilite\/","title":{"rendered":"Le Recrutement de Chefs d\u2019Atelier en Int\u00e9rim : Expertise, Leadership et Flexibilit\u00e9"},"content":{"rendered":"\n<p>Le <strong>chef d&#8217;atelier<\/strong> occupe un poste cl\u00e9 au sein des industries de production et de maintenance, assurant la supervision des \u00e9quipes, le respect des d\u00e9lais, et la qualit\u00e9 des produits ou services fournis. Ce r\u00f4le est devenu de plus en plus crucial dans un environnement industriel en constante \u00e9volution. Face \u00e0 la p\u00e9nurie de <a href=\"https:\/\/atlantis-interim.com\/index.php\/2025\/02\/16\/travail-detache-roumain-dans-la-viticulture-une-main-doeuvre-qualifiee-pour-les-vendanges-et-lentretien-des-vignes\/\" data-internallinksmanager029f6b8e52c=\"21\" title=\"main-d\u2019\u0153uvre qualifi\u00e9e\">main-d&#8217;\u0153uvre qualifi\u00e9e<\/a>, de nombreuses entreprises se tournent vers l\u2019<strong>int\u00e9rim<\/strong> pour <a href=\"https:\/\/atlantis-interim.com\/index.php\/2024\/07\/05\/recruter-des-travailleurs-roumains-pour-le-secteur-du-batiment-en-france\/\" data-internallinksmanager029f6b8e52c=\"22\" title=\"recruter\">recruter<\/a> des <strong>chefs d\u2019atelier \u00e9trangers<\/strong>, notamment des <strong><a href=\"https:\/\/atlantis-interim.com\/index.php\/2024\/06\/14\/les-droits-des-travailleurs-roumains-detaches-en-matiere-de-sante-et-securite-au-travail\/\" data-internallinksmanager029f6b8e52c=\"4\" title=\"Travailleurs roumains\">travailleurs roumains<\/a><\/strong> via des contrats d\u2019<strong><a href=\"https:\/\/atlantis-interim.com\/index.php\/2025\/01\/13\/linterim-detache\/\" data-internallinksmanager029f6b8e52c=\"8\" title=\"int\u00e9rim d\u00e9tach\u00e9\">int\u00e9rim d\u00e9tach\u00e9<\/a><\/strong>.<\/p>\n\n\n\n<p>Chez <strong>Atlantis-Interim<\/strong>, nous nous sp\u00e9cialisons dans la <a href=\"https:\/\/atlantis-interim.com\/\" data-internallinksmanager029f6b8e52c=\"24\" title=\"Mise \u00e0 disposition\">mise \u00e0 disposition<\/a> de <strong><a href=\"https:\/\/atlantis-interim.com\/index.php\/2024\/06\/14\/les-droits-des-travailleurs-roumains-detaches-en-matiere-de-sante-et-securite-au-travail\/\" data-internallinksmanager029f6b8e52c=\"4\" title=\"Travailleurs roumains\">travailleurs roumains<\/a><\/strong> qualifi\u00e9s pour des postes strat\u00e9giques comme celui de <strong>chef d&#8217;atelier<\/strong>. Gr\u00e2ce au <strong><a href=\"https:\/\/atlantis-interim.com\/index.php\/2025\/02\/23\/la-legislation-europeenne-et-son-impact-sur-le-travail-detache-dans-lindustrie-francaise\/\" data-internallinksmanager029f6b8e52c=\"1\" title=\"Travail d\u00e9tach\u00e9\">travail d\u00e9tach\u00e9<\/a><\/strong>, les entreprises peuvent b\u00e9n\u00e9ficier de l\u2019expertise de ces professionnels pour renforcer leurs \u00e9quipes de mani\u00e8re flexible. Pour toute demande de <a href=\"https:\/\/atlantis-interim.com\/\" data-internallinksmanager029f6b8e52c=\"23\" title=\"recrutement\">recrutement<\/a>, n\u2019h\u00e9sitez pas \u00e0 nous contacter \u00e0 <strong>info@atlantis-interim.com<\/strong>.<\/p>\n\n\n\n<figure class=\"wp-block-image size-full\"><img fetchpriority=\"high\" decoding=\"async\" width=\"630\" height=\"630\" src=\"https:\/\/atlantis-interim.com\/wp-content\/uploads\/2024\/10\/cheffe-chef-atelier-fonderie-aluminium-abfonderies-c-perez.jpg\" alt=\"\" class=\"wp-image-5362\" srcset=\"https:\/\/atlantis-interim.com\/wp-content\/uploads\/2024\/10\/cheffe-chef-atelier-fonderie-aluminium-abfonderies-c-perez.jpg 630w, https:\/\/atlantis-interim.com\/wp-content\/uploads\/2024\/10\/cheffe-chef-atelier-fonderie-aluminium-abfonderies-c-perez-300x300.jpg 300w, https:\/\/atlantis-interim.com\/wp-content\/uploads\/2024\/10\/cheffe-chef-atelier-fonderie-aluminium-abfonderies-c-perez-150x150.jpg 150w, https:\/\/atlantis-interim.com\/wp-content\/uploads\/2024\/10\/cheffe-chef-atelier-fonderie-aluminium-abfonderies-c-perez-85x85.jpg 85w, https:\/\/atlantis-interim.com\/wp-content\/uploads\/2024\/10\/cheffe-chef-atelier-fonderie-aluminium-abfonderies-c-perez-600x600.jpg 600w, https:\/\/atlantis-interim.com\/wp-content\/uploads\/2024\/10\/cheffe-chef-atelier-fonderie-aluminium-abfonderies-c-perez-100x100.jpg 100w, https:\/\/atlantis-interim.com\/wp-content\/uploads\/2024\/10\/cheffe-chef-atelier-fonderie-aluminium-abfonderies-c-perez-460x460.jpg 460w\" sizes=\"(max-width: 630px) 100vw, 630px\" \/><\/figure>\n\n\n\n<h3 class=\"wp-block-heading\">Le M\u00e9tier de Chef d\u2019Atelier<\/h3>\n\n\n\n<p>Le <strong>chef d&#8217;atelier<\/strong> est un professionnel polyvalent, \u00e0 la fois manager et technicien. Il doit assurer le bon d\u00e9roulement des activit\u00e9s de production ou de maintenance en coordonnant son \u00e9quipe et en g\u00e9rant les ressources \u00e0 sa disposition. Voici les principales responsabilit\u00e9s associ\u00e9es \u00e0 ce r\u00f4le :<\/p>\n\n\n\n<ul class=\"wp-block-list\">\n<li><strong>Management des \u00e9quipes :<\/strong> Le chef d&#8217;atelier supervise les \u00e9quipes de production ou de maintenance, veille \u00e0 la r\u00e9partition des t\u00e2ches, \u00e0 la motivation des employ\u00e9s, et \u00e0 la r\u00e9solution des \u00e9ventuels conflits.<\/li>\n\n\n\n<li><strong>Optimisation des processus :<\/strong> Il est responsable de l&#8217;am\u00e9lioration continue des m\u00e9thodes de travail pour maximiser l&#8217;efficacit\u00e9 et la productivit\u00e9, tout en respectant les normes de qualit\u00e9 et de s\u00e9curit\u00e9.<\/li>\n\n\n\n<li><strong>Suivi de la production :<\/strong> Il assure le suivi des commandes, veille au respect des d\u00e9lais de production, et garantit la conformit\u00e9 des produits ou services fournis aux exigences du client.<\/li>\n\n\n\n<li><strong>Gestion des ressources mat\u00e9rielles :<\/strong> Il supervise l\u2019utilisation des machines et des \u00e9quipements, en veillant \u00e0 leur bon fonctionnement et \u00e0 leur entretien r\u00e9gulier.<\/li>\n\n\n\n<li><strong>Relation avec la direction :<\/strong> Le chef d&#8217;atelier fait le lien entre les \u00e9quipes de production et la direction, en remontant les informations pertinentes et en participant \u00e0 la mise en \u0153uvre des d\u00e9cisions strat\u00e9giques.<\/li>\n<\/ul>\n\n\n\n<h3 class=\"wp-block-heading\">Pourquoi Recruter des Chefs d&#8217;Atelier en Int\u00e9rim ?<\/h3>\n\n\n\n<p>Le recours \u00e0 des <strong>chefs d&#8217;atelier<\/strong> via des contrats d\u2019int\u00e9rim pr\u00e9sente de nombreux avantages pour les entreprises, en particulier dans les secteurs industriels o\u00f9 la flexibilit\u00e9 et l&#8217;expertise technique sont essentielles :<\/p>\n\n\n\n<ol class=\"wp-block-list\">\n<li><strong>Flexibilit\u00e9 des effectifs :<\/strong> Les p\u00e9riodes de forte activit\u00e9 ou les projets sp\u00e9cifiques n\u00e9cessitent souvent un renforcement temporaire des \u00e9quipes. Le <a href=\"https:\/\/atlantis-interim.com\/\" data-internallinksmanager029f6b8e52c=\"23\" title=\"recrutement\">recrutement<\/a> en int\u00e9rim permet d&#8217;ajuster les effectifs sans engager de co\u00fbts fixes \u00e0 long terme.<\/li>\n\n\n\n<li><strong>R\u00e9activit\u00e9 :<\/strong> En cas de d\u00e9part impr\u00e9vu ou de besoin imm\u00e9diat, le recours \u00e0 un <strong>chef d&#8217;atelier<\/strong> en <strong><a href=\"https:\/\/atlantis-interim.com\/index.php\/2025\/01\/13\/linterim-detache\/\" data-internallinksmanager029f6b8e52c=\"8\" title=\"int\u00e9rim d\u00e9tach\u00e9\">int\u00e9rim d\u00e9tach\u00e9<\/a><\/strong> permet de pourvoir rapidement le poste avec un professionnel exp\u00e9riment\u00e9.<\/li>\n\n\n\n<li><strong>Expertise technique :<\/strong> Les <strong><a href=\"https:\/\/atlantis-interim.com\/index.php\/2024\/06\/14\/les-droits-des-travailleurs-roumains-detaches-en-matiere-de-sante-et-securite-au-travail\/\" data-internallinksmanager029f6b8e52c=\"4\" title=\"Travailleurs roumains\">travailleurs roumains<\/a> d\u00e9tach\u00e9s<\/strong> recrut\u00e9s par <strong>Atlantis-Interim<\/strong> poss\u00e8dent souvent une expertise pointue dans leur domaine, apportant imm\u00e9diatement des comp\u00e9tences et une capacit\u00e9 de gestion op\u00e9rationnelle.<\/li>\n\n\n\n<li><strong>Optimisation des co\u00fbts :<\/strong> En recrutant un <strong><a href=\"https:\/\/atlantis-interim.com\/index.php\/2025\/02\/26\/les-effets-de-la-precarite-de-lemploi-interimaire-sur-la-securite-des-travailleurs-dans-le-transport-risques-lies-a-la-securite-des-interimaires-dans-des-metiers-exigeants\/\" data-internallinksmanager029f6b8e52c=\"10\" title=\"int\u00e9rimaire \u00e9tranger\">int\u00e9rimaire \u00e9tranger<\/a><\/strong>, l\u2019entreprise peut disposer de comp\u00e9tences sp\u00e9cialis\u00e9es pour une p\u00e9riode d\u00e9termin\u00e9e, r\u00e9duisant ainsi les co\u00fbts li\u00e9s au <a href=\"https:\/\/atlantis-interim.com\/\" data-internallinksmanager029f6b8e52c=\"23\" title=\"recrutement\">recrutement<\/a> permanent ou \u00e0 la formation interne.<\/li>\n<\/ol>\n\n\n\n<h3 class=\"wp-block-heading\">Le Travail D\u00e9tach\u00e9 : Une Solution pour Recruter des Chefs d\u2019Atelier Qualifi\u00e9s<\/h3>\n\n\n\n<p>Le <strong><a href=\"https:\/\/atlantis-interim.com\/index.php\/2025\/02\/23\/la-legislation-europeenne-et-son-impact-sur-le-travail-detache-dans-lindustrie-francaise\/\" data-internallinksmanager029f6b8e52c=\"1\" title=\"Travail d\u00e9tach\u00e9\">travail d\u00e9tach\u00e9<\/a><\/strong> permet aux entreprises fran\u00e7aises de <a href=\"https:\/\/atlantis-interim.com\/index.php\/2024\/07\/05\/recruter-des-travailleurs-roumains-pour-le-secteur-du-batiment-en-france\/\" data-internallinksmanager029f6b8e52c=\"22\" title=\"recruter\">recruter<\/a> des <strong>travailleurs \u00e9trangers<\/strong>, comme les <strong>chefs d&#8217;atelier roumains<\/strong>, pour des missions temporaires tout en respectant les normes de travail locales. Chez <strong>Atlantis-Interim<\/strong>, nous veillons \u00e0 ce que les <strong>travailleurs d\u00e9tach\u00e9s roumains<\/strong> soient correctement form\u00e9s, qualifi\u00e9s et encadr\u00e9s, garantissant une int\u00e9gration rapide et efficace dans les \u00e9quipes de production.<\/p>\n\n\n\n<h3 class=\"wp-block-heading\">Les Avantages du Recrutement de Travailleurs Roumains D\u00e9tach\u00e9s<\/h3>\n\n\n\n<p>Le <a href=\"https:\/\/atlantis-interim.com\/\" data-internallinksmanager029f6b8e52c=\"23\" title=\"recrutement\">recrutement<\/a> de <strong>chefs d\u2019atelier roumains<\/strong> via des contrats d&#8217;<strong><a href=\"https:\/\/atlantis-interim.com\/index.php\/2025\/01\/13\/linterim-detache\/\" data-internallinksmanager029f6b8e52c=\"8\" title=\"int\u00e9rim d\u00e9tach\u00e9\">int\u00e9rim d\u00e9tach\u00e9<\/a><\/strong> pr\u00e9sente plusieurs avantages notables pour les entreprises fran\u00e7aises :<\/p>\n\n\n\n<ul class=\"wp-block-list\">\n<li><strong>Professionnalisme et comp\u00e9tence :<\/strong> Nos <strong>chefs d\u2019atelier roumains<\/strong> sont s\u00e9lectionn\u00e9s pour leur expertise technique, leur capacit\u00e9 \u00e0 encadrer des \u00e9quipes, et leur connaissance approfondie des processus de production.<\/li>\n\n\n\n<li><strong>Polyvalence :<\/strong> Gr\u00e2ce \u00e0 leur exp\u00e9rience internationale, ces professionnels s\u2019adaptent facilement aux environnements de travail vari\u00e9s et sont capables de superviser des \u00e9quipes multiculturelles.<\/li>\n\n\n\n<li><strong>Ma\u00eetrise des langues et adaptation culturelle :<\/strong> Les <strong>travailleurs \u00e9trangers roumains<\/strong> que nous recrutons sont souvent multilingues et familiaris\u00e9s avec les environnements industriels fran\u00e7ais, ce qui facilite leur int\u00e9gration.<\/li>\n\n\n\n<li><strong>Solution rapide et flexible :<\/strong> L\u2019<a href=\"https:\/\/atlantis-interim.com\/index.php\/2025\/01\/13\/linterim-detache\/\" data-internallinksmanager029f6b8e52c=\"8\" title=\"int\u00e9rim d\u00e9tach\u00e9\">int\u00e9rim d\u00e9tach\u00e9<\/a> permet de b\u00e9n\u00e9ficier des comp\u00e9tences d\u2019un chef d\u2019atelier qualifi\u00e9 pour une dur\u00e9e d\u00e9termin\u00e9e, r\u00e9pondant aux besoins sp\u00e9cifiques de l\u2019entreprise sans engagement \u00e0 long terme.<\/li>\n<\/ul>\n\n\n\n<h3 class=\"wp-block-heading\">Les D\u00e9fis du Poste de Chef d&#8217;Atelier<\/h3>\n\n\n\n<p>Le r\u00f4le de <strong>chef d\u2019atelier<\/strong> est exigeant et n\u00e9cessite des comp\u00e9tences sp\u00e9cifiques en gestion et en technique. Voici quelques-uns des principaux d\u00e9fis auxquels les <strong>chefs d&#8217;atelier<\/strong> doivent faire face dans leur quotidien :<\/p>\n\n\n\n<ol class=\"wp-block-list\">\n<li><strong>Coordination des \u00e9quipes :<\/strong> Le chef d&#8217;atelier doit assurer une bonne communication et une parfaite coordination entre les membres de son \u00e9quipe pour garantir l\u2019efficacit\u00e9 de la production.<\/li>\n\n\n\n<li><strong>Respect des d\u00e9lais :<\/strong> Les imp\u00e9ratifs de livraison et de respect des commandes peuvent parfois mettre la pression sur les \u00e9quipes de production. Le chef d&#8217;atelier doit savoir g\u00e9rer ces contraintes tout en maintenant la qualit\u00e9.<\/li>\n\n\n\n<li><strong>Gestion des impr\u00e9vus :<\/strong> Pannes machines, absent\u00e9isme, ou retard dans les approvisionnements sont autant d\u2019impr\u00e9vus auxquels le chef d&#8217;atelier doit faire face en temps r\u00e9el.<\/li>\n\n\n\n<li><strong>Suivi des \u00e9volutions technologiques :<\/strong> Avec l\u2019arriv\u00e9e des technologies de l&#8217;industrie 4.0, le chef d&#8217;atelier doit continuellement se former pour int\u00e9grer ces nouvelles technologies dans ses processus.<\/li>\n<\/ol>\n\n\n\n<figure class=\"wp-block-image size-full\"><img decoding=\"async\" width=\"945\" height=\"458\" src=\"https:\/\/atlantis-interim.com\/wp-content\/uploads\/2024\/10\/AdobeStock_186127121.jpeg\" alt=\"\" class=\"wp-image-5363\" srcset=\"https:\/\/atlantis-interim.com\/wp-content\/uploads\/2024\/10\/AdobeStock_186127121.jpeg 945w, https:\/\/atlantis-interim.com\/wp-content\/uploads\/2024\/10\/AdobeStock_186127121-300x145.jpeg 300w, https:\/\/atlantis-interim.com\/wp-content\/uploads\/2024\/10\/AdobeStock_186127121-768x372.jpeg 768w, https:\/\/atlantis-interim.com\/wp-content\/uploads\/2024\/10\/AdobeStock_186127121-600x291.jpeg 600w\" sizes=\"(max-width: 945px) 100vw, 945px\" \/><\/figure>\n\n\n\n<h3 class=\"wp-block-heading\">Comment Atlantis-Interim Facilite le Recrutement de Chefs d&#8217;Atelier<\/h3>\n\n\n\n<p>Chez <strong>Atlantis-Interim<\/strong>, nous nous engageons \u00e0 fournir aux entreprises des solutions de <a href=\"https:\/\/atlantis-interim.com\/\" data-internallinksmanager029f6b8e52c=\"23\" title=\"recrutement\">recrutement<\/a> flexibles et adapt\u00e9es \u00e0 leurs besoins sp\u00e9cifiques. Que vous ayez besoin d&#8217;un <strong>chef d&#8217;atelier roumain<\/strong> pour une mission temporaire ou pour superviser un projet technique particulier, nous mettons \u00e0 disposition des professionnels qualifi\u00e9s et exp\u00e9riment\u00e9s via des contrats d\u2019<strong><a href=\"https:\/\/atlantis-interim.com\/index.php\/2025\/01\/13\/linterim-detache\/\" data-internallinksmanager029f6b8e52c=\"8\" title=\"int\u00e9rim d\u00e9tach\u00e9\">int\u00e9rim d\u00e9tach\u00e9<\/a><\/strong>.<\/p>\n\n\n\n<p>Nous nous assurons que chaque <strong>travailleur \u00e9tranger roumain<\/strong> recrut\u00e9 par notre interm\u00e9diaire est correctement form\u00e9, qualifi\u00e9, et apte \u00e0 intervenir efficacement d\u00e8s son arriv\u00e9e dans l\u2019entreprise. Gr\u00e2ce \u00e0 notre expertise dans le <strong><a href=\"https:\/\/atlantis-interim.com\/index.php\/2025\/02\/23\/la-legislation-europeenne-et-son-impact-sur-le-travail-detache-dans-lindustrie-francaise\/\" data-internallinksmanager029f6b8e52c=\"1\" title=\"Travail d\u00e9tach\u00e9\">travail d\u00e9tach\u00e9<\/a><\/strong>, nous garantissons que les conditions l\u00e9gales et contractuelles sont respect\u00e9es pour une collaboration r\u00e9ussie.<\/p>\n\n\n\n<h3 class=\"wp-block-heading\">Conclusion<\/h3>\n\n\n\n<p>Le <a href=\"https:\/\/atlantis-interim.com\/\" data-internallinksmanager029f6b8e52c=\"23\" title=\"recrutement\">recrutement<\/a> de <strong>chefs d&#8217;atelier<\/strong> via l\u2019<strong><a href=\"https:\/\/atlantis-interim.com\/index.php\/2025\/01\/13\/linterim-detache\/\" data-internallinksmanager029f6b8e52c=\"8\" title=\"int\u00e9rim d\u00e9tach\u00e9\">int\u00e9rim d\u00e9tach\u00e9<\/a><\/strong> est une solution efficace pour r\u00e9pondre aux besoins des entreprises industrielles en mati\u00e8re de gestion de la production et de supervision des \u00e9quipes. Gr\u00e2ce \u00e0 l\u2019expertise des <strong><a href=\"https:\/\/atlantis-interim.com\/index.php\/2024\/06\/14\/les-droits-des-travailleurs-roumains-detaches-en-matiere-de-sante-et-securite-au-travail\/\" data-internallinksmanager029f6b8e52c=\"4\" title=\"Travailleurs roumains\">travailleurs roumains<\/a> d\u00e9tach\u00e9s<\/strong>, les entreprises peuvent compter sur des professionnels qualifi\u00e9s pour mener \u00e0 bien leurs projets dans des d\u00e9lais ma\u00eetris\u00e9s.<\/p>\n\n\n\n<p>Pour toute demande de <strong>chef d&#8217;atelier<\/strong> qualifi\u00e9 en int\u00e9rim, n\u2019h\u00e9sitez pas \u00e0 contacter <strong>Atlantis-Interim<\/strong> \u00e0 <strong>info@atlantis-interim.com<\/strong>. Nous vous accompagnons dans la recherche des talents dont vous avez besoin pour optimiser vos processus industriels et garantir la r\u00e9ussite de vos projets.<\/p>\n","protected":false},"excerpt":{"rendered":"<p>Le chef d&#8217;atelier occupe un poste cl\u00e9 au sein des industries de production et de maintenance, assurant la supervision des \u00e9quipes, le respect des d\u00e9lais, et la qualit\u00e9 des produits ou services fournis. Ce r\u00f4le est devenu de plus en plus crucial dans un environnement industriel en constante \u00e9volution. Face \u00e0 la p\u00e9nurie de main-d&#8217;\u0153uvre&#8230;<\/p>\n","protected":false},"author":1,"featured_media":5364,"comment_status":"open","ping_status":"open","sticky":false,"template":"","format":"standard","meta":{"_monsterinsights_skip_tracking":false,"_monsterinsights_sitenote_active":false,"_monsterinsights_sitenote_note":"","_monsterinsights_sitenote_category":0,"_jetpack_memberships_contains_paid_content":false,"wds_primary_category":0,"footnotes":""},"categories":[1,95],"tags":[79,141,78,82,80,83,84,81],"class_list":["post-5361","post","type-post","status-publish","format-standard","has-post-thumbnail","hentry","category-blog","category-industrie","tag-agence-interim-roumanie","tag-chefs-datelier-roumains","tag-interim-roumanie","tag-interimaire-roumain","tag-ouvrier-roumain","tag-travail-detache","tag-travail-detache-roumanie","tag-travailleur-roumain","th-blog blog-single has-post-thumbnail"],"aioseo_notices":[],"jetpack_featured_media_url":"https:\/\/atlantis-interim.com\/wp-content\/uploads\/2024\/10\/Technicien-Chef-atelier.jpg","jetpack_sharing_enabled":true,"_links":{"self":[{"href":"https:\/\/atlantis-interim.com\/index.php\/wp-json\/wp\/v2\/posts\/5361","targetHints":{"allow":["GET"]}}],"collection":[{"href":"https:\/\/atlantis-interim.com\/index.php\/wp-json\/wp\/v2\/posts"}],"about":[{"href":"https:\/\/atlantis-interim.com\/index.php\/wp-json\/wp\/v2\/types\/post"}],"author":[{"embeddable":true,"href":"https:\/\/atlantis-interim.com\/index.php\/wp-json\/wp\/v2\/users\/1"}],"replies":[{"embeddable":true,"href":"https:\/\/atlantis-interim.com\/index.php\/wp-json\/wp\/v2\/comments?post=5361"}],"version-history":[{"count":1,"href":"https:\/\/atlantis-interim.com\/index.php\/wp-json\/wp\/v2\/posts\/5361\/revisions"}],"predecessor-version":[{"id":5365,"href":"https:\/\/atlantis-interim.com\/index.php\/wp-json\/wp\/v2\/posts\/5361\/revisions\/5365"}],"wp:featuredmedia":[{"embeddable":true,"href":"https:\/\/atlantis-interim.com\/index.php\/wp-json\/wp\/v2\/media\/5364"}],"wp:attachment":[{"href":"https:\/\/atlantis-interim.com\/index.php\/wp-json\/wp\/v2\/media?parent=5361"}],"wp:term":[{"taxonomy":"category","embeddable":true,"href":"https:\/\/atlantis-interim.com\/index.php\/wp-json\/wp\/v2\/categories?post=5361"},{"taxonomy":"post_tag","embeddable":true,"href":"https:\/\/atlantis-interim.com\/index.php\/wp-json\/wp\/v2\/tags?post=5361"}],"curies":[{"name":"wp","href":"https:\/\/api.w.org\/{rel}","templated":true}]}}