{"id":5426,"date":"2024-11-26T12:54:15","date_gmt":"2024-11-26T11:54:15","guid":{"rendered":"https:\/\/atlantis-interim.com\/?p=5426"},"modified":"2024-11-26T12:54:16","modified_gmt":"2024-11-26T11:54:16","slug":"recrutement-de-travailleurs-saisonniers-roumains-en-interim-detache","status":"publish","type":"post","link":"https:\/\/atlantis-interim.com\/index.php\/2024\/11\/26\/recrutement-de-travailleurs-saisonniers-roumains-en-interim-detache\/","title":{"rendered":"Recrutement de Travailleurs Saisonniers Roumains en Int\u00e9rim D\u00e9tach\u00e9"},"content":{"rendered":"\n<p>Dans les secteurs agricoles, touristiques, industriels et bien d\u2019autres, les besoins saisonniers en main-d\u2019\u0153uvre repr\u00e9sentent un d\u00e9fi majeur pour de nombreuses entreprises. <a href=\"https:\/\/atlantis-interim.com\/index.php\/2024\/07\/05\/recruter-des-travailleurs-roumains-pour-le-secteur-du-batiment-en-france\/\" data-internallinksmanager029f6b8e52c=\"22\" title=\"recruter\">Recruter<\/a> des travailleurs saisonniers roumains en <a href=\"https:\/\/atlantis-interim.com\/index.php\/2025\/01\/13\/linterim-detache\/\" data-internallinksmanager029f6b8e52c=\"8\" title=\"int\u00e9rim d\u00e9tach\u00e9\">int\u00e9rim d\u00e9tach\u00e9<\/a> permet de b\u00e9n\u00e9ficier d\u2019une <a href=\"https:\/\/atlantis-interim.com\/index.php\/2025\/02\/16\/travail-detache-roumain-dans-la-viticulture-une-main-doeuvre-qualifiee-pour-les-vendanges-et-lentretien-des-vignes\/\" data-internallinksmanager029f6b8e52c=\"21\" title=\"main-d\u2019\u0153uvre qualifi\u00e9e\">main-d\u2019\u0153uvre qualifi\u00e9e<\/a> et disponible pour r\u00e9pondre efficacement \u00e0 ces besoins tout en respectant les normes l\u00e9gales europ\u00e9ennes.<\/p>\n\n\n\n<hr class=\"wp-block-separator has-alpha-channel-opacity\"\/>\n\n\n\n<h3 class=\"wp-block-heading\">Le R\u00f4le Essentiel des Travailleurs Saisonniers<\/h3>\n\n\n\n<p>Les travailleurs saisonniers jouent un r\u00f4le crucial dans le maintien des activit\u00e9s des entreprises, notamment pendant les p\u00e9riodes de forte demande. Ils interviennent dans des domaines vari\u00e9s tels que :<\/p>\n\n\n\n<ul class=\"wp-block-list\">\n<li><strong>Agriculture<\/strong> : R\u00e9colte des fruits et l\u00e9gumes, entretien des cultures, travaux de plantation.<\/li>\n\n\n\n<li><strong>Tourisme et H\u00f4tellerie<\/strong> : Service en salle, accueil des clients, entretien des chambres.<\/li>\n\n\n\n<li><strong>Industrie<\/strong> : Assemblage, conditionnement, emballage de produits.<\/li>\n\n\n\n<li><strong>Commerce<\/strong> : Renfort des \u00e9quipes en magasin, gestion des stocks, r\u00e9assort des rayons.<\/li>\n<\/ul>\n\n\n\n<figure class=\"wp-block-image size-full\"><img fetchpriority=\"high\" decoding=\"async\" width=\"1000\" height=\"500\" src=\"https:\/\/atlantis-interim.com\/wp-content\/uploads\/2024\/11\/sudouest-photo-1-11926051.jpg\" alt=\"\" class=\"wp-image-5427\" srcset=\"https:\/\/atlantis-interim.com\/wp-content\/uploads\/2024\/11\/sudouest-photo-1-11926051.jpg 1000w, https:\/\/atlantis-interim.com\/wp-content\/uploads\/2024\/11\/sudouest-photo-1-11926051-300x150.jpg 300w, https:\/\/atlantis-interim.com\/wp-content\/uploads\/2024\/11\/sudouest-photo-1-11926051-768x384.jpg 768w, https:\/\/atlantis-interim.com\/wp-content\/uploads\/2024\/11\/sudouest-photo-1-11926051-600x300.jpg 600w\" sizes=\"(max-width: 1000px) 100vw, 1000px\" \/><figcaption class=\"wp-element-caption\">lundi 30 juillet 2012 r\u00e9colte de melons de la soci\u00e9t\u00e9 Soldive par des travailleurs saisonniers, ici dans un champ \u00e0 Semussac<\/figcaption><\/figure>\n\n\n\n<p>Ces activit\u00e9s n\u00e9cessitent des comp\u00e9tences sp\u00e9cifiques, une capacit\u00e9 d\u2019adaptation rapide et une bonne endurance physique.<\/p>\n\n\n\n<hr class=\"wp-block-separator has-alpha-channel-opacity\"\/>\n\n\n\n<h3 class=\"wp-block-heading\">Pourquoi Opter pour des Travailleurs Saisonniers Roumains en Int\u00e9rim D\u00e9tach\u00e9 ?<\/h3>\n\n\n\n<h4 class=\"wp-block-heading\"><strong>1. Disponibilit\u00e9 Imm\u00e9diate<\/strong><\/h4>\n\n\n\n<p>Les <a href=\"https:\/\/atlantis-interim.com\/index.php\/2024\/06\/14\/les-droits-des-travailleurs-roumains-detaches-en-matiere-de-sante-et-securite-au-travail\/\" data-internallinksmanager029f6b8e52c=\"4\" title=\"Travailleurs roumains\">travailleurs roumains<\/a> sont souvent disponibles rapidement pour r\u00e9pondre aux besoins urgents des entreprises.<\/p>\n\n\n\n<h4 class=\"wp-block-heading\"><strong>2. Qualit\u00e9 et Exp\u00e9rience<\/strong><\/h4>\n\n\n\n<p>Gr\u00e2ce \u00e0 leur formation et \u00e0 leur exp\u00e9rience, les <a href=\"https:\/\/atlantis-interim.com\/index.php\/2024\/06\/14\/les-droits-des-travailleurs-roumains-detaches-en-matiere-de-sante-et-securite-au-travail\/\" data-internallinksmanager029f6b8e52c=\"4\" title=\"Travailleurs roumains\">travailleurs roumains<\/a> apportent une expertise reconnue dans plusieurs secteurs.<\/p>\n\n\n\n<h4 class=\"wp-block-heading\"><strong>3. Co\u00fbt Avantageux<\/strong><\/h4>\n\n\n\n<p>Le <a href=\"https:\/\/atlantis-interim.com\/index.php\/2025\/02\/19\/limpact-du-detachement-des-travailleurs-interimaires-roumains-sur-leconomie-industrielle-francaise\/\" data-internallinksmanager029f6b8e52c=\"27\" title=\"d\u00e9tachement roumain\">d\u00e9tachement<\/a> permet de ma\u00eetriser les co\u00fbts tout en b\u00e9n\u00e9ficiant de main-d\u2019\u0153uvre qualifi\u00e9e.<\/p>\n\n\n\n<h4 class=\"wp-block-heading\"><strong>4. Respect des Normes L\u00e9gales<\/strong><\/h4>\n\n\n\n<p>En tant qu\u2019agence sp\u00e9cialis\u00e9e, nous veillons au respect des lois europ\u00e9ennes et nationales relatives au <a href=\"https:\/\/atlantis-interim.com\/index.php\/2025\/02\/23\/la-legislation-europeenne-et-son-impact-sur-le-travail-detache-dans-lindustrie-francaise\/\" data-internallinksmanager029f6b8e52c=\"1\" title=\"Travail d\u00e9tach\u00e9\">travail d\u00e9tach\u00e9<\/a>.<\/p>\n\n\n\n<hr class=\"wp-block-separator has-alpha-channel-opacity\"\/>\n\n\n\n<h3 class=\"wp-block-heading\">Les Avantages pour Votre Entreprise<\/h3>\n\n\n\n<ul class=\"wp-block-list\">\n<li><strong>Flexibilit\u00e9 Op\u00e9rationnelle<\/strong> : Une capacit\u00e9 \u00e0 adapter rapidement vos effectifs en fonction de la demande.<\/li>\n\n\n\n<li><strong>Productivit\u00e9 Renforc\u00e9e<\/strong> : Une main-d\u2019\u0153uvre motiv\u00e9e et form\u00e9e, pr\u00eate \u00e0 s\u2019investir dans vos projets.<\/li>\n\n\n\n<li><strong>R\u00e9duction des Contraintes Administratives<\/strong> : Gestion simplifi\u00e9e des d\u00e9marches li\u00e9es au <a href=\"https:\/\/atlantis-interim.com\/\" data-internallinksmanager029f6b8e52c=\"23\" title=\"recrutement\">recrutement<\/a> et au <a href=\"https:\/\/atlantis-interim.com\/index.php\/2025\/02\/19\/limpact-du-detachement-des-travailleurs-interimaires-roumains-sur-leconomie-industrielle-francaise\/\" data-internallinksmanager029f6b8e52c=\"27\" title=\"d\u00e9tachement roumain\">d\u00e9tachement<\/a>.<\/li>\n\n\n\n<li><strong>S\u00e9r\u00e9nit\u00e9 Juridique<\/strong> : Respect rigoureux des r\u00e9glementations en vigueur, notamment en mati\u00e8re de droit du travail.<\/li>\n<\/ul>\n\n\n\n<hr class=\"wp-block-separator has-alpha-channel-opacity\"\/>\n\n\n\n<h3 class=\"wp-block-heading\">Opportunit\u00e9s pour les Travailleurs Saisonniers Roumains<\/h3>\n\n\n\n<figure class=\"wp-block-image size-large\"><img decoding=\"async\" width=\"1024\" height=\"576\" src=\"https:\/\/atlantis-interim.com\/wp-content\/uploads\/2024\/11\/ZX3YKIUVBZDWTADNBRYXDDT2FI-1024x576.avif\" alt=\"\" class=\"wp-image-5428\" srcset=\"https:\/\/atlantis-interim.com\/wp-content\/uploads\/2024\/11\/ZX3YKIUVBZDWTADNBRYXDDT2FI-1024x576.avif 1024w, https:\/\/atlantis-interim.com\/wp-content\/uploads\/2024\/11\/ZX3YKIUVBZDWTADNBRYXDDT2FI-300x169.avif 300w, https:\/\/atlantis-interim.com\/wp-content\/uploads\/2024\/11\/ZX3YKIUVBZDWTADNBRYXDDT2FI-768x432.avif 768w, https:\/\/atlantis-interim.com\/wp-content\/uploads\/2024\/11\/ZX3YKIUVBZDWTADNBRYXDDT2FI-391x220.avif 391w, https:\/\/atlantis-interim.com\/wp-content\/uploads\/2024\/11\/ZX3YKIUVBZDWTADNBRYXDDT2FI-600x338.avif 600w, https:\/\/atlantis-interim.com\/wp-content\/uploads\/2024\/11\/ZX3YKIUVBZDWTADNBRYXDDT2FI.avif 1216w\" sizes=\"(max-width: 1024px) 100vw, 1024px\" \/><\/figure>\n\n\n\n<p>Le travail en <a href=\"https:\/\/atlantis-interim.com\/index.php\/2025\/01\/13\/linterim-detache\/\" data-internallinksmanager029f6b8e52c=\"8\" title=\"int\u00e9rim d\u00e9tach\u00e9\">int\u00e9rim d\u00e9tach\u00e9<\/a> offre \u00e9galement de nombreux avantages aux travailleurs :<\/p>\n\n\n\n<ul class=\"wp-block-list\">\n<li><strong>Acc\u00e8s \u00e0 des Opportunit\u00e9s Internationales<\/strong> : Travailler dans des entreprises de renom \u00e0 l\u2019\u00e9tranger.<\/li>\n\n\n\n<li><strong>Am\u00e9lioration des Comp\u00e9tences<\/strong> : D\u00e9veloppement de nouvelles expertises dans des environnements vari\u00e9s.<\/li>\n\n\n\n<li><strong>Conditions de Travail Attractives<\/strong> : Respect des normes europ\u00e9ennes en termes de s\u00e9curit\u00e9 et de droits.<\/li>\n\n\n\n<li><strong>Soutien et Accompagnement<\/strong> : Une assistance pour faciliter leur int\u00e9gration et leur \u00e9panouissement professionnel.<\/li>\n<\/ul>\n\n\n\n<hr class=\"wp-block-separator has-alpha-channel-opacity\"\/>\n\n\n\n<h3 class=\"wp-block-heading\">Notre Approche de Recrutement<\/h3>\n\n\n\n<p>Chez <strong>Atlantis Interim<\/strong>, nous avons mis en place un processus rigoureux pour garantir des collaborations r\u00e9ussies :<\/p>\n\n\n\n<ol class=\"wp-block-list\">\n<li><strong>Analyse des Besoins de l\u2019Entreprise<\/strong> : Identification pr\u00e9cise des comp\u00e9tences recherch\u00e9es et des p\u00e9riodes d\u2019intervention.<\/li>\n\n\n\n<li><strong>S\u00e9lection des Candidats<\/strong> : Pr\u00e9sentation de profils adapt\u00e9s \u00e0 vos exigences.<\/li>\n\n\n\n<li><strong>Gestion des Formalit\u00e9s<\/strong> : Prise en charge des d\u00e9marches administratives, des contrats et des autorisations n\u00e9cessaires.<\/li>\n\n\n\n<li><strong>Suivi et \u00c9valuation<\/strong> : Accompagnement tout au long de la mission pour garantir satisfaction et performance.<\/li>\n<\/ol>\n\n\n\n<hr class=\"wp-block-separator has-alpha-channel-opacity\"\/>\n\n\n\n<h3 class=\"wp-block-heading\">Pourquoi Choisir Atlantis Interim ?<\/h3>\n\n\n\n<p><strong>Atlantis Interim<\/strong> est votre partenaire de confiance pour le <a href=\"https:\/\/atlantis-interim.com\/\" data-internallinksmanager029f6b8e52c=\"23\" title=\"recrutement\">recrutement<\/a> de travailleurs saisonniers roumains en <a href=\"https:\/\/atlantis-interim.com\/index.php\/2025\/01\/13\/linterim-detache\/\" data-internallinksmanager029f6b8e52c=\"8\" title=\"int\u00e9rim d\u00e9tach\u00e9\">int\u00e9rim d\u00e9tach\u00e9<\/a>.<\/p>\n\n\n\n<h4 class=\"wp-block-heading\">Nos Atouts :<\/h4>\n\n\n\n<ul class=\"wp-block-list\">\n<li><strong>Vivier de Talents Qualifi\u00e9s<\/strong> : Des travailleurs s\u00e9lectionn\u00e9s pour leur exp\u00e9rience et leur professionnalisme.<\/li>\n\n\n\n<li><strong>R\u00e9activit\u00e9 et Flexibilit\u00e9<\/strong> : Une capacit\u00e9 \u00e0 r\u00e9pondre rapidement \u00e0 vos besoins saisonniers.<\/li>\n\n\n\n<li><strong>Expertise Juridique<\/strong> : Une ma\u00eetrise des r\u00e9glementations internationales et locales.<\/li>\n\n\n\n<li><strong>Service Cl\u00e9 en Main<\/strong> : Une prise en charge compl\u00e8te, du <a href=\"https:\/\/atlantis-interim.com\/\" data-internallinksmanager029f6b8e52c=\"23\" title=\"recrutement\">recrutement<\/a> \u00e0 l\u2019int\u00e9gration.<\/li>\n<\/ul>\n\n\n\n<p><strong>Pour b\u00e9n\u00e9ficier des services de travailleurs saisonniers qualifi\u00e9s, contactez-nous \u00e0 <a href=\"mailto:info@atlantis-interim.com\">info@atlantis-interim.com<\/a>.<\/strong><\/p>\n\n\n\n<p>Avec <strong>Atlantis Interim<\/strong>, optimisez vos p\u00e9riodes de forte activit\u00e9 gr\u00e2ce \u00e0 des \u00e9quipes comp\u00e9tentes et d\u00e9vou\u00e9es, pr\u00eates \u00e0 r\u00e9pondre \u00e0 vos exigences avec professionnalisme.<\/p>\n","protected":false},"excerpt":{"rendered":"<p>Dans les secteurs agricoles, touristiques, industriels et bien d\u2019autres, les besoins saisonniers en main-d\u2019\u0153uvre repr\u00e9sentent un d\u00e9fi majeur pour de nombreuses entreprises. Recruter des travailleurs saisonniers roumains en int\u00e9rim d\u00e9tach\u00e9 permet de b\u00e9n\u00e9ficier d\u2019une main-d\u2019\u0153uvre qualifi\u00e9e et disponible pour r\u00e9pondre efficacement \u00e0 ces besoins tout en respectant les normes l\u00e9gales europ\u00e9ennes. Le R\u00f4le Essentiel des&#8230;<\/p>\n","protected":false},"author":1,"featured_media":5429,"comment_status":"open","ping_status":"open","sticky":false,"template":"","format":"standard","meta":{"_monsterinsights_skip_tracking":false,"_monsterinsights_sitenote_active":false,"_monsterinsights_sitenote_note":"","_monsterinsights_sitenote_category":0,"_jetpack_memberships_contains_paid_content":false,"wds_primary_category":0,"footnotes":""},"categories":[163,1],"tags":[160,159,157,152,155,151,153,78,148,150,154,149,81,156,164,158],"class_list":["post-5426","post","type-post","status-publish","format-standard","has-post-thumbnail","hentry","category-agriculture","category-blog","tag-agence-de-recrutement-roumanie","tag-agence-interim-europeene","tag-agence-interim-travailleur-etranger","tag-detachement-roumain","tag-interim-detache","tag-interim-etranger","tag-interim-etranger-roumain","tag-interim-roumanie","tag-interimaire-etranger","tag-interimaires-roumains","tag-travail-detache-2","tag-travail-detache-roumain","tag-travailleur-roumain","tag-travailleur-temporaire-roumain","tag-travailleurs-saisonniers-roumains","tag-travaillleur-detache-roumain","th-blog blog-single has-post-thumbnail"],"aioseo_notices":[],"jetpack_featured_media_url":"https:\/\/atlantis-interim.com\/wp-content\/uploads\/2024\/11\/0603265912262-web-tete.jpg","jetpack_sharing_enabled":true,"_links":{"self":[{"href":"https:\/\/atlantis-interim.com\/index.php\/wp-json\/wp\/v2\/posts\/5426","targetHints":{"allow":["GET"]}}],"collection":[{"href":"https:\/\/atlantis-interim.com\/index.php\/wp-json\/wp\/v2\/posts"}],"about":[{"href":"https:\/\/atlantis-interim.com\/index.php\/wp-json\/wp\/v2\/types\/post"}],"author":[{"embeddable":true,"href":"https:\/\/atlantis-interim.com\/index.php\/wp-json\/wp\/v2\/users\/1"}],"replies":[{"embeddable":true,"href":"https:\/\/atlantis-interim.com\/index.php\/wp-json\/wp\/v2\/comments?post=5426"}],"version-history":[{"count":1,"href":"https:\/\/atlantis-interim.com\/index.php\/wp-json\/wp\/v2\/posts\/5426\/revisions"}],"predecessor-version":[{"id":5430,"href":"https:\/\/atlantis-interim.com\/index.php\/wp-json\/wp\/v2\/posts\/5426\/revisions\/5430"}],"wp:featuredmedia":[{"embeddable":true,"href":"https:\/\/atlantis-interim.com\/index.php\/wp-json\/wp\/v2\/media\/5429"}],"wp:attachment":[{"href":"https:\/\/atlantis-interim.com\/index.php\/wp-json\/wp\/v2\/media?parent=5426"}],"wp:term":[{"taxonomy":"category","embeddable":true,"href":"https:\/\/atlantis-interim.com\/index.php\/wp-json\/wp\/v2\/categories?post=5426"},{"taxonomy":"post_tag","embeddable":true,"href":"https:\/\/atlantis-interim.com\/index.php\/wp-json\/wp\/v2\/tags?post=5426"}],"curies":[{"name":"wp","href":"https:\/\/api.w.org\/{rel}","templated":true}]}}