{"id":5467,"date":"2024-12-06T18:28:36","date_gmt":"2024-12-06T17:28:36","guid":{"rendered":"https:\/\/atlantis-interim.com\/?p=5467"},"modified":"2024-12-09T18:37:49","modified_gmt":"2024-12-09T17:37:49","slug":"conditions-de-travail-des-interimaires-roumains-en-france","status":"publish","type":"post","link":"https:\/\/atlantis-interim.com\/index.php\/2024\/12\/06\/conditions-de-travail-des-interimaires-roumains-en-france\/","title":{"rendered":"Conditions de travail des int\u00e9rimaires roumains en France"},"content":{"rendered":"\n<p>La France accueille chaque ann\u00e9e de nombreux <a href=\"https:\/\/atlantis-interim.com\/index.php\/2025\/02\/21\/lintegration-des-travailleurs-interimaires-roumains-dans-le-tissu-industriel-local-defis-et-solutions\/\" data-internallinksmanager029f6b8e52c=\"20\" title=\"travailleurs int\u00e9rimaires\">travailleurs int\u00e9rimaires<\/a> \u00e9trangers, dont une part significative est compos\u00e9e de Roumains. Ces professionnels contribuent \u00e0 divers secteurs \u00e9conomiques tels que le BTP, l&#8217;agriculture, l&#8217;industrie ou encore la logistique. Mais quelles sont les conditions de travail des <a href=\"https:\/\/atlantis-interim.com\/index.php\/2025\/02\/26\/lapport-des-interimaires-roumains-dans-lelevage-expertise-et-flexibilite-au-service-des-exploitations-europeennes\/\" data-internallinksmanager029f6b8e52c=\"2\" title=\"Interimaires Roumains\">int\u00e9rimaires roumains<\/a> en France ? Entre droits, d\u00e9fis et opportunit\u00e9s, cet article dresse un panorama complet de leur situation.<\/p>\n\n\n\n<hr class=\"wp-block-separator has-alpha-channel-opacity\"\/>\n\n\n\n<h2 class=\"wp-block-heading\"><strong>1. Cadre l\u00e9gal : des droits align\u00e9s sur ceux des nationaux<\/strong><\/h2>\n\n\n\n<p>Les <a href=\"https:\/\/atlantis-interim.com\/index.php\/2025\/02\/26\/lapport-des-interimaires-roumains-dans-lelevage-expertise-et-flexibilite-au-service-des-exploitations-europeennes\/\" data-internallinksmanager029f6b8e52c=\"2\" title=\"Interimaires Roumains\">int\u00e9rimaires roumains<\/a> en France b\u00e9n\u00e9ficient des m\u00eames protections que les travailleurs fran\u00e7ais, gr\u00e2ce \u00e0 des r\u00e9glementations europ\u00e9ennes et nationales rigoureuses :<\/p>\n\n\n\n<ul class=\"wp-block-list\">\n<li><strong>\u00c9galit\u00e9 de traitement<\/strong> : Leur r\u00e9mun\u00e9ration, avantages sociaux et conditions de travail doivent \u00eatre identiques \u00e0 celles des salari\u00e9s permanents occupant un poste \u00e9quivalent dans la m\u00eame entreprise.<\/li>\n\n\n\n<li><strong>Acc\u00e8s \u00e0 la s\u00e9curit\u00e9 sociale fran\u00e7aise<\/strong> : Les <a href=\"https:\/\/atlantis-interim.com\/index.php\/2025\/02\/26\/lapport-des-interimaires-roumains-dans-lelevage-expertise-et-flexibilite-au-service-des-exploitations-europeennes\/\" data-internallinksmanager029f6b8e52c=\"2\" title=\"Interimaires Roumains\">int\u00e9rimaires roumains<\/a> sont \u00e9ligibles \u00e0 la couverture sant\u00e9 et \u00e0 d&#8217;autres prestations sociales d\u00e8s lors qu&#8217;ils sont en r\u00e8gle administrativement.<\/li>\n\n\n\n<li><strong>Accord sur les cong\u00e9s et les heures de travail<\/strong> : Ils ont droit \u00e0 2,5 jours ouvrables de cong\u00e9s pay\u00e9s par mois et \u00e0 une dur\u00e9e hebdomadaire maximale de travail de 35 heures, sauf exceptions.<\/li>\n<\/ul>\n\n\n\n<hr class=\"wp-block-separator has-alpha-channel-opacity\"\/>\n\n\n\n<h2 class=\"wp-block-heading\"><strong>2. R\u00e9mun\u00e9ration et avantages<\/strong><\/h2>\n\n\n\n<figure class=\"wp-block-image size-large\"><img fetchpriority=\"high\" decoding=\"async\" width=\"1024\" height=\"683\" src=\"https:\/\/atlantis-interim.com\/wp-content\/uploads\/2024\/09\/Titre-Professionnel-Agent-magasinier-Vignette-scaled-1-1024x683.jpg\" alt=\"\" class=\"wp-image-5292\" srcset=\"https:\/\/atlantis-interim.com\/wp-content\/uploads\/2024\/09\/Titre-Professionnel-Agent-magasinier-Vignette-scaled-1-1024x683.jpg 1024w, https:\/\/atlantis-interim.com\/wp-content\/uploads\/2024\/09\/Titre-Professionnel-Agent-magasinier-Vignette-scaled-1-300x200.jpg 300w, https:\/\/atlantis-interim.com\/wp-content\/uploads\/2024\/09\/Titre-Professionnel-Agent-magasinier-Vignette-scaled-1-768x512.jpg 768w, https:\/\/atlantis-interim.com\/wp-content\/uploads\/2024\/09\/Titre-Professionnel-Agent-magasinier-Vignette-scaled-1-1536x1024.jpg 1536w, https:\/\/atlantis-interim.com\/wp-content\/uploads\/2024\/09\/Titre-Professionnel-Agent-magasinier-Vignette-scaled-1-2048x1366.jpg 2048w, https:\/\/atlantis-interim.com\/wp-content\/uploads\/2024\/09\/Titre-Professionnel-Agent-magasinier-Vignette-scaled-1-600x400.jpg 600w\" sizes=\"(max-width: 1024px) 100vw, 1024px\" \/><\/figure>\n\n\n\n<p>La r\u00e9mun\u00e9ration des <a href=\"https:\/\/atlantis-interim.com\/index.php\/2025\/02\/26\/lapport-des-interimaires-roumains-dans-lelevage-expertise-et-flexibilite-au-service-des-exploitations-europeennes\/\" data-internallinksmanager029f6b8e52c=\"2\" title=\"Interimaires Roumains\">int\u00e9rimaires roumains<\/a> comprend plusieurs composantes :<\/p>\n\n\n\n<ul class=\"wp-block-list\">\n<li><strong>Salaire horaire de base<\/strong> : Fix\u00e9 en fonction du poste, conform\u00e9ment aux conventions collectives du secteur d\u2019activit\u00e9.<\/li>\n\n\n\n<li><strong>Majoration pour les heures suppl\u00e9mentaires<\/strong> : Pay\u00e9es \u00e0 un taux l\u00e9gal ou contractuel.<\/li>\n\n\n\n<li><strong>Indemnit\u00e9 de fin de mission (IFM)<\/strong> : \u00c9gale \u00e0 10 % du salaire brut, vers\u00e9e \u00e0 l&#8217;issue de chaque mission.<\/li>\n\n\n\n<li><strong>Indemnit\u00e9 compensatrice de cong\u00e9s pay\u00e9s (ICCP)<\/strong> : Ajoutant 10 % suppl\u00e9mentaires au salaire brut.<\/li>\n<\/ul>\n\n\n\n<p>De plus, certains employeurs offrent des avantages comme les tickets restaurant, les primes de transport ou encore la prise en charge partielle du logement.<\/p>\n\n\n\n<hr class=\"wp-block-separator has-alpha-channel-opacity\"\/>\n\n\n\n<h2 class=\"wp-block-heading\"><strong>3. S\u00e9curit\u00e9 et conditions sur le lieu de travail<\/strong><\/h2>\n\n\n\n<h3 class=\"wp-block-heading\"><strong>a) Formation et s\u00e9curit\u00e9<\/strong><\/h3>\n\n\n\n<p>Les employeurs doivent garantir des conditions de travail s\u00fbres et conformes aux normes fran\u00e7aises :<\/p>\n\n\n\n<ul class=\"wp-block-list\">\n<li>Fourniture des <strong>\u00e9quipements de protection individuelle (EPI)<\/strong> : Casques, gants, harnais, etc.<\/li>\n\n\n\n<li><strong>Formation obligatoire<\/strong> : Les <a href=\"https:\/\/atlantis-interim.com\/index.php\/2025\/02\/25\/les-conditions-de-travail-des-interimaires-roumains-dans-lindustrie-realites-et-defis\/\" data-internallinksmanager029f6b8e52c=\"26\" title=\"int\u00e9rimaires\">int\u00e9rimaires<\/a> doivent \u00eatre form\u00e9s aux risques sp\u00e9cifiques \u00e0 leur poste avant de commencer leur mission.<\/li>\n<\/ul>\n\n\n\n<h3 class=\"wp-block-heading\"><strong>b) Conditions de logement et de transport<\/strong><\/h3>\n\n\n\n<p>Pour les <a href=\"https:\/\/atlantis-interim.com\/index.php\/2025\/02\/26\/lapport-des-interimaires-roumains-dans-lelevage-expertise-et-flexibilite-au-service-des-exploitations-europeennes\/\" data-internallinksmanager029f6b8e52c=\"2\" title=\"Interimaires Roumains\">int\u00e9rimaires roumains<\/a> recrut\u00e9s sur des missions \u00e9loign\u00e9es de leur domicile :<\/p>\n\n\n\n<ul class=\"wp-block-list\">\n<li><strong>Logement<\/strong> : Certains employeurs prennent en charge ou cofinancent leur h\u00e9bergement.<\/li>\n\n\n\n<li><strong>Transport<\/strong> : Une indemnit\u00e9 ou des solutions logistiques sont souvent propos\u00e9es pour les trajets domicile-travail.<\/li>\n<\/ul>\n\n\n\n<hr class=\"wp-block-separator has-alpha-channel-opacity\"\/>\n\n\n\n<h2 class=\"wp-block-heading\"><strong>4. D\u00e9fis rencontr\u00e9s par les int\u00e9rimaires roumains<\/strong><\/h2>\n\n\n\n<h3 class=\"wp-block-heading\"><strong>a) Complexit\u00e9 administrative<\/strong><\/h3>\n\n\n\n<p>Bien que les citoyens roumains soient membres de l&#8217;Union europ\u00e9enne, l&#8217;acc\u00e8s au march\u00e9 du travail fran\u00e7ais reste soumis \u00e0 certaines d\u00e9marches administratives, notamment pour garantir leur statut l\u00e9gal en tant que travailleur d\u00e9tach\u00e9 ou int\u00e9rimaire.<\/p>\n\n\n\n<h3 class=\"wp-block-heading\"><strong>b) Barri\u00e8res linguistiques<\/strong><\/h3>\n\n\n\n<p>Une ma\u00eetrise limit\u00e9e du fran\u00e7ais peut compliquer la compr\u00e9hension des contrats de travail, des consignes de s\u00e9curit\u00e9 ou des droits sociaux.<\/p>\n\n\n\n<h3 class=\"wp-block-heading\"><strong>c) Reconnaissance des qualifications<\/strong><\/h3>\n\n\n\n<p>Certaines comp\u00e9tences acquises en Roumanie ne sont pas toujours reconnues en France, ce qui limite les opportunit\u00e9s de certains travailleurs qualifi\u00e9s.<\/p>\n\n\n\n<hr class=\"wp-block-separator has-alpha-channel-opacity\"\/>\n\n\n\n<h2 class=\"wp-block-heading\"><strong>5. Secteurs employant des int\u00e9rimaires roumains<\/strong><\/h2>\n\n\n\n<figure class=\"wp-block-image size-full\"><img decoding=\"async\" width=\"720\" height=\"481\" src=\"https:\/\/atlantis-interim.com\/wp-content\/uploads\/2024\/10\/535761_3741550976977_1222282124_3769893_513944312_n.jpg\" alt=\"\" class=\"wp-image-5369\" srcset=\"https:\/\/atlantis-interim.com\/wp-content\/uploads\/2024\/10\/535761_3741550976977_1222282124_3769893_513944312_n.jpg 720w, https:\/\/atlantis-interim.com\/wp-content\/uploads\/2024\/10\/535761_3741550976977_1222282124_3769893_513944312_n-300x200.jpg 300w, https:\/\/atlantis-interim.com\/wp-content\/uploads\/2024\/10\/535761_3741550976977_1222282124_3769893_513944312_n-600x401.jpg 600w\" sizes=\"(max-width: 720px) 100vw, 720px\" \/><\/figure>\n\n\n\n<p>Les <a href=\"https:\/\/atlantis-interim.com\/index.php\/2025\/02\/26\/lapport-des-interimaires-roumains-dans-lelevage-expertise-et-flexibilite-au-service-des-exploitations-europeennes\/\" data-internallinksmanager029f6b8e52c=\"2\" title=\"Interimaires Roumains\">int\u00e9rimaires roumains<\/a> sont particuli\u00e8rement recherch\u00e9s dans les secteurs suivants :<\/p>\n\n\n\n<ul class=\"wp-block-list\">\n<li><strong>BTP<\/strong> : <a href=\"https:\/\/atlantis-interim.com\/index.php\/all-services\/interimaires-travaux-publics-et-construction\/\" title=\"Interimaires Travaux Publics et Construction\">Ma\u00e7ons<\/a>, <a href=\"https:\/\/atlantis-interim.com\/wp-content\/uploads\/2024\/07\/salaire-charpentier-1024x683-1.jpg\" title=\"interimaire charpentier\">charpentiers<\/a>, <a href=\"https:\/\/atlantis-interim.com\/index.php\/2024\/09\/14\/chauffeur-un-metier-indispensable-pour-le-transport-moderne\/\" title=\"Chauffeur : Un M\u00e9tier Indispensable pour le Transport Moderne\">conducteurs d&#8217;engins<\/a>.<\/li>\n\n\n\n<li><strong>Agriculture<\/strong> : <a href=\"https:\/\/atlantis-interim.com\/index.php\/tag\/travailleurs-saisonniers-roumains\/\" title=\"Travailleurs Saisonniers Roumains\">Travailleurs saisonniers <\/a>pour les r\u00e9coltes.<\/li>\n\n\n\n<li><strong>Industrie<\/strong> : <a href=\"https:\/\/atlantis-interim.com\/index.php\/2024\/12\/09\/remuneration-et-conditions-des-interimaires-etrangers-en-france\/\" title=\"R\u00e9mun\u00e9ration et conditions des int\u00e9rimaires \u00e9trangers en France\">Soudeurs,<\/a> <a href=\"https:\/\/atlantis-interim.com\/index.php\/2024\/10\/22\/le-recrutement-doperateurs-de-machines-en-interim-une-force-pour-lindustrie-moderne\/\" title=\"Le Recrutement d\u2019Op\u00e9rateurs de Machines en Int\u00e9rim : Une Force pour l\u2019Industrie Moderne\">op\u00e9rateurs en production<\/a>.<\/li>\n\n\n\n<li><strong>Logistique<\/strong> : <a href=\"https:\/\/atlantis-interim.com\/index.php\/tag\/caristes-roumains\/\" title=\"Caristes Roumains\">Caristes<\/a>, pr\u00e9parateurs de commandes, chauffeurs poids lourds.<\/li>\n<\/ul>\n\n\n\n<p>Ces secteurs offrent des opportunit\u00e9s int\u00e9ressantes, souvent accompagn\u00e9es de formations pour faciliter leur int\u00e9gration.<\/p>\n\n\n\n<hr class=\"wp-block-separator has-alpha-channel-opacity\"\/>\n\n\n\n<h2 class=\"wp-block-heading\"><strong>6. Opportunit\u00e9s et perspectives d\u2019am\u00e9lioration<\/strong><\/h2>\n\n\n\n<h3 class=\"wp-block-heading\"><strong>a) Simplification des d\u00e9marches administratives<\/strong><\/h3>\n\n\n\n<p>Des initiatives pourraient \u00eatre mises en place pour rendre plus accessibles les formalit\u00e9s n\u00e9cessaires aux <a href=\"https:\/\/atlantis-interim.com\/index.php\/2024\/06\/14\/les-droits-des-travailleurs-roumains-detaches-en-matiere-de-sante-et-securite-au-travail\/\" data-internallinksmanager029f6b8e52c=\"4\" title=\"Travailleurs roumains\">travailleurs roumains<\/a>, comme une meilleure information sur leurs droits et obligations.<\/p>\n\n\n\n<h3 class=\"wp-block-heading\"><strong>b) Formation linguistique et professionnelle<\/strong><\/h3>\n\n\n\n<p>Les agences d\u2019int\u00e9rim jouent un r\u00f4le cl\u00e9 en proposant des formations pour :<\/p>\n\n\n\n<ul class=\"wp-block-list\">\n<li>Am\u00e9liorer leur ma\u00eetrise du fran\u00e7ais.<\/li>\n\n\n\n<li>Valoriser leurs comp\u00e9tences professionnelles avec des certifications reconnues en France.<\/li>\n<\/ul>\n\n\n\n<h3 class=\"wp-block-heading\"><strong>c) Meilleure reconnaissance des qualifications \u00e9trang\u00e8res<\/strong><\/h3>\n\n\n\n<p>Faciliter l\u2019\u00e9quivalence des dipl\u00f4mes et des certifications roumaines serait un levier important pour attirer des travailleurs qualifi\u00e9s.<\/p>\n\n\n\n<hr class=\"wp-block-separator has-alpha-channel-opacity\"\/>\n\n\n\n<h2 class=\"wp-block-heading\"><strong>Conclusion<\/strong><\/h2>\n\n\n\n<p>Les <a href=\"https:\/\/atlantis-interim.com\/index.php\/2025\/02\/26\/lapport-des-interimaires-roumains-dans-lelevage-expertise-et-flexibilite-au-service-des-exploitations-europeennes\/\" data-internallinksmanager029f6b8e52c=\"2\" title=\"Interimaires Roumains\">int\u00e9rimaires roumains<\/a> jouent un r\u00f4le essentiel dans plusieurs secteurs \u00e9conomiques en France, apportant des comp\u00e9tences vari\u00e9es et un soutien crucial dans des m\u00e9tiers en tension. Malgr\u00e9 des conditions de travail globalement protectrices, certains d\u00e9fis, comme la barri\u00e8re linguistique et la reconnaissance des qualifications, restent \u00e0 surmonter.<\/p>\n\n\n\n<p><strong>Besoin d\u2019en savoir plus ou de <a href=\"https:\/\/atlantis-interim.com\/index.php\/2024\/07\/05\/recruter-des-travailleurs-roumains-pour-le-secteur-du-batiment-en-france\/\" data-internallinksmanager029f6b8e52c=\"22\" title=\"recruter\">recruter<\/a> des <a href=\"https:\/\/atlantis-interim.com\/index.php\/2025\/02\/25\/les-conditions-de-travail-des-interimaires-roumains-dans-lindustrie-realites-et-defis\/\" data-internallinksmanager029f6b8e52c=\"26\" title=\"int\u00e9rimaires\">int\u00e9rimaires<\/a> qualifi\u00e9s ?<\/strong><br>\ud83d\udce7 <strong>Contactez-nous : <a href=\"mailto:info@atlantis-interim.com\">info@atlantis-interim.com<\/a><\/strong><br><strong>Atlantis Interim<\/strong>, votre partenaire pour un <a href=\"https:\/\/atlantis-interim.com\/\" data-internallinksmanager029f6b8e52c=\"23\" title=\"recrutement\">recrutement<\/a> conforme et efficace.<\/p>\n","protected":false},"excerpt":{"rendered":"<p>La France accueille chaque ann\u00e9e de nombreux travailleurs int\u00e9rimaires \u00e9trangers, dont une part significative est compos\u00e9e de Roumains. Ces professionnels contribuent \u00e0 divers secteurs \u00e9conomiques tels que le BTP, l&#8217;agriculture, l&#8217;industrie ou encore la logistique. Mais quelles sont les conditions de travail des int\u00e9rimaires roumains en France ? Entre droits, d\u00e9fis et opportunit\u00e9s, cet article&#8230;<\/p>\n","protected":false},"author":1,"featured_media":5284,"comment_status":"open","ping_status":"open","sticky":false,"template":"","format":"standard","meta":{"_monsterinsights_skip_tracking":false,"_monsterinsights_sitenote_active":false,"_monsterinsights_sitenote_note":"","_monsterinsights_sitenote_category":0,"_jetpack_memberships_contains_paid_content":false,"wds_primary_category":0,"footnotes":""},"categories":[163,1,53,95,87,146],"tags":[160,159,157,152,155,151,153,78,148,150,154,149,81,156,158],"class_list":["post-5467","post","type-post","status-publish","format-standard","has-post-thumbnail","hentry","category-agriculture","category-blog","category-construction","category-industrie","category-logistique-et-distribution","category-sante","tag-agence-de-recrutement-roumanie","tag-agence-interim-europeene","tag-agence-interim-travailleur-etranger","tag-detachement-roumain","tag-interim-detache","tag-interim-etranger","tag-interim-etranger-roumain","tag-interim-roumanie","tag-interimaire-etranger","tag-interimaires-roumains","tag-travail-detache-2","tag-travail-detache-roumain","tag-travailleur-roumain","tag-travailleur-temporaire-roumain","tag-travaillleur-detache-roumain","th-blog blog-single has-post-thumbnail"],"aioseo_notices":[],"jetpack_featured_media_url":"https:\/\/atlantis-interim.com\/wp-content\/uploads\/2024\/09\/1444x920_le-secteur-du-transport-routier-recrute-toujours-de-nouveaux-candidats.jpeg","jetpack_sharing_enabled":true,"_links":{"self":[{"href":"https:\/\/atlantis-interim.com\/index.php\/wp-json\/wp\/v2\/posts\/5467","targetHints":{"allow":["GET"]}}],"collection":[{"href":"https:\/\/atlantis-interim.com\/index.php\/wp-json\/wp\/v2\/posts"}],"about":[{"href":"https:\/\/atlantis-interim.com\/index.php\/wp-json\/wp\/v2\/types\/post"}],"author":[{"embeddable":true,"href":"https:\/\/atlantis-interim.com\/index.php\/wp-json\/wp\/v2\/users\/1"}],"replies":[{"embeddable":true,"href":"https:\/\/atlantis-interim.com\/index.php\/wp-json\/wp\/v2\/comments?post=5467"}],"version-history":[{"count":1,"href":"https:\/\/atlantis-interim.com\/index.php\/wp-json\/wp\/v2\/posts\/5467\/revisions"}],"predecessor-version":[{"id":5468,"href":"https:\/\/atlantis-interim.com\/index.php\/wp-json\/wp\/v2\/posts\/5467\/revisions\/5468"}],"wp:featuredmedia":[{"embeddable":true,"href":"https:\/\/atlantis-interim.com\/index.php\/wp-json\/wp\/v2\/media\/5284"}],"wp:attachment":[{"href":"https:\/\/atlantis-interim.com\/index.php\/wp-json\/wp\/v2\/media?parent=5467"}],"wp:term":[{"taxonomy":"category","embeddable":true,"href":"https:\/\/atlantis-interim.com\/index.php\/wp-json\/wp\/v2\/categories?post=5467"},{"taxonomy":"post_tag","embeddable":true,"href":"https:\/\/atlantis-interim.com\/index.php\/wp-json\/wp\/v2\/tags?post=5467"}],"curies":[{"name":"wp","href":"https:\/\/api.w.org\/{rel}","templated":true}]}}