{"id":5473,"date":"2024-12-05T18:55:49","date_gmt":"2024-12-05T17:55:49","guid":{"rendered":"https:\/\/atlantis-interim.com\/?p=5473"},"modified":"2024-12-09T19:00:51","modified_gmt":"2024-12-09T18:00:51","slug":"defis-dintegration-pour-les-travailleurs-detaches-roumains-en-europe","status":"publish","type":"post","link":"https:\/\/atlantis-interim.com\/index.php\/2024\/12\/05\/defis-dintegration-pour-les-travailleurs-detaches-roumains-en-europe\/","title":{"rendered":"D\u00e9fis d\u2019Int\u00e9gration pour les Travailleurs D\u00e9tach\u00e9s Roumains en Europe"},"content":{"rendered":"\n<p>Le <a href=\"https:\/\/atlantis-interim.com\/index.php\/2025\/02\/23\/la-legislation-europeenne-et-son-impact-sur-le-travail-detache-dans-lindustrie-francaise\/\" data-internallinksmanager029f6b8e52c=\"1\" title=\"Travail d\u00e9tach\u00e9\">travail d\u00e9tach\u00e9<\/a> repr\u00e9sente une opportunit\u00e9 importante pour les <a href=\"https:\/\/atlantis-interim.com\/index.php\/2024\/06\/14\/les-droits-des-travailleurs-roumains-detaches-en-matiere-de-sante-et-securite-au-travail\/\" data-internallinksmanager029f6b8e52c=\"4\" title=\"Travailleurs roumains\">travailleurs roumains<\/a>, leur permettant d&#8217;acc\u00e9der \u00e0 des emplois en Europe tout en contribuant \u00e0 la croissance \u00e9conomique des pays d\u2019accueil. Cependant, bien que cette mobilit\u00e9 professionnelle offre des avantages ind\u00e9niables, elle comporte aussi plusieurs d\u00e9fis, notamment en ce qui concerne l&#8217;int\u00e9gration des <a href=\"https:\/\/atlantis-interim.com\/index.php\/2024\/06\/14\/les-droits-des-travailleurs-roumains-detaches-en-matiere-de-sante-et-securite-au-travail\/\" data-internallinksmanager029f6b8e52c=\"4\" title=\"Travailleurs roumains\">travailleurs roumains<\/a> dans leur nouveau pays de travail.<\/p>\n\n\n\n<p>Dans cet article, nous explorons les principaux d\u00e9fis auxquels sont confront\u00e9s les travailleurs d\u00e9tach\u00e9s roumains en Europe, ainsi que les solutions possibles pour les surmonter.<\/p>\n\n\n\n<hr class=\"wp-block-separator has-alpha-channel-opacity\"\/>\n\n\n\n<h2 class=\"wp-block-heading\">1. <strong>Barri\u00e8re linguistique et communication<\/strong><\/h2>\n\n\n\n<figure class=\"wp-block-image size-full\"><img fetchpriority=\"high\" decoding=\"async\" width=\"800\" height=\"532\" src=\"https:\/\/atlantis-interim.com\/wp-content\/uploads\/2024\/10\/0002_flipo-richir-2016-0051-1.jpg\" alt=\"\" class=\"wp-image-5355\" srcset=\"https:\/\/atlantis-interim.com\/wp-content\/uploads\/2024\/10\/0002_flipo-richir-2016-0051-1.jpg 800w, https:\/\/atlantis-interim.com\/wp-content\/uploads\/2024\/10\/0002_flipo-richir-2016-0051-1-300x200.jpg 300w, https:\/\/atlantis-interim.com\/wp-content\/uploads\/2024\/10\/0002_flipo-richir-2016-0051-1-768x511.jpg 768w, https:\/\/atlantis-interim.com\/wp-content\/uploads\/2024\/10\/0002_flipo-richir-2016-0051-1-600x399.jpg 600w\" sizes=\"(max-width: 800px) 100vw, 800px\" \/><\/figure>\n\n\n\n<p>L&#8217;une des premi\u00e8res difficult\u00e9s rencontr\u00e9es par les travailleurs d\u00e9tach\u00e9s roumains est la barri\u00e8re linguistique. M\u00eame si de nombreux Roumains parlent un certain niveau d&#8217;anglais ou d&#8217;autres langues europ\u00e9ennes, la ma\u00eetrise de la langue locale est souvent essentielle dans le milieu professionnel.<\/p>\n\n\n\n<p>Les travailleurs peuvent rencontrer des difficult\u00e9s pour comprendre les instructions sur le lieu de travail, \u00e9changer avec leurs coll\u00e8gues, ou remplir des documents administratifs en langue locale.<\/p>\n\n\n\n<h3 class=\"wp-block-heading\"><strong>Solutions propos\u00e9es :<\/strong><\/h3>\n\n\n\n<ul class=\"wp-block-list\">\n<li><strong>Formation linguistique<\/strong> : De nombreuses agences d&#8217;int\u00e9rim, telles qu&#8217;<strong>Atlantis Interim<\/strong>, offrent des cours de langue avant le d\u00e9part ou une immersion rapide pour aider les travailleurs \u00e0 s\u2019adapter plus facilement.<\/li>\n\n\n\n<li><strong>Interpr\u00e8tes sur site<\/strong> : Dans certains cas, des interpr\u00e8tes peuvent \u00eatre fournis pour faciliter la communication dans les premi\u00e8res \u00e9tapes.<\/li>\n<\/ul>\n\n\n\n<hr class=\"wp-block-separator has-alpha-channel-opacity\"\/>\n\n\n\n<h2 class=\"wp-block-heading\">2. <strong>Diff\u00e9rences culturelles et sociales<\/strong><\/h2>\n\n\n\n<p>Les diff\u00e9rences culturelles peuvent \u00eatre un obstacle majeur \u00e0 l\u2019int\u00e9gration des travailleurs d\u00e9tach\u00e9s. Les pratiques de travail, les attentes en mati\u00e8re de ponctualit\u00e9, la gestion des conflits et la hi\u00e9rarchie au sein de l&#8217;entreprise peuvent diff\u00e9rer largement d&#8217;un pays \u00e0 l&#8217;autre.<\/p>\n\n\n\n<p>Ces diff\u00e9rences peuvent \u00e9galement engendrer des malentendus et des tensions sur le lieu de travail, rendant l\u2019int\u00e9gration des <a href=\"https:\/\/atlantis-interim.com\/index.php\/2024\/06\/14\/les-droits-des-travailleurs-roumains-detaches-en-matiere-de-sante-et-securite-au-travail\/\" data-internallinksmanager029f6b8e52c=\"4\" title=\"Travailleurs roumains\">travailleurs roumains<\/a> plus complexe.<\/p>\n\n\n\n<h3 class=\"wp-block-heading\"><strong>Solutions propos\u00e9es :<\/strong><\/h3>\n\n\n\n<ul class=\"wp-block-list\">\n<li><strong>Sensibilisation culturelle<\/strong> : Avant leur arriv\u00e9e, les <a href=\"https:\/\/atlantis-interim.com\/index.php\/2024\/06\/14\/les-droits-des-travailleurs-roumains-detaches-en-matiere-de-sante-et-securite-au-travail\/\" data-internallinksmanager029f6b8e52c=\"4\" title=\"Travailleurs roumains\">travailleurs roumains<\/a> peuvent \u00eatre form\u00e9s aux normes culturelles et sociales du pays d&#8217;accueil.<\/li>\n\n\n\n<li><strong>Encadrants ou tuteurs<\/strong> : Des mentors ou superviseurs peuvent \u00eatre d\u00e9sign\u00e9s pour aider les travailleurs \u00e0 s\u2019adapter \u00e0 leur nouvel environnement.<\/li>\n<\/ul>\n\n\n\n<hr class=\"wp-block-separator has-alpha-channel-opacity\"\/>\n\n\n\n<h2 class=\"wp-block-heading\">3. <strong>Reconnaissance des qualifications et de l\u2019exp\u00e9rience<\/strong><\/h2>\n\n\n\n<p>Malgr\u00e9 un fort potentiel de comp\u00e9tences techniques et professionnelles, les travailleurs d\u00e9tach\u00e9s roumains peuvent se voir confront\u00e9s \u00e0 la non-reconnaissance de leurs qualifications dans le pays d&#8217;accueil. Dans certaines situations, des dipl\u00f4mes ou des certifications peuvent ne pas \u00eatre valid\u00e9s ou reconnus dans le cadre d&#8217;une l\u00e9gislation locale.<\/p>\n\n\n\n<p>De plus, certains travailleurs peuvent \u00eatre affect\u00e9s \u00e0 des emplois qui ne correspondent pas exactement \u00e0 leurs qualifications, ce qui peut d\u00e9motiver et nuire \u00e0 leur int\u00e9gration.<\/p>\n\n\n\n<h3 class=\"wp-block-heading\"><strong>Solutions propos\u00e9es :<\/strong><\/h3>\n\n\n\n<ul class=\"wp-block-list\">\n<li><strong>Validation des comp\u00e9tences<\/strong> : L&#8217;Union europ\u00e9enne a mis en place des m\u00e9canismes pour faciliter la reconnaissance des qualifications professionnelles. Les agences peuvent accompagner les travailleurs dans le processus de reconnaissance.<\/li>\n\n\n\n<li><strong>\u00c9quivalence des dipl\u00f4mes<\/strong> : Aider les travailleurs \u00e0 comprendre le syst\u00e8me de validation des qualifications dans leur pays d&#8217;accueil peut favoriser une meilleure int\u00e9gration sur le march\u00e9 du travail.<\/li>\n<\/ul>\n\n\n\n<hr class=\"wp-block-separator has-alpha-channel-opacity\"\/>\n\n\n\n<h2 class=\"wp-block-heading\">4. <strong>Logement et conditions de vie<\/strong><\/h2>\n\n\n\n<p>Le logement reste l\u2019un des d\u00e9fis majeurs pour les travailleurs d\u00e9tach\u00e9s, en particulier lorsqu\u2019ils arrivent dans un pays \u00e9tranger. Dans certains cas, les <a href=\"https:\/\/atlantis-interim.com\/index.php\/2024\/06\/14\/les-droits-des-travailleurs-roumains-detaches-en-matiere-de-sante-et-securite-au-travail\/\" data-internallinksmanager029f6b8e52c=\"4\" title=\"Travailleurs roumains\">travailleurs roumains<\/a> peuvent rencontrer des difficult\u00e9s \u00e0 trouver un logement d\u00e9cent et abordable, ce qui complique leur int\u00e9gration dans la communaut\u00e9 locale.<\/p>\n\n\n\n<p>De plus, certains travailleurs peuvent se retrouver dans des logements de groupe, souvent de mauvaise qualit\u00e9, ce qui peut entra\u00eener un sentiment d\u2019isolement.<\/p>\n\n\n\n<h3 class=\"wp-block-heading\"><strong>Solutions propos\u00e9es :<\/strong><\/h3>\n\n\n\n<ul class=\"wp-block-list\">\n<li><strong>Aide \u00e0 la recherche de logement<\/strong> : Certaines agences d&#8217;int\u00e9rim, dont <strong>Atlantis Interim<\/strong>, offrent un soutien pour la recherche de logements adapt\u00e9s et abordables pour les travailleurs d\u00e9tach\u00e9s.<\/li>\n\n\n\n<li><strong>Logement de qualit\u00e9<\/strong> : Offrir un logement d\u00e9cent et proche du lieu de travail est une priorit\u00e9 pour les agences afin d\u2019am\u00e9liorer le bien-\u00eatre des travailleurs.<\/li>\n<\/ul>\n\n\n\n<hr class=\"wp-block-separator has-alpha-channel-opacity\"\/>\n\n\n\n<h2 class=\"wp-block-heading\">5. <strong>Acc\u00e8s aux services sociaux et \u00e0 la s\u00e9curit\u00e9 sociale<\/strong><\/h2>\n\n\n\n<figure class=\"wp-block-image size-full\"><img decoding=\"async\" width=\"960\" height=\"640\" src=\"https:\/\/atlantis-interim.com\/wp-content\/uploads\/2024\/10\/AdobeStock_615513256-960x640-1.jpeg\" alt=\"\" class=\"wp-image-5350\" srcset=\"https:\/\/atlantis-interim.com\/wp-content\/uploads\/2024\/10\/AdobeStock_615513256-960x640-1.jpeg 960w, https:\/\/atlantis-interim.com\/wp-content\/uploads\/2024\/10\/AdobeStock_615513256-960x640-1-300x200.jpeg 300w, https:\/\/atlantis-interim.com\/wp-content\/uploads\/2024\/10\/AdobeStock_615513256-960x640-1-768x512.jpeg 768w, https:\/\/atlantis-interim.com\/wp-content\/uploads\/2024\/10\/AdobeStock_615513256-960x640-1-600x400.jpeg 600w\" sizes=\"(max-width: 960px) 100vw, 960px\" \/><\/figure>\n\n\n\n<p>Les travailleurs d\u00e9tach\u00e9s roumains doivent souvent naviguer dans un syst\u00e8me de s\u00e9curit\u00e9 sociale et de sant\u00e9 diff\u00e9rent de celui auquel ils sont habitu\u00e9s. Les d\u00e9marches administratives, telles que l&#8217;inscription \u00e0 la s\u00e9curit\u00e9 sociale ou l&#8217;acc\u00e8s aux soins de sant\u00e9, peuvent \u00eatre compliqu\u00e9es, particuli\u00e8rement si la langue et la l\u00e9gislation locale ne sont pas ma\u00eetris\u00e9es.<\/p>\n\n\n\n<h3 class=\"wp-block-heading\"><strong>Solutions propos\u00e9es :<\/strong><\/h3>\n\n\n\n<ul class=\"wp-block-list\">\n<li><strong>Accompagnement administratif<\/strong> : Les agences peuvent assister les travailleurs dans les d\u00e9marches administratives, comme l&#8217;inscription \u00e0 la s\u00e9curit\u00e9 sociale ou l&#8217;ouverture d\u2019un compte bancaire.<\/li>\n\n\n\n<li><strong>Assurance sant\u00e9<\/strong> : Proposer des assurances sant\u00e9 temporaires et des conseils sur l&#8217;acc\u00e8s aux services m\u00e9dicaux est essentiel pour garantir la s\u00e9curit\u00e9 des travailleurs.<\/li>\n<\/ul>\n\n\n\n<hr class=\"wp-block-separator has-alpha-channel-opacity\"\/>\n\n\n\n<h2 class=\"wp-block-heading\">6. <strong>Exploitation et conditions de travail<\/strong><\/h2>\n\n\n\n<p>Malheureusement, certains travailleurs d\u00e9tach\u00e9s roumains peuvent \u00eatre expos\u00e9s \u00e0 des conditions de travail pr\u00e9caires, \u00e0 des salaires inf\u00e9rieurs \u00e0 ceux du march\u00e9 local ou m\u00eame \u00e0 des abus de la part de certains employeurs. Les agences d&#8217;int\u00e9rim jouent ici un r\u00f4le essentiel dans la protection des droits des travailleurs.<\/p>\n\n\n\n<h3 class=\"wp-block-heading\"><strong>Solutions propos\u00e9es :<\/strong><\/h3>\n\n\n\n<ul class=\"wp-block-list\">\n<li><strong>Surveillance des conditions de travail<\/strong> : Les agences doivent veiller \u00e0 ce que les conditions de travail respectent la l\u00e9gislation europ\u00e9enne, en termes de r\u00e9mun\u00e9ration et d\u2019environnement de travail.<\/li>\n\n\n\n<li><strong>Aide juridique<\/strong> : En cas de conflit ou d\u2019exploitation, les agences doivent \u00eatre pr\u00eates \u00e0 fournir un soutien juridique aux travailleurs d\u00e9tach\u00e9s.<\/li>\n<\/ul>\n\n\n\n<hr class=\"wp-block-separator has-alpha-channel-opacity\"\/>\n\n\n\n<h2 class=\"wp-block-heading\"><strong>Conclusion<\/strong><\/h2>\n\n\n\n<p>Les travailleurs d\u00e9tach\u00e9s roumains en Europe jouent un r\u00f4le crucial dans de nombreux secteurs d\u2019activit\u00e9. Cependant, leur int\u00e9gration peut \u00eatre entrav\u00e9e par plusieurs d\u00e9fis, notamment li\u00e9s \u00e0 la langue, \u00e0 la culture, aux qualifications et aux conditions de travail.<\/p>\n\n\n\n<p>Afin de surmonter ces obstacles, il est essentiel que les agences d\u2019int\u00e9rim telles qu\u2019<strong>Atlantis Interim<\/strong> offrent un accompagnement de qualit\u00e9, que ce soit pour la formation, le logement, les d\u00e9marches administratives ou la reconnaissance des qualifications.<\/p>\n\n\n\n<p><strong>Si vous \u00eates un employeur \u00e0 la recherche de travailleurs d\u00e9tach\u00e9s roumains qualifi\u00e9s, ou un travailleur en qu\u00eate d\u2019une mission en Europe, contactez-nous \u00e0 l\u2019adresse suivante :<\/strong><br>\ud83d\udce7 <strong><a href=\"mailto:info@atlantis-interim.com\">info@atlantis-interim.com<\/a><\/strong><\/p>\n","protected":false},"excerpt":{"rendered":"<p>Le travail d\u00e9tach\u00e9 repr\u00e9sente une opportunit\u00e9 importante pour les travailleurs roumains, leur permettant d&#8217;acc\u00e9der \u00e0 des emplois en Europe tout en contribuant \u00e0 la croissance \u00e9conomique des pays d\u2019accueil. Cependant, bien que cette mobilit\u00e9 professionnelle offre des avantages ind\u00e9niables, elle comporte aussi plusieurs d\u00e9fis, notamment en ce qui concerne l&#8217;int\u00e9gration des travailleurs roumains dans leur&#8230;<\/p>\n","protected":false},"author":1,"featured_media":5186,"comment_status":"open","ping_status":"open","sticky":false,"template":"","format":"standard","meta":{"_monsterinsights_skip_tracking":false,"_monsterinsights_sitenote_active":false,"_monsterinsights_sitenote_note":"","_monsterinsights_sitenote_category":0,"_jetpack_memberships_contains_paid_content":false,"wds_primary_category":0,"footnotes":""},"categories":[163,1,53,95,87,146],"tags":[160,159,157,152,155,151,153,78,148,150,154,149,81,156,158],"class_list":["post-5473","post","type-post","status-publish","format-standard","has-post-thumbnail","hentry","category-agriculture","category-blog","category-construction","category-industrie","category-logistique-et-distribution","category-sante","tag-agence-de-recrutement-roumanie","tag-agence-interim-europeene","tag-agence-interim-travailleur-etranger","tag-detachement-roumain","tag-interim-detache","tag-interim-etranger","tag-interim-etranger-roumain","tag-interim-roumanie","tag-interimaire-etranger","tag-interimaires-roumains","tag-travail-detache-2","tag-travail-detache-roumain","tag-travailleur-roumain","tag-travailleur-temporaire-roumain","tag-travaillleur-detache-roumain","th-blog blog-single has-post-thumbnail"],"aioseo_notices":[],"jetpack_featured_media_url":"https:\/\/atlantis-interim.com\/wp-content\/uploads\/2024\/08\/6NV8647.webp","jetpack_sharing_enabled":true,"_links":{"self":[{"href":"https:\/\/atlantis-interim.com\/index.php\/wp-json\/wp\/v2\/posts\/5473","targetHints":{"allow":["GET"]}}],"collection":[{"href":"https:\/\/atlantis-interim.com\/index.php\/wp-json\/wp\/v2\/posts"}],"about":[{"href":"https:\/\/atlantis-interim.com\/index.php\/wp-json\/wp\/v2\/types\/post"}],"author":[{"embeddable":true,"href":"https:\/\/atlantis-interim.com\/index.php\/wp-json\/wp\/v2\/users\/1"}],"replies":[{"embeddable":true,"href":"https:\/\/atlantis-interim.com\/index.php\/wp-json\/wp\/v2\/comments?post=5473"}],"version-history":[{"count":1,"href":"https:\/\/atlantis-interim.com\/index.php\/wp-json\/wp\/v2\/posts\/5473\/revisions"}],"predecessor-version":[{"id":5474,"href":"https:\/\/atlantis-interim.com\/index.php\/wp-json\/wp\/v2\/posts\/5473\/revisions\/5474"}],"wp:featuredmedia":[{"embeddable":true,"href":"https:\/\/atlantis-interim.com\/index.php\/wp-json\/wp\/v2\/media\/5186"}],"wp:attachment":[{"href":"https:\/\/atlantis-interim.com\/index.php\/wp-json\/wp\/v2\/media?parent=5473"}],"wp:term":[{"taxonomy":"category","embeddable":true,"href":"https:\/\/atlantis-interim.com\/index.php\/wp-json\/wp\/v2\/categories?post=5473"},{"taxonomy":"post_tag","embeddable":true,"href":"https:\/\/atlantis-interim.com\/index.php\/wp-json\/wp\/v2\/tags?post=5473"}],"curies":[{"name":"wp","href":"https:\/\/api.w.org\/{rel}","templated":true}]}}