{"id":5489,"date":"2024-12-23T12:38:48","date_gmt":"2024-12-23T11:38:48","guid":{"rendered":"https:\/\/atlantis-interim.com\/?p=5489"},"modified":"2024-12-23T12:38:49","modified_gmt":"2024-12-23T11:38:49","slug":"pourquoi-recourir-a-linterim-etranger-pour-des-missions-temporaires-en-europe","status":"publish","type":"post","link":"https:\/\/atlantis-interim.com\/index.php\/2024\/12\/23\/pourquoi-recourir-a-linterim-etranger-pour-des-missions-temporaires-en-europe\/","title":{"rendered":"Pourquoi recourir \u00e0 l\u2019int\u00e9rim \u00e9tranger pour des missions temporaires en Europe"},"content":{"rendered":"\n<p>Le recours \u00e0 l\u2019<a href=\"https:\/\/atlantis-interim.com\/index.php\/2024\/12\/25\/le-role-des-agences-dans-linterim-etranger-roumain\/\" data-internallinksmanager029f6b8e52c=\"9\" title=\"int\u00e9rim \u00e9tranger\">int\u00e9rim \u00e9tranger<\/a> est devenu une solution strat\u00e9gique pour de nombreuses entreprises europ\u00e9ennes confront\u00e9es \u00e0 des besoins de main-d\u2019\u0153uvre fluctuants. Les <a href=\"https:\/\/atlantis-interim.com\/index.php\/2025\/02\/21\/lintegration-des-travailleurs-interimaires-roumains-dans-le-tissu-industriel-local-defis-et-solutions\/\" data-internallinksmanager029f6b8e52c=\"20\" title=\"travailleurs int\u00e9rimaires\">travailleurs int\u00e9rimaires<\/a> \u00e9trangers, notamment roumains, apportent flexibilit\u00e9, expertise et comp\u00e9titivit\u00e9. Cet article explore les raisons pour lesquelles les entreprises font appel \u00e0 l\u2019<a href=\"https:\/\/atlantis-interim.com\/index.php\/2024\/12\/25\/le-role-des-agences-dans-linterim-etranger-roumain\/\" data-internallinksmanager029f6b8e52c=\"9\" title=\"int\u00e9rim \u00e9tranger\">int\u00e9rim \u00e9tranger<\/a> pour r\u00e9pondre \u00e0 des missions temporaires.<\/p>\n\n\n\n<hr class=\"wp-block-separator has-alpha-channel-opacity\"\/>\n\n\n\n<h3 class=\"wp-block-heading\"><strong>1. R\u00e9pondre rapidement aux p\u00e9nuries de main-d\u2019\u0153uvre<\/strong><\/h3>\n\n\n\n<p>Dans plusieurs secteurs comme la construction, l\u2019agriculture et la logistique, les entreprises peinent \u00e0 <a href=\"https:\/\/atlantis-interim.com\/index.php\/2024\/07\/05\/recruter-des-travailleurs-roumains-pour-le-secteur-du-batiment-en-france\/\" data-internallinksmanager029f6b8e52c=\"22\" title=\"recruter\">recruter<\/a> localement. L\u2019<a href=\"https:\/\/atlantis-interim.com\/index.php\/2024\/12\/25\/le-role-des-agences-dans-linterim-etranger-roumain\/\" data-internallinksmanager029f6b8e52c=\"9\" title=\"int\u00e9rim \u00e9tranger\">int\u00e9rim \u00e9tranger<\/a> permet de combler ces lacunes de mani\u00e8re rapide et efficace.<\/p>\n\n\n\n<figure class=\"wp-block-image size-large\"><img fetchpriority=\"high\" decoding=\"async\" width=\"1024\" height=\"683\" src=\"https:\/\/atlantis-interim.com\/wp-content\/uploads\/2024\/11\/fermiers-du-bearn-02-1024x683.jpg\" alt=\"\" class=\"wp-image-5459\" srcset=\"https:\/\/atlantis-interim.com\/wp-content\/uploads\/2024\/11\/fermiers-du-bearn-02-1024x683.jpg 1024w, https:\/\/atlantis-interim.com\/wp-content\/uploads\/2024\/11\/fermiers-du-bearn-02-300x200.jpg 300w, https:\/\/atlantis-interim.com\/wp-content\/uploads\/2024\/11\/fermiers-du-bearn-02-768x512.jpg 768w, https:\/\/atlantis-interim.com\/wp-content\/uploads\/2024\/11\/fermiers-du-bearn-02-1536x1024.jpg 1536w, https:\/\/atlantis-interim.com\/wp-content\/uploads\/2024\/11\/fermiers-du-bearn-02-600x400.jpg 600w, https:\/\/atlantis-interim.com\/wp-content\/uploads\/2024\/11\/fermiers-du-bearn-02.jpg 1600w\" sizes=\"(max-width: 1024px) 100vw, 1024px\" \/><\/figure>\n\n\n\n<ul class=\"wp-block-list\">\n<li><strong>R\u00e9activit\u00e9<\/strong> : Les agences d\u2019int\u00e9rim sp\u00e9cialis\u00e9es proposent des travailleurs qualifi\u00e9s en quelques jours.<\/li>\n\n\n\n<li><strong>Acc\u00e8s \u00e0 des comp\u00e9tences rares<\/strong> : Certains m\u00e9tiers techniques ou sp\u00e9cialis\u00e9s sont difficiles \u00e0 pourvoir localement.<\/li>\n\n\n\n<li><strong>Adaptabilit\u00e9<\/strong> : Les <a href=\"https:\/\/atlantis-interim.com\/index.php\/2024\/12\/09\/remuneration-et-conditions-des-interimaires-etrangers-en-france\/\" data-internallinksmanager029f6b8e52c=\"5\" title=\"Int\u00e9rimaires \u00e9trangers\">int\u00e9rimaires \u00e9trangers<\/a> s\u2019adaptent facilement aux besoins ponctuels des entreprises.<\/li>\n<\/ul>\n\n\n\n<hr class=\"wp-block-separator has-alpha-channel-opacity\"\/>\n\n\n\n<h3 class=\"wp-block-heading\"><strong>2. Flexibilit\u00e9 et r\u00e9duction des co\u00fbts<\/strong><\/h3>\n\n\n\n<p>L\u2019<a href=\"https:\/\/atlantis-interim.com\/index.php\/2024\/12\/25\/le-role-des-agences-dans-linterim-etranger-roumain\/\" data-internallinksmanager029f6b8e52c=\"9\" title=\"int\u00e9rim \u00e9tranger\">int\u00e9rim \u00e9tranger<\/a> permet de r\u00e9pondre aux fluctuations saisonni\u00e8res ou aux pics d\u2019activit\u00e9 sans engagement \u00e0 long terme.<\/p>\n\n\n\n<ul class=\"wp-block-list\">\n<li><strong>Optimisation des co\u00fbts<\/strong> : Les charges sociales et fiscales restent comp\u00e9titives.<\/li>\n\n\n\n<li><strong>Contrats courts et ajustables<\/strong> : Les entreprises peuvent ajuster le volume de main-d\u2019\u0153uvre selon la demande.<\/li>\n\n\n\n<li><strong>Efficacit\u00e9 op\u00e9rationnelle<\/strong> : Les travailleurs d\u00e9tach\u00e9s apportent des comp\u00e9tences imm\u00e9diatement op\u00e9rationnelles.<\/li>\n<\/ul>\n\n\n\n<hr class=\"wp-block-separator has-alpha-channel-opacity\"\/>\n\n\n\n<h3 class=\"wp-block-heading\"><strong>3. Diversit\u00e9 et dynamisme au sein des \u00e9quipes<\/strong><\/h3>\n\n\n\n<p>Les <a href=\"https:\/\/atlantis-interim.com\/index.php\/2024\/12\/09\/remuneration-et-conditions-des-interimaires-etrangers-en-france\/\" data-internallinksmanager029f6b8e52c=\"5\" title=\"Int\u00e9rimaires \u00e9trangers\">int\u00e9rimaires \u00e9trangers<\/a> apportent des perspectives nouvelles et renforcent la diversit\u00e9 culturelle des \u00e9quipes.<\/p>\n\n\n\n<ul class=\"wp-block-list\">\n<li><strong>Innovation et partage de pratiques<\/strong> : La diversit\u00e9 des exp\u00e9riences favorise l\u2019\u00e9mergence de nouvelles id\u00e9es.<\/li>\n\n\n\n<li><strong>Renforcement des \u00e9quipes<\/strong> : La collaboration avec des travailleurs d\u2019horizons vari\u00e9s enrichit la dynamique de travail.<\/li>\n<\/ul>\n\n\n\n<hr class=\"wp-block-separator has-alpha-channel-opacity\"\/>\n\n\n\n<h3 class=\"wp-block-heading\"><strong>4. Contribution \u00e0 la croissance \u00e9conomique locale<\/strong><\/h3>\n\n\n\n<figure class=\"wp-block-image size-full\"><img decoding=\"async\" width=\"1023\" height=\"581\" src=\"https:\/\/atlantis-interim.com\/wp-content\/uploads\/2024\/11\/travail-australie.jpg\" alt=\"\" class=\"wp-image-5450\" srcset=\"https:\/\/atlantis-interim.com\/wp-content\/uploads\/2024\/11\/travail-australie.jpg 1023w, https:\/\/atlantis-interim.com\/wp-content\/uploads\/2024\/11\/travail-australie-300x170.jpg 300w, https:\/\/atlantis-interim.com\/wp-content\/uploads\/2024\/11\/travail-australie-768x436.jpg 768w, https:\/\/atlantis-interim.com\/wp-content\/uploads\/2024\/11\/travail-australie-600x341.jpg 600w\" sizes=\"(max-width: 1023px) 100vw, 1023px\" \/><\/figure>\n\n\n\n<p>L\u2019emploi d\u2019<a href=\"https:\/\/atlantis-interim.com\/index.php\/2024\/12\/09\/remuneration-et-conditions-des-interimaires-etrangers-en-france\/\" data-internallinksmanager029f6b8e52c=\"5\" title=\"Int\u00e9rimaires \u00e9trangers\">int\u00e9rimaires \u00e9trangers<\/a> participe activement \u00e0 la croissance des entreprises et \u00e0 la r\u00e9alisation de projets d\u2019envergure.<\/p>\n\n\n\n<ul class=\"wp-block-list\">\n<li><strong>Soutien aux grands projets<\/strong> : Les travailleurs \u00e9trangers permettent d\u2019achever des projets rapidement.<\/li>\n\n\n\n<li><strong>Stimulation de l\u2019\u00e9conomie locale<\/strong> : Ils participent indirectement \u00e0 l\u2019\u00e9conomie par leur consommation.<\/li>\n<\/ul>\n\n\n\n<hr class=\"wp-block-separator has-alpha-channel-opacity\"\/>\n\n\n\n<h3 class=\"wp-block-heading\"><strong>5. Perspectives et \u00e9volutions futures<\/strong><\/h3>\n\n\n\n<p>Avec la mobilit\u00e9 croissante des travailleurs en Europe, l\u2019<a href=\"https:\/\/atlantis-interim.com\/index.php\/2024\/12\/25\/le-role-des-agences-dans-linterim-etranger-roumain\/\" data-internallinksmanager029f6b8e52c=\"9\" title=\"int\u00e9rim \u00e9tranger\">int\u00e9rim \u00e9tranger<\/a> s\u2019inscrit dans une dynamique de croissance continue.<\/p>\n\n\n\n<ul class=\"wp-block-list\">\n<li><strong>Renforcement de la coop\u00e9ration europ\u00e9enne<\/strong> : L\u2019<a href=\"https:\/\/atlantis-interim.com\/index.php\/2024\/12\/25\/le-role-des-agences-dans-linterim-etranger-roumain\/\" data-internallinksmanager029f6b8e52c=\"9\" title=\"int\u00e9rim \u00e9tranger\">int\u00e9rim \u00e9tranger<\/a> favorise la libre circulation de la main-d\u2019\u0153uvre.<\/li>\n\n\n\n<li><strong>D\u00e9veloppement de comp\u00e9tences<\/strong> : Les programmes de formation et d\u2019int\u00e9gration se multiplient.<\/li>\n<\/ul>\n\n\n\n<hr class=\"wp-block-separator has-alpha-channel-opacity\"\/>\n\n\n\n<h3 class=\"wp-block-heading\"><strong>Conclusion<\/strong><\/h3>\n\n\n\n<p>Le recours \u00e0 l\u2019<a href=\"https:\/\/atlantis-interim.com\/index.php\/2024\/12\/25\/le-role-des-agences-dans-linterim-etranger-roumain\/\" data-internallinksmanager029f6b8e52c=\"9\" title=\"int\u00e9rim \u00e9tranger\">int\u00e9rim \u00e9tranger<\/a> est une solution pr\u00e9cieuse pour les entreprises europ\u00e9ennes en qu\u00eate de flexibilit\u00e9 et de comp\u00e9tences. Il contribue \u00e0 dynamiser les secteurs cl\u00e9s et \u00e0 soutenir l\u2019\u00e9conomie. Pour toute information suppl\u00e9mentaire, contactez-nous \u00e0 <strong><a href=\"mailto:info@atlantis-interim.com\">info@atlantis-interim.com<\/a><\/strong>.<\/p>\n","protected":false},"excerpt":{"rendered":"<p>Le recours \u00e0 l\u2019int\u00e9rim \u00e9tranger est devenu une solution strat\u00e9gique pour de nombreuses entreprises europ\u00e9ennes confront\u00e9es \u00e0 des besoins de main-d\u2019\u0153uvre fluctuants. Les travailleurs int\u00e9rimaires \u00e9trangers, notamment roumains, apportent flexibilit\u00e9, expertise et comp\u00e9titivit\u00e9. Cet article explore les raisons pour lesquelles les entreprises font appel \u00e0 l\u2019int\u00e9rim \u00e9tranger pour r\u00e9pondre \u00e0 des missions temporaires. 1. R\u00e9pondre&#8230;<\/p>\n","protected":false},"author":1,"featured_media":5421,"comment_status":"open","ping_status":"open","sticky":false,"template":"","format":"standard","meta":{"_monsterinsights_skip_tracking":false,"_monsterinsights_sitenote_active":false,"_monsterinsights_sitenote_note":"","_monsterinsights_sitenote_category":0,"_jetpack_memberships_contains_paid_content":false,"wds_primary_category":0,"footnotes":""},"categories":[163,1,53,95,87,146],"tags":[160,159,157,152,155,151,153,78,148,150,154,149,81,156,158],"class_list":["post-5489","post","type-post","status-publish","format-standard","has-post-thumbnail","hentry","category-agriculture","category-blog","category-construction","category-industrie","category-logistique-et-distribution","category-sante","tag-agence-de-recrutement-roumanie","tag-agence-interim-europeene","tag-agence-interim-travailleur-etranger","tag-detachement-roumain","tag-interim-detache","tag-interim-etranger","tag-interim-etranger-roumain","tag-interim-roumanie","tag-interimaire-etranger","tag-interimaires-roumains","tag-travail-detache-2","tag-travail-detache-roumain","tag-travailleur-roumain","tag-travailleur-temporaire-roumain","tag-travaillleur-detache-roumain","th-blog blog-single has-post-thumbnail"],"aioseo_notices":[],"jetpack_featured_media_url":"https:\/\/atlantis-interim.com\/wp-content\/uploads\/2024\/11\/CHU-Amiens-Picardie-Institut-de-Formation-de-Techniciens-de-Laboratoire-Medical_IFTLM-Laborantine-scaled.jpg","jetpack_sharing_enabled":true,"_links":{"self":[{"href":"https:\/\/atlantis-interim.com\/index.php\/wp-json\/wp\/v2\/posts\/5489","targetHints":{"allow":["GET"]}}],"collection":[{"href":"https:\/\/atlantis-interim.com\/index.php\/wp-json\/wp\/v2\/posts"}],"about":[{"href":"https:\/\/atlantis-interim.com\/index.php\/wp-json\/wp\/v2\/types\/post"}],"author":[{"embeddable":true,"href":"https:\/\/atlantis-interim.com\/index.php\/wp-json\/wp\/v2\/users\/1"}],"replies":[{"embeddable":true,"href":"https:\/\/atlantis-interim.com\/index.php\/wp-json\/wp\/v2\/comments?post=5489"}],"version-history":[{"count":1,"href":"https:\/\/atlantis-interim.com\/index.php\/wp-json\/wp\/v2\/posts\/5489\/revisions"}],"predecessor-version":[{"id":5490,"href":"https:\/\/atlantis-interim.com\/index.php\/wp-json\/wp\/v2\/posts\/5489\/revisions\/5490"}],"wp:featuredmedia":[{"embeddable":true,"href":"https:\/\/atlantis-interim.com\/index.php\/wp-json\/wp\/v2\/media\/5421"}],"wp:attachment":[{"href":"https:\/\/atlantis-interim.com\/index.php\/wp-json\/wp\/v2\/media?parent=5489"}],"wp:term":[{"taxonomy":"category","embeddable":true,"href":"https:\/\/atlantis-interim.com\/index.php\/wp-json\/wp\/v2\/categories?post=5489"},{"taxonomy":"post_tag","embeddable":true,"href":"https:\/\/atlantis-interim.com\/index.php\/wp-json\/wp\/v2\/tags?post=5489"}],"curies":[{"name":"wp","href":"https:\/\/api.w.org\/{rel}","templated":true}]}}