{"id":5495,"date":"2024-12-27T13:00:52","date_gmt":"2024-12-27T12:00:52","guid":{"rendered":"https:\/\/atlantis-interim.com\/?p=5495"},"modified":"2024-12-23T13:04:40","modified_gmt":"2024-12-23T12:04:40","slug":"impact-des-interimaires-roumains-sur-le-marche-du-travail-en-europe","status":"publish","type":"post","link":"https:\/\/atlantis-interim.com\/index.php\/2024\/12\/27\/impact-des-interimaires-roumains-sur-le-marche-du-travail-en-europe\/","title":{"rendered":"Impact des int\u00e9rimaires roumains sur le march\u00e9 du travail en Europe"},"content":{"rendered":"\n<p>L\u2019emploi int\u00e9rimaire roumain est devenu un levier cl\u00e9 pour de nombreux secteurs \u00e9conomiques \u00e0 travers l\u2019Europe. Avec l\u2019augmentation de la mobilit\u00e9 de la main-d\u2019\u0153uvre, les <a href=\"https:\/\/atlantis-interim.com\/index.php\/2025\/02\/26\/lapport-des-interimaires-roumains-dans-lelevage-expertise-et-flexibilite-au-service-des-exploitations-europeennes\/\" data-internallinksmanager029f6b8e52c=\"2\" title=\"Interimaires Roumains\">int\u00e9rimaires roumains<\/a> jouent un r\u00f4le significatif dans la r\u00e9ponse aux besoins fluctuants des march\u00e9s du travail europ\u00e9ens. Cet article approfondit l\u2019impact \u00e9conomique, social et professionnel de cette main-d\u2019\u0153uvre mobile et examine les d\u00e9fis ainsi que les opportunit\u00e9s qui en d\u00e9coulent.<\/p>\n\n\n\n<hr class=\"wp-block-separator has-alpha-channel-opacity\"\/>\n\n\n\n<h3 class=\"wp-block-heading\"><strong>1. L\u2019importance strat\u00e9gique des int\u00e9rimaires roumains<\/strong><\/h3>\n\n\n\n<p>Les <a href=\"https:\/\/atlantis-interim.com\/index.php\/2025\/02\/26\/lapport-des-interimaires-roumains-dans-lelevage-expertise-et-flexibilite-au-service-des-exploitations-europeennes\/\" data-internallinksmanager029f6b8e52c=\"2\" title=\"Interimaires Roumains\">int\u00e9rimaires roumains<\/a> contribuent \u00e0 pallier les p\u00e9nuries de main-d\u2019\u0153uvre dans des secteurs cl\u00e9s tels que la construction, l\u2019agriculture, la logistique et la sant\u00e9.<\/p>\n\n\n\n<figure class=\"wp-block-image size-large\"><img fetchpriority=\"high\" decoding=\"async\" width=\"1024\" height=\"683\" src=\"https:\/\/atlantis-interim.com\/wp-content\/uploads\/2024\/11\/COPY_istock-1209858343-1631538074-1024x683.jpg\" alt=\"\" class=\"wp-image-5413\" srcset=\"https:\/\/atlantis-interim.com\/wp-content\/uploads\/2024\/11\/COPY_istock-1209858343-1631538074-1024x683.jpg 1024w, https:\/\/atlantis-interim.com\/wp-content\/uploads\/2024\/11\/COPY_istock-1209858343-1631538074-300x200.jpg 300w, https:\/\/atlantis-interim.com\/wp-content\/uploads\/2024\/11\/COPY_istock-1209858343-1631538074-768x512.jpg 768w, https:\/\/atlantis-interim.com\/wp-content\/uploads\/2024\/11\/COPY_istock-1209858343-1631538074-600x400.jpg 600w, https:\/\/atlantis-interim.com\/wp-content\/uploads\/2024\/11\/COPY_istock-1209858343-1631538074.jpg 1254w\" sizes=\"(max-width: 1024px) 100vw, 1024px\" \/><\/figure>\n\n\n\n<ul class=\"wp-block-list\">\n<li><strong>Secteurs en tension<\/strong> : Les entreprises europ\u00e9ennes, en particulier en France, en Allemagne et en Espagne, peinent \u00e0 <a href=\"https:\/\/atlantis-interim.com\/index.php\/2024\/07\/05\/recruter-des-travailleurs-roumains-pour-le-secteur-du-batiment-en-france\/\" data-internallinksmanager029f6b8e52c=\"22\" title=\"recruter\">recruter<\/a> localement. Les <a href=\"https:\/\/atlantis-interim.com\/index.php\/2025\/02\/26\/lapport-des-interimaires-roumains-dans-lelevage-expertise-et-flexibilite-au-service-des-exploitations-europeennes\/\" data-internallinksmanager029f6b8e52c=\"2\" title=\"Interimaires Roumains\">int\u00e9rimaires roumains<\/a> repr\u00e9sentent une solution rapide et efficace.<\/li>\n\n\n\n<li><strong>Adaptabilit\u00e9 et comp\u00e9tence<\/strong> : Gr\u00e2ce \u00e0 des formations adapt\u00e9es et \u00e0 une forte culture du travail, ces travailleurs apportent des comp\u00e9tences recherch\u00e9es qui renforcent la comp\u00e9titivit\u00e9 des entreprises.<\/li>\n<\/ul>\n\n\n\n<hr class=\"wp-block-separator has-alpha-channel-opacity\"\/>\n\n\n\n<h3 class=\"wp-block-heading\"><strong>2. Avantages \u00e9conomiques pour les employeurs<\/strong><\/h3>\n\n\n\n<ul class=\"wp-block-list\">\n<li><strong>Co\u00fbts r\u00e9duits<\/strong> : Les <a href=\"https:\/\/atlantis-interim.com\/index.php\/2025\/02\/26\/lapport-des-interimaires-roumains-dans-lelevage-expertise-et-flexibilite-au-service-des-exploitations-europeennes\/\" data-internallinksmanager029f6b8e52c=\"2\" title=\"Interimaires Roumains\">int\u00e9rimaires roumains<\/a> permettent aux entreprises de b\u00e9n\u00e9ficier d\u2019une <a href=\"https:\/\/atlantis-interim.com\/index.php\/2025\/02\/16\/travail-detache-roumain-dans-la-viticulture-une-main-doeuvre-qualifiee-pour-les-vendanges-et-lentretien-des-vignes\/\" data-internallinksmanager029f6b8e52c=\"21\" title=\"main-d\u2019\u0153uvre qualifi\u00e9e\">main-d\u2019\u0153uvre qualifi\u00e9e<\/a> \u00e0 moindre co\u00fbt, tout en respectant les r\u00e9glementations europ\u00e9ennes.<\/li>\n\n\n\n<li><strong>Flexibilit\u00e9<\/strong> : Le recours \u00e0 des <a href=\"https:\/\/atlantis-interim.com\/index.php\/2025\/02\/25\/les-conditions-de-travail-des-interimaires-roumains-dans-lindustrie-realites-et-defis\/\" data-internallinksmanager029f6b8e52c=\"26\" title=\"int\u00e9rimaires\">int\u00e9rimaires<\/a> d\u00e9tach\u00e9s offre une grande flexibilit\u00e9 pour r\u00e9pondre aux pics de production et aux projets ponctuels.<\/li>\n\n\n\n<li><strong>Dynamisation du march\u00e9 du travail<\/strong> : La mobilit\u00e9 des <a href=\"https:\/\/atlantis-interim.com\/index.php\/2025\/02\/26\/lapport-des-interimaires-roumains-dans-lelevage-expertise-et-flexibilite-au-service-des-exploitations-europeennes\/\" data-internallinksmanager029f6b8e52c=\"2\" title=\"Interimaires Roumains\">int\u00e9rimaires roumains<\/a> contribue \u00e0 la vitalit\u00e9 du march\u00e9 de l\u2019emploi europ\u00e9en, en comblant les lacunes l\u00e0 o\u00f9 la main-d\u2019\u0153uvre locale est insuffisante.<\/li>\n<\/ul>\n\n\n\n<hr class=\"wp-block-separator has-alpha-channel-opacity\"\/>\n\n\n\n<h3 class=\"wp-block-heading\"><strong>3. Impacts sociaux et professionnels<\/strong><\/h3>\n\n\n\n<figure class=\"wp-block-image size-large\"><img decoding=\"async\" width=\"1024\" height=\"683\" src=\"https:\/\/atlantis-interim.com\/wp-content\/uploads\/2024\/08\/166756378-ouvrier-du-constructeur-de-couvreurs-installant-un-toit-en-ceramique-sur-le-nouveau-toit-sur-le-1024x683.jpg\" alt=\"\" class=\"wp-image-5217\" srcset=\"https:\/\/atlantis-interim.com\/wp-content\/uploads\/2024\/08\/166756378-ouvrier-du-constructeur-de-couvreurs-installant-un-toit-en-ceramique-sur-le-nouveau-toit-sur-le-1024x683.jpg 1024w, https:\/\/atlantis-interim.com\/wp-content\/uploads\/2024\/08\/166756378-ouvrier-du-constructeur-de-couvreurs-installant-un-toit-en-ceramique-sur-le-nouveau-toit-sur-le-300x200.jpg 300w, https:\/\/atlantis-interim.com\/wp-content\/uploads\/2024\/08\/166756378-ouvrier-du-constructeur-de-couvreurs-installant-un-toit-en-ceramique-sur-le-nouveau-toit-sur-le-768x512.jpg 768w, https:\/\/atlantis-interim.com\/wp-content\/uploads\/2024\/08\/166756378-ouvrier-du-constructeur-de-couvreurs-installant-un-toit-en-ceramique-sur-le-nouveau-toit-sur-le-600x400.jpg 600w, https:\/\/atlantis-interim.com\/wp-content\/uploads\/2024\/08\/166756378-ouvrier-du-constructeur-de-couvreurs-installant-un-toit-en-ceramique-sur-le-nouveau-toit-sur-le.jpg 1300w\" sizes=\"(max-width: 1024px) 100vw, 1024px\" \/><\/figure>\n\n\n\n<ul class=\"wp-block-list\">\n<li><strong>Opportunit\u00e9s d\u2019emploi<\/strong> : L\u2019int\u00e9rim \u00e0 l\u2019\u00e9tranger permet aux <a href=\"https:\/\/atlantis-interim.com\/index.php\/2024\/06\/14\/les-droits-des-travailleurs-roumains-detaches-en-matiere-de-sante-et-securite-au-travail\/\" data-internallinksmanager029f6b8e52c=\"4\" title=\"Travailleurs roumains\">travailleurs roumains<\/a> de d\u00e9couvrir de nouvelles opportunit\u00e9s professionnelles et d\u2019am\u00e9liorer leurs comp\u00e9tences.<\/li>\n\n\n\n<li><strong>Int\u00e9gration et diversit\u00e9<\/strong> : La pr\u00e9sence de <a href=\"https:\/\/atlantis-interim.com\/index.php\/2024\/06\/14\/les-droits-des-travailleurs-roumains-detaches-en-matiere-de-sante-et-securite-au-travail\/\" data-internallinksmanager029f6b8e52c=\"4\" title=\"Travailleurs roumains\">travailleurs roumains<\/a> favorise la diversit\u00e9 culturelle et le partage des comp\u00e9tences au sein des \u00e9quipes europ\u00e9ennes.<\/li>\n\n\n\n<li><strong>D\u00e9fis d\u2019int\u00e9gration<\/strong> : Malgr\u00e9 ces avantages, les barri\u00e8res linguistiques et culturelles peuvent freiner l\u2019int\u00e9gration des <a href=\"https:\/\/atlantis-interim.com\/index.php\/2025\/02\/25\/les-conditions-de-travail-des-interimaires-roumains-dans-lindustrie-realites-et-defis\/\" data-internallinksmanager029f6b8e52c=\"26\" title=\"int\u00e9rimaires\">int\u00e9rimaires<\/a>.<\/li>\n<\/ul>\n\n\n\n<hr class=\"wp-block-separator has-alpha-channel-opacity\"\/>\n\n\n\n<h3 class=\"wp-block-heading\"><strong>4. D\u00e9fis et controverses<\/strong><\/h3>\n\n\n\n<ul class=\"wp-block-list\">\n<li><strong>Concurrence per\u00e7ue<\/strong> : Certains travailleurs locaux consid\u00e8rent les <a href=\"https:\/\/atlantis-interim.com\/index.php\/2025\/02\/26\/lapport-des-interimaires-roumains-dans-lelevage-expertise-et-flexibilite-au-service-des-exploitations-europeennes\/\" data-internallinksmanager029f6b8e52c=\"2\" title=\"Interimaires Roumains\">int\u00e9rimaires roumains<\/a> comme une source de concurrence d\u00e9loyale, ce qui suscite des tensions sociales.<\/li>\n\n\n\n<li><strong>Protection des droits<\/strong> : Il est crucial de s\u2019assurer que les <a href=\"https:\/\/atlantis-interim.com\/index.php\/2025\/02\/26\/lapport-des-interimaires-roumains-dans-lelevage-expertise-et-flexibilite-au-service-des-exploitations-europeennes\/\" data-internallinksmanager029f6b8e52c=\"2\" title=\"Interimaires Roumains\">int\u00e9rimaires roumains<\/a> b\u00e9n\u00e9ficient des m\u00eames conditions de travail que leurs homologues locaux.<\/li>\n\n\n\n<li><strong>Cadre l\u00e9gal<\/strong> : L\u2019harmonisation des lois sur le <a href=\"https:\/\/atlantis-interim.com\/index.php\/2025\/02\/19\/limpact-du-detachement-des-travailleurs-interimaires-roumains-sur-leconomie-industrielle-francaise\/\" data-internallinksmanager029f6b8e52c=\"27\" title=\"d\u00e9tachement roumain\">d\u00e9tachement<\/a> de travailleurs en Europe est n\u00e9cessaire pour \u00e9viter les abus et garantir l\u2019\u00e9quit\u00e9.<\/li>\n<\/ul>\n\n\n\n<hr class=\"wp-block-separator has-alpha-channel-opacity\"\/>\n\n\n\n<h3 class=\"wp-block-heading\"><strong>5. Perspectives et avenir du travail int\u00e9rimaire roumain<\/strong><\/h3>\n\n\n\n<p>L\u2019avenir du travail int\u00e9rimaire roumain semble prometteur gr\u00e2ce aux efforts d\u2019harmonisation des r\u00e9glementations europ\u00e9ennes et \u00e0 la reconnaissance croissante de leur importance \u00e9conomique.<\/p>\n\n\n\n<ul class=\"wp-block-list\">\n<li><strong>Formation continue<\/strong> : Des programmes de formation continue permettent aux <a href=\"https:\/\/atlantis-interim.com\/index.php\/2025\/02\/26\/lapport-des-interimaires-roumains-dans-lelevage-expertise-et-flexibilite-au-service-des-exploitations-europeennes\/\" data-internallinksmanager029f6b8e52c=\"2\" title=\"Interimaires Roumains\">int\u00e9rimaires roumains<\/a> de rester comp\u00e9titifs et de r\u00e9pondre aux besoins changeants du march\u00e9.<\/li>\n\n\n\n<li><strong>Valorisation des comp\u00e9tences<\/strong> : La reconnaissance des qualifications obtenues en Roumanie au sein de l\u2019UE contribue \u00e0 une meilleure int\u00e9gration professionnelle.<\/li>\n\n\n\n<li><strong>Coop\u00e9ration europ\u00e9enne<\/strong> : Une coop\u00e9ration renforc\u00e9e entre les agences d\u2019int\u00e9rim et les gouvernements pourrait am\u00e9liorer les conditions de travail et faciliter l\u2019int\u00e9gration des <a href=\"https:\/\/atlantis-interim.com\/index.php\/2025\/02\/25\/les-conditions-de-travail-des-interimaires-roumains-dans-lindustrie-realites-et-defis\/\" data-internallinksmanager029f6b8e52c=\"26\" title=\"int\u00e9rimaires\">int\u00e9rimaires<\/a>.<\/li>\n<\/ul>\n\n\n\n<hr class=\"wp-block-separator has-alpha-channel-opacity\"\/>\n\n\n\n<h3 class=\"wp-block-heading\"><strong>Conclusion<\/strong><\/h3>\n\n\n\n<p>Les <a href=\"https:\/\/atlantis-interim.com\/index.php\/2025\/02\/26\/lapport-des-interimaires-roumains-dans-lelevage-expertise-et-flexibilite-au-service-des-exploitations-europeennes\/\" data-internallinksmanager029f6b8e52c=\"2\" title=\"Interimaires Roumains\">int\u00e9rimaires roumains<\/a> jouent un r\u00f4le essentiel dans la dynamique du march\u00e9 du travail europ\u00e9en. Leur contribution \u00e0 l\u2019\u00e9conomie, bien que parfois source de controverses, est ind\u00e9niable. Pour maximiser les b\u00e9n\u00e9fices de cette main-d\u2019\u0153uvre, il est imp\u00e9ratif d\u2019am\u00e9liorer les processus d\u2019int\u00e9gration, de garantir des conditions de travail \u00e9quitables et de favoriser la formation continue.<\/p>\n\n\n\n<p>Pour plus d\u2019informations ou toute question, contactez-nous \u00e0 <strong><a href=\"mailto:info@atlantis-interim.com\">info@atlantis-interim.com<\/a><\/strong>.<\/p>\n","protected":false},"excerpt":{"rendered":"<p>L\u2019emploi int\u00e9rimaire roumain est devenu un levier cl\u00e9 pour de nombreux secteurs \u00e9conomiques \u00e0 travers l\u2019Europe. Avec l\u2019augmentation de la mobilit\u00e9 de la main-d\u2019\u0153uvre, les int\u00e9rimaires roumains jouent un r\u00f4le significatif dans la r\u00e9ponse aux besoins fluctuants des march\u00e9s du travail europ\u00e9ens. Cet article approfondit l\u2019impact \u00e9conomique, social et professionnel de cette main-d\u2019\u0153uvre mobile et&#8230;<\/p>\n","protected":false},"author":1,"featured_media":5084,"comment_status":"open","ping_status":"open","sticky":false,"template":"","format":"standard","meta":{"_monsterinsights_skip_tracking":false,"_monsterinsights_sitenote_active":false,"_monsterinsights_sitenote_note":"","_monsterinsights_sitenote_category":0,"_jetpack_memberships_contains_paid_content":false,"wds_primary_category":0,"footnotes":""},"categories":[163,1,53,95,87,146],"tags":[160,159,157,152,155,151,153,78,148,150,154,149,81,156,158],"class_list":["post-5495","post","type-post","status-publish","format-standard","has-post-thumbnail","hentry","category-agriculture","category-blog","category-construction","category-industrie","category-logistique-et-distribution","category-sante","tag-agence-de-recrutement-roumanie","tag-agence-interim-europeene","tag-agence-interim-travailleur-etranger","tag-detachement-roumain","tag-interim-detache","tag-interim-etranger","tag-interim-etranger-roumain","tag-interim-roumanie","tag-interimaire-etranger","tag-interimaires-roumains","tag-travail-detache-2","tag-travail-detache-roumain","tag-travailleur-roumain","tag-travailleur-temporaire-roumain","tag-travaillleur-detache-roumain","th-blog blog-single has-post-thumbnail"],"aioseo_notices":[],"jetpack_featured_media_url":"https:\/\/atlantis-interim.com\/wp-content\/uploads\/2024\/07\/workers.jpg","jetpack_sharing_enabled":true,"_links":{"self":[{"href":"https:\/\/atlantis-interim.com\/index.php\/wp-json\/wp\/v2\/posts\/5495","targetHints":{"allow":["GET"]}}],"collection":[{"href":"https:\/\/atlantis-interim.com\/index.php\/wp-json\/wp\/v2\/posts"}],"about":[{"href":"https:\/\/atlantis-interim.com\/index.php\/wp-json\/wp\/v2\/types\/post"}],"author":[{"embeddable":true,"href":"https:\/\/atlantis-interim.com\/index.php\/wp-json\/wp\/v2\/users\/1"}],"replies":[{"embeddable":true,"href":"https:\/\/atlantis-interim.com\/index.php\/wp-json\/wp\/v2\/comments?post=5495"}],"version-history":[{"count":1,"href":"https:\/\/atlantis-interim.com\/index.php\/wp-json\/wp\/v2\/posts\/5495\/revisions"}],"predecessor-version":[{"id":5496,"href":"https:\/\/atlantis-interim.com\/index.php\/wp-json\/wp\/v2\/posts\/5495\/revisions\/5496"}],"wp:featuredmedia":[{"embeddable":true,"href":"https:\/\/atlantis-interim.com\/index.php\/wp-json\/wp\/v2\/media\/5084"}],"wp:attachment":[{"href":"https:\/\/atlantis-interim.com\/index.php\/wp-json\/wp\/v2\/media?parent=5495"}],"wp:term":[{"taxonomy":"category","embeddable":true,"href":"https:\/\/atlantis-interim.com\/index.php\/wp-json\/wp\/v2\/categories?post=5495"},{"taxonomy":"post_tag","embeddable":true,"href":"https:\/\/atlantis-interim.com\/index.php\/wp-json\/wp\/v2\/tags?post=5495"}],"curies":[{"name":"wp","href":"https:\/\/api.w.org\/{rel}","templated":true}]}}