{"id":5497,"date":"2024-12-30T03:08:00","date_gmt":"2024-12-30T02:08:00","guid":{"rendered":"https:\/\/atlantis-interim.com\/?p=5497"},"modified":"2024-12-23T13:14:22","modified_gmt":"2024-12-23T12:14:22","slug":"processus-de-recrutement-pour-un-travailleur-detache-roumain-en-europe","status":"publish","type":"post","link":"https:\/\/atlantis-interim.com\/index.php\/2024\/12\/30\/processus-de-recrutement-pour-un-travailleur-detache-roumain-en-europe\/","title":{"rendered":"Processus de recrutement pour un travailleur d\u00e9tach\u00e9 roumain en Europe"},"content":{"rendered":"\n<p>Le <a href=\"https:\/\/atlantis-interim.com\/\" data-internallinksmanager029f6b8e52c=\"23\" title=\"recrutement\">recrutement<\/a> de travailleurs d\u00e9tach\u00e9s roumains en Europe r\u00e9pond \u00e0 des besoins croissants de <a href=\"https:\/\/atlantis-interim.com\/index.php\/2025\/02\/16\/travail-detache-roumain-dans-la-viticulture-une-main-doeuvre-qualifiee-pour-les-vendanges-et-lentretien-des-vignes\/\" data-internallinksmanager029f6b8e52c=\"21\" title=\"main-d\u2019\u0153uvre qualifi\u00e9e\">main-d\u2019\u0153uvre qualifi\u00e9e<\/a> et flexible. Ce processus structur\u00e9 permet aux entreprises de pallier les p\u00e9nuries de comp\u00e9tences tout en assurant la comp\u00e9titivit\u00e9 et la continuit\u00e9 de leurs activit\u00e9s. Cet article explore en profondeur les \u00e9tapes cl\u00e9s, les r\u00e9gulations en vigueur et les b\u00e9n\u00e9fices du <a href=\"https:\/\/atlantis-interim.com\/\" data-internallinksmanager029f6b8e52c=\"23\" title=\"recrutement\">recrutement<\/a> de travailleurs d\u00e9tach\u00e9s en provenance de Roumanie.<\/p>\n\n\n\n<hr class=\"wp-block-separator has-alpha-channel-opacity\"\/>\n\n\n\n<h3 class=\"wp-block-heading\"><strong>1. Analyse des besoins et d\u00e9finition du profil recherch\u00e9<\/strong><\/h3>\n\n\n\n<p>Avant de d\u00e9marrer le <a href=\"https:\/\/atlantis-interim.com\/\" data-internallinksmanager029f6b8e52c=\"23\" title=\"recrutement\">recrutement<\/a>, l&#8217;entreprise doit clairement identifier les besoins sp\u00e9cifiques de son activit\u00e9.<\/p>\n\n\n\n<ul class=\"wp-block-list\">\n<li><strong>\u00c9valuation des comp\u00e9tences requises<\/strong> : Secteurs tels que le BTP, l\u2019agriculture, et l\u2019industrie recherchent des travailleurs d\u00e9tach\u00e9s pour des comp\u00e9tences sp\u00e9cifiques et des projets temporaires.<\/li>\n\n\n\n<li><strong>D\u00e9finition des postes<\/strong> : Les postes sont d\u00e9crits en termes de qualifications, d\u2019exp\u00e9rience et de disponibilit\u00e9.<\/li>\n\n\n\n<li><strong>Consultation des agences sp\u00e9cialis\u00e9es<\/strong> : Des agences d\u2019int\u00e9rim roumaines disposent de bases de donn\u00e9es actualis\u00e9es de travailleurs qualifi\u00e9s pr\u00eats \u00e0 \u00eatre d\u00e9tach\u00e9s.<\/li>\n<\/ul>\n\n\n\n<hr class=\"wp-block-separator has-alpha-channel-opacity\"\/>\n\n\n\n<h3 class=\"wp-block-heading\"><strong>2. S\u00e9lection des agences d\u2019int\u00e9rim en Roumanie<\/strong><\/h3>\n\n\n\n<figure class=\"wp-block-image size-large\"><img fetchpriority=\"high\" decoding=\"async\" width=\"1024\" height=\"768\" src=\"https:\/\/atlantis-interim.com\/wp-content\/uploads\/2024\/11\/sagefemme-1024x768.jpg\" alt=\"\" class=\"wp-image-5411\" srcset=\"https:\/\/atlantis-interim.com\/wp-content\/uploads\/2024\/11\/sagefemme-1024x768.jpg 1024w, https:\/\/atlantis-interim.com\/wp-content\/uploads\/2024\/11\/sagefemme-300x225.jpg 300w, https:\/\/atlantis-interim.com\/wp-content\/uploads\/2024\/11\/sagefemme-768x576.jpg 768w, https:\/\/atlantis-interim.com\/wp-content\/uploads\/2024\/11\/sagefemme-1536x1152.jpg 1536w, https:\/\/atlantis-interim.com\/wp-content\/uploads\/2024\/11\/sagefemme-600x450.jpg 600w, https:\/\/atlantis-interim.com\/wp-content\/uploads\/2024\/11\/sagefemme.jpg 1810w\" sizes=\"(max-width: 1024px) 100vw, 1024px\" \/><\/figure>\n\n\n\n<p>Le choix de la bonne agence d\u2019int\u00e9rim est crucial pour garantir un processus efficace et conforme aux r\u00e9gulations europ\u00e9ennes.<\/p>\n\n\n\n<ul class=\"wp-block-list\">\n<li><strong>Certification et conformit\u00e9<\/strong> : L\u2019agence doit respecter les lois roumaines et europ\u00e9ennes encadrant le <a href=\"https:\/\/atlantis-interim.com\/index.php\/2025\/02\/23\/la-legislation-europeenne-et-son-impact-sur-le-travail-detache-dans-lindustrie-francaise\/\" data-internallinksmanager029f6b8e52c=\"1\" title=\"Travail d\u00e9tach\u00e9\">travail d\u00e9tach\u00e9<\/a>.<\/li>\n\n\n\n<li><strong>Exp\u00e9rience sectorielle<\/strong> : Certaines agences sont sp\u00e9cialis\u00e9es dans des domaines pr\u00e9cis (construction, transport, soins de sant\u00e9, etc.).<\/li>\n\n\n\n<li><strong>Accords bilat\u00e9raux<\/strong> : Les agences ayant des partenariats avec des entreprises europ\u00e9ennes facilitent le processus administratif.<\/li>\n<\/ul>\n\n\n\n<hr class=\"wp-block-separator has-alpha-channel-opacity\"\/>\n\n\n\n<h3 class=\"wp-block-heading\"><strong>3. Processus de recrutement et s\u00e9lection des candidats<\/strong><\/h3>\n\n\n\n<p>La s\u00e9lection des candidats s\u2019effectue en plusieurs \u00e9tapes pour s\u2019assurer qu\u2019ils r\u00e9pondent parfaitement aux exigences du poste.<\/p>\n\n\n\n<ul class=\"wp-block-list\">\n<li><strong>Publication des offres<\/strong> : Les agences diffusent les offres d\u2019emploi aupr\u00e8s de leur r\u00e9seau de travailleurs qualifi\u00e9s.<\/li>\n\n\n\n<li><strong>Pr\u00e9-s\u00e9lection<\/strong> : Sur la base des CV et des qualifications, une premi\u00e8re s\u00e9lection est r\u00e9alis\u00e9e.<\/li>\n\n\n\n<li><strong>Entretiens et tests techniques<\/strong> : Les travailleurs sont \u00e9valu\u00e9s \u00e0 travers des entretiens et des tests techniques sp\u00e9cifiques.<\/li>\n\n\n\n<li><strong>V\u00e9rification des r\u00e9f\u00e9rences<\/strong> : Des contr\u00f4les sont effectu\u00e9s pour valider les exp\u00e9riences et les dipl\u00f4mes.<\/li>\n<\/ul>\n\n\n\n<hr class=\"wp-block-separator has-alpha-channel-opacity\"\/>\n\n\n\n<h3 class=\"wp-block-heading\"><strong>4. Formalit\u00e9s administratives et l\u00e9gales<\/strong><\/h3>\n\n\n\n<p>Le <a href=\"https:\/\/atlantis-interim.com\/index.php\/2025\/02\/19\/limpact-du-detachement-des-travailleurs-interimaires-roumains-sur-leconomie-industrielle-francaise\/\" data-internallinksmanager029f6b8e52c=\"27\" title=\"d\u00e9tachement roumain\">d\u00e9tachement<\/a> de travailleurs \u00e9trangers est encadr\u00e9 par des r\u00e9gulations strictes visant \u00e0 prot\u00e9ger les droits des travailleurs et \u00e0 garantir une concurrence loyale.<\/p>\n\n\n\n<ul class=\"wp-block-list\">\n<li><strong>Contrats de travail<\/strong> : Le contrat est sign\u00e9 en conformit\u00e9 avec la l\u00e9gislation roumaine et les exigences du pays d\u2019accueil.<\/li>\n\n\n\n<li><strong>D\u00e9claration de <a href=\"https:\/\/atlantis-interim.com\/index.php\/2025\/02\/19\/limpact-du-detachement-des-travailleurs-interimaires-roumains-sur-leconomie-industrielle-francaise\/\" data-internallinksmanager029f6b8e52c=\"27\" title=\"d\u00e9tachement roumain\">d\u00e9tachement<\/a><\/strong> : L\u2019employeur doit d\u00e9clarer le <a href=\"https:\/\/atlantis-interim.com\/index.php\/2025\/02\/19\/limpact-du-detachement-des-travailleurs-interimaires-roumains-sur-leconomie-industrielle-francaise\/\" data-internallinksmanager029f6b8e52c=\"27\" title=\"d\u00e9tachement roumain\">d\u00e9tachement<\/a> aupr\u00e8s des autorit\u00e9s du pays de destination.<\/li>\n\n\n\n<li><strong>Protection sociale<\/strong> : Les charges sociales sont pay\u00e9es en Roumanie, tout en assurant une couverture sociale pour le travailleur d\u00e9tach\u00e9.<\/li>\n\n\n\n<li><strong>Dur\u00e9e du <a href=\"https:\/\/atlantis-interim.com\/index.php\/2025\/02\/19\/limpact-du-detachement-des-travailleurs-interimaires-roumains-sur-leconomie-industrielle-francaise\/\" data-internallinksmanager029f6b8e52c=\"27\" title=\"d\u00e9tachement roumain\">d\u00e9tachement<\/a><\/strong> : Le <a href=\"https:\/\/atlantis-interim.com\/index.php\/2025\/02\/19\/limpact-du-detachement-des-travailleurs-interimaires-roumains-sur-leconomie-industrielle-francaise\/\" data-internallinksmanager029f6b8e52c=\"27\" title=\"d\u00e9tachement roumain\">d\u00e9tachement<\/a> est g\u00e9n\u00e9ralement limit\u00e9 \u00e0 12 ou 24 mois, avec possibilit\u00e9 de prolongation.<\/li>\n<\/ul>\n\n\n\n<hr class=\"wp-block-separator has-alpha-channel-opacity\"\/>\n\n\n\n<h3 class=\"wp-block-heading\"><strong>5. Int\u00e9gration et suivi des travailleurs d\u00e9tach\u00e9s<\/strong><\/h3>\n\n\n\n<p>L\u2019int\u00e9gration r\u00e9ussie des travailleurs d\u00e9tach\u00e9s est essentielle pour assurer leur efficacit\u00e9 et leur bien-\u00eatre.<\/p>\n\n\n\n<figure class=\"wp-block-image size-large\"><img decoding=\"async\" width=\"1024\" height=\"682\" src=\"https:\/\/atlantis-interim.com\/wp-content\/uploads\/2024\/08\/Calorifugeur-cropee-1024x682.jpg\" alt=\"\" class=\"wp-image-5204\" srcset=\"https:\/\/atlantis-interim.com\/wp-content\/uploads\/2024\/08\/Calorifugeur-cropee-1024x682.jpg 1024w, https:\/\/atlantis-interim.com\/wp-content\/uploads\/2024\/08\/Calorifugeur-cropee-300x200.jpg 300w, https:\/\/atlantis-interim.com\/wp-content\/uploads\/2024\/08\/Calorifugeur-cropee-768x512.jpg 768w, https:\/\/atlantis-interim.com\/wp-content\/uploads\/2024\/08\/Calorifugeur-cropee-600x400.jpg 600w, https:\/\/atlantis-interim.com\/wp-content\/uploads\/2024\/08\/Calorifugeur-cropee.jpg 1280w\" sizes=\"(max-width: 1024px) 100vw, 1024px\" \/><\/figure>\n\n\n\n<ul class=\"wp-block-list\">\n<li><strong>Formation initiale<\/strong> : Des formations sp\u00e9cifiques au poste ou \u00e0 la culture d\u2019entreprise sont dispens\u00e9es.<\/li>\n\n\n\n<li><strong>Accompagnement social<\/strong> : Des solutions d\u2019h\u00e9bergement, de transport et d\u2019assistance administrative sont mises en place.<\/li>\n\n\n\n<li><strong>Suivi continu<\/strong> : L\u2019agence et l\u2019employeur suivent r\u00e9guli\u00e8rement les travailleurs pour garantir leur satisfaction et leur performance.<\/li>\n<\/ul>\n\n\n\n<hr class=\"wp-block-separator has-alpha-channel-opacity\"\/>\n\n\n\n<h3 class=\"wp-block-heading\"><strong>6. B\u00e9n\u00e9fices pour les entreprises europ\u00e9ennes<\/strong><\/h3>\n\n\n\n<p>Le <a href=\"https:\/\/atlantis-interim.com\/\" data-internallinksmanager029f6b8e52c=\"23\" title=\"recrutement\">recrutement<\/a> de travailleurs d\u00e9tach\u00e9s roumains pr\u00e9sente plusieurs avantages pour les entreprises.<\/p>\n\n\n\n<ul class=\"wp-block-list\">\n<li><strong>R\u00e9duction des co\u00fbts<\/strong> : Les charges sociales en Roumanie sont souvent inf\u00e9rieures \u00e0 celles d\u2019autres pays europ\u00e9ens.<\/li>\n\n\n\n<li><strong>Flexibilit\u00e9<\/strong> : Les entreprises peuvent ajuster leur main-d\u2019\u0153uvre en fonction de la demande saisonni\u00e8re ou des projets sp\u00e9cifiques.<\/li>\n\n\n\n<li><strong>Acc\u00e8s \u00e0 des comp\u00e9tences sp\u00e9cialis\u00e9es<\/strong> : Les <a href=\"https:\/\/atlantis-interim.com\/index.php\/2024\/06\/14\/les-droits-des-travailleurs-roumains-detaches-en-matiere-de-sante-et-securite-au-travail\/\" data-internallinksmanager029f6b8e52c=\"4\" title=\"Travailleurs roumains\">travailleurs roumains<\/a> poss\u00e8dent souvent des comp\u00e9tences recherch\u00e9es, notamment dans le domaine de la construction et de la logistique.<\/li>\n<\/ul>\n\n\n\n<hr class=\"wp-block-separator has-alpha-channel-opacity\"\/>\n\n\n\n<h3 class=\"wp-block-heading\"><strong>7. D\u00e9fis et solutions<\/strong><\/h3>\n\n\n\n<p>Malgr\u00e9 ses nombreux avantages, le <a href=\"https:\/\/atlantis-interim.com\/index.php\/2025\/02\/23\/la-legislation-europeenne-et-son-impact-sur-le-travail-detache-dans-lindustrie-francaise\/\" data-internallinksmanager029f6b8e52c=\"1\" title=\"Travail d\u00e9tach\u00e9\">travail d\u00e9tach\u00e9<\/a> pr\u00e9sente certains d\u00e9fis qu\u2019il est important d\u2019anticiper.<\/p>\n\n\n\n<ul class=\"wp-block-list\">\n<li><strong>Barri\u00e8res linguistiques<\/strong> : Des formations linguistiques peuvent \u00eatre propos\u00e9es pour faciliter l\u2019int\u00e9gration.<\/li>\n\n\n\n<li><strong>Concurrence avec les travailleurs locaux<\/strong> : Une meilleure communication autour des b\u00e9n\u00e9fices du <a href=\"https:\/\/atlantis-interim.com\/index.php\/2025\/02\/23\/la-legislation-europeenne-et-son-impact-sur-le-travail-detache-dans-lindustrie-francaise\/\" data-internallinksmanager029f6b8e52c=\"1\" title=\"Travail d\u00e9tach\u00e9\">travail d\u00e9tach\u00e9<\/a> pour l\u2019\u00e9conomie locale est n\u00e9cessaire.<\/li>\n\n\n\n<li><strong>Conformit\u00e9 l\u00e9gale<\/strong> : Les entreprises doivent rester vigilantes quant au respect des r\u00e9gulations europ\u00e9ennes.<\/li>\n<\/ul>\n\n\n\n<hr class=\"wp-block-separator has-alpha-channel-opacity\"\/>\n\n\n\n<h3 class=\"wp-block-heading\"><strong>8. Perspectives d\u2019avenir<\/strong><\/h3>\n\n\n\n<p>Le march\u00e9 du <a href=\"https:\/\/atlantis-interim.com\/index.php\/2025\/02\/23\/la-legislation-europeenne-et-son-impact-sur-le-travail-detache-dans-lindustrie-francaise\/\" data-internallinksmanager029f6b8e52c=\"1\" title=\"Travail d\u00e9tach\u00e9\">travail d\u00e9tach\u00e9<\/a> roumain devrait continuer \u00e0 se d\u00e9velopper en raison de la demande croissante de main-d\u2019\u0153uvre qualifi\u00e9e en Europe.<\/p>\n\n\n\n<ul class=\"wp-block-list\">\n<li><strong>Digitalisation du <a href=\"https:\/\/atlantis-interim.com\/\" data-internallinksmanager029f6b8e52c=\"23\" title=\"recrutement\">recrutement<\/a><\/strong> : L\u2019usage des plateformes num\u00e9riques simplifie et acc\u00e9l\u00e8re les processus de <a href=\"https:\/\/atlantis-interim.com\/\" data-internallinksmanager029f6b8e52c=\"23\" title=\"recrutement\">recrutement<\/a>.<\/li>\n\n\n\n<li><strong>Renforcement des collaborations europ\u00e9ennes<\/strong> : L\u2019harmonisation des r\u00e9gulations au sein de l\u2019UE pourrait encore fluidifier le <a href=\"https:\/\/atlantis-interim.com\/index.php\/2025\/02\/19\/limpact-du-detachement-des-travailleurs-interimaires-roumains-sur-leconomie-industrielle-francaise\/\" data-internallinksmanager029f6b8e52c=\"27\" title=\"d\u00e9tachement roumain\">d\u00e9tachement<\/a> de travailleurs.<\/li>\n\n\n\n<li><strong>Valorisation des comp\u00e9tences<\/strong> : Des programmes de formation continue permettront aux travailleurs d\u00e9tach\u00e9s de renforcer leurs comp\u00e9tences et d\u2019acc\u00e9der \u00e0 des postes \u00e0 plus haute responsabilit\u00e9.<\/li>\n<\/ul>\n\n\n\n<hr class=\"wp-block-separator has-alpha-channel-opacity\"\/>\n\n\n\n<h3 class=\"wp-block-heading\"><strong>Conclusion<\/strong><\/h3>\n\n\n\n<p>Le processus de <a href=\"https:\/\/atlantis-interim.com\/\" data-internallinksmanager029f6b8e52c=\"23\" title=\"recrutement\">recrutement<\/a> d\u2019un travailleur d\u00e9tach\u00e9 roumain en Europe est structur\u00e9, rigoureux et offre des avantages ind\u00e9niables aux entreprises. En r\u00e9pondant aux besoins de main-d\u2019\u0153uvre qualifi\u00e9e et en soutenant des projets d\u2019envergure, ce syst\u00e8me joue un r\u00f4le cl\u00e9 dans l\u2019\u00e9conomie europ\u00e9enne.<\/p>\n\n\n\n<p>Pour toute question ou collaboration, contactez-nous \u00e0 <strong><a href=\"mailto:info@atlantis-interim.com\">info@atlantis-interim.com<\/a><\/strong>.<\/p>\n","protected":false},"excerpt":{"rendered":"<p>Le recrutement de travailleurs d\u00e9tach\u00e9s roumains en Europe r\u00e9pond \u00e0 des besoins croissants de main-d\u2019\u0153uvre qualifi\u00e9e et flexible. Ce processus structur\u00e9 permet aux entreprises de pallier les p\u00e9nuries de comp\u00e9tences tout en assurant la comp\u00e9titivit\u00e9 et la continuit\u00e9 de leurs activit\u00e9s. Cet article explore en profondeur les \u00e9tapes cl\u00e9s, les r\u00e9gulations en vigueur et les&#8230;<\/p>\n","protected":false},"author":1,"featured_media":5095,"comment_status":"open","ping_status":"open","sticky":false,"template":"","format":"standard","meta":{"_monsterinsights_skip_tracking":false,"_monsterinsights_sitenote_active":false,"_monsterinsights_sitenote_note":"","_monsterinsights_sitenote_category":0,"_jetpack_memberships_contains_paid_content":false,"wds_primary_category":0,"footnotes":""},"categories":[163,1,53,95,87,146],"tags":[160,159,157,152,155,151,153,78,148,150,154,149,81,156,158],"class_list":["post-5497","post","type-post","status-publish","format-standard","has-post-thumbnail","hentry","category-agriculture","category-blog","category-construction","category-industrie","category-logistique-et-distribution","category-sante","tag-agence-de-recrutement-roumanie","tag-agence-interim-europeene","tag-agence-interim-travailleur-etranger","tag-detachement-roumain","tag-interim-detache","tag-interim-etranger","tag-interim-etranger-roumain","tag-interim-roumanie","tag-interimaire-etranger","tag-interimaires-roumains","tag-travail-detache-2","tag-travail-detache-roumain","tag-travailleur-roumain","tag-travailleur-temporaire-roumain","tag-travaillleur-detache-roumain","th-blog blog-single has-post-thumbnail"],"aioseo_notices":[],"jetpack_featured_media_url":"https:\/\/atlantis-interim.com\/wp-content\/uploads\/2024\/07\/DEBNX55WCZCOZMFECDVP4BXJDM.avif","jetpack_sharing_enabled":true,"_links":{"self":[{"href":"https:\/\/atlantis-interim.com\/index.php\/wp-json\/wp\/v2\/posts\/5497","targetHints":{"allow":["GET"]}}],"collection":[{"href":"https:\/\/atlantis-interim.com\/index.php\/wp-json\/wp\/v2\/posts"}],"about":[{"href":"https:\/\/atlantis-interim.com\/index.php\/wp-json\/wp\/v2\/types\/post"}],"author":[{"embeddable":true,"href":"https:\/\/atlantis-interim.com\/index.php\/wp-json\/wp\/v2\/users\/1"}],"replies":[{"embeddable":true,"href":"https:\/\/atlantis-interim.com\/index.php\/wp-json\/wp\/v2\/comments?post=5497"}],"version-history":[{"count":1,"href":"https:\/\/atlantis-interim.com\/index.php\/wp-json\/wp\/v2\/posts\/5497\/revisions"}],"predecessor-version":[{"id":5498,"href":"https:\/\/atlantis-interim.com\/index.php\/wp-json\/wp\/v2\/posts\/5497\/revisions\/5498"}],"wp:featuredmedia":[{"embeddable":true,"href":"https:\/\/atlantis-interim.com\/index.php\/wp-json\/wp\/v2\/media\/5095"}],"wp:attachment":[{"href":"https:\/\/atlantis-interim.com\/index.php\/wp-json\/wp\/v2\/media?parent=5497"}],"wp:term":[{"taxonomy":"category","embeddable":true,"href":"https:\/\/atlantis-interim.com\/index.php\/wp-json\/wp\/v2\/categories?post=5497"},{"taxonomy":"post_tag","embeddable":true,"href":"https:\/\/atlantis-interim.com\/index.php\/wp-json\/wp\/v2\/tags?post=5497"}],"curies":[{"name":"wp","href":"https:\/\/api.w.org\/{rel}","templated":true}]}}