{"id":5501,"date":"2025-02-21T16:49:00","date_gmt":"2025-02-21T15:49:00","guid":{"rendered":"https:\/\/atlantis-interim.com\/?p=5501"},"modified":"2025-02-28T18:57:11","modified_gmt":"2025-02-28T17:57:11","slug":"preparateurs-de-commandes-roumains-en-interim-detache","status":"publish","type":"post","link":"https:\/\/atlantis-interim.com\/index.php\/2025\/02\/21\/preparateurs-de-commandes-roumains-en-interim-detache\/","title":{"rendered":"Pr\u00e9parateurs de Commandes Roumains en Int\u00e9rim D\u00e9tach\u00e9"},"content":{"rendered":"\n<p>Le secteur de la logistique et du commerce conna\u00eet une croissance constante, stimul\u00e9e par l&#8217;essor du e-commerce et la digitalisation des cha\u00eenes d&#8217;approvisionnement. Dans ce contexte, les pr\u00e9parateurs de commandes jouent un r\u00f4le crucial pour assurer la gestion et l&#8217;acheminement rapide des produits vers les clients. Face \u00e0 une p\u00e9nurie de main-d&#8217;\u0153uvre locale, de nombreuses entreprises fran\u00e7aises se tournent vers les pr\u00e9parateurs de commandes roumains en <a href=\"https:\/\/atlantis-interim.com\/index.php\/2025\/01\/13\/linterim-detache\/\" data-internallinksmanager029f6b8e52c=\"8\" title=\"int\u00e9rim d\u00e9tach\u00e9\">int\u00e9rim d\u00e9tach\u00e9<\/a> pour r\u00e9pondre \u00e0 la demande croissante.<\/p>\n\n\n\n<p>Dans cet article, nous examinerons les avantages du recours aux pr\u00e9parateurs de commandes roumains en <a href=\"https:\/\/atlantis-interim.com\/index.php\/2025\/01\/13\/linterim-detache\/\" data-internallinksmanager029f6b8e52c=\"8\" title=\"int\u00e9rim d\u00e9tach\u00e9\">int\u00e9rim d\u00e9tach\u00e9<\/a>, les b\u00e9n\u00e9fices pour les entreprises fran\u00e7aises et les <a href=\"https:\/\/atlantis-interim.com\/index.php\/2024\/06\/14\/les-droits-des-travailleurs-roumains-detaches-en-matiere-de-sante-et-securite-au-travail\/\" data-internallinksmanager029f6b8e52c=\"4\" title=\"Travailleurs roumains\">travailleurs roumains<\/a>, ainsi que le r\u00f4le des agences d&#8217;int\u00e9rim comme <em>Atlantis Interim<\/em> dans la facilitation de ce processus.<\/p>\n\n\n\n<figure class=\"wp-block-image size-full\"><img fetchpriority=\"high\" decoding=\"async\" width=\"1000\" height=\"667\" src=\"https:\/\/atlantis-interim.com\/wp-content\/uploads\/2024\/09\/quels-metiers-logistique-1.jpg\" alt=\"\" class=\"wp-image-5299\" srcset=\"https:\/\/atlantis-interim.com\/wp-content\/uploads\/2024\/09\/quels-metiers-logistique-1.jpg 1000w, https:\/\/atlantis-interim.com\/wp-content\/uploads\/2024\/09\/quels-metiers-logistique-1-300x200.jpg 300w, https:\/\/atlantis-interim.com\/wp-content\/uploads\/2024\/09\/quels-metiers-logistique-1-768x512.jpg 768w, https:\/\/atlantis-interim.com\/wp-content\/uploads\/2024\/09\/quels-metiers-logistique-1-600x400.jpg 600w\" sizes=\"(max-width: 1000px) 100vw, 1000px\" \/><\/figure>\n\n\n\n<h3 class=\"wp-block-heading\">Le R\u00f4le Cl\u00e9 du Pr\u00e9parateur de Commandes<\/h3>\n\n\n\n<p>Les pr\u00e9parateurs de commandes sont responsables de la pr\u00e9paration des produits destin\u00e9s \u00e0 l&#8217;exp\u00e9dition, du regroupement des articles en fonction des commandes clients, jusqu&#8217;\u00e0 l&#8217;emballage et l&#8217;\u00e9tiquetage. Leur activit\u00e9 est essentielle au bon fonctionnement des entrep\u00f4ts, plateformes logistiques et centres de distribution.<\/p>\n\n\n\n<p>Le travail de pr\u00e9parateur de commandes exige de la rigueur, de la rapidit\u00e9 et une excellente organisation. Il s&#8217;agit d&#8217;un m\u00e9tier physique qui n\u00e9cessite une bonne condition physique et une capacit\u00e9 \u00e0 manipuler diff\u00e9rents types de produits, des denr\u00e9es alimentaires aux produits industriels.<\/p>\n\n\n\n<h3 class=\"wp-block-heading\">Pourquoi Recourir \u00e0 des Pr\u00e9parateurs de Commandes Roumains en Int\u00e9rim D\u00e9tach\u00e9 ?<\/h3>\n\n\n\n<h4 class=\"wp-block-heading\">1. <strong>Une Main-d\u2019\u0152uvre Qualifi\u00e9e et Exp\u00e9riment\u00e9e<\/strong><\/h4>\n\n\n\n<p>La Roumanie dispose d\u2019une <a href=\"https:\/\/atlantis-interim.com\/index.php\/2025\/02\/16\/travail-detache-roumain-dans-la-viticulture-une-main-doeuvre-qualifiee-pour-les-vendanges-et-lentretien-des-vignes\/\" data-internallinksmanager029f6b8e52c=\"21\" title=\"main-d\u2019\u0153uvre qualifi\u00e9e\">main-d&#8217;\u0153uvre qualifi\u00e9e<\/a> et exp\u00e9riment\u00e9e dans le domaine de la logistique. Les <a href=\"https:\/\/atlantis-interim.com\/index.php\/2024\/06\/14\/les-droits-des-travailleurs-roumains-detaches-en-matiere-de-sante-et-securite-au-travail\/\" data-internallinksmanager029f6b8e52c=\"4\" title=\"Travailleurs roumains\">travailleurs roumains<\/a> ont souvent une exp\u00e9rience pr\u00e9alable dans les entrep\u00f4ts et les centres de distribution, ce qui les rend rapidement op\u00e9rationnels une fois int\u00e9gr\u00e9s aux \u00e9quipes fran\u00e7aises.<\/p>\n\n\n\n<p>Les pr\u00e9parateurs de commandes roumains sont form\u00e9s aux normes de s\u00e9curit\u00e9 europ\u00e9ennes et connaissent les outils modernes de gestion des stocks et de pr\u00e9paration des commandes. Cette expertise est un atout pr\u00e9cieux pour les entreprises qui cherchent \u00e0 am\u00e9liorer leur efficacit\u00e9 et leur productivit\u00e9.<\/p>\n\n\n\n<h4 class=\"wp-block-heading\">2. <strong>Flexibilit\u00e9 et Adaptabilit\u00e9 aux Pics d&#8217;Activit\u00e9<\/strong><\/h4>\n\n\n\n<p>L&#8217;un des principaux avantages du travail int\u00e9rimaire d\u00e9tach\u00e9 est la flexibilit\u00e9 qu&#8217;il offre aux entreprises. Les p\u00e9riodes de forte demande, comme les soldes, les f\u00eates de fin d&#8217;ann\u00e9e ou les promotions commerciales, n\u00e9cessitent une augmentation temporaire des effectifs. Le recours \u00e0 des pr\u00e9parateurs de commandes en <a href=\"https:\/\/atlantis-interim.com\/index.php\/2025\/01\/13\/linterim-detache\/\" data-internallinksmanager029f6b8e52c=\"8\" title=\"int\u00e9rim d\u00e9tach\u00e9\">int\u00e9rim d\u00e9tach\u00e9<\/a> permet de r\u00e9pondre \u00e0 ces pics d&#8217;activit\u00e9 sans alourdir la masse salariale permanente.<\/p>\n\n\n\n<h4 class=\"wp-block-heading\">3. <strong>R\u00e9duction des Co\u00fbts et Simplicit\u00e9 Administrative<\/strong><\/h4>\n\n\n\n<p>Faire appel \u00e0 une agence d&#8217;int\u00e9rim comme <em>Atlantis Interim<\/em> simplifie consid\u00e9rablement la gestion administrative. L\u2019agence s\u2019occupe des d\u00e9marches li\u00e9es au <a href=\"https:\/\/atlantis-interim.com\/\" data-internallinksmanager029f6b8e52c=\"23\" title=\"recrutement\">recrutement<\/a>, aux contrats de travail, aux cotisations sociales et aux d\u00e9clarations l\u00e9gales. Cela permet aux entreprises de se concentrer sur leur activit\u00e9 principale sans se soucier des complexit\u00e9s administratives.<\/p>\n\n\n\n<p>De plus, le co\u00fbt de la main-d&#8217;\u0153uvre int\u00e9rimaire d\u00e9tach\u00e9e est souvent plus comp\u00e9titif que celui des employ\u00e9s permanents, tout en garantissant une qualit\u00e9 de service \u00e9quivalente.<\/p>\n\n\n\n<h3 class=\"wp-block-heading\">Les B\u00e9n\u00e9fices pour les Pr\u00e9parateurs de Commandes Roumains<\/h3>\n\n\n\n<h4 class=\"wp-block-heading\">1. <strong>Acc\u00e8s \u00e0 des Opportunit\u00e9s de Travail Stimulantes<\/strong><\/h4>\n\n\n\n<p>Le <a href=\"https:\/\/atlantis-interim.com\/index.php\/2025\/02\/23\/la-legislation-europeenne-et-son-impact-sur-le-travail-detache-dans-lindustrie-francaise\/\" data-internallinksmanager029f6b8e52c=\"1\" title=\"Travail d\u00e9tach\u00e9\">travail d\u00e9tach\u00e9<\/a> permet aux pr\u00e9parateurs de commandes roumains de travailler dans des entreprises renomm\u00e9es en France, gagnant ainsi en exp\u00e9rience et en comp\u00e9tences. Ces opportunit\u00e9s sont particuli\u00e8rement attractives pour ceux qui souhaitent d\u00e9velopper leur carri\u00e8re dans la logistique.<\/p>\n\n\n\n<h4 class=\"wp-block-heading\">2. <strong>R\u00e9mun\u00e9ration Comp\u00e9titive et Conditions Favorables<\/strong><\/h4>\n\n\n\n<p>Les travailleurs d\u00e9tach\u00e9s b\u00e9n\u00e9ficient des m\u00eames <a href=\"https:\/\/atlantis-interim.com\/index.php\/2025\/01\/24\/comparaison-des-conditions-de-travail-entre-les-travailleurs-permanents-et-detaches-dans-le-secteur-logistique\/\" data-type=\"post\" data-id=\"5545\">conditions de travail<\/a> et de r\u00e9mun\u00e9ration que les employ\u00e9s locaux. Conform\u00e9ment aux directives europ\u00e9ennes, les pr\u00e9parateurs de commandes roumains sont assur\u00e9s de recevoir un salaire \u00e9quivalent \u00e0 celui de leurs coll\u00e8gues fran\u00e7ais pour des t\u00e2ches similaires.<\/p>\n\n\n\n<h3 class=\"wp-block-heading\">Le R\u00f4le d&#8217;<a href=\"https:\/\/atlantis-interim.com\/\" data-type=\"page\" data-id=\"17\">Atlantis Interim<\/a> dans le Recrutement et la Gestion des Pr\u00e9parateurs de Commandes D\u00e9tach\u00e9s<\/h3>\n\n\n\n<figure class=\"wp-block-image size-full\"><img decoding=\"async\" width=\"612\" height=\"392\" src=\"https:\/\/atlantis-interim.com\/wp-content\/uploads\/2024\/09\/istockphoto-1304746031-612x612-1.webp\" alt=\"\" class=\"wp-image-5298\" srcset=\"https:\/\/atlantis-interim.com\/wp-content\/uploads\/2024\/09\/istockphoto-1304746031-612x612-1.webp 612w, https:\/\/atlantis-interim.com\/wp-content\/uploads\/2024\/09\/istockphoto-1304746031-612x612-1-300x192.webp 300w, https:\/\/atlantis-interim.com\/wp-content\/uploads\/2024\/09\/istockphoto-1304746031-612x612-1-600x384.webp 600w\" sizes=\"(max-width: 612px) 100vw, 612px\" \/><\/figure>\n\n\n\n<p><em>Atlantis Interim<\/em> joue un r\u00f4le essentiel dans la mise en relation des entreprises fran\u00e7aises avec des pr\u00e9parateurs de commandes qualifi\u00e9s en Roumanie. L&#8217;agence prend en charge l&#8217;ensemble du processus de <a href=\"https:\/\/atlantis-interim.com\/\" data-internallinksmanager029f6b8e52c=\"23\" title=\"recrutement\">recrutement<\/a>, de la s\u00e9lection des candidats \u00e0 leur int\u00e9gration dans les entreprises clientes.<\/p>\n\n\n\n<h4 class=\"wp-block-heading\">Processus de Recrutement :<\/h4>\n\n\n\n<ul class=\"wp-block-list\">\n<li><strong>S\u00e9lection Rigoureuse<\/strong> : Les candidats sont s\u00e9lectionn\u00e9s en fonction de leur exp\u00e9rience et de leurs comp\u00e9tences techniques.<\/li>\n\n\n\n<li><strong>Formation<\/strong> : Des formations compl\u00e9mentaires sont souvent dispens\u00e9es pour garantir que les travailleurs s&#8217;adaptent rapidement aux proc\u00e9dures fran\u00e7aises.<\/li>\n\n\n\n<li><strong>Suivi<\/strong> : <em>Atlantis Interim<\/em> assure un suivi tout au long de la mission pour garantir une adaptation r\u00e9ussie.<\/li>\n<\/ul>\n\n\n\n<h3 class=\"wp-block-heading\">Conclusion<\/h3>\n\n\n\n<p>Le recours \u00e0 des pr\u00e9parateurs de commandes roumains en <a href=\"https:\/\/atlantis-interim.com\/index.php\/2025\/01\/13\/linterim-detache\/\" data-internallinksmanager029f6b8e52c=\"8\" title=\"int\u00e9rim d\u00e9tach\u00e9\">int\u00e9rim d\u00e9tach\u00e9<\/a> est une solution strat\u00e9gique pour les entreprises fran\u00e7aises confront\u00e9es \u00e0 des besoins temporaires de main-d&#8217;\u0153uvre. Cette collaboration b\u00e9n\u00e9ficie \u00e0 la fois aux employeurs et aux travailleurs, favorisant une dynamique gagnant-gagnant.<\/p>\n\n\n\n<p>Pour plus d&#8217;informations sur la <a href=\"https:\/\/atlantis-interim.com\/\" data-internallinksmanager029f6b8e52c=\"24\" title=\"Mise \u00e0 disposition\">mise \u00e0 disposition<\/a> de pr\u00e9parateurs de commandes roumains, contactez <em>Atlantis Interim<\/em> \u00e0 l&#8217;adresse suivante : <strong><a href=\"mailto:info@atlantis-interim.com\">info@atlantis-interim.com<\/a><\/strong>.<\/p>\n","protected":false},"excerpt":{"rendered":"<p>Pr\u00e9parateurs de commandes roumains en int\u00e9rim d\u00e9tach\u00e9 : une main-d\u2019\u0153uvre qualifi\u00e9e et flexible pour optimiser la logistique et la supply chain en Europe<\/p>\n","protected":false},"author":1,"featured_media":5292,"comment_status":"open","ping_status":"open","sticky":false,"template":"","format":"standard","meta":{"_monsterinsights_skip_tracking":false,"_monsterinsights_sitenote_active":false,"_monsterinsights_sitenote_note":"","_monsterinsights_sitenote_category":0,"_jetpack_memberships_contains_paid_content":false,"wds_primary_category":0,"footnotes":""},"categories":[1,87],"tags":[160,159,157,152,155,151,153,78,148,150,89,154,149,81,156,158],"class_list":["post-5501","post","type-post","status-publish","format-standard","has-post-thumbnail","hentry","category-blog","category-logistique-et-distribution","tag-agence-de-recrutement-roumanie","tag-agence-interim-europeene","tag-agence-interim-travailleur-etranger","tag-detachement-roumain","tag-interim-detache","tag-interim-etranger","tag-interim-etranger-roumain","tag-interim-roumanie","tag-interimaire-etranger","tag-interimaires-roumains","tag-preparateurs-de-commandes-roumains","tag-travail-detache-2","tag-travail-detache-roumain","tag-travailleur-roumain","tag-travailleur-temporaire-roumain","tag-travaillleur-detache-roumain","th-blog blog-single has-post-thumbnail"],"aioseo_notices":[],"jetpack_featured_media_url":"https:\/\/atlantis-interim.com\/wp-content\/uploads\/2024\/09\/Titre-Professionnel-Agent-magasinier-Vignette-scaled-1.jpg","jetpack_sharing_enabled":true,"_links":{"self":[{"href":"https:\/\/atlantis-interim.com\/index.php\/wp-json\/wp\/v2\/posts\/5501","targetHints":{"allow":["GET"]}}],"collection":[{"href":"https:\/\/atlantis-interim.com\/index.php\/wp-json\/wp\/v2\/posts"}],"about":[{"href":"https:\/\/atlantis-interim.com\/index.php\/wp-json\/wp\/v2\/types\/post"}],"author":[{"embeddable":true,"href":"https:\/\/atlantis-interim.com\/index.php\/wp-json\/wp\/v2\/users\/1"}],"replies":[{"embeddable":true,"href":"https:\/\/atlantis-interim.com\/index.php\/wp-json\/wp\/v2\/comments?post=5501"}],"version-history":[{"count":2,"href":"https:\/\/atlantis-interim.com\/index.php\/wp-json\/wp\/v2\/posts\/5501\/revisions"}],"predecessor-version":[{"id":5653,"href":"https:\/\/atlantis-interim.com\/index.php\/wp-json\/wp\/v2\/posts\/5501\/revisions\/5653"}],"wp:featuredmedia":[{"embeddable":true,"href":"https:\/\/atlantis-interim.com\/index.php\/wp-json\/wp\/v2\/media\/5292"}],"wp:attachment":[{"href":"https:\/\/atlantis-interim.com\/index.php\/wp-json\/wp\/v2\/media?parent=5501"}],"wp:term":[{"taxonomy":"category","embeddable":true,"href":"https:\/\/atlantis-interim.com\/index.php\/wp-json\/wp\/v2\/categories?post=5501"},{"taxonomy":"post_tag","embeddable":true,"href":"https:\/\/atlantis-interim.com\/index.php\/wp-json\/wp\/v2\/tags?post=5501"}],"curies":[{"name":"wp","href":"https:\/\/api.w.org\/{rel}","templated":true}]}}