{"id":5503,"date":"2025-01-03T17:00:25","date_gmt":"2025-01-03T16:00:25","guid":{"rendered":"https:\/\/atlantis-interim.com\/?p=5503"},"modified":"2025-01-02T17:03:33","modified_gmt":"2025-01-02T16:03:33","slug":"logisticiens-roumains-en-travail-detache","status":"publish","type":"post","link":"https:\/\/atlantis-interim.com\/index.php\/2025\/01\/03\/logisticiens-roumains-en-travail-detache\/","title":{"rendered":"Logisticiens Roumains en Travail D\u00e9tach\u00e9"},"content":{"rendered":"\n<p>Dans un contexte o\u00f9 la gestion de la cha\u00eene d&#8217;approvisionnement est essentielle pour la comp\u00e9titivit\u00e9 des entreprises, le r\u00f4le des logisticiens est devenu plus strat\u00e9gique que jamais. Les logisticiens assurent la coordination des flux de marchandises, optimisent les stocks et garantissent des livraisons dans les d\u00e9lais. Face \u00e0 une demande accrue et \u00e0 une p\u00e9nurie de comp\u00e9tences locales, les logisticiens roumains en <a href=\"https:\/\/atlantis-interim.com\/index.php\/2025\/02\/23\/la-legislation-europeenne-et-son-impact-sur-le-travail-detache-dans-lindustrie-francaise\/\" data-internallinksmanager029f6b8e52c=\"1\" title=\"Travail d\u00e9tach\u00e9\">travail d\u00e9tach\u00e9<\/a> repr\u00e9sentent une solution efficace pour les entreprises fran\u00e7aises.<\/p>\n\n\n\n<p>Cet article explore les avantages de faire appel \u00e0 des logisticiens roumains en <a href=\"https:\/\/atlantis-interim.com\/index.php\/2025\/02\/23\/la-legislation-europeenne-et-son-impact-sur-le-travail-detache-dans-lindustrie-francaise\/\" data-internallinksmanager029f6b8e52c=\"1\" title=\"Travail d\u00e9tach\u00e9\">travail d\u00e9tach\u00e9<\/a>, les b\u00e9n\u00e9fices pour les employeurs et les travailleurs, ainsi que le r\u00f4le des agences d&#8217;int\u00e9rim comme <em>Atlantis Interim<\/em> dans la facilit\u00e9 de leur int\u00e9gration.<\/p>\n\n\n\n<h3 class=\"wp-block-heading\">Le R\u00f4le du Logisticien : Un Pilier de la Performance Op\u00e9rationnelle<\/h3>\n\n\n\n<figure class=\"wp-block-image size-full\"><img fetchpriority=\"high\" decoding=\"async\" width=\"960\" height=\"720\" src=\"https:\/\/atlantis-interim.com\/wp-content\/uploads\/2024\/09\/7-titre-professionnel-agent-magasinier-960.jpg\" alt=\"\" class=\"wp-image-5290\" srcset=\"https:\/\/atlantis-interim.com\/wp-content\/uploads\/2024\/09\/7-titre-professionnel-agent-magasinier-960.jpg 960w, https:\/\/atlantis-interim.com\/wp-content\/uploads\/2024\/09\/7-titre-professionnel-agent-magasinier-960-300x225.jpg 300w, https:\/\/atlantis-interim.com\/wp-content\/uploads\/2024\/09\/7-titre-professionnel-agent-magasinier-960-768x576.jpg 768w, https:\/\/atlantis-interim.com\/wp-content\/uploads\/2024\/09\/7-titre-professionnel-agent-magasinier-960-600x450.jpg 600w\" sizes=\"(max-width: 960px) 100vw, 960px\" \/><\/figure>\n\n\n\n<p>Le logisticien est responsable de l&#8217;organisation, de la planification et de la supervision des op\u00e9rations de transport, de stockage et de distribution. Il joue un r\u00f4le central dans la gestion des cha\u00eenes d&#8217;approvisionnement et contribue \u00e0 r\u00e9duire les co\u00fbts tout en am\u00e9liorant la satisfaction client.<\/p>\n\n\n\n<h3 class=\"wp-block-heading\">Pourquoi Faire Appel \u00e0 des Logisticiens Roumains en Travail D\u00e9tach\u00e9 ?<\/h3>\n\n\n\n<h4 class=\"wp-block-heading\">1. <strong>Comp\u00e9tences et Expertise Reconnues<\/strong><\/h4>\n\n\n\n<p>Les logisticiens roumains sont form\u00e9s aux standards europ\u00e9ens et poss\u00e8dent une exp\u00e9rience significative dans la gestion de projets logistiques complexes. Leur capacit\u00e9 \u00e0 s&#8217;adapter rapidement aux syst\u00e8mes et proc\u00e9dures des entreprises fran\u00e7aises constitue un atout pr\u00e9cieux.<\/p>\n\n\n\n<h4 class=\"wp-block-heading\">2. <strong>Flexibilit\u00e9 et R\u00e9ponse Imm\u00e9diate aux Besoins<\/strong><\/h4>\n\n\n\n<p>Les logisticiens en <a href=\"https:\/\/atlantis-interim.com\/index.php\/2025\/02\/23\/la-legislation-europeenne-et-son-impact-sur-le-travail-detache-dans-lindustrie-francaise\/\" data-internallinksmanager029f6b8e52c=\"1\" title=\"Travail d\u00e9tach\u00e9\">travail d\u00e9tach\u00e9<\/a> sont souvent mobilis\u00e9s pour des missions sp\u00e9cifiques ou des projets temporaires. Cette flexibilit\u00e9 permet aux entreprises de r\u00e9pondre rapidement aux pics d&#8217;activit\u00e9 ou aux changements dans leur cha\u00eene logistique.<\/p>\n\n\n\n<h4 class=\"wp-block-heading\">3. <strong>Optimisation des Co\u00fbts et Gain de Temps<\/strong><\/h4>\n\n\n\n<p>Faire appel \u00e0 des logisticiens roumains par l&#8217;interm\u00e9diaire d&#8217;une agence d&#8217;int\u00e9rim comme <em>Atlantis Interim<\/em> permet de r\u00e9duire les co\u00fbts de <a href=\"https:\/\/atlantis-interim.com\/\" data-internallinksmanager029f6b8e52c=\"23\" title=\"recrutement\">recrutement<\/a> et de formation. L&#8217;agence prend en charge toutes les formalit\u00e9s administratives, garantissant ainsi une simplification pour l&#8217;employeur.<\/p>\n\n\n\n<h3 class=\"wp-block-heading\">Les Avantages pour les Logisticiens Roumains<\/h3>\n\n\n\n<figure class=\"wp-block-image size-large\"><img decoding=\"async\" width=\"1024\" height=\"683\" src=\"https:\/\/atlantis-interim.com\/wp-content\/uploads\/2024\/09\/Titre-Professionnel-Agent-magasinier-Vignette-scaled-1-1024x683.jpg\" alt=\"\" class=\"wp-image-5292\" srcset=\"https:\/\/atlantis-interim.com\/wp-content\/uploads\/2024\/09\/Titre-Professionnel-Agent-magasinier-Vignette-scaled-1-1024x683.jpg 1024w, https:\/\/atlantis-interim.com\/wp-content\/uploads\/2024\/09\/Titre-Professionnel-Agent-magasinier-Vignette-scaled-1-300x200.jpg 300w, https:\/\/atlantis-interim.com\/wp-content\/uploads\/2024\/09\/Titre-Professionnel-Agent-magasinier-Vignette-scaled-1-768x512.jpg 768w, https:\/\/atlantis-interim.com\/wp-content\/uploads\/2024\/09\/Titre-Professionnel-Agent-magasinier-Vignette-scaled-1-1536x1024.jpg 1536w, https:\/\/atlantis-interim.com\/wp-content\/uploads\/2024\/09\/Titre-Professionnel-Agent-magasinier-Vignette-scaled-1-2048x1366.jpg 2048w, https:\/\/atlantis-interim.com\/wp-content\/uploads\/2024\/09\/Titre-Professionnel-Agent-magasinier-Vignette-scaled-1-600x400.jpg 600w\" sizes=\"(max-width: 1024px) 100vw, 1024px\" \/><\/figure>\n\n\n\n<h4 class=\"wp-block-heading\">1. <strong>Opportunit\u00e9s Professionnelles et Enrichissement de Carri\u00e8re<\/strong><\/h4>\n\n\n\n<p>Le <a href=\"https:\/\/atlantis-interim.com\/index.php\/2025\/02\/23\/la-legislation-europeenne-et-son-impact-sur-le-travail-detache-dans-lindustrie-francaise\/\" data-internallinksmanager029f6b8e52c=\"1\" title=\"Travail d\u00e9tach\u00e9\">travail d\u00e9tach\u00e9<\/a> offre aux logisticiens roumains la possibilit\u00e9 de d\u00e9velopper leurs comp\u00e9tences dans des environnements diff\u00e9rents, favorisant ainsi leur progression de carri\u00e8re.<\/p>\n\n\n\n<h4 class=\"wp-block-heading\">2. <strong>R\u00e9mun\u00e9ration Comp\u00e9titive et Conditions Favorables<\/strong><\/h4>\n\n\n\n<p>Les logisticiens roumains b\u00e9n\u00e9ficient des m\u00eames conditions de travail que leurs homologues fran\u00e7ais, conform\u00e9ment \u00e0 la l\u00e9gislation europ\u00e9enne.<\/p>\n\n\n\n<h3 class=\"wp-block-heading\">Le R\u00f4le d&#8217;Atlantis Interim dans la Mobilisation des Logisticiens D\u00e9tach\u00e9s<\/h3>\n\n\n\n<p><em>Atlantis Interim<\/em> joue un r\u00f4le crucial dans la s\u00e9lection et l&#8217;int\u00e9gration des logisticiens roumains en France. L&#8217;agence s&#8217;assure que les candidats poss\u00e8dent les comp\u00e9tences requises et fournit un suivi tout au long de la mission.<\/p>\n\n\n\n<h3 class=\"wp-block-heading\">Conclusion<\/h3>\n\n\n\n<p>Le recours \u00e0 des logisticiens roumains en <a href=\"https:\/\/atlantis-interim.com\/index.php\/2025\/02\/23\/la-legislation-europeenne-et-son-impact-sur-le-travail-detache-dans-lindustrie-francaise\/\" data-internallinksmanager029f6b8e52c=\"1\" title=\"Travail d\u00e9tach\u00e9\">travail d\u00e9tach\u00e9<\/a> repr\u00e9sente une opportunit\u00e9 strat\u00e9gique pour les entreprises cherchant \u00e0 renforcer leur cha\u00eene logistique. Cette solution apporte une r\u00e9ponse adapt\u00e9e aux besoins du march\u00e9 tout en valorisant l&#8217;expertise des <a href=\"https:\/\/atlantis-interim.com\/index.php\/2024\/06\/14\/les-droits-des-travailleurs-roumains-detaches-en-matiere-de-sante-et-securite-au-travail\/\" data-internallinksmanager029f6b8e52c=\"4\" title=\"Travailleurs roumains\">travailleurs roumains<\/a>.<\/p>\n\n\n\n<p>Pour en savoir plus sur la <a href=\"https:\/\/atlantis-interim.com\/\" data-internallinksmanager029f6b8e52c=\"24\" title=\"Mise \u00e0 disposition\">mise \u00e0 disposition<\/a> de logisticiens roumains, contactez <em>Atlantis Interim<\/em> \u00e0 : <strong><a href=\"mailto:info@atlantis-interim.com\">info@atlantis-interim.com<\/a><\/strong>.<\/p>\n","protected":false},"excerpt":{"rendered":"<p>Dans un contexte o\u00f9 la gestion de la cha\u00eene d&#8217;approvisionnement est essentielle pour la comp\u00e9titivit\u00e9 des entreprises, le r\u00f4le des logisticiens est devenu plus strat\u00e9gique que jamais. Les logisticiens assurent la coordination des flux de marchandises, optimisent les stocks et garantissent des livraisons dans les d\u00e9lais. Face \u00e0 une demande accrue et \u00e0 une p\u00e9nurie&#8230;<\/p>\n","protected":false},"author":1,"featured_media":5254,"comment_status":"open","ping_status":"open","sticky":false,"template":"","format":"standard","meta":{"_monsterinsights_skip_tracking":false,"_monsterinsights_sitenote_active":false,"_monsterinsights_sitenote_note":"","_monsterinsights_sitenote_category":0,"_jetpack_memberships_contains_paid_content":false,"wds_primary_category":0,"footnotes":""},"categories":[1,87],"tags":[160,159,157,152,155,151,153,78,148,150,90,154,149,81,156,158],"class_list":["post-5503","post","type-post","status-publish","format-standard","has-post-thumbnail","hentry","category-blog","category-logistique-et-distribution","tag-agence-de-recrutement-roumanie","tag-agence-interim-europeene","tag-agence-interim-travailleur-etranger","tag-detachement-roumain","tag-interim-detache","tag-interim-etranger","tag-interim-etranger-roumain","tag-interim-roumanie","tag-interimaire-etranger","tag-interimaires-roumains","tag-logisticiens-roumains","tag-travail-detache-2","tag-travail-detache-roumain","tag-travailleur-roumain","tag-travailleur-temporaire-roumain","tag-travaillleur-detache-roumain","th-blog blog-single has-post-thumbnail"],"aioseo_notices":[],"jetpack_featured_media_url":"https:\/\/atlantis-interim.com\/wp-content\/uploads\/2024\/09\/istockphoto-1390717558-612x612-1.webp","jetpack_sharing_enabled":true,"_links":{"self":[{"href":"https:\/\/atlantis-interim.com\/index.php\/wp-json\/wp\/v2\/posts\/5503","targetHints":{"allow":["GET"]}}],"collection":[{"href":"https:\/\/atlantis-interim.com\/index.php\/wp-json\/wp\/v2\/posts"}],"about":[{"href":"https:\/\/atlantis-interim.com\/index.php\/wp-json\/wp\/v2\/types\/post"}],"author":[{"embeddable":true,"href":"https:\/\/atlantis-interim.com\/index.php\/wp-json\/wp\/v2\/users\/1"}],"replies":[{"embeddable":true,"href":"https:\/\/atlantis-interim.com\/index.php\/wp-json\/wp\/v2\/comments?post=5503"}],"version-history":[{"count":1,"href":"https:\/\/atlantis-interim.com\/index.php\/wp-json\/wp\/v2\/posts\/5503\/revisions"}],"predecessor-version":[{"id":5504,"href":"https:\/\/atlantis-interim.com\/index.php\/wp-json\/wp\/v2\/posts\/5503\/revisions\/5504"}],"wp:featuredmedia":[{"embeddable":true,"href":"https:\/\/atlantis-interim.com\/index.php\/wp-json\/wp\/v2\/media\/5254"}],"wp:attachment":[{"href":"https:\/\/atlantis-interim.com\/index.php\/wp-json\/wp\/v2\/media?parent=5503"}],"wp:term":[{"taxonomy":"category","embeddable":true,"href":"https:\/\/atlantis-interim.com\/index.php\/wp-json\/wp\/v2\/categories?post=5503"},{"taxonomy":"post_tag","embeddable":true,"href":"https:\/\/atlantis-interim.com\/index.php\/wp-json\/wp\/v2\/tags?post=5503"}],"curies":[{"name":"wp","href":"https:\/\/api.w.org\/{rel}","templated":true}]}}