{"id":5513,"date":"2025-02-19T11:31:00","date_gmt":"2025-02-19T10:31:00","guid":{"rendered":"https:\/\/atlantis-interim.com\/?p=5513"},"modified":"2025-02-28T19:26:16","modified_gmt":"2025-02-28T18:26:16","slug":"responsable-logistique-roumain-detache-en-france","status":"publish","type":"post","link":"https:\/\/atlantis-interim.com\/index.php\/2025\/02\/19\/responsable-logistique-roumain-detache-en-france\/","title":{"rendered":"Responsable Logistique Roumain D\u00e9tach\u00e9 en France"},"content":{"rendered":"\n<p>Le secteur de la logistique en France conna\u00eet une croissance continue, port\u00e9e par l\u2019essor du commerce en ligne, l\u2019optimisation des cha\u00eenes d\u2019approvisionnement et l\u2019augmentation des \u00e9changes internationaux. Cette dynamique g\u00e9n\u00e8re une demande croissante pour des responsables logistiques comp\u00e9tents et exp\u00e9riment\u00e9s. Face \u00e0 la p\u00e9nurie de <a href=\"https:\/\/atlantis-interim.com\/index.php\/tag\/interimaire-etranger\/\" data-type=\"post_tag\" data-id=\"148\">main-d\u2019\u0153uvre locale<\/a>, le <a href=\"https:\/\/atlantis-interim.com\/index.php\/2025\/02\/19\/limpact-du-detachement-des-travailleurs-interimaires-roumains-sur-leconomie-industrielle-francaise\/\" data-internallinksmanager029f6b8e52c=\"27\" title=\"d\u00e9tachement roumain\">d\u00e9tachement<\/a> de responsables logistiques roumains s\u2019impose comme une solution strat\u00e9gique pour les entreprises fran\u00e7aises.<\/p>\n\n\n\n<p>Dans cet article, nous explorons les b\u00e9n\u00e9fices du <a href=\"https:\/\/atlantis-interim.com\/index.php\/2025\/02\/19\/limpact-du-detachement-des-travailleurs-interimaires-roumains-sur-leconomie-industrielle-francaise\/\" data-internallinksmanager029f6b8e52c=\"27\" title=\"d\u00e9tachement roumain\">d\u00e9tachement<\/a> de responsables logistiques roumains, leur r\u00f4le crucial dans la cha\u00eene d\u2019approvisionnement, ainsi que l\u2019accompagnement propos\u00e9 par Atlantis Interim pour faciliter cette collaboration internationale.<\/p>\n\n\n\n<h3 class=\"wp-block-heading\">Le R\u00f4le Essentiel du Responsable Logistique<\/h3>\n\n\n\n<figure class=\"wp-block-image size-full\"><img fetchpriority=\"high\" decoding=\"async\" width=\"612\" height=\"408\" src=\"https:\/\/atlantis-interim.com\/wp-content\/uploads\/2024\/09\/istockphoto-1390717558-612x612-1.webp\" alt=\"\" class=\"wp-image-5254\" srcset=\"https:\/\/atlantis-interim.com\/wp-content\/uploads\/2024\/09\/istockphoto-1390717558-612x612-1.webp 612w, https:\/\/atlantis-interim.com\/wp-content\/uploads\/2024\/09\/istockphoto-1390717558-612x612-1-300x200.webp 300w, https:\/\/atlantis-interim.com\/wp-content\/uploads\/2024\/09\/istockphoto-1390717558-612x612-1-600x400.webp 600w\" sizes=\"(max-width: 612px) 100vw, 612px\" \/><figcaption class=\"wp-element-caption\">Responsable Logistique Roumain \n<\/figcaption><\/figure>\n\n\n\n<p>Le responsable logistique est au c\u0153ur des op\u00e9rations de gestion des flux de marchandises, de l\u2019approvisionnement \u00e0 la distribution. Il coordonne l\u2019ensemble des processus logistiques pour assurer une livraison rapide, efficace et conforme aux attentes des clients.<\/p>\n\n\n\n<p>Les principales missions d\u2019un responsable logistique incluent :<\/p>\n\n\n\n<ul class=\"wp-block-list\">\n<li>La gestion et l\u2019optimisation des stocks.<\/li>\n\n\n\n<li>La coordination des transporteurs et des prestataires.<\/li>\n\n\n\n<li>L\u2019analyse et la pr\u00e9vision des besoins logistiques.<\/li>\n\n\n\n<li>La supervision des \u00e9quipes de manutention et de pr\u00e9paration des commandes.<\/li>\n\n\n\n<li>La mise en \u0153uvre de solutions pour am\u00e9liorer les performances et r\u00e9duire les co\u00fbts.<\/li>\n<\/ul>\n\n\n\n<h3 class=\"wp-block-heading\">Pourquoi Recruter des Responsables Logistiques Roumains en Travail D\u00e9tach\u00e9 ?<\/h3>\n\n\n\n<h4 class=\"wp-block-heading\">1. <strong>Comp\u00e9tences et Expertise Av\u00e9r\u00e9es<\/strong><\/h4>\n\n\n\n<p>Les responsables logistiques roumains b\u00e9n\u00e9ficient de formations sp\u00e9cialis\u00e9es et d\u2019une exp\u00e9rience significative dans la gestion des cha\u00eenes d\u2019approvisionnement internationales. Ils ma\u00eetrisent les outils de gestion de la logistique et apportent une r\u00e9elle valeur ajout\u00e9e aux entreprises qui les recrutent.<\/p>\n\n\n\n<h4 class=\"wp-block-heading\">2. <strong>R\u00e9pondre \u00e0 la P\u00e9nurie de Talents<\/strong><\/h4>\n\n\n\n<p>Le march\u00e9 fran\u00e7ais de la logistique souffre d\u2019un manque de responsables qualifi\u00e9s. Le recours au <a href=\"https:\/\/atlantis-interim.com\/index.php\/2025\/02\/23\/la-legislation-europeenne-et-son-impact-sur-le-travail-detache-dans-lindustrie-francaise\/\" data-internallinksmanager029f6b8e52c=\"1\" title=\"Travail d\u00e9tach\u00e9\">travail d\u00e9tach\u00e9<\/a> permet de combler ce d\u00e9ficit en acc\u00e9dant rapidement \u00e0 des professionnels comp\u00e9tents.<\/p>\n\n\n\n<h4 class=\"wp-block-heading\">3. <strong>Optimisation des Co\u00fbts et Flexibilit\u00e9<\/strong><\/h4>\n\n\n\n<p>Le <a href=\"https:\/\/atlantis-interim.com\/index.php\/2025\/02\/19\/limpact-du-detachement-des-travailleurs-interimaires-roumains-sur-leconomie-industrielle-francaise\/\" data-internallinksmanager029f6b8e52c=\"27\" title=\"d\u00e9tachement roumain\">d\u00e9tachement<\/a> de responsables logistiques offre une flexibilit\u00e9 importante, permettant aux entreprises d\u2019ajuster leurs effectifs en fonction des besoins saisonniers ou des pics d\u2019activit\u00e9. Cela r\u00e9duit les co\u00fbts li\u00e9s au <a href=\"https:\/\/atlantis-interim.com\/\" data-internallinksmanager029f6b8e52c=\"23\" title=\"recrutement\">recrutement<\/a> et am\u00e9liore la r\u00e9activit\u00e9 des entreprises face aux fluctuations du march\u00e9.<\/p>\n\n\n\n<h4 class=\"wp-block-heading\">4. <strong>Respect des Normes Europ\u00e9ennes<\/strong><\/h4>\n\n\n\n<p>Les responsables logistiques roumains d\u00e9tach\u00e9s travaillent dans le respect des r\u00e9glementations europ\u00e9ennes, garantissant des conditions de travail \u00e9quitables et conformes aux standards fran\u00e7ais. Ils b\u00e9n\u00e9ficient des m\u00eames droits et protections que les travailleurs locaux.<\/p>\n\n\n\n<h3 class=\"wp-block-heading\">Les B\u00e9n\u00e9fices pour les Responsables Logistiques Roumains<\/h3>\n\n\n\n<h4 class=\"wp-block-heading\">1. <strong>D\u00e9veloppement de Carri\u00e8re<\/strong><\/h4>\n\n\n\n<p>Le <a href=\"https:\/\/atlantis-interim.com\/index.php\/2025\/02\/19\/limpact-du-detachement-des-travailleurs-interimaires-roumains-sur-leconomie-industrielle-francaise\/\" data-internallinksmanager029f6b8e52c=\"27\" title=\"d\u00e9tachement roumain\">d\u00e9tachement<\/a> en France repr\u00e9sente une opportunit\u00e9 pr\u00e9cieuse pour les responsables logistiques roumains. Ils peuvent enrichir leur parcours professionnel, acqu\u00e9rir de nouvelles comp\u00e9tences et \u00e9largir leur r\u00e9seau international.<\/p>\n\n\n\n<h4 class=\"wp-block-heading\">2. <strong>R\u00e9mun\u00e9ration et Conditions Avantageuses<\/strong><\/h4>\n\n\n\n<p>Les travailleurs d\u00e9tach\u00e9s b\u00e9n\u00e9ficient de r\u00e9mun\u00e9rations comp\u00e9titives et de conditions de travail attractives, conformes aux normes europ\u00e9ennes. Cette exp\u00e9rience leur permet de valoriser leur expertise et d\u2019am\u00e9liorer leur niveau de vie.<\/p>\n\n\n\n<h3 class=\"wp-block-heading\">Atlantis Interim : Votre Partenaire pour le Recrutement de Responsables Logistiques Roumains<\/h3>\n\n\n\n<figure class=\"wp-block-image size-large\"><img decoding=\"async\" width=\"1024\" height=\"683\" src=\"https:\/\/atlantis-interim.com\/wp-content\/uploads\/2024\/06\/Cout-Logistique-min-scaled-1-1024x683.webp\" alt=\"\" class=\"wp-image-4874\" srcset=\"https:\/\/atlantis-interim.com\/wp-content\/uploads\/2024\/06\/Cout-Logistique-min-scaled-1-1024x683.webp 1024w, https:\/\/atlantis-interim.com\/wp-content\/uploads\/2024\/06\/Cout-Logistique-min-scaled-1-600x400.webp 600w, https:\/\/atlantis-interim.com\/wp-content\/uploads\/2024\/06\/Cout-Logistique-min-scaled-1-300x200.webp 300w, https:\/\/atlantis-interim.com\/wp-content\/uploads\/2024\/06\/Cout-Logistique-min-scaled-1-768x512.webp 768w, https:\/\/atlantis-interim.com\/wp-content\/uploads\/2024\/06\/Cout-Logistique-min-scaled-1-1536x1024.webp 1536w, https:\/\/atlantis-interim.com\/wp-content\/uploads\/2024\/06\/Cout-Logistique-min-scaled-1-2048x1366.webp 2048w\" sizes=\"(max-width: 1024px) 100vw, 1024px\" \/><figcaption class=\"wp-element-caption\">Responsables Logistiques Roumains<\/figcaption><\/figure>\n\n\n\n<p>Atlantis Interim se distingue par son expertise dans le <a href=\"https:\/\/atlantis-interim.com\/\" data-internallinksmanager029f6b8e52c=\"23\" title=\"recrutement\">recrutement<\/a> international, mettant en relation des responsables logistiques qualifi\u00e9s avec des entreprises fran\u00e7aises en qu\u00eate de talents. Notre mission est de faciliter ce processus pour garantir une collaboration fluide et efficace.<\/p>\n\n\n\n<h4 class=\"wp-block-heading\">1. <strong>Un Recrutement Rigoureux et Cibl\u00e9<\/strong><\/h4>\n\n\n\n<p>Nous s\u00e9lectionnons des responsables logistiques roumains ayant une solide exp\u00e9rience et une parfaite ma\u00eetrise des outils de gestion. Chaque candidat est \u00e9valu\u00e9 selon des crit\u00e8res pr\u00e9cis afin de r\u00e9pondre aux exigences sp\u00e9cifiques des entreprises partenaires.<\/p>\n\n\n\n<h4 class=\"wp-block-heading\">2. <strong>Gestion Administrative Compl\u00e8te<\/strong><\/h4>\n\n\n\n<p>Atlantis Interim prend en charge l\u2019int\u00e9gralit\u00e9 des d\u00e9marches administratives, incluant :<\/p>\n\n\n\n<ul class=\"wp-block-list\">\n<li>La r\u00e9daction des contrats de travail.<\/li>\n\n\n\n<li>La gestion des permis de travail et des formalit\u00e9s de <a href=\"https:\/\/atlantis-interim.com\/index.php\/2025\/02\/19\/limpact-du-detachement-des-travailleurs-interimaires-roumains-sur-leconomie-industrielle-francaise\/\" data-internallinksmanager029f6b8e52c=\"27\" title=\"d\u00e9tachement roumain\">d\u00e9tachement<\/a>.<\/li>\n\n\n\n<li>Le suivi des obligations l\u00e9gales et sociales.<\/li>\n<\/ul>\n\n\n\n<p>Cette prise en charge permet aux entreprises de se concentrer sur leur activit\u00e9 principale sans se soucier des formalit\u00e9s administratives.<\/p>\n\n\n\n<h4 class=\"wp-block-heading\">3. <strong>Accompagnement et Suivi Personnalis\u00e9<\/strong><\/h4>\n\n\n\n<p>Nous assurons un suivi r\u00e9gulier des responsables logistiques tout au long de leur mission, garantissant leur bien-\u00eatre et leur int\u00e9gration au sein des \u00e9quipes fran\u00e7aises. Ce suivi contribue \u00e0 renforcer la productivit\u00e9 et la satisfaction des deux parties.<\/p>\n\n\n\n<h3 class=\"wp-block-heading\">T\u00e9moignages d\u2019Entreprises Fran\u00e7aises<\/h3>\n\n\n\n<p>De nombreuses entreprises ont d\u00e9j\u00e0 fait appel aux services d\u2019Atlantis Interim pour <a href=\"https:\/\/atlantis-interim.com\/index.php\/2024\/07\/05\/recruter-des-travailleurs-roumains-pour-le-secteur-du-batiment-en-france\/\" data-internallinksmanager029f6b8e52c=\"22\" title=\"recruter\">recruter<\/a> des responsables logistiques roumains d\u00e9tach\u00e9s. Voici quelques t\u00e9moignages :<\/p>\n\n\n\n<ul class=\"wp-block-list\">\n<li><strong>Entreprise de distribution \u00e0 Marseille<\/strong> : \u00ab L\u2019arriv\u00e9e de <a href=\"https:\/\/atlantis-interim.com\/index.php\/2024\/08\/27\/logisticien-le-pilier-de-lorganisation-logistique\/\" data-type=\"post\" data-id=\"5253\">responsables logistiques roumains<\/a> a transform\u00e9 notre gestion des stocks. Leur efficacit\u00e9 et leur sens de l\u2019organisation nous ont permis de gagner en productivit\u00e9. \u00bb<\/li>\n\n\n\n<li><strong>Plateforme logistique \u00e0 Lille<\/strong> : \u00ab Gr\u00e2ce \u00e0 <a href=\"https:\/\/atlantis-interim.com\/\" data-type=\"page\" data-id=\"17\">Atlantis Interim<\/a>, nous avons trouv\u00e9 des professionnels comp\u00e9tents et motiv\u00e9s. Le processus de <a href=\"https:\/\/atlantis-interim.com\/index.php\/2025\/02\/19\/limpact-du-detachement-des-travailleurs-interimaires-roumains-sur-leconomie-industrielle-francaise\/\" data-internallinksmanager029f6b8e52c=\"27\" title=\"d\u00e9tachement roumain\">d\u00e9tachement<\/a> s\u2019est d\u00e9roul\u00e9 sans encombre, et nous sommes tr\u00e8s satisfaits des r\u00e9sultats. \u00bb<\/li>\n<\/ul>\n\n\n\n<h3 class=\"wp-block-heading\">Conclusion<\/h3>\n\n\n\n<p>Le <a href=\"https:\/\/atlantis-interim.com\/index.php\/2025\/02\/19\/limpact-du-detachement-des-travailleurs-interimaires-roumains-sur-leconomie-industrielle-francaise\/\" data-internallinksmanager029f6b8e52c=\"27\" title=\"d\u00e9tachement roumain\">d\u00e9tachement<\/a> de responsables logistiques roumains constitue une solution gagnante pour les entreprises fran\u00e7aises qui cherchent \u00e0 renforcer leurs \u00e9quipes et \u00e0 optimiser leur cha\u00eene d\u2019approvisionnement. Gr\u00e2ce \u00e0 leur expertise, ces professionnels r\u00e9pondent aux besoins croissants du secteur logistique.<\/p>\n\n\n\n<p>Pour toute demande d\u2019information ou pour <a href=\"https:\/\/atlantis-interim.com\/index.php\/2024\/07\/05\/recruter-des-travailleurs-roumains-pour-le-secteur-du-batiment-en-france\/\" data-internallinksmanager029f6b8e52c=\"22\" title=\"recruter\">recruter<\/a> des responsables logistiques roumains, contactez Atlantis Interim \u00e0 l\u2019adresse suivante : <strong><a href=\"mailto:info@atlantis-interim.com\">info@atlantis-interim.com<\/a><\/strong>.<\/p>\n","protected":false},"excerpt":{"rendered":"<p>Responsable logistique roumain d\u00e9tach\u00e9 en France : expertise et gestion optimis\u00e9e des flux pour renforcer l\u2019efficacit\u00e9 des cha\u00eenes d\u2019approvisionnement.<\/p>\n","protected":false},"author":1,"featured_media":5239,"comment_status":"open","ping_status":"open","sticky":false,"template":"","format":"standard","meta":{"_monsterinsights_skip_tracking":false,"_monsterinsights_sitenote_active":false,"_monsterinsights_sitenote_note":"","_monsterinsights_sitenote_category":0,"_jetpack_memberships_contains_paid_content":false,"wds_primary_category":0,"footnotes":""},"categories":[1,87],"tags":[160,159,157,152,155,151,153,78,148,150,174,154,149,81,156,158],"class_list":["post-5513","post","type-post","status-publish","format-standard","has-post-thumbnail","hentry","category-blog","category-logistique-et-distribution","tag-agence-de-recrutement-roumanie","tag-agence-interim-europeene","tag-agence-interim-travailleur-etranger","tag-detachement-roumain","tag-interim-detache","tag-interim-etranger","tag-interim-etranger-roumain","tag-interim-roumanie","tag-interimaire-etranger","tag-interimaires-roumains","tag-responsables-logistiques-roumains","tag-travail-detache-2","tag-travail-detache-roumain","tag-travailleur-roumain","tag-travailleur-temporaire-roumain","tag-travaillleur-detache-roumain","th-blog blog-single has-post-thumbnail"],"aioseo_notices":[],"jetpack_featured_media_url":"https:\/\/atlantis-interim.com\/wp-content\/uploads\/2024\/09\/629-manutentionnaire.webp","jetpack_sharing_enabled":true,"_links":{"self":[{"href":"https:\/\/atlantis-interim.com\/index.php\/wp-json\/wp\/v2\/posts\/5513","targetHints":{"allow":["GET"]}}],"collection":[{"href":"https:\/\/atlantis-interim.com\/index.php\/wp-json\/wp\/v2\/posts"}],"about":[{"href":"https:\/\/atlantis-interim.com\/index.php\/wp-json\/wp\/v2\/types\/post"}],"author":[{"embeddable":true,"href":"https:\/\/atlantis-interim.com\/index.php\/wp-json\/wp\/v2\/users\/1"}],"replies":[{"embeddable":true,"href":"https:\/\/atlantis-interim.com\/index.php\/wp-json\/wp\/v2\/comments?post=5513"}],"version-history":[{"count":2,"href":"https:\/\/atlantis-interim.com\/index.php\/wp-json\/wp\/v2\/posts\/5513\/revisions"}],"predecessor-version":[{"id":5661,"href":"https:\/\/atlantis-interim.com\/index.php\/wp-json\/wp\/v2\/posts\/5513\/revisions\/5661"}],"wp:featuredmedia":[{"embeddable":true,"href":"https:\/\/atlantis-interim.com\/index.php\/wp-json\/wp\/v2\/media\/5239"}],"wp:attachment":[{"href":"https:\/\/atlantis-interim.com\/index.php\/wp-json\/wp\/v2\/media?parent=5513"}],"wp:term":[{"taxonomy":"category","embeddable":true,"href":"https:\/\/atlantis-interim.com\/index.php\/wp-json\/wp\/v2\/categories?post=5513"},{"taxonomy":"post_tag","embeddable":true,"href":"https:\/\/atlantis-interim.com\/index.php\/wp-json\/wp\/v2\/tags?post=5513"}],"curies":[{"name":"wp","href":"https:\/\/api.w.org\/{rel}","templated":true}]}}