{"id":5519,"date":"2025-01-09T19:53:46","date_gmt":"2025-01-09T18:53:46","guid":{"rendered":"https:\/\/atlantis-interim.com\/index.php\/2025\/01\/09\/les-travailleurs-roumains-detaches-en-france-enjeux-et-perspectives\/"},"modified":"2025-01-09T20:10:24","modified_gmt":"2025-01-09T19:10:24","slug":"les-travailleurs-roumains-detaches-en-france-enjeux-et-perspectives","status":"publish","type":"post","link":"https:\/\/atlantis-interim.com\/index.php\/2025\/01\/09\/les-travailleurs-roumains-detaches-en-france-enjeux-et-perspectives\/","title":{"rendered":"Les travailleurs roumains d\u00e9tach\u00e9s en France : enjeux et perspectives"},"content":{"rendered":"\n<p>Depuis l&#8217;\u00e9largissement de l&#8217;Union europ\u00e9enne (UE) en 2007, la France a vu affluer un nombre croissant de <a href=\"https:\/\/atlantis-interim.com\/index.php\/2024\/06\/14\/les-droits-des-travailleurs-roumains-detaches-en-matiere-de-sante-et-securite-au-travail\/\" data-internallinksmanager029f6b8e52c=\"4\" title=\"Travailleurs roumains\">travailleurs roumains<\/a> d\u00e9tach\u00e9s. Ces travailleurs, envoy\u00e9s temporairement par des entreprises roumaines pour effectuer des missions sur le territoire fran\u00e7ais, suscitent de nombreux d\u00e9bats sur les conditions de travail, la concurrence sur le march\u00e9 du travail et les questions li\u00e9es aux droits sociaux.<\/p>\n\n\n\n<h3 class=\"wp-block-heading\">Un d\u00e9tachement en forte croissance<\/h3>\n\n\n\n<figure class=\"wp-block-image size-large\"><img fetchpriority=\"high\" decoding=\"async\" width=\"1024\" height=\"638\" src=\"https:\/\/atlantis-interim.com\/wp-content\/uploads\/2024\/10\/microsteel-tourneur-programmeur-8-1060x660.jpg-1024x638.webp\" alt=\"\" class=\"wp-image-5391\" srcset=\"https:\/\/atlantis-interim.com\/wp-content\/uploads\/2024\/10\/microsteel-tourneur-programmeur-8-1060x660.jpg-1024x638.webp 1024w, https:\/\/atlantis-interim.com\/wp-content\/uploads\/2024\/10\/microsteel-tourneur-programmeur-8-1060x660.jpg-300x187.webp 300w, https:\/\/atlantis-interim.com\/wp-content\/uploads\/2024\/10\/microsteel-tourneur-programmeur-8-1060x660.jpg-768x478.webp 768w, https:\/\/atlantis-interim.com\/wp-content\/uploads\/2024\/10\/microsteel-tourneur-programmeur-8-1060x660.jpg-600x374.webp 600w, https:\/\/atlantis-interim.com\/wp-content\/uploads\/2024\/10\/microsteel-tourneur-programmeur-8-1060x660.jpg.webp 1060w\" sizes=\"(max-width: 1024px) 100vw, 1024px\" \/><\/figure>\n\n\n\n<p>Le <a href=\"https:\/\/atlantis-interim.com\/index.php\/2025\/02\/19\/limpact-du-detachement-des-travailleurs-interimaires-roumains-sur-leconomie-industrielle-francaise\/\" data-internallinksmanager029f6b8e52c=\"27\" title=\"d\u00e9tachement roumain\">d\u00e9tachement<\/a> de travailleurs consiste en l&#8217;envoi temporaire d&#8217;un salari\u00e9 par son employeur, bas\u00e9 dans un autre pays de l&#8217;UE, pour travailler dans un autre \u00c9tat membre. Depuis la fin de la libre circulation des <a href=\"https:\/\/atlantis-interim.com\/index.php\/2024\/06\/14\/les-droits-des-travailleurs-roumains-detaches-en-matiere-de-sante-et-securite-au-travail\/\" data-internallinksmanager029f6b8e52c=\"4\" title=\"Travailleurs roumains\">travailleurs roumains<\/a> en 2014, la France a connu un afflux important de travailleurs d\u00e9tach\u00e9s en provenance de Roumanie, notamment dans des secteurs comme le b\u00e2timent, les travaux publics, la restauration, et l&#8217;agriculture.<\/p>\n\n\n\n<p>L&#8217;UE a mis en place une l\u00e9gislation pour garantir que les travailleurs d\u00e9tach\u00e9s b\u00e9n\u00e9ficient des m\u00eames droits que les travailleurs locaux en mati\u00e8re de r\u00e9mun\u00e9ration, de conditions de travail et de s\u00e9curit\u00e9 sociale. Pourtant, sur le terrain, ces principes sont souvent mal appliqu\u00e9s, ce qui entra\u00eene des abus.<\/p>\n\n\n\n<h3 class=\"wp-block-heading\">Des conditions de travail souvent pr\u00e9caires<\/h3>\n\n\n\n<p>Un des probl\u00e8mes majeurs rencontr\u00e9s par les travailleurs d\u00e9tach\u00e9s roumains est la pr\u00e9carit\u00e9 de leurs conditions de travail. Bien que la loi impose le respect des standards minimaux de r\u00e9mun\u00e9ration et de conditions de travail, de nombreuses entreprises ne respectent pas ces obligations. Les salaires des <a href=\"https:\/\/atlantis-interim.com\/index.php\/2024\/06\/14\/les-droits-des-travailleurs-roumains-detaches-en-matiere-de-sante-et-securite-au-travail\/\" data-internallinksmanager029f6b8e52c=\"4\" title=\"Travailleurs roumains\">travailleurs roumains<\/a> d\u00e9tach\u00e9s sont parfois bien en de\u00e7\u00e0 des niveaux pratiqu\u00e9s en France, et les conditions de logement et de transport laissent \u00e0 d\u00e9sirer.<\/p>\n\n\n\n<p>Certains travailleurs d\u00e9tach\u00e9s, notamment dans le secteur du b\u00e2timent, sont log\u00e9s dans des conditions insalubres, souvent dans des h\u00e9bergements collectifs \u00e0 proximit\u00e9 des chantiers. De plus, la r\u00e9mun\u00e9ration, bien que conforme \u00e0 la l\u00e9gislation, ne tient pas toujours compte des sp\u00e9cificit\u00e9s locales, cr\u00e9ant ainsi des disparit\u00e9s par rapport aux travailleurs fran\u00e7ais, particuli\u00e8rement dans des r\u00e9gions o\u00f9 le co\u00fbt de la vie est plus \u00e9lev\u00e9.<\/p>\n\n\n\n<h3 class=\"wp-block-heading\">Les abus et le dumping social<\/h3>\n\n\n\n<p>L&#8217;un des principaux d\u00e9fis du <a href=\"https:\/\/atlantis-interim.com\/index.php\/2025\/02\/19\/limpact-du-detachement-des-travailleurs-interimaires-roumains-sur-leconomie-industrielle-francaise\/\" data-internallinksmanager029f6b8e52c=\"27\" title=\"d\u00e9tachement roumain\">d\u00e9tachement<\/a> de travailleurs est le ph\u00e9nom\u00e8ne du &#8220;dumping social&#8221;. Cela se produit lorsque des entreprises \u00e9trang\u00e8res envoient des travailleurs dans un autre pays pour profiter de co\u00fbts de main-d&#8217;\u0153uvre moins \u00e9lev\u00e9s, tout en respectant les minima l\u00e9gaux, mais sans offrir des conditions de travail d\u00e9centes. Les entreprises peu scrupuleuses recourent \u00e0 ces pratiques pour r\u00e9duire leurs co\u00fbts de main-d&#8217;\u0153uvre, souvent au d\u00e9triment de la qualit\u00e9 du travail et des conditions sociales.<\/p>\n\n\n\n<p>En France, le recours \u00e0 des travailleurs d\u00e9tach\u00e9s roumains dans les secteurs du b\u00e2timent et des travaux publics a parfois \u00e9t\u00e9 per\u00e7u comme une forme de concurrence d\u00e9loyale. Les syndicats d\u00e9noncent les pratiques abusives et r\u00e9clament une meilleure r\u00e9gulation de ces <a href=\"https:\/\/atlantis-interim.com\/index.php\/2023\/02\/09\/les-droits-des-travailleurs-temporaires-roumains-en-formation-professionnelle\/\" data-internallinksmanager029f6b8e52c=\"18\" title=\"travailleurs temporaires\">travailleurs temporaires<\/a>.<\/p>\n\n\n\n<h3 class=\"wp-block-heading\">Les r\u00e9ponses l\u00e9gislatives et les mesures de contr\u00f4le<\/h3>\n\n\n\n<p>Face \u00e0 ces probl\u00e9matiques, la France a mis en place plusieurs dispositifs pour encadrer le <a href=\"https:\/\/atlantis-interim.com\/index.php\/2025\/02\/19\/limpact-du-detachement-des-travailleurs-interimaires-roumains-sur-leconomie-industrielle-francaise\/\" data-internallinksmanager029f6b8e52c=\"27\" title=\"d\u00e9tachement roumain\">d\u00e9tachement<\/a> des travailleurs. Depuis 2016, la l\u00e9gislation fran\u00e7aise a renforc\u00e9 les contr\u00f4les et les sanctions contre les abus li\u00e9s au <a href=\"https:\/\/atlantis-interim.com\/index.php\/2025\/02\/19\/limpact-du-detachement-des-travailleurs-interimaires-roumains-sur-leconomie-industrielle-francaise\/\" data-internallinksmanager029f6b8e52c=\"27\" title=\"d\u00e9tachement roumain\">d\u00e9tachement<\/a>. L&#8217;ordonnance de 2016 a permis de faciliter l&#8217;acc\u00e8s des autorit\u00e9s fran\u00e7aises aux documents relatifs aux conditions de travail des d\u00e9tach\u00e9s et de sanctionner plus efficacement les entreprises qui ne respectent pas les r\u00e8gles.<\/p>\n\n\n\n<p>En outre, l&#8217;UE a adopt\u00e9 en 2020 une r\u00e9vision de la directive sur le <a href=\"https:\/\/atlantis-interim.com\/index.php\/2025\/02\/19\/limpact-du-detachement-des-travailleurs-interimaires-roumains-sur-leconomie-industrielle-francaise\/\" data-internallinksmanager029f6b8e52c=\"27\" title=\"d\u00e9tachement roumain\">d\u00e9tachement<\/a> des travailleurs. Celle-ci vise \u00e0 renforcer la protection des travailleurs d\u00e9tach\u00e9s, notamment en mati\u00e8re de r\u00e9mun\u00e9ration, d&#8217;h\u00e9bergement et de couverture sociale. La r\u00e9forme impose \u00e9galement aux entreprises \u00e9trang\u00e8res de se conformer aux conventions collectives locales, notamment en mati\u00e8re de salaires et de conditions de travail, une mesure qui devrait r\u00e9duire le recours abusif au <a href=\"https:\/\/atlantis-interim.com\/index.php\/2025\/02\/19\/limpact-du-detachement-des-travailleurs-interimaires-roumains-sur-leconomie-industrielle-francaise\/\" data-internallinksmanager029f6b8e52c=\"27\" title=\"d\u00e9tachement roumain\">d\u00e9tachement<\/a> pour des pratiques de dumping social.<\/p>\n\n\n\n<h3 class=\"wp-block-heading\">Les perspectives pour l&#8217;avenir<\/h3>\n\n\n\n<figure class=\"wp-block-image size-large\"><img decoding=\"async\" width=\"1024\" height=\"640\" src=\"https:\/\/atlantis-interim.com\/wp-content\/uploads\/2024\/11\/419c45bf0e_121047_applications-agriculteurs-1024x640.jpg\" alt=\"\" class=\"wp-image-5437\" srcset=\"https:\/\/atlantis-interim.com\/wp-content\/uploads\/2024\/11\/419c45bf0e_121047_applications-agriculteurs-1024x640.jpg 1024w, https:\/\/atlantis-interim.com\/wp-content\/uploads\/2024\/11\/419c45bf0e_121047_applications-agriculteurs-300x188.jpg 300w, https:\/\/atlantis-interim.com\/wp-content\/uploads\/2024\/11\/419c45bf0e_121047_applications-agriculteurs-768x480.jpg 768w, https:\/\/atlantis-interim.com\/wp-content\/uploads\/2024\/11\/419c45bf0e_121047_applications-agriculteurs-1536x960.jpg 1536w, https:\/\/atlantis-interim.com\/wp-content\/uploads\/2024\/11\/419c45bf0e_121047_applications-agriculteurs-600x375.jpg 600w, https:\/\/atlantis-interim.com\/wp-content\/uploads\/2024\/11\/419c45bf0e_121047_applications-agriculteurs.jpg 1688w\" sizes=\"(max-width: 1024px) 100vw, 1024px\" \/><\/figure>\n\n\n\n<p>Le <a href=\"https:\/\/atlantis-interim.com\/index.php\/2025\/02\/19\/limpact-du-detachement-des-travailleurs-interimaires-roumains-sur-leconomie-industrielle-francaise\/\" data-internallinksmanager029f6b8e52c=\"27\" title=\"d\u00e9tachement roumain\">d\u00e9tachement<\/a> de <a href=\"https:\/\/atlantis-interim.com\/index.php\/2024\/06\/14\/les-droits-des-travailleurs-roumains-detaches-en-matiere-de-sante-et-securite-au-travail\/\" data-internallinksmanager029f6b8e52c=\"4\" title=\"Travailleurs roumains\">travailleurs roumains<\/a> en France soul\u00e8ve des questions complexes sur l&#8217;\u00e9quilibre entre la libre circulation des travailleurs et la protection des droits sociaux. Alors que la situation reste pr\u00e9occupante dans certains secteurs, des efforts sont faits \u00e0 l&#8217;\u00e9chelle europ\u00e9enne pour am\u00e9liorer la r\u00e9gulation et garantir une plus grande \u00e9quit\u00e9 pour tous les travailleurs, quelle que soit leur origine.<\/p>\n\n\n\n<p>N\u00e9anmoins, le d\u00e9fi demeure : comment concilier les avantages \u00e9conomiques du <a href=\"https:\/\/atlantis-interim.com\/index.php\/2025\/02\/19\/limpact-du-detachement-des-travailleurs-interimaires-roumains-sur-leconomie-industrielle-francaise\/\" data-internallinksmanager029f6b8e52c=\"27\" title=\"d\u00e9tachement roumain\">d\u00e9tachement<\/a> pour les entreprises et la protection des droits des travailleurs pour \u00e9viter les d\u00e9rives li\u00e9es au dumping social ? Il est essentiel que la France et l&#8217;UE continuent \u00e0 surveiller et \u00e0 renforcer la mise en \u0153uvre des lois existantes pour garantir un environnement de travail plus juste et respectueux des droits humains.<\/p>\n\n\n\n<p>En conclusion, les <a href=\"https:\/\/atlantis-interim.com\/index.php\/2024\/06\/14\/les-droits-des-travailleurs-roumains-detaches-en-matiere-de-sante-et-securite-au-travail\/\" data-internallinksmanager029f6b8e52c=\"4\" title=\"Travailleurs roumains\">travailleurs roumains<\/a> d\u00e9tach\u00e9s en France repr\u00e9sentent une r\u00e9alit\u00e9 complexe qui n\u00e9cessite une attention continue pour assurer une concurrence loyale et des conditions de travail dignes. Les r\u00e9formes l\u00e9gislatives r\u00e9centes sont un pas en avant, mais elles doivent \u00eatre accompagn\u00e9es d&#8217;une vigilance accrue pour prot\u00e9ger les droits de ces travailleurs vuln\u00e9rables.<\/p>\n","protected":false},"excerpt":{"rendered":"<p>Depuis l&#8217;\u00e9largissement de l&#8217;Union europ\u00e9enne (UE) en 2007, la France a vu affluer un nombre croissant de travailleurs roumains d\u00e9tach\u00e9s. Ces travailleurs, envoy\u00e9s temporairement par des entreprises roumaines pour effectuer des missions sur le territoire fran\u00e7ais, suscitent de nombreux d\u00e9bats sur les conditions de travail, la concurrence sur le march\u00e9 du travail et les questions&#8230;<\/p>\n","protected":false},"author":1,"featured_media":5437,"comment_status":"open","ping_status":"open","sticky":false,"template":"","format":"standard","meta":{"_monsterinsights_skip_tracking":false,"_monsterinsights_sitenote_active":false,"_monsterinsights_sitenote_note":"","_monsterinsights_sitenote_category":0,"_jetpack_memberships_contains_paid_content":false,"wds_primary_category":0,"footnotes":""},"categories":[1,53],"tags":[],"class_list":["post-5519","post","type-post","status-publish","format-standard","has-post-thumbnail","hentry","category-blog","category-construction","th-blog blog-single has-post-thumbnail"],"aioseo_notices":[],"jetpack_featured_media_url":"https:\/\/atlantis-interim.com\/wp-content\/uploads\/2024\/11\/419c45bf0e_121047_applications-agriculteurs.jpg","jetpack_sharing_enabled":true,"_links":{"self":[{"href":"https:\/\/atlantis-interim.com\/index.php\/wp-json\/wp\/v2\/posts\/5519","targetHints":{"allow":["GET"]}}],"collection":[{"href":"https:\/\/atlantis-interim.com\/index.php\/wp-json\/wp\/v2\/posts"}],"about":[{"href":"https:\/\/atlantis-interim.com\/index.php\/wp-json\/wp\/v2\/types\/post"}],"author":[{"embeddable":true,"href":"https:\/\/atlantis-interim.com\/index.php\/wp-json\/wp\/v2\/users\/1"}],"replies":[{"embeddable":true,"href":"https:\/\/atlantis-interim.com\/index.php\/wp-json\/wp\/v2\/comments?post=5519"}],"version-history":[{"count":1,"href":"https:\/\/atlantis-interim.com\/index.php\/wp-json\/wp\/v2\/posts\/5519\/revisions"}],"predecessor-version":[{"id":5521,"href":"https:\/\/atlantis-interim.com\/index.php\/wp-json\/wp\/v2\/posts\/5519\/revisions\/5521"}],"wp:featuredmedia":[{"embeddable":true,"href":"https:\/\/atlantis-interim.com\/index.php\/wp-json\/wp\/v2\/media\/5437"}],"wp:attachment":[{"href":"https:\/\/atlantis-interim.com\/index.php\/wp-json\/wp\/v2\/media?parent=5519"}],"wp:term":[{"taxonomy":"category","embeddable":true,"href":"https:\/\/atlantis-interim.com\/index.php\/wp-json\/wp\/v2\/categories?post=5519"},{"taxonomy":"post_tag","embeddable":true,"href":"https:\/\/atlantis-interim.com\/index.php\/wp-json\/wp\/v2\/tags?post=5519"}],"curies":[{"name":"wp","href":"https:\/\/api.w.org\/{rel}","templated":true}]}}