{"id":5522,"date":"2025-01-10T05:29:19","date_gmt":"2025-01-10T04:29:19","guid":{"rendered":"https:\/\/atlantis-interim.com\/?p=5522"},"modified":"2025-01-10T05:29:19","modified_gmt":"2025-01-10T04:29:19","slug":"recrutement-de-travailleurs-roumains-detaches-pour-la-france","status":"publish","type":"post","link":"https:\/\/atlantis-interim.com\/index.php\/2025\/01\/10\/recrutement-de-travailleurs-roumains-detaches-pour-la-france\/","title":{"rendered":"Recrutement de Travailleurs Roumains D\u00e9tach\u00e9s pour la France"},"content":{"rendered":"\n<p>Le <a href=\"https:\/\/atlantis-interim.com\/\" data-internallinksmanager029f6b8e52c=\"23\" title=\"recrutement\">recrutement<\/a> de <a href=\"https:\/\/atlantis-interim.com\/index.php\/2024\/06\/14\/les-droits-des-travailleurs-roumains-detaches-en-matiere-de-sante-et-securite-au-travail\/\" data-internallinksmanager029f6b8e52c=\"4\" title=\"Travailleurs roumains\">travailleurs roumains<\/a> d\u00e9tach\u00e9s pour la France est devenu une pratique courante ces derni\u00e8res ann\u00e9es, en particulier dans des secteurs tels que le b\u00e2timent, l&#8217;agriculture, les transports et les services. Ce ph\u00e9nom\u00e8ne a suscit\u00e9 de nombreux d\u00e9bats en raison des enjeux \u00e9conomiques, sociaux et juridiques qu\u2019il soul\u00e8ve.<\/p>\n\n\n\n<h3 class=\"wp-block-heading\">Le D\u00e9tachement : Qu&#8217;est-ce que c&#8217;est ?<\/h3>\n\n\n\n<figure class=\"wp-block-image size-large\"><img fetchpriority=\"high\" decoding=\"async\" width=\"1024\" height=\"683\" src=\"https:\/\/atlantis-interim.com\/wp-content\/uploads\/2024\/11\/CHU-Amiens-Picardie-Institut-de-Formation-de-Techniciens-de-Laboratoire-Medical_IFTLM-Laborantine-1024x683.jpg\" alt=\"\" class=\"wp-image-5421\" srcset=\"https:\/\/atlantis-interim.com\/wp-content\/uploads\/2024\/11\/CHU-Amiens-Picardie-Institut-de-Formation-de-Techniciens-de-Laboratoire-Medical_IFTLM-Laborantine-1024x683.jpg 1024w, https:\/\/atlantis-interim.com\/wp-content\/uploads\/2024\/11\/CHU-Amiens-Picardie-Institut-de-Formation-de-Techniciens-de-Laboratoire-Medical_IFTLM-Laborantine-300x200.jpg 300w, https:\/\/atlantis-interim.com\/wp-content\/uploads\/2024\/11\/CHU-Amiens-Picardie-Institut-de-Formation-de-Techniciens-de-Laboratoire-Medical_IFTLM-Laborantine-768x512.jpg 768w, https:\/\/atlantis-interim.com\/wp-content\/uploads\/2024\/11\/CHU-Amiens-Picardie-Institut-de-Formation-de-Techniciens-de-Laboratoire-Medical_IFTLM-Laborantine-1536x1024.jpg 1536w, https:\/\/atlantis-interim.com\/wp-content\/uploads\/2024\/11\/CHU-Amiens-Picardie-Institut-de-Formation-de-Techniciens-de-Laboratoire-Medical_IFTLM-Laborantine-2048x1365.jpg 2048w, https:\/\/atlantis-interim.com\/wp-content\/uploads\/2024\/11\/CHU-Amiens-Picardie-Institut-de-Formation-de-Techniciens-de-Laboratoire-Medical_IFTLM-Laborantine-600x400.jpg 600w\" sizes=\"(max-width: 1024px) 100vw, 1024px\" \/><\/figure>\n\n\n\n<p>Le <a href=\"https:\/\/atlantis-interim.com\/index.php\/2025\/02\/19\/limpact-du-detachement-des-travailleurs-interimaires-roumains-sur-leconomie-industrielle-francaise\/\" data-internallinksmanager029f6b8e52c=\"27\" title=\"d\u00e9tachement roumain\">d\u00e9tachement<\/a> de travailleurs fait r\u00e9f\u00e9rence \u00e0 la situation dans laquelle un salari\u00e9, employ\u00e9 par une entreprise \u00e9tablie dans un autre pays de l\u2019Union Europ\u00e9enne (UE), est envoy\u00e9 temporairement en France pour y accomplir une mission pr\u00e9cise. Dans le cadre du <a href=\"https:\/\/atlantis-interim.com\/index.php\/2025\/02\/19\/limpact-du-detachement-des-travailleurs-interimaires-roumains-sur-leconomie-industrielle-francaise\/\" data-internallinksmanager029f6b8e52c=\"27\" title=\"d\u00e9tachement roumain\">d\u00e9tachement<\/a> de <a href=\"https:\/\/atlantis-interim.com\/index.php\/2024\/06\/14\/les-droits-des-travailleurs-roumains-detaches-en-matiere-de-sante-et-securite-au-travail\/\" data-internallinksmanager029f6b8e52c=\"4\" title=\"Travailleurs roumains\">travailleurs roumains<\/a>, cela implique que ces derniers conservent leur contrat de travail avec leur employeur en Roumanie, mais sont envoy\u00e9s en France pour une dur\u00e9e limit\u00e9e, tout en \u00e9tant soumis aux r\u00e8gles de s\u00e9curit\u00e9 sociale et aux conditions de travail fran\u00e7aises pendant leur s\u00e9jour.<\/p>\n\n\n\n<h3 class=\"wp-block-heading\">Les Secteurs d&#8217;Activit\u00e9 Concern\u00e9s<\/h3>\n\n\n\n<p>En France, les travailleurs d\u00e9tach\u00e9s roumains sont particuli\u00e8rement pr\u00e9sents dans certains secteurs en forte demande de main-d&#8217;\u0153uvre temporaire, tels que :<\/p>\n\n\n\n<ul class=\"wp-block-list\">\n<li><strong>Le BTP (B\u00e2timent et Travaux Publics)<\/strong> : De nombreuses entreprises fran\u00e7aises, confront\u00e9es \u00e0 une p\u00e9nurie de main-d&#8217;\u0153uvre locale dans ce domaine, se tournent vers des <a href=\"https:\/\/atlantis-interim.com\/index.php\/2024\/06\/14\/les-droits-des-travailleurs-roumains-detaches-en-matiere-de-sante-et-securite-au-travail\/\" data-internallinksmanager029f6b8e52c=\"4\" title=\"Travailleurs roumains\">travailleurs roumains<\/a> d\u00e9tach\u00e9s. Ils interviennent souvent dans la construction, la r\u00e9novation ou les travaux de voirie.<\/li>\n\n\n\n<li><strong>L\u2019Agriculture<\/strong> : L\u2019agriculture fran\u00e7aise, notamment les r\u00e9coltes de fruits et l\u00e9gumes, fait appel \u00e0 des travailleurs d\u00e9tach\u00e9s pendant la haute saison, un besoin qui est souvent combl\u00e9 par des <a href=\"https:\/\/atlantis-interim.com\/index.php\/2025\/02\/17\/les-ouvriers-roumains-dans-lagriculture-biologique-un-levier-pour-une-production-durable-en-europe\/\" data-internallinksmanager029f6b8e52c=\"25\" title=\"ouvriers\">ouvriers<\/a> roumains.<\/li>\n\n\n\n<li><strong>Les Transports et la Logistique<\/strong> : Le secteur du transport de marchandises est \u00e9galement un domaine o\u00f9 le <a href=\"https:\/\/atlantis-interim.com\/index.php\/2025\/02\/19\/limpact-du-detachement-des-travailleurs-interimaires-roumains-sur-leconomie-industrielle-francaise\/\" data-internallinksmanager029f6b8e52c=\"27\" title=\"d\u00e9tachement roumain\">d\u00e9tachement<\/a> est fr\u00e9quent, notamment pour les conducteurs de poids lourds et les travailleurs dans la logistique.<\/li>\n<\/ul>\n\n\n\n<h3 class=\"wp-block-heading\">R\u00e8glementation Europ\u00e9enne et France : Un Cadre Strict<\/h3>\n\n\n\n<figure class=\"wp-block-image size-large\"><img decoding=\"async\" width=\"1024\" height=\"684\" src=\"https:\/\/atlantis-interim.com\/wp-content\/uploads\/2024\/10\/controleur-qualite-1024x684.jpeg\" alt=\"\" class=\"wp-image-5382\" srcset=\"https:\/\/atlantis-interim.com\/wp-content\/uploads\/2024\/10\/controleur-qualite-1024x684.jpeg 1024w, https:\/\/atlantis-interim.com\/wp-content\/uploads\/2024\/10\/controleur-qualite-300x200.jpeg 300w, https:\/\/atlantis-interim.com\/wp-content\/uploads\/2024\/10\/controleur-qualite-768x513.jpeg 768w, https:\/\/atlantis-interim.com\/wp-content\/uploads\/2024\/10\/controleur-qualite-600x401.jpeg 600w, https:\/\/atlantis-interim.com\/wp-content\/uploads\/2024\/10\/controleur-qualite.jpeg 1200w\" sizes=\"(max-width: 1024px) 100vw, 1024px\" \/><\/figure>\n\n\n\n<p>Depuis l\u2019extension de la libre circulation des travailleurs au sein de l\u2019Union Europ\u00e9enne, les travailleurs d\u00e9tach\u00e9s b\u00e9n\u00e9ficient de certains droits, mais \u00e9galement de devoirs.<\/p>\n\n\n\n<ul class=\"wp-block-list\">\n<li><strong>La Directive Europ\u00e9enne 96\/71\/CE<\/strong> : Cette directive encadre les conditions de <a href=\"https:\/\/atlantis-interim.com\/index.php\/2025\/02\/19\/limpact-du-detachement-des-travailleurs-interimaires-roumains-sur-leconomie-industrielle-francaise\/\" data-internallinksmanager029f6b8e52c=\"27\" title=\"d\u00e9tachement roumain\">d\u00e9tachement<\/a> des travailleurs au sein de l\u2019UE. Elle stipule que les travailleurs d\u00e9tach\u00e9s doivent recevoir une r\u00e9mun\u00e9ration \u00e9quivalente \u00e0 celle pr\u00e9vue par la l\u00e9gislation ou la convention collective en vigueur dans le pays d\u2019accueil, ici la France.<\/li>\n\n\n\n<li><strong>La Loi Fran\u00e7aise sur les Travailleurs D\u00e9tach\u00e9s<\/strong> : En France, plusieurs lois et d\u00e9crets ont \u00e9t\u00e9 mis en place pour r\u00e9guler cette pratique. Par exemple, la loi de 2016, dite &#8220;loi travail&#8221;, a renforc\u00e9 les obligations des entreprises fran\u00e7aises employant des travailleurs d\u00e9tach\u00e9s, notamment en termes de d\u00e9claration pr\u00e9alable de <a href=\"https:\/\/atlantis-interim.com\/index.php\/2025\/02\/19\/limpact-du-detachement-des-travailleurs-interimaires-roumains-sur-leconomie-industrielle-francaise\/\" data-internallinksmanager029f6b8e52c=\"27\" title=\"d\u00e9tachement roumain\">d\u00e9tachement<\/a>, de respect des conditions de travail et de s\u00e9curit\u00e9, ainsi que de la transparence des salaires.<\/li>\n\n\n\n<li><strong>Les Contr\u00f4les et Sanctions<\/strong> : Les autorit\u00e9s fran\u00e7aises ont mis en place des contr\u00f4les renforc\u00e9s pour v\u00e9rifier que les travailleurs d\u00e9tach\u00e9s respectent bien la r\u00e9glementation. En cas de manquement, des sanctions financi\u00e8res peuvent \u00eatre appliqu\u00e9es \u00e0 l&#8217;employeur. Cela vise \u00e0 lutter contre les pratiques de dumping social et \u00e0 garantir des conditions de travail d\u00e9centes.<\/li>\n<\/ul>\n\n\n\n<h3 class=\"wp-block-heading\">Les Enjeux Sociaux et \u00c9conomiques<\/h3>\n\n\n\n<p>Le recours aux travailleurs d\u00e9tach\u00e9s roumains soul\u00e8ve plusieurs questions d&#8217;ordre \u00e9conomique et social.<\/p>\n\n\n\n<figure class=\"wp-block-image size-large\"><img decoding=\"async\" width=\"1024\" height=\"683\" src=\"https:\/\/atlantis-interim.com\/wp-content\/uploads\/2024\/10\/a1babcb992c0-ingenieur-procedes-chimie-1024x683.jpg\" alt=\"\" class=\"wp-image-5377\" srcset=\"https:\/\/atlantis-interim.com\/wp-content\/uploads\/2024\/10\/a1babcb992c0-ingenieur-procedes-chimie-1024x683.jpg 1024w, https:\/\/atlantis-interim.com\/wp-content\/uploads\/2024\/10\/a1babcb992c0-ingenieur-procedes-chimie-300x200.jpg 300w, https:\/\/atlantis-interim.com\/wp-content\/uploads\/2024\/10\/a1babcb992c0-ingenieur-procedes-chimie-768x512.jpg 768w, https:\/\/atlantis-interim.com\/wp-content\/uploads\/2024\/10\/a1babcb992c0-ingenieur-procedes-chimie-600x400.jpg 600w, https:\/\/atlantis-interim.com\/wp-content\/uploads\/2024\/10\/a1babcb992c0-ingenieur-procedes-chimie.jpg 1200w\" sizes=\"(max-width: 1024px) 100vw, 1024px\" \/><\/figure>\n\n\n\n<ul class=\"wp-block-list\">\n<li><strong>L&#8217;Impact sur le March\u00e9 de l&#8217;Emploi Local<\/strong> : Si cette pratique permet \u00e0 de nombreuses entreprises fran\u00e7aises d&#8217;att\u00e9nuer les p\u00e9nuries de main-d&#8217;\u0153uvre dans certains secteurs, elle peut aussi \u00eatre per\u00e7ue comme une concurrence d\u00e9loyale par les travailleurs locaux. En effet, certains estiment que les salaires des travailleurs d\u00e9tach\u00e9s sont parfois inf\u00e9rieurs \u00e0 ceux des travailleurs fran\u00e7ais, ce qui pourrait entra\u00eener une pression sur les r\u00e9mun\u00e9rations locales.<\/li>\n\n\n\n<li><strong>Les Conditions de Travail<\/strong> : Bien que les travailleurs d\u00e9tach\u00e9s aient droit \u00e0 des conditions de travail similaires \u00e0 celles des travailleurs fran\u00e7ais, des abus sont parfois signal\u00e9s, comme des horaires excessifs, des conditions de logement pr\u00e9caires ou des salaires non conformes aux normes fran\u00e7aises. Ces situations sont souvent d\u00e9nonc\u00e9es par des syndicats ou des associations de d\u00e9fense des droits des travailleurs.<\/li>\n\n\n\n<li><strong>Les Co\u00fbts pour les Employeurs<\/strong> : Si le recours \u00e0 des travailleurs d\u00e9tach\u00e9s peut sembler attractif en termes de co\u00fbts \u00e0 court terme, il peut aussi engendrer des complications administratives, comme la gestion des d\u00e9clarations sociales et fiscales, ainsi que des risques juridiques en cas de non-respect des obligations l\u00e9gales.<\/li>\n<\/ul>\n\n\n\n<h3 class=\"wp-block-heading\">Les Perspectives de l&#8217;Avenir<\/h3>\n\n\n\n<p>Le <a href=\"https:\/\/atlantis-interim.com\/\" data-internallinksmanager029f6b8e52c=\"23\" title=\"recrutement\">recrutement<\/a> de <a href=\"https:\/\/atlantis-interim.com\/index.php\/2024\/06\/14\/les-droits-des-travailleurs-roumains-detaches-en-matiere-de-sante-et-securite-au-travail\/\" data-internallinksmanager029f6b8e52c=\"4\" title=\"Travailleurs roumains\">travailleurs roumains<\/a> d\u00e9tach\u00e9s pour la France est susceptible d\u2019\u00e9voluer avec l\u2019adaptation des politiques europ\u00e9ennes en mati\u00e8re de <a href=\"https:\/\/atlantis-interim.com\/index.php\/2025\/02\/19\/limpact-du-detachement-des-travailleurs-interimaires-roumains-sur-leconomie-industrielle-francaise\/\" data-internallinksmanager029f6b8e52c=\"27\" title=\"d\u00e9tachement roumain\">d\u00e9tachement<\/a> de travailleurs. Des discussions sont en cours pour harmoniser davantage les r\u00e8gles afin d\u2019\u00e9viter les abus et de garantir une meilleure protection des travailleurs.<\/p>\n\n\n\n<p>Par ailleurs, certains secteurs, comme l\u2019agriculture et la construction, continueront probablement de recourir \u00e0 ce type de main-d&#8217;\u0153uvre dans un futur proche, \u00e0 moins qu\u2019une solution pour am\u00e9liorer la comp\u00e9titivit\u00e9 des travailleurs fran\u00e7ais ou automatiser certaines t\u00e2ches ne soit trouv\u00e9e.<\/p>\n\n\n\n<h3 class=\"wp-block-heading\">Conclusion<\/h3>\n\n\n\n<p>Le <a href=\"https:\/\/atlantis-interim.com\/index.php\/2025\/02\/19\/limpact-du-detachement-des-travailleurs-interimaires-roumains-sur-leconomie-industrielle-francaise\/\" data-internallinksmanager029f6b8e52c=\"27\" title=\"d\u00e9tachement roumain\">d\u00e9tachement<\/a> des <a href=\"https:\/\/atlantis-interim.com\/index.php\/2024\/06\/14\/les-droits-des-travailleurs-roumains-detaches-en-matiere-de-sante-et-securite-au-travail\/\" data-internallinksmanager029f6b8e52c=\"4\" title=\"Travailleurs roumains\">travailleurs roumains<\/a> en France constitue une r\u00e9ponse aux besoins temporaires de main-d&#8217;\u0153uvre dans plusieurs secteurs. Cependant, il soul\u00e8ve des enjeux importants, notamment en mati\u00e8re de conditions de travail et de concurrence sur le march\u00e9 de l\u2019emploi. Si des avanc\u00e9es l\u00e9gislatives ont \u00e9t\u00e9 faites pour mieux encadrer cette pratique, il reste essentiel de veiller \u00e0 ce que les travailleurs d\u00e9tach\u00e9s soient trait\u00e9s de mani\u00e8re \u00e9quitable et que les employeurs respectent scrupuleusement la r\u00e9glementation en vigueur.<\/p>\n","protected":false},"excerpt":{"rendered":"<p>Le recrutement de travailleurs roumains d\u00e9tach\u00e9s pour la France est devenu une pratique courante ces derni\u00e8res ann\u00e9es, en particulier dans des secteurs tels que le b\u00e2timent, l&#8217;agriculture, les transports et les services. Ce ph\u00e9nom\u00e8ne a suscit\u00e9 de nombreux d\u00e9bats en raison des enjeux \u00e9conomiques, sociaux et juridiques qu\u2019il soul\u00e8ve. Le D\u00e9tachement : Qu&#8217;est-ce que c&#8217;est&#8230;<\/p>\n","protected":false},"author":1,"featured_media":5421,"comment_status":"open","ping_status":"open","sticky":false,"template":"","format":"standard","meta":{"_monsterinsights_skip_tracking":false,"_monsterinsights_sitenote_active":false,"_monsterinsights_sitenote_note":"","_monsterinsights_sitenote_category":0,"_jetpack_memberships_contains_paid_content":false,"wds_primary_category":0,"footnotes":""},"categories":[163,1,53,95,87,146],"tags":[160,159,79,175,134,172],"class_list":["post-5522","post","type-post","status-publish","format-standard","has-post-thumbnail","hentry","category-agriculture","category-blog","category-construction","category-industrie","category-logistique-et-distribution","category-sante","tag-agence-de-recrutement-roumanie","tag-agence-interim-europeene","tag-agence-interim-roumanie","tag-agents-de-maintenance-interimaires-roumains","tag-basee-sur-des-capteurs-et-des-donnees-en-temps-reel","tag-canalisateurs-roumains","th-blog blog-single has-post-thumbnail"],"aioseo_notices":[],"jetpack_featured_media_url":"https:\/\/atlantis-interim.com\/wp-content\/uploads\/2024\/11\/CHU-Amiens-Picardie-Institut-de-Formation-de-Techniciens-de-Laboratoire-Medical_IFTLM-Laborantine-scaled.jpg","jetpack_sharing_enabled":true,"_links":{"self":[{"href":"https:\/\/atlantis-interim.com\/index.php\/wp-json\/wp\/v2\/posts\/5522","targetHints":{"allow":["GET"]}}],"collection":[{"href":"https:\/\/atlantis-interim.com\/index.php\/wp-json\/wp\/v2\/posts"}],"about":[{"href":"https:\/\/atlantis-interim.com\/index.php\/wp-json\/wp\/v2\/types\/post"}],"author":[{"embeddable":true,"href":"https:\/\/atlantis-interim.com\/index.php\/wp-json\/wp\/v2\/users\/1"}],"replies":[{"embeddable":true,"href":"https:\/\/atlantis-interim.com\/index.php\/wp-json\/wp\/v2\/comments?post=5522"}],"version-history":[{"count":1,"href":"https:\/\/atlantis-interim.com\/index.php\/wp-json\/wp\/v2\/posts\/5522\/revisions"}],"predecessor-version":[{"id":5526,"href":"https:\/\/atlantis-interim.com\/index.php\/wp-json\/wp\/v2\/posts\/5522\/revisions\/5526"}],"wp:featuredmedia":[{"embeddable":true,"href":"https:\/\/atlantis-interim.com\/index.php\/wp-json\/wp\/v2\/media\/5421"}],"wp:attachment":[{"href":"https:\/\/atlantis-interim.com\/index.php\/wp-json\/wp\/v2\/media?parent=5522"}],"wp:term":[{"taxonomy":"category","embeddable":true,"href":"https:\/\/atlantis-interim.com\/index.php\/wp-json\/wp\/v2\/categories?post=5522"},{"taxonomy":"post_tag","embeddable":true,"href":"https:\/\/atlantis-interim.com\/index.php\/wp-json\/wp\/v2\/tags?post=5522"}],"curies":[{"name":"wp","href":"https:\/\/api.w.org\/{rel}","templated":true}]}}