{"id":5523,"date":"2025-01-13T03:40:13","date_gmt":"2025-01-13T02:40:13","guid":{"rendered":"https:\/\/atlantis-interim.com\/?p=5523"},"modified":"2025-01-13T03:40:13","modified_gmt":"2025-01-13T02:40:13","slug":"linterim-detache","status":"publish","type":"post","link":"https:\/\/atlantis-interim.com\/index.php\/2025\/01\/13\/linterim-detache\/","title":{"rendered":"L&#8217;Int\u00e9rim D\u00e9tach\u00e9"},"content":{"rendered":"\n<p>L&#8217;int\u00e9rim d\u00e9tach\u00e9 est une forme de travail temporaire qui gagne en popularit\u00e9, particuli\u00e8rement dans les secteurs o\u00f9 la flexibilit\u00e9 et la r\u00e9activit\u00e9 sont essentielles. Ce mod\u00e8le permet \u00e0 une entreprise d&#8217;employer un salari\u00e9 \u00e9tranger pour une dur\u00e9e d\u00e9termin\u00e9e, tout en r\u00e9pondant \u00e0 des besoins sp\u00e9cifiques de main-d&#8217;\u0153uvre, tout en maintenant des conditions de travail conformes aux normes locales. Si cette pratique est souvent associ\u00e9e \u00e0 des travailleurs \u00e9trangers, elle pr\u00e9sente des avantages significatifs pour les entreprises comme pour les travailleurs.<\/p>\n\n\n\n<h3 class=\"wp-block-heading\">Qu&#8217;est-ce que l&#8217;Int\u00e9rim D\u00e9tach\u00e9 ?<\/h3>\n\n\n\n<figure class=\"wp-block-image size-large\"><img fetchpriority=\"high\" decoding=\"async\" width=\"720\" height=\"481\" src=\"https:\/\/atlantis-interim.com\/wp-content\/uploads\/2024\/10\/535761_3741550976977_1222282124_3769893_513944312_n.jpg\" alt=\"\" class=\"wp-image-5369\" srcset=\"https:\/\/atlantis-interim.com\/wp-content\/uploads\/2024\/10\/535761_3741550976977_1222282124_3769893_513944312_n.jpg 720w, https:\/\/atlantis-interim.com\/wp-content\/uploads\/2024\/10\/535761_3741550976977_1222282124_3769893_513944312_n-300x200.jpg 300w, https:\/\/atlantis-interim.com\/wp-content\/uploads\/2024\/10\/535761_3741550976977_1222282124_3769893_513944312_n-600x401.jpg 600w\" sizes=\"(max-width: 720px) 100vw, 720px\" \/><\/figure>\n\n\n\n<p>L&#8217;int\u00e9rim d\u00e9tach\u00e9 combine deux concepts du march\u00e9 du travail : l&#8217;int\u00e9rim (ou travail temporaire) et le <a href=\"https:\/\/atlantis-interim.com\/index.php\/2025\/02\/19\/limpact-du-detachement-des-travailleurs-interimaires-roumains-sur-leconomie-industrielle-francaise\/\" data-internallinksmanager029f6b8e52c=\"27\" title=\"d\u00e9tachement roumain\">d\u00e9tachement<\/a> de travailleurs. Un salari\u00e9 est recrut\u00e9 par une entreprise de travail temporaire (ETT) dans son pays d&#8217;origine, puis envoy\u00e9 dans une autre entreprise, souvent dans un autre pays, pour y travailler pendant une p\u00e9riode d\u00e9termin\u00e9e. L\u2019int\u00e9rim d\u00e9tach\u00e9 permet donc \u00e0 une soci\u00e9t\u00e9 d\u2019embaucher un salari\u00e9 en int\u00e9rim, mais sous les r\u00e8gles de <a href=\"https:\/\/atlantis-interim.com\/index.php\/2025\/02\/19\/limpact-du-detachement-des-travailleurs-interimaires-roumains-sur-leconomie-industrielle-francaise\/\" data-internallinksmanager029f6b8e52c=\"27\" title=\"d\u00e9tachement roumain\">d\u00e9tachement<\/a>, ce qui implique que le salari\u00e9 reste sous contrat avec l\u2019agence d\u2019int\u00e9rim de son pays d\u2019origine.<\/p>\n\n\n\n<p>Ce mod\u00e8le est particuli\u00e8rement couramment utilis\u00e9 dans des pays comme la France, qui attirent des travailleurs venant de l\u2019Union Europ\u00e9enne, notamment dans les secteurs du b\u00e2timent, de l\u2019agriculture, du transport ou encore de la logistique.<\/p>\n\n\n\n<h3 class=\"wp-block-heading\">Les Avantages de l&#8217;Int\u00e9rim D\u00e9tach\u00e9 pour les Entreprises<\/h3>\n\n\n\n<ol class=\"wp-block-list\">\n<li><strong>Flexibilit\u00e9 et R\u00e9activit\u00e9<\/strong><br>L&#8217;un des principaux atouts de l\u2019int\u00e9rim d\u00e9tach\u00e9 est sa grande flexibilit\u00e9. Pour les entreprises, cela permet d&#8217;adapter rapidement la main-d&#8217;\u0153uvre \u00e0 des besoins de travail saisonniers, des pics de production ou des projets ponctuels. Par exemple, dans le secteur du BTP ou de l\u2019agriculture, les entreprises peuvent faire face \u00e0 des besoins impr\u00e9vus en main-d&#8217;\u0153uvre, et l\u2019int\u00e9rim d\u00e9tach\u00e9 permet d\u2019y r\u00e9pondre de mani\u00e8re rapide et efficace.<\/li>\n\n\n\n<li><strong>Acc\u00e8s \u00e0 un Large Pool de Talents<\/strong><br>Le recours \u00e0 l\u2019int\u00e9rim d\u00e9tach\u00e9 offre aux entreprises la possibilit\u00e9 d\u2019acc\u00e9der \u00e0 un r\u00e9servoir de talents beaucoup plus large. L&#8217;entreprise peut ainsi choisir parmi des travailleurs qualifi\u00e9s venus d\u2019autres pays, et ce, sans \u00eatre limit\u00e9e par la p\u00e9nurie de main-d&#8217;\u0153uvre locale. Cela peut s\u2019av\u00e9rer crucial dans des secteurs en tension o\u00f9 la demande de travail d\u00e9passe l\u2019offre sur le march\u00e9 local.<\/li>\n\n\n\n<li><strong>R\u00e9duction des Co\u00fbts Administratifs et Juridiques<\/strong><br>En passant par une agence d\u2019int\u00e9rim qui g\u00e8re toutes les d\u00e9marches administratives, les entreprises b\u00e9n\u00e9ficient d\u2019un all\u00e8gement des obligations li\u00e9es \u00e0 l\u2019embauche de travailleurs \u00e9trangers. Les formalit\u00e9s de <a href=\"https:\/\/atlantis-interim.com\/index.php\/2025\/02\/19\/limpact-du-detachement-des-travailleurs-interimaires-roumains-sur-leconomie-industrielle-francaise\/\" data-internallinksmanager029f6b8e52c=\"27\" title=\"d\u00e9tachement roumain\">d\u00e9tachement<\/a> sont prises en charge par l\u2019agence, ce qui permet \u00e0 l\u2019entreprise de se concentrer sur son activit\u00e9 principale sans s\u2019embourber dans les proc\u00e9dures complexes.<\/li>\n\n\n\n<li><strong>Conformit\u00e9 avec la L\u00e9gislation<\/strong><br>L\u2019int\u00e9rim d\u00e9tach\u00e9 garantit que les travailleurs \u00e9trangers sont employ\u00e9s dans le respect des lois locales, ce qui permet d\u2019\u00e9viter les risques juridiques li\u00e9s \u00e0 des pratiques de dumping social. En effet, l&#8217;agence d\u2019int\u00e9rim veille \u00e0 ce que les conditions de travail, les salaires et les avantages sociaux respectent les normes en vigueur dans le pays d\u2019accueil, offrant ainsi une s\u00e9curit\u00e9 juridique \u00e0 l\u2019entreprise.<\/li>\n\n\n\n<li><strong>Solution \u00e0 la P\u00e9nurie de Main-d&#8217;\u0152uvre<\/strong><br>Certaines entreprises, en particulier dans des secteurs comme la construction, les services \u00e0 la personne ou l&#8217;agriculture, se trouvent confront\u00e9es \u00e0 des p\u00e9nuries de <a href=\"https:\/\/atlantis-interim.com\/index.php\/2025\/02\/16\/travail-detache-roumain-dans-la-viticulture-une-main-doeuvre-qualifiee-pour-les-vendanges-et-lentretien-des-vignes\/\" data-internallinksmanager029f6b8e52c=\"21\" title=\"main-d\u2019\u0153uvre qualifi\u00e9e\">main-d&#8217;\u0153uvre qualifi\u00e9e<\/a>. L\u2019int\u00e9rim d\u00e9tach\u00e9 permet de combler ces lacunes, m\u00eame dans des zones g\u00e9ographiques o\u00f9 il est difficile de <a href=\"https:\/\/atlantis-interim.com\/index.php\/2024\/07\/05\/recruter-des-travailleurs-roumains-pour-le-secteur-du-batiment-en-france\/\" data-internallinksmanager029f6b8e52c=\"22\" title=\"recruter\">recruter<\/a> localement, notamment en raison du manque d&#8217;attractivit\u00e9 ou de qualifications sp\u00e9cifiques.<\/li>\n<\/ol>\n\n\n\n<h3 class=\"wp-block-heading\">Les Avantages pour les Travailleurs<\/h3>\n\n\n\n<figure class=\"wp-block-image size-large\"><img decoding=\"async\" width=\"1024\" height=\"683\" src=\"https:\/\/atlantis-interim.com\/wp-content\/uploads\/2024\/11\/ATELIER_LHERMITE-AGRI_24092021-1-scaled-1-1024x683.jpg\" alt=\"\" class=\"wp-image-5443\" srcset=\"https:\/\/atlantis-interim.com\/wp-content\/uploads\/2024\/11\/ATELIER_LHERMITE-AGRI_24092021-1-scaled-1-1024x683.jpg 1024w, https:\/\/atlantis-interim.com\/wp-content\/uploads\/2024\/11\/ATELIER_LHERMITE-AGRI_24092021-1-scaled-1-300x200.jpg 300w, https:\/\/atlantis-interim.com\/wp-content\/uploads\/2024\/11\/ATELIER_LHERMITE-AGRI_24092021-1-scaled-1-768x512.jpg 768w, https:\/\/atlantis-interim.com\/wp-content\/uploads\/2024\/11\/ATELIER_LHERMITE-AGRI_24092021-1-scaled-1-1536x1024.jpg 1536w, https:\/\/atlantis-interim.com\/wp-content\/uploads\/2024\/11\/ATELIER_LHERMITE-AGRI_24092021-1-scaled-1-2048x1366.jpg 2048w, https:\/\/atlantis-interim.com\/wp-content\/uploads\/2024\/11\/ATELIER_LHERMITE-AGRI_24092021-1-scaled-1-600x400.jpg 600w\" sizes=\"(max-width: 1024px) 100vw, 1024px\" \/><\/figure>\n\n\n\n<ol class=\"wp-block-list\">\n<li><strong>Acc\u00e8s \u00e0 de Nouvelles Opportunit\u00e9s Professionnelles<\/strong><br>Les <a href=\"https:\/\/atlantis-interim.com\/index.php\/2025\/02\/21\/lintegration-des-travailleurs-interimaires-roumains-dans-le-tissu-industriel-local-defis-et-solutions\/\" data-internallinksmanager029f6b8e52c=\"20\" title=\"travailleurs int\u00e9rimaires\">travailleurs int\u00e9rimaires<\/a> d\u00e9tach\u00e9s b\u00e9n\u00e9ficient d\u2019opportunit\u00e9s qu\u2019ils ne trouveraient peut-\u00eatre pas dans leur propre pays, notamment dans des secteurs d\u2019activit\u00e9 sp\u00e9cifiques ou des r\u00e9gions g\u00e9ographiques o\u00f9 les possibilit\u00e9s d\u2019emploi sont limit\u00e9es. L&#8217;int\u00e9rim d\u00e9tach\u00e9 peut constituer une porte d\u2019entr\u00e9e vers de nouveaux march\u00e9s du travail, une exp\u00e9rience \u00e0 l&#8217;international et un enrichissement de leur CV.<\/li>\n\n\n\n<li><strong>Meilleures Conditions de Travail<\/strong><br>Le statut de travailleur d\u00e9tach\u00e9 implique que les employ\u00e9s b\u00e9n\u00e9ficient des m\u00eames droits que les travailleurs locaux, en termes de r\u00e9mun\u00e9ration, de s\u00e9curit\u00e9 sociale et de conditions de travail. Cela peut inclure des avantages suppl\u00e9mentaires, comme la couverture sant\u00e9, les cong\u00e9s pay\u00e9s et la prise en charge des frais de d\u00e9placement ou d\u2019h\u00e9bergement dans certains cas.<\/li>\n\n\n\n<li><strong>Exp\u00e9rience Internationale<\/strong><br>Pour de nombreux travailleurs, l\u2019int\u00e9rim d\u00e9tach\u00e9 est une occasion de d\u00e9couvrir de nouveaux pays, d\u2019apprendre de nouvelles langues et de vivre une exp\u00e9rience professionnelle enrichissante \u00e0 l\u2019international. Cette mobilit\u00e9 professionnelle peut \u00e9galement am\u00e9liorer leur employabilit\u00e9, en leur offrant une exp\u00e9rience diversifi\u00e9e et un r\u00e9seau professionnel plus large.<\/li>\n\n\n\n<li><strong>Stabilit\u00e9 et S\u00e9curit\u00e9<\/strong><br>Le travail int\u00e9rimaire d\u00e9tach\u00e9 peut offrir un cadre stable pour les travailleurs, avec un contrat d\u00e9fini et des conditions de travail claires, tout en ayant la possibilit\u00e9 de travailler pour plusieurs entreprises sans avoir \u00e0 chercher constamment de nouvelles opportunit\u00e9s d\u2019emploi.<\/li>\n<\/ol>\n\n\n\n<h3 class=\"wp-block-heading\">Les D\u00e9fis et Limites de l&#8217;Int\u00e9rim D\u00e9tach\u00e9<\/h3>\n\n\n\n<figure class=\"wp-block-image size-large\"><img decoding=\"async\" width=\"900\" height=\"600\" src=\"https:\/\/atlantis-interim.com\/wp-content\/uploads\/2024\/11\/aide-soignante-371.jpg\" alt=\"\" class=\"wp-image-5405\" srcset=\"https:\/\/atlantis-interim.com\/wp-content\/uploads\/2024\/11\/aide-soignante-371.jpg 900w, https:\/\/atlantis-interim.com\/wp-content\/uploads\/2024\/11\/aide-soignante-371-300x200.jpg 300w, https:\/\/atlantis-interim.com\/wp-content\/uploads\/2024\/11\/aide-soignante-371-768x512.jpg 768w, https:\/\/atlantis-interim.com\/wp-content\/uploads\/2024\/11\/aide-soignante-371-600x400.jpg 600w\" sizes=\"(max-width: 900px) 100vw, 900px\" \/><\/figure>\n\n\n\n<p>Bien que l\u2019int\u00e9rim d\u00e9tach\u00e9 pr\u00e9sente de nombreux avantages, il existe \u00e9galement des d\u00e9fis \u00e0 surmonter. L&#8217;un des plus grands obstacles r\u00e9side dans la gestion des diff\u00e9rences culturelles et linguistiques, qui peuvent compliquer l\u2019int\u00e9gration des travailleurs dans certaines entreprises. De plus, des abus ou des conditions de travail pr\u00e9caires peuvent parfois \u00eatre observ\u00e9s, malgr\u00e9 la r\u00e9glementation en place pour prot\u00e9ger les travailleurs d\u00e9tach\u00e9s.<\/p>\n\n\n\n<p>Enfin, certains secteurs et syndicats critiquent parfois cette forme d\u2019emploi pour ses effets potentiels sur les salaires locaux et la qualit\u00e9 de l\u2019emploi dans le pays d\u2019accueil. L\u2019int\u00e9rim d\u00e9tach\u00e9 peut en effet entra\u00eener une pression sur les salaires et les conditions de travail, en particulier lorsque des entreprises cherchent \u00e0 r\u00e9duire leurs co\u00fbts en faisant appel \u00e0 des travailleurs \u00e9trangers.<\/p>\n\n\n\n<h3 class=\"wp-block-heading\">Conclusion<\/h3>\n\n\n\n<p>L\u2019int\u00e9rim d\u00e9tach\u00e9 constitue un mod\u00e8le de travail qui offre des avantages substantiels tant pour les entreprises que pour les travailleurs. Il permet aux entreprises de r\u00e9pondre rapidement \u00e0 leurs besoins en main-d&#8217;\u0153uvre tout en b\u00e9n\u00e9ficiant d&#8217;une gestion simplifi\u00e9e des aspects administratifs et juridiques. Pour les travailleurs, il repr\u00e9sente une chance d&#8217;acc\u00e9der \u00e0 de nouvelles opportunit\u00e9s professionnelles, des conditions de travail prot\u00e9g\u00e9es et une exp\u00e9rience enrichissante. Cependant, il reste important de veiller \u00e0 l\u2019\u00e9quilibre entre flexibilit\u00e9 et respect des droits sociaux afin de garantir des conditions de travail \u00e9quitables pour tous.<\/p>\n\n\n\n<p><\/p>\n","protected":false},"excerpt":{"rendered":"<p>L&#8217;int\u00e9rim d\u00e9tach\u00e9 est une forme de travail temporaire qui gagne en popularit\u00e9, particuli\u00e8rement dans les secteurs o\u00f9 la flexibilit\u00e9 et la r\u00e9activit\u00e9 sont essentielles. Ce mod\u00e8le permet \u00e0 une entreprise d&#8217;employer un salari\u00e9 \u00e9tranger pour une dur\u00e9e d\u00e9termin\u00e9e, tout en r\u00e9pondant \u00e0 des besoins sp\u00e9cifiques de main-d&#8217;\u0153uvre, tout en maintenant des conditions de travail conformes&#8230;<\/p>\n","protected":false},"author":1,"featured_media":5443,"comment_status":"open","ping_status":"open","sticky":false,"template":"","format":"standard","meta":{"_monsterinsights_skip_tracking":false,"_monsterinsights_sitenote_active":false,"_monsterinsights_sitenote_note":"","_monsterinsights_sitenote_category":0,"_jetpack_memberships_contains_paid_content":false,"wds_primary_category":0,"footnotes":""},"categories":[163,1,53,95,87,146],"tags":[176,141,173,139,171,92,147,169,143,155,151,82,150],"class_list":["post-5523","post","type-post","status-publish","format-standard","has-post-thumbnail","hentry","category-agriculture","category-blog","category-construction","category-industrie","category-logistique-et-distribution","category-sante","tag-chauffeurs-roumains-en-detachement","tag-chefs-datelier-roumains","tag-chefs-de-quai-logistique-roumains","tag-electriciens-industriels","tag-geometres-roumains","tag-grutiers-roumains","tag-infirmieres-et-infirmiers-roumains","tag-ingenieurs-en-batiment","tag-ingenieurs-roumains-en-genie-chimique","tag-interim-detache","tag-interim-etranger","tag-interimaire-roumain","tag-interimaires-roumains","th-blog blog-single has-post-thumbnail"],"aioseo_notices":[],"jetpack_featured_media_url":"https:\/\/atlantis-interim.com\/wp-content\/uploads\/2024\/11\/ATELIER_LHERMITE-AGRI_24092021-1-scaled-1.jpg","jetpack_sharing_enabled":true,"_links":{"self":[{"href":"https:\/\/atlantis-interim.com\/index.php\/wp-json\/wp\/v2\/posts\/5523","targetHints":{"allow":["GET"]}}],"collection":[{"href":"https:\/\/atlantis-interim.com\/index.php\/wp-json\/wp\/v2\/posts"}],"about":[{"href":"https:\/\/atlantis-interim.com\/index.php\/wp-json\/wp\/v2\/types\/post"}],"author":[{"embeddable":true,"href":"https:\/\/atlantis-interim.com\/index.php\/wp-json\/wp\/v2\/users\/1"}],"replies":[{"embeddable":true,"href":"https:\/\/atlantis-interim.com\/index.php\/wp-json\/wp\/v2\/comments?post=5523"}],"version-history":[{"count":1,"href":"https:\/\/atlantis-interim.com\/index.php\/wp-json\/wp\/v2\/posts\/5523\/revisions"}],"predecessor-version":[{"id":5527,"href":"https:\/\/atlantis-interim.com\/index.php\/wp-json\/wp\/v2\/posts\/5523\/revisions\/5527"}],"wp:featuredmedia":[{"embeddable":true,"href":"https:\/\/atlantis-interim.com\/index.php\/wp-json\/wp\/v2\/media\/5443"}],"wp:attachment":[{"href":"https:\/\/atlantis-interim.com\/index.php\/wp-json\/wp\/v2\/media?parent=5523"}],"wp:term":[{"taxonomy":"category","embeddable":true,"href":"https:\/\/atlantis-interim.com\/index.php\/wp-json\/wp\/v2\/categories?post=5523"},{"taxonomy":"post_tag","embeddable":true,"href":"https:\/\/atlantis-interim.com\/index.php\/wp-json\/wp\/v2\/tags?post=5523"}],"curies":[{"name":"wp","href":"https:\/\/api.w.org\/{rel}","templated":true}]}}