{"id":5524,"date":"2025-02-27T21:45:00","date_gmt":"2025-02-27T20:45:00","guid":{"rendered":"https:\/\/atlantis-interim.com\/?p=5524"},"modified":"2025-02-28T17:57:36","modified_gmt":"2025-02-28T16:57:36","slug":"le-professionnalisme-des-travailleurs-roumains","status":"publish","type":"post","link":"https:\/\/atlantis-interim.com\/index.php\/2025\/02\/27\/le-professionnalisme-des-travailleurs-roumains\/","title":{"rendered":"Le Professionnalisme des Travailleurs Roumains"},"content":{"rendered":"\n<p>Le march\u00e9 du travail europ\u00e9en b\u00e9n\u00e9ficie depuis plusieurs ann\u00e9es de la pr\u00e9sence de <a href=\"https:\/\/atlantis-interim.com\/index.php\/2024\/06\/14\/les-droits-des-travailleurs-roumains-detaches-en-matiere-de-sante-et-securite-au-travail\/\" data-internallinksmanager029f6b8e52c=\"4\" title=\"Travailleurs roumains\">travailleurs roumains<\/a>, reconnus pour leur professionnalisme, leur savoir-faire et leur \u00e9thique de travail. Ce ph\u00e9nom\u00e8ne est particuli\u00e8rement visible dans des secteurs comme la construction, l\u2019agriculture, le transport, l\u2019industrie et les services, o\u00f9 les <a href=\"https:\/\/atlantis-interim.com\/index.php\/2024\/06\/14\/les-droits-des-travailleurs-roumains-detaches-en-matiere-de-sante-et-securite-au-travail\/\" data-internallinksmanager029f6b8e52c=\"4\" title=\"Travailleurs roumains\">travailleurs roumains<\/a> contribuent activement au d\u00e9veloppement des entreprises et au renforcement de l\u2019\u00e9conomie dans de nombreux pays, dont la France.<\/p>\n\n\n\n<figure class=\"wp-block-image size-large\"><img fetchpriority=\"high\" decoding=\"async\" width=\"1024\" height=\"576\" src=\"https:\/\/atlantis-interim.com\/wp-content\/uploads\/2024\/11\/ZX3YKIUVBZDWTADNBRYXDDT2FI-1024x576.avif\" alt=\"\" class=\"wp-image-5428\" srcset=\"https:\/\/atlantis-interim.com\/wp-content\/uploads\/2024\/11\/ZX3YKIUVBZDWTADNBRYXDDT2FI-1024x576.avif 1024w, https:\/\/atlantis-interim.com\/wp-content\/uploads\/2024\/11\/ZX3YKIUVBZDWTADNBRYXDDT2FI-300x169.avif 300w, https:\/\/atlantis-interim.com\/wp-content\/uploads\/2024\/11\/ZX3YKIUVBZDWTADNBRYXDDT2FI-768x432.avif 768w, https:\/\/atlantis-interim.com\/wp-content\/uploads\/2024\/11\/ZX3YKIUVBZDWTADNBRYXDDT2FI-391x220.avif 391w, https:\/\/atlantis-interim.com\/wp-content\/uploads\/2024\/11\/ZX3YKIUVBZDWTADNBRYXDDT2FI-600x338.avif 600w, https:\/\/atlantis-interim.com\/wp-content\/uploads\/2024\/11\/ZX3YKIUVBZDWTADNBRYXDDT2FI.avif 1216w\" sizes=\"(max-width: 1024px) 100vw, 1024px\" \/><\/figure>\n\n\n\n<h3 class=\"wp-block-heading\">Des Comp\u00e9tences Vari\u00e9es et Valoris\u00e9<\/h3>\n\n\n\n<p>L\u2019un des atouts majeurs des <a href=\"https:\/\/atlantis-interim.com\/index.php\/2024\/06\/14\/les-droits-des-travailleurs-roumains-detaches-en-matiere-de-sante-et-securite-au-travail\/\" data-internallinksmanager029f6b8e52c=\"4\" title=\"Travailleurs roumains\">travailleurs roumains<\/a> r\u00e9side dans la diversit\u00e9 de leurs comp\u00e9tences et dans leur capacit\u00e9 \u00e0 s\u2019adapter \u00e0 une large gamme de m\u00e9tiers. En effet, le syst\u00e8me \u00e9ducatif roumain, qui met l&#8217;accent sur l&#8217;enseignement technique et professionnel, forme chaque ann\u00e9e des milliers de jeunes dans des secteurs aussi vari\u00e9s que la m\u00e9canique, l&#8217;informatique, l&#8217;\u00e9lectricit\u00e9, la construction, la menuiserie, ou encore les m\u00e9tiers de la sant\u00e9 et des services. De plus, une grande partie des <a href=\"https:\/\/atlantis-interim.com\/index.php\/2024\/06\/14\/les-droits-des-travailleurs-roumains-detaches-en-matiere-de-sante-et-securite-au-travail\/\" data-internallinksmanager029f6b8e52c=\"4\" title=\"Travailleurs roumains\">travailleurs roumains<\/a> b\u00e9n\u00e9ficie de formations continues et de certifications reconnues \u00e0 l\u2019\u00e9chelle europ\u00e9enne.<\/p>\n\n\n\n<p>Cette diversit\u00e9 de comp\u00e9tences permet aux <a href=\"https:\/\/atlantis-interim.com\/index.php\/2024\/06\/14\/les-droits-des-travailleurs-roumains-detaches-en-matiere-de-sante-et-securite-au-travail\/\" data-internallinksmanager029f6b8e52c=\"4\" title=\"Travailleurs roumains\">travailleurs roumains<\/a> de r\u00e9pondre aux besoins sp\u00e9cifiques des entreprises dans diff\u00e9rents pays, avec des qualifications adapt\u00e9es aux exigences locales. En France, par exemple, les <a href=\"https:\/\/atlantis-interim.com\/index.php\/2024\/06\/14\/les-droits-des-travailleurs-roumains-detaches-en-matiere-de-sante-et-securite-au-travail\/\" data-internallinksmanager029f6b8e52c=\"4\" title=\"Travailleurs roumains\">travailleurs roumains<\/a> sont particuli\u00e8rement sollicit\u00e9s dans le secteur du b\u00e2timent, o\u00f9 leurs comp\u00e9tences en ma\u00e7onnerie, \u00e9lectricit\u00e9 et plomberie sont particuli\u00e8rement recherch\u00e9es.<\/p>\n\n\n\n<h3 class=\"wp-block-heading\">Une Forte \u00c9thique de Travail et une Grande Flexibilit\u00e9<\/h3>\n\n\n\n<p>Les <a href=\"https:\/\/atlantis-interim.com\/index.php\/2024\/06\/14\/les-droits-des-travailleurs-roumains-detaches-en-matiere-de-sante-et-securite-au-travail\/\" data-internallinksmanager029f6b8e52c=\"4\" title=\"Travailleurs roumains\">travailleurs roumains<\/a> sont souvent per\u00e7us comme des employ\u00e9s tr\u00e8s fiables et rigoureux. Leur \u00e9thique de travail repose sur plusieurs principes qui les rendent particuli\u00e8rement appr\u00e9ci\u00e9s par les employeurs :<\/p>\n\n\n\n<ol class=\"wp-block-list\">\n<li><strong>Assiduit\u00e9 et ponctualit\u00e9<\/strong> : Les <a href=\"https:\/\/atlantis-interim.com\/index.php\/2024\/06\/14\/les-droits-des-travailleurs-roumains-detaches-en-matiere-de-sante-et-securite-au-travail\/\" data-internallinksmanager029f6b8e52c=\"4\" title=\"Travailleurs roumains\">travailleurs roumains<\/a> sont r\u00e9put\u00e9s pour leur s\u00e9rieux et leur respect des horaires de travail. Ils font preuve d\u2019une grande assiduit\u00e9 et sont souvent appr\u00e9ci\u00e9s pour leur fiabilit\u00e9 et leur ponctualit\u00e9 sur les chantiers et dans les entreprises.<\/li>\n\n\n\n<li><strong>Capacit\u00e9 \u00e0 travailler sous pression<\/strong> : Dans des secteurs exigeants comme le BTP ou l\u2019agriculture, o\u00f9 les d\u00e9lais peuvent \u00eatre serr\u00e9s et les conditions de travail difficiles, les <a href=\"https:\/\/atlantis-interim.com\/index.php\/2024\/06\/14\/les-droits-des-travailleurs-roumains-detaches-en-matiere-de-sante-et-securite-au-travail\/\" data-internallinksmanager029f6b8e52c=\"4\" title=\"Travailleurs roumains\">travailleurs roumains<\/a> s&#8217;adaptent rapidement et font preuve d&#8217;une forte r\u00e9silience. Leur capacit\u00e9 \u00e0 respecter les \u00e9ch\u00e9ances et \u00e0 produire un travail de qualit\u00e9, m\u00eame dans des contextes de stress, est un gage de professionnalisme.<\/li>\n\n\n\n<li><strong>Flexibilit\u00e9 et mobilit\u00e9<\/strong> : La mobilit\u00e9 g\u00e9ographique des <a href=\"https:\/\/atlantis-interim.com\/index.php\/2024\/06\/14\/les-droits-des-travailleurs-roumains-detaches-en-matiere-de-sante-et-securite-au-travail\/\" data-internallinksmanager029f6b8e52c=\"4\" title=\"Travailleurs roumains\">travailleurs roumains<\/a> est un autre aspect de leur professionnalisme. Pr\u00eats \u00e0 travailler dans diff\u00e9rents pays, souvent dans des r\u00e9gions o\u00f9 la main-d&#8217;\u0153uvre locale est insuffisante, ils apportent une grande souplesse aux entreprises qui recrutent.<\/li>\n\n\n\n<li><strong>Respect des normes et des r\u00e8gles<\/strong> : En raison de leur formation et de leur exp\u00e9rience professionnelle, les <a href=\"https:\/\/atlantis-interim.com\/index.php\/2024\/06\/14\/les-droits-des-travailleurs-roumains-detaches-en-matiere-de-sante-et-securite-au-travail\/\" data-internallinksmanager029f6b8e52c=\"4\" title=\"Travailleurs roumains\">travailleurs roumains<\/a> sont habitu\u00e9s \u00e0 respecter les normes de s\u00e9curit\u00e9 et de qualit\u00e9 dans leurs missions. Ce respect des r\u00e8gles garantit une ex\u00e9cution pr\u00e9cise et s\u00e9curitaire des t\u00e2ches.<\/li>\n<\/ol>\n\n\n\n<h3 class=\"wp-block-heading\">Adaptabilit\u00e9 Culturelle et Multilinguisme<\/h3>\n\n\n\n<figure class=\"wp-block-image size-large\"><img decoding=\"async\" width=\"1024\" height=\"680\" src=\"https:\/\/atlantis-interim.com\/wp-content\/uploads\/2024\/10\/process-1024x680.jpg\" alt=\"\" class=\"wp-image-5378\" srcset=\"https:\/\/atlantis-interim.com\/wp-content\/uploads\/2024\/10\/process-1024x680.jpg 1024w, https:\/\/atlantis-interim.com\/wp-content\/uploads\/2024\/10\/process-300x199.jpg 300w, https:\/\/atlantis-interim.com\/wp-content\/uploads\/2024\/10\/process-768x510.jpg 768w, https:\/\/atlantis-interim.com\/wp-content\/uploads\/2024\/10\/process-1536x1020.jpg 1536w, https:\/\/atlantis-interim.com\/wp-content\/uploads\/2024\/10\/process-600x398.jpg 600w, https:\/\/atlantis-interim.com\/wp-content\/uploads\/2024\/10\/process.jpg 1700w\" sizes=\"(max-width: 1024px) 100vw, 1024px\" \/><figcaption class=\"wp-element-caption\">Ing\u00e9nieurs Roumains en G\u00e9nie Chimique<\/figcaption><\/figure>\n\n\n\n<p>Un autre aspect qui contribue au professionnalisme des <a href=\"https:\/\/atlantis-interim.com\/index.php\/2024\/06\/14\/les-droits-des-travailleurs-roumains-detaches-en-matiere-de-sante-et-securite-au-travail\/\" data-internallinksmanager029f6b8e52c=\"4\" title=\"Travailleurs roumains\">travailleurs roumains<\/a> est leur capacit\u00e9 \u00e0 s\u2019adapter \u00e0 des environnements culturels divers. En effet, une large majorit\u00e9 de <a href=\"https:\/\/atlantis-interim.com\/index.php\/2024\/06\/14\/les-droits-des-travailleurs-roumains-detaches-en-matiere-de-sante-et-securite-au-travail\/\" data-internallinksmanager029f6b8e52c=\"4\" title=\"Travailleurs roumains\">travailleurs roumains<\/a>, surtout ceux qui migrent pour travailler dans d\u2019autres pays europ\u00e9ens, parle plusieurs langues, dont l&#8217;anglais, le fran\u00e7ais, ou l&#8217;italien. Cette comp\u00e9tence linguistique permet une meilleure communication avec les employeurs et les coll\u00e8gues et facilite l\u2019int\u00e9gration dans des \u00e9quipes multiculturelles.<\/p>\n\n\n\n<p>De plus, les <a href=\"https:\/\/atlantis-interim.com\/index.php\/2024\/06\/14\/les-droits-des-travailleurs-roumains-detaches-en-matiere-de-sante-et-securite-au-travail\/\" data-internallinksmanager029f6b8e52c=\"4\" title=\"Travailleurs roumains\">travailleurs roumains<\/a> sont g\u00e9n\u00e9ralement ouverts aux diff\u00e9rences culturelles et savent s&#8217;adapter rapidement aux exigences locales tout en respectant les pratiques professionnelles du pays d&#8217;accueil. Cela fait d\u2019eux des collaborateurs particuli\u00e8rement appr\u00e9ci\u00e9s dans un contexte international.<\/p>\n\n\n\n<h3 class=\"wp-block-heading\">Une Bonne R\u00e9putation dans des Secteurs Pr\u00e9cis<\/h3>\n\n\n\n<p>Dans des secteurs comme la construction, l\u2019agriculture, la restauration ou les soins \u00e0 domicile, les <a href=\"https:\/\/atlantis-interim.com\/index.php\/2024\/06\/14\/les-droits-des-travailleurs-roumains-detaches-en-matiere-de-sante-et-securite-au-travail\/\" data-internallinksmanager029f6b8e52c=\"4\" title=\"Travailleurs roumains\">travailleurs roumains<\/a> sont souvent associ\u00e9s \u00e0 des qualit\u00e9s de comp\u00e9tence et de professionnalisme qui les rendent tr\u00e8s recherch\u00e9s. Par exemple :<\/p>\n\n\n\n<ul class=\"wp-block-list\">\n<li><strong>Le secteur de la construction<\/strong> : La pr\u00e9sence de <a href=\"https:\/\/atlantis-interim.com\/index.php\/2024\/06\/14\/les-droits-des-travailleurs-roumains-detaches-en-matiere-de-sante-et-securite-au-travail\/\" data-internallinksmanager029f6b8e52c=\"4\" title=\"Travailleurs roumains\">travailleurs roumains<\/a> dans le secteur du BTP est bien \u00e9tablie. Leur formation technique, leur expertise dans les m\u00e9tiers du b\u00e2timent et leur grande capacit\u00e9 \u00e0 travailler de mani\u00e8re autonome ou en \u00e9quipe sont des \u00e9l\u00e9ments qui jouent en leur faveur.<\/li>\n\n\n\n<li><strong>L\u2019agriculture<\/strong> : En raison de la demande saisonni\u00e8re, la <a href=\"https:\/\/atlantis-interim.com\/\" data-type=\"page\" data-id=\"17\">main-d&#8217;\u0153uvre roumaine<\/a> est tr\u00e8s pr\u00e9sente dans les exploitations agricoles, notamment pour la r\u00e9colte de fruits et l\u00e9gumes. Les <a href=\"https:\/\/atlantis-interim.com\/index.php\/2024\/06\/14\/les-droits-des-travailleurs-roumains-detaches-en-matiere-de-sante-et-securite-au-travail\/\" data-internallinksmanager029f6b8e52c=\"4\" title=\"Travailleurs roumains\">travailleurs roumains<\/a> sont r\u00e9put\u00e9s pour leur endurance et leur efficacit\u00e9 sur le terrain, m\u00eame dans des conditions de travail difficiles.<\/li>\n\n\n\n<li><strong>Les soins \u00e0 domicile<\/strong> : Les <a href=\"https:\/\/atlantis-interim.com\/index.php\/2024\/06\/14\/les-droits-des-travailleurs-roumains-detaches-en-matiere-de-sante-et-securite-au-travail\/\" data-internallinksmanager029f6b8e52c=\"4\" title=\"Travailleurs roumains\">travailleurs roumains<\/a>, notamment les femmes, sont \u00e9galement nombreux dans les m\u00e9tiers du soin \u00e0 la personne. Leur d\u00e9vouement et leur sens de l\u2019\u00e9coute sont particuli\u00e8rement appr\u00e9ci\u00e9s, et leur capacit\u00e9 \u00e0 fournir des soins de qualit\u00e9 tout en respectant les normes en vigueur fait d&#8217;eux des soignants tr\u00e8s recherch\u00e9s.<\/li>\n<\/ul>\n\n\n\n<h3 class=\"wp-block-heading\">Les D\u00e9fis du Professionnalisme des Travailleurs Roumains<\/h3>\n\n\n\n<figure class=\"wp-block-image size-large\"><img decoding=\"async\" width=\"1024\" height=\"683\" src=\"https:\/\/atlantis-interim.com\/wp-content\/uploads\/2024\/09\/competences-dun-cariste-scaled-1-1024x683.jpg\" alt=\"\" class=\"wp-image-5270\" srcset=\"https:\/\/atlantis-interim.com\/wp-content\/uploads\/2024\/09\/competences-dun-cariste-scaled-1-1024x683.jpg 1024w, https:\/\/atlantis-interim.com\/wp-content\/uploads\/2024\/09\/competences-dun-cariste-scaled-1-300x200.jpg 300w, https:\/\/atlantis-interim.com\/wp-content\/uploads\/2024\/09\/competences-dun-cariste-scaled-1-768x512.jpg 768w, https:\/\/atlantis-interim.com\/wp-content\/uploads\/2024\/09\/competences-dun-cariste-scaled-1-1536x1024.jpg 1536w, https:\/\/atlantis-interim.com\/wp-content\/uploads\/2024\/09\/competences-dun-cariste-scaled-1-2048x1366.jpg 2048w, https:\/\/atlantis-interim.com\/wp-content\/uploads\/2024\/09\/competences-dun-cariste-scaled-1-600x400.jpg 600w\" sizes=\"(max-width: 1024px) 100vw, 1024px\" \/><figcaption class=\"wp-element-caption\">Caristes Roumains<\/figcaption><\/figure>\n\n\n\n<p>Bien que les <a href=\"https:\/\/atlantis-interim.com\/index.php\/2024\/06\/14\/les-droits-des-travailleurs-roumains-detaches-en-matiere-de-sante-et-securite-au-travail\/\" data-internallinksmanager029f6b8e52c=\"4\" title=\"Travailleurs roumains\">travailleurs roumains<\/a> soient largement reconnus pour leur professionnalisme, des d\u00e9fis persistent, notamment en ce qui concerne la reconnaissance de leurs qualifications \u00e0 l&#8217;\u00e9chelle internationale. Dans certains pays, la reconnaissance des dipl\u00f4mes ou des certificats roumains peut \u00eatre un obstacle \u00e0 l\u2019acc\u00e8s \u00e0 certaines professions, ce qui peut entra\u00eener des frustrations pour les travailleurs eux-m\u00eames. De plus, malgr\u00e9 leur s\u00e9rieux et leur professionnalisme, certains <a href=\"https:\/\/atlantis-interim.com\/index.php\/2024\/06\/14\/les-droits-des-travailleurs-roumains-detaches-en-matiere-de-sante-et-securite-au-travail\/\" data-internallinksmanager029f6b8e52c=\"4\" title=\"Travailleurs roumains\">travailleurs roumains<\/a> sont parfois confront\u00e9s \u00e0 des conditions de travail pr\u00e9caires ou \u00e0 des discriminations en raison de leur nationalit\u00e9.<\/p>\n\n\n\n<h3 class=\"wp-block-heading\">Conclusion<\/h3>\n\n\n\n<p>Le professionnalisme des <a href=\"https:\/\/atlantis-interim.com\/index.php\/2024\/06\/14\/les-droits-des-travailleurs-roumains-detaches-en-matiere-de-sante-et-securite-au-travail\/\" data-internallinksmanager029f6b8e52c=\"4\" title=\"Travailleurs roumains\">travailleurs roumains<\/a> est incontestable et constitue un atout pr\u00e9cieux pour les entreprises qui les emploient. Gr\u00e2ce \u00e0 leur formation technique de qualit\u00e9, leur \u00e9thique de travail rigoureuse et leur flexibilit\u00e9, ces travailleurs apportent une v\u00e9ritable valeur ajout\u00e9e dans de nombreux secteurs \u00e9conomiques. Ils sont particuli\u00e8rement recherch\u00e9s pour leur capacit\u00e9 \u00e0 s&#8217;adapter aux exigences locales et \u00e0 travailler dans des environnements multiculturels. Toutefois, des efforts sont n\u00e9cessaires pour am\u00e9liorer la reconnaissance de leurs qualifications et garantir des<a href=\"https:\/\/atlantis-interim.com\/index.php\/2024\/12\/06\/conditions-de-travail-des-interimaires-roumains-en-france\/\" data-type=\"post\" data-id=\"5467\"> conditions de travail<\/a> justes et \u00e9gales pour tous.<\/p>\n","protected":false},"excerpt":{"rendered":"<p>Le professionnalisme des travailleurs roumains : comp\u00e9tence, flexibilit\u00e9 et efficacit\u00e9 pour r\u00e9pondre aux besoins sp\u00e9cifiques des entreprises europ\u00e9ennes. <\/p>\n","protected":false},"author":1,"featured_media":5270,"comment_status":"open","ping_status":"open","sticky":false,"template":"","format":"standard","meta":{"_monsterinsights_skip_tracking":false,"_monsterinsights_sitenote_active":false,"_monsterinsights_sitenote_note":"","_monsterinsights_sitenote_category":0,"_jetpack_memberships_contains_paid_content":false,"wds_primary_category":0,"footnotes":""},"categories":[163,1,53,95,87,146],"tags":[160,159,79,157,175,172,91,141,152,139,171,170,147,98,78],"class_list":["post-5524","post","type-post","status-publish","format-standard","has-post-thumbnail","hentry","category-agriculture","category-blog","category-construction","category-industrie","category-logistique-et-distribution","category-sante","tag-agence-de-recrutement-roumanie","tag-agence-interim-europeene","tag-agence-interim-roumanie","tag-agence-interim-travailleur-etranger","tag-agents-de-maintenance-interimaires-roumains","tag-canalisateurs-roumains","tag-caristes-roumains","tag-chefs-datelier-roumains","tag-detachement-roumain","tag-electriciens-industriels","tag-geometres-roumains","tag-grutiers-roumains-interimaires","tag-infirmieres-et-infirmiers-roumains","tag-ingenieurs-roumains-detaches","tag-interim-roumanie","th-blog blog-single has-post-thumbnail"],"aioseo_notices":[],"jetpack_featured_media_url":"https:\/\/atlantis-interim.com\/wp-content\/uploads\/2024\/09\/competences-dun-cariste-scaled-1.jpg","jetpack_sharing_enabled":true,"_links":{"self":[{"href":"https:\/\/atlantis-interim.com\/index.php\/wp-json\/wp\/v2\/posts\/5524","targetHints":{"allow":["GET"]}}],"collection":[{"href":"https:\/\/atlantis-interim.com\/index.php\/wp-json\/wp\/v2\/posts"}],"about":[{"href":"https:\/\/atlantis-interim.com\/index.php\/wp-json\/wp\/v2\/types\/post"}],"author":[{"embeddable":true,"href":"https:\/\/atlantis-interim.com\/index.php\/wp-json\/wp\/v2\/users\/1"}],"replies":[{"embeddable":true,"href":"https:\/\/atlantis-interim.com\/index.php\/wp-json\/wp\/v2\/comments?post=5524"}],"version-history":[{"count":2,"href":"https:\/\/atlantis-interim.com\/index.php\/wp-json\/wp\/v2\/posts\/5524\/revisions"}],"predecessor-version":[{"id":5648,"href":"https:\/\/atlantis-interim.com\/index.php\/wp-json\/wp\/v2\/posts\/5524\/revisions\/5648"}],"wp:featuredmedia":[{"embeddable":true,"href":"https:\/\/atlantis-interim.com\/index.php\/wp-json\/wp\/v2\/media\/5270"}],"wp:attachment":[{"href":"https:\/\/atlantis-interim.com\/index.php\/wp-json\/wp\/v2\/media?parent=5524"}],"wp:term":[{"taxonomy":"category","embeddable":true,"href":"https:\/\/atlantis-interim.com\/index.php\/wp-json\/wp\/v2\/categories?post=5524"},{"taxonomy":"post_tag","embeddable":true,"href":"https:\/\/atlantis-interim.com\/index.php\/wp-json\/wp\/v2\/tags?post=5524"}],"curies":[{"name":"wp","href":"https:\/\/api.w.org\/{rel}","templated":true}]}}