{"id":5531,"date":"2025-01-18T00:47:47","date_gmt":"2025-01-17T23:47:47","guid":{"rendered":"https:\/\/atlantis-interim.com\/?p=5531"},"modified":"2025-01-18T00:47:47","modified_gmt":"2025-01-17T23:47:47","slug":"les-defis-de-lintegration-des-travailleurs-interimaires-dans-les-equipes-de-sante","status":"publish","type":"post","link":"https:\/\/atlantis-interim.com\/index.php\/2025\/01\/18\/les-defis-de-lintegration-des-travailleurs-interimaires-dans-les-equipes-de-sante\/","title":{"rendered":"Les d\u00e9fis de l\u2019int\u00e9gration des travailleurs int\u00e9rimaires dans les \u00e9quipes de sant\u00e9"},"content":{"rendered":"\n<p>L&#8217;int\u00e9gration des <a href=\"https:\/\/atlantis-interim.com\/index.php\/2025\/02\/21\/lintegration-des-travailleurs-interimaires-roumains-dans-le-tissu-industriel-local-defis-et-solutions\/\" data-internallinksmanager029f6b8e52c=\"20\" title=\"travailleurs int\u00e9rimaires\">travailleurs int\u00e9rimaires<\/a> dans les \u00e9quipes de sant\u00e9 repr\u00e9sente un enjeu majeur pour les \u00e9tablissements de sant\u00e9, particuli\u00e8rement dans un contexte de p\u00e9nurie de main-d\u2019\u0153uvre et de surcharge de travail. Si l\u2019int\u00e9rim permet de r\u00e9pondre rapidement aux besoins en personnel, il soul\u00e8ve des d\u00e9fis significatifs en termes d&#8217;int\u00e9gration au sein des \u00e9quipes, de continuit\u00e9 des soins et de gestion des ressources humaines. Les <a href=\"https:\/\/atlantis-interim.com\/index.php\/2025\/02\/25\/les-conditions-de-travail-des-interimaires-roumains-dans-lindustrie-realites-et-defis\/\" data-internallinksmanager029f6b8e52c=\"26\" title=\"int\u00e9rimaires\">int\u00e9rimaires<\/a>, bien qu\u2019ils soient g\u00e9n\u00e9ralement qualifi\u00e9s, doivent faire face \u00e0 un environnement complexe et sp\u00e9cifique, ce qui peut affecter leur capacit\u00e9 \u00e0 s\u2019int\u00e9grer efficacement au sein des \u00e9quipes de travail existantes. Cet article explore les principaux d\u00e9fis associ\u00e9s \u00e0 l\u2019int\u00e9gration des <a href=\"https:\/\/atlantis-interim.com\/index.php\/2025\/02\/21\/lintegration-des-travailleurs-interimaires-roumains-dans-le-tissu-industriel-local-defis-et-solutions\/\" data-internallinksmanager029f6b8e52c=\"20\" title=\"travailleurs int\u00e9rimaires\">travailleurs int\u00e9rimaires<\/a> dans les \u00e9quipes de sant\u00e9 et propose des pistes pour surmonter ces difficult\u00e9s.<\/p>\n\n\n\n<h3 class=\"wp-block-heading\">1. <strong>Les d\u00e9fis de l\u2019int\u00e9gration des int\u00e9rimaires dans les \u00e9quipes de sant\u00e9<\/strong><\/h3>\n\n\n\n<figure class=\"wp-block-image size-large\"><img fetchpriority=\"high\" decoding=\"async\" width=\"1024\" height=\"683\" src=\"https:\/\/atlantis-interim.com\/wp-content\/uploads\/2024\/11\/COPY_istock-1209858343-1631538074-1024x683.jpg\" alt=\"\" class=\"wp-image-5413\" srcset=\"https:\/\/atlantis-interim.com\/wp-content\/uploads\/2024\/11\/COPY_istock-1209858343-1631538074-1024x683.jpg 1024w, https:\/\/atlantis-interim.com\/wp-content\/uploads\/2024\/11\/COPY_istock-1209858343-1631538074-300x200.jpg 300w, https:\/\/atlantis-interim.com\/wp-content\/uploads\/2024\/11\/COPY_istock-1209858343-1631538074-768x512.jpg 768w, https:\/\/atlantis-interim.com\/wp-content\/uploads\/2024\/11\/COPY_istock-1209858343-1631538074-600x400.jpg 600w, https:\/\/atlantis-interim.com\/wp-content\/uploads\/2024\/11\/COPY_istock-1209858343-1631538074.jpg 1254w\" sizes=\"(max-width: 1024px) 100vw, 1024px\" \/><\/figure>\n\n\n\n<h4 class=\"wp-block-heading\">a) La coh\u00e9sion et la dynamique de groupe<\/h4>\n\n\n\n<p>L&#8217;un des principaux d\u00e9fis de l&#8217;int\u00e9gration des <a href=\"https:\/\/atlantis-interim.com\/index.php\/2025\/02\/21\/lintegration-des-travailleurs-interimaires-roumains-dans-le-tissu-industriel-local-defis-et-solutions\/\" data-internallinksmanager029f6b8e52c=\"20\" title=\"travailleurs int\u00e9rimaires\">travailleurs int\u00e9rimaires<\/a> dans les \u00e9quipes de sant\u00e9 r\u00e9side dans la perturbation de la coh\u00e9sion et de la dynamique de groupe. Les \u00e9quipes de soins sont souvent des groupes tr\u00e8s soud\u00e9s, o\u00f9 la communication fluide et la confiance mutuelle sont essentielles pour assurer une prise en charge de qualit\u00e9 des patients. L&#8217;arriv\u00e9e d&#8217;un int\u00e9rimaire, qui n&#8217;est pas familier avec les processus, les protocoles et la culture de l&#8217;\u00e9quipe, peut cr\u00e9er des tensions et des d\u00e9s\u00e9quilibres.<\/p>\n\n\n\n<p>Les membres permanents de l\u2019\u00e9quipe peuvent percevoir l\u2019int\u00e9rimaire comme un intrus, ce qui peut entra\u00eener des r\u00e9ticences \u00e0 partager des informations essentielles ou \u00e0 lui accorder une place dans les \u00e9changes. De plus, les <a href=\"https:\/\/atlantis-interim.com\/index.php\/2025\/02\/25\/les-conditions-de-travail-des-interimaires-roumains-dans-lindustrie-realites-et-defis\/\" data-internallinksmanager029f6b8e52c=\"26\" title=\"int\u00e9rimaires\">int\u00e9rimaires<\/a> peuvent \u00e9prouver des difficult\u00e9s \u00e0 s&#8217;adapter \u00e0 une \u00e9quipe d\u00e9j\u00e0 bien structur\u00e9e, ce qui rend leur int\u00e9gration plus complexe.<\/p>\n\n\n\n<h4 class=\"wp-block-heading\">b) Le manque de familiarit\u00e9 avec les protocoles et proc\u00e9dures internes<\/h4>\n\n\n\n<p>Chaque \u00e9tablissement de sant\u00e9 poss\u00e8de des proc\u00e9dures, des protocoles et des outils de travail qui lui sont propres. Les <a href=\"https:\/\/atlantis-interim.com\/index.php\/2025\/02\/21\/lintegration-des-travailleurs-interimaires-roumains-dans-le-tissu-industriel-local-defis-et-solutions\/\" data-internallinksmanager029f6b8e52c=\"20\" title=\"travailleurs int\u00e9rimaires\">travailleurs int\u00e9rimaires<\/a>, bien qu\u2019ils soient souvent comp\u00e9tents, doivent se familiariser avec ces sp\u00e9cificit\u00e9s dans un d\u00e9lai tr\u00e8s court. Cela peut inclure la gestion des dossiers m\u00e9dicaux, les protocoles de traitement, les syst\u00e8mes de communication interne, ou encore les normes de s\u00e9curit\u00e9.<\/p>\n\n\n\n<p>Un manque de familiarit\u00e9 avec ces \u00e9l\u00e9ments peut entra\u00eener des erreurs de pratique, des incoh\u00e9rences dans la prise en charge des patients, et une baisse de la qualit\u00e9 des soins. De plus, les <a href=\"https:\/\/atlantis-interim.com\/index.php\/2025\/02\/25\/les-conditions-de-travail-des-interimaires-roumains-dans-lindustrie-realites-et-defis\/\" data-internallinksmanager029f6b8e52c=\"26\" title=\"int\u00e9rimaires\">int\u00e9rimaires<\/a> peuvent avoir du mal \u00e0 comprendre et \u00e0 respecter la culture organisationnelle de l\u2019\u00e9tablissement, ce qui peut affecter leur capacit\u00e9 \u00e0 travailler en \u00e9quipe et \u00e0 int\u00e9grer efficacement les processus internes.<\/p>\n\n\n\n<h4 class=\"wp-block-heading\">c) Le risque de rupture dans la communication<\/h4>\n\n\n\n<p>La communication est un \u00e9l\u00e9ment cl\u00e9 dans la prise en charge des patients. Lorsqu&#8217;un int\u00e9rimaire rejoint une \u00e9quipe, il peut y avoir un risque de rupture dans la communication, notamment lors des \u00e9changes de informations entre professionnels de sant\u00e9. Les <a href=\"https:\/\/atlantis-interim.com\/index.php\/2025\/02\/25\/les-conditions-de-travail-des-interimaires-roumains-dans-lindustrie-realites-et-defis\/\" data-internallinksmanager029f6b8e52c=\"26\" title=\"int\u00e9rimaires\">int\u00e9rimaires<\/a>, qui n&#8217;ont pas l&#8217;habitude de travailler avec l&#8217;\u00e9quipe en place, peuvent avoir du mal \u00e0 s&#8217;int\u00e9grer dans les r\u00e9unions de coordination, \u00e0 comprendre la mani\u00e8re dont les informations sont partag\u00e9es, ou \u00e0 ma\u00eetriser les outils de communication internes.<\/p>\n\n\n\n<p>De plus, le passage de relais entre un int\u00e9rimaire et un membre permanent de l\u2019\u00e9quipe peut parfois \u00eatre mal g\u00e9r\u00e9, avec des informations importantes non transmises ou mal interpr\u00e9t\u00e9es, ce qui peut affecter la prise en charge des patients.<\/p>\n\n\n\n<h4 class=\"wp-block-heading\">d) L&#8217;adaptation \u00e0 la gestion du stress et des urgences<\/h4>\n\n\n\n<p>Les \u00e9tablissements de sant\u00e9 sont des environnements stressants, avec des situations d&#8217;urgence fr\u00e9quentes, des d\u00e9lais courts, et une pression constante pour fournir des soins de qualit\u00e9. Les <a href=\"https:\/\/atlantis-interim.com\/index.php\/2025\/02\/21\/lintegration-des-travailleurs-interimaires-roumains-dans-le-tissu-industriel-local-defis-et-solutions\/\" data-internallinksmanager029f6b8e52c=\"20\" title=\"travailleurs int\u00e9rimaires\">travailleurs int\u00e9rimaires<\/a>, qui peuvent ne pas \u00eatre familiers avec la dynamique sp\u00e9cifique de l\u2019\u00e9tablissement, peuvent \u00e9prouver des difficult\u00e9s \u00e0 g\u00e9rer ce stress, particuli\u00e8rement dans des situations critiques o\u00f9 des d\u00e9cisions rapides doivent \u00eatre prises.<\/p>\n\n\n\n<p>Le manque de connaissance de l\u2019\u00e9quipe et des protocoles d\u2019urgence peut aggraver ce stress et affecter la capacit\u00e9 de l\u2019int\u00e9rimaire \u00e0 intervenir efficacement. D&#8217;autre part, l\u2019incertitude li\u00e9e \u00e0 la dur\u00e9e de leur mission peut engendrer une anxi\u00e9t\u00e9 suppl\u00e9mentaire, limitant leur investissement \u00e9motionnel et professionnel dans leur r\u00f4le.<\/p>\n\n\n\n<h4 class=\"wp-block-heading\">e) La continuit\u00e9 des soins et le suivi des patients<\/h4>\n\n\n\n<p>Un autre d\u00e9fi important r\u00e9side dans la continuit\u00e9 des soins. Les <a href=\"https:\/\/atlantis-interim.com\/index.php\/2025\/02\/25\/les-conditions-de-travail-des-interimaires-roumains-dans-lindustrie-realites-et-defis\/\" data-internallinksmanager029f6b8e52c=\"26\" title=\"int\u00e9rimaires\">int\u00e9rimaires<\/a> \u00e9tant souvent pr\u00e9sents pour une p\u00e9riode d\u00e9termin\u00e9e, ils ne connaissent pas toujours l\u2019historique complet des patients ni les traitements en cours. Cela peut entra\u00eener des ruptures dans la continuit\u00e9 des soins, en particulier pour les patients suivis sur le long terme ou dans des situations complexes.<\/p>\n\n\n\n<p>Les <a href=\"https:\/\/atlantis-interim.com\/index.php\/2025\/02\/25\/les-conditions-de-travail-des-interimaires-roumains-dans-lindustrie-realites-et-defis\/\" data-internallinksmanager029f6b8e52c=\"26\" title=\"int\u00e9rimaires\">int\u00e9rimaires<\/a>, m\u00eame s\u2019ils sont qualifi\u00e9s, peuvent manquer de connaissance sur les particularit\u00e9s des dossiers m\u00e9dicaux et des traitements personnalis\u00e9s. Si la passation d\u2019informations n\u2019est pas correctement assur\u00e9e, cela peut avoir un impact n\u00e9gatif sur l\u2019\u00e9volution de la prise en charge et sur la s\u00e9curit\u00e9 du patient.<\/p>\n\n\n\n<h3 class=\"wp-block-heading\">2. <strong>Les solutions pour une meilleure int\u00e9gration des int\u00e9rimaires<\/strong><\/h3>\n\n\n\n<figure class=\"wp-block-image size-large\"><img decoding=\"async\" width=\"1024\" height=\"671\" src=\"https:\/\/atlantis-interim.com\/wp-content\/uploads\/2024\/11\/SAGE-FEMME-1024x671.png\" alt=\"\" class=\"wp-image-5412\" srcset=\"https:\/\/atlantis-interim.com\/wp-content\/uploads\/2024\/11\/SAGE-FEMME-1024x671.png 1024w, https:\/\/atlantis-interim.com\/wp-content\/uploads\/2024\/11\/SAGE-FEMME-300x197.png 300w, https:\/\/atlantis-interim.com\/wp-content\/uploads\/2024\/11\/SAGE-FEMME-768x503.png 768w, https:\/\/atlantis-interim.com\/wp-content\/uploads\/2024\/11\/SAGE-FEMME-600x393.png 600w, https:\/\/atlantis-interim.com\/wp-content\/uploads\/2024\/11\/SAGE-FEMME.png 1324w\" sizes=\"(max-width: 1024px) 100vw, 1024px\" \/><\/figure>\n\n\n\n<p>Bien que l\u2019int\u00e9gration des <a href=\"https:\/\/atlantis-interim.com\/index.php\/2025\/02\/21\/lintegration-des-travailleurs-interimaires-roumains-dans-le-tissu-industriel-local-defis-et-solutions\/\" data-internallinksmanager029f6b8e52c=\"20\" title=\"travailleurs int\u00e9rimaires\">travailleurs int\u00e9rimaires<\/a> dans les \u00e9quipes de sant\u00e9 soit un d\u00e9fi, il existe plusieurs strat\u00e9gies pour favoriser une int\u00e9gration r\u00e9ussie et garantir une qualit\u00e9 de soins optimale.<\/p>\n\n\n\n<h4 class=\"wp-block-heading\">a) Mettre en place un processus d\u2019int\u00e9gration structur\u00e9<\/h4>\n\n\n\n<p>Un processus d\u2019int\u00e9gration bien d\u00e9fini est essentiel pour que les <a href=\"https:\/\/atlantis-interim.com\/index.php\/2025\/02\/25\/les-conditions-de-travail-des-interimaires-roumains-dans-lindustrie-realites-et-defis\/\" data-internallinksmanager029f6b8e52c=\"26\" title=\"int\u00e9rimaires\">int\u00e9rimaires<\/a> puissent rapidement se familiariser avec les proc\u00e9dures internes et les attentes de l\u2019\u00e9tablissement. Cela peut inclure des sessions d&#8217;accueil et de formation sp\u00e9cifiques sur les protocoles de soins, les outils de gestion des patients, les syst\u00e8mes de communication et les normes de s\u00e9curit\u00e9. Il est \u00e9galement important que les <a href=\"https:\/\/atlantis-interim.com\/index.php\/2025\/02\/25\/les-conditions-de-travail-des-interimaires-roumains-dans-lindustrie-realites-et-defis\/\" data-internallinksmanager029f6b8e52c=\"26\" title=\"int\u00e9rimaires\">int\u00e9rimaires<\/a> re\u00e7oivent des informations sur la culture organisationnelle de l\u2019\u00e9tablissement et qu&#8217;ils soient accompagn\u00e9s par des coll\u00e8gues permanents pour faciliter leur int\u00e9gration.<\/p>\n\n\n\n<h4 class=\"wp-block-heading\">b) Encourager la communication et les \u00e9changes r\u00e9guliers<\/h4>\n\n\n\n<p>Pour surmonter le risque de rupture dans la communication, il est essentiel de mettre en place des m\u00e9canismes permettant aux <a href=\"https:\/\/atlantis-interim.com\/index.php\/2025\/02\/25\/les-conditions-de-travail-des-interimaires-roumains-dans-lindustrie-realites-et-defis\/\" data-internallinksmanager029f6b8e52c=\"26\" title=\"int\u00e9rimaires\">int\u00e9rimaires<\/a> de s\u2019int\u00e9grer pleinement dans les \u00e9changes et les processus de coordination. Cela peut inclure des r\u00e9unions r\u00e9guli\u00e8res d\u2019\u00e9quipe o\u00f9 les <a href=\"https:\/\/atlantis-interim.com\/index.php\/2025\/02\/25\/les-conditions-de-travail-des-interimaires-roumains-dans-lindustrie-realites-et-defis\/\" data-internallinksmanager029f6b8e52c=\"26\" title=\"int\u00e9rimaires\">int\u00e9rimaires<\/a> peuvent poser des questions, \u00e9changer sur les cas en cours, et comprendre les priorit\u00e9s du service.<\/p>\n\n\n\n<p>Un syst\u00e8me de passation d\u2019informations bien structur\u00e9, qui inclut des rapports d\u00e9taill\u00e9s sur l\u2019\u00e9tat des patients et les traitements en cours, peut \u00e9galement aider \u00e0 assurer une continuit\u00e9 de la prise en charge entre les membres de l\u2019\u00e9quipe et les <a href=\"https:\/\/atlantis-interim.com\/index.php\/2025\/02\/25\/les-conditions-de-travail-des-interimaires-roumains-dans-lindustrie-realites-et-defis\/\" data-internallinksmanager029f6b8e52c=\"26\" title=\"int\u00e9rimaires\">int\u00e9rimaires<\/a>.<\/p>\n\n\n\n<h4 class=\"wp-block-heading\">c) Cr\u00e9er un environnement de travail collaboratif et inclusif<\/h4>\n\n\n\n<p>L\u2019int\u00e9gration des <a href=\"https:\/\/atlantis-interim.com\/index.php\/2025\/02\/25\/les-conditions-de-travail-des-interimaires-roumains-dans-lindustrie-realites-et-defis\/\" data-internallinksmanager029f6b8e52c=\"26\" title=\"int\u00e9rimaires\">int\u00e9rimaires<\/a> est facilit\u00e9e lorsqu\u2019ils sont consid\u00e9r\u00e9s comme des membres \u00e0 part enti\u00e8re de l\u2019\u00e9quipe soignante. Il est important de favoriser une culture de collaboration, o\u00f9 les permanents et les <a href=\"https:\/\/atlantis-interim.com\/index.php\/2025\/02\/25\/les-conditions-de-travail-des-interimaires-roumains-dans-lindustrie-realites-et-defis\/\" data-internallinksmanager029f6b8e52c=\"26\" title=\"int\u00e9rimaires\">int\u00e9rimaires<\/a> travaillent ensemble dans un esprit d\u2019entraide et de soutien. Les \u00e9quipes doivent \u00eatre encourag\u00e9es \u00e0 partager leurs connaissances et \u00e0 soutenir les <a href=\"https:\/\/atlantis-interim.com\/index.php\/2025\/02\/25\/les-conditions-de-travail-des-interimaires-roumains-dans-lindustrie-realites-et-defis\/\" data-internallinksmanager029f6b8e52c=\"26\" title=\"int\u00e9rimaires\">int\u00e9rimaires<\/a> dans leur adaptation aux sp\u00e9cificit\u00e9s de l\u2019\u00e9tablissement.<\/p>\n\n\n\n<p>Des actions de mentorat ou de parrainage peuvent \u00eatre mises en place, o\u00f9 un membre exp\u00e9riment\u00e9 de l\u2019\u00e9quipe guide l\u2019int\u00e9rimaire dans ses premi\u00e8res semaines de travail. Cela permet de renforcer la confiance mutuelle et de favoriser une int\u00e9gration plus fluide.<\/p>\n\n\n\n<h4 class=\"wp-block-heading\">d) Assurer un suivi r\u00e9gulier et un accompagnement personnalis\u00e9<\/h4>\n\n\n\n<p>Pour garantir une int\u00e9gration r\u00e9ussie, un suivi r\u00e9gulier des <a href=\"https:\/\/atlantis-interim.com\/index.php\/2025\/02\/25\/les-conditions-de-travail-des-interimaires-roumains-dans-lindustrie-realites-et-defis\/\" data-internallinksmanager029f6b8e52c=\"26\" title=\"int\u00e9rimaires\">int\u00e9rimaires<\/a> est essentiel. Cela permet de d\u00e9tecter rapidement les \u00e9ventuelles difficult\u00e9s rencontr\u00e9es, qu\u2019elles soient li\u00e9es \u00e0 la charge de travail, \u00e0 la gestion du stress, ou \u00e0 la compr\u00e9hension des protocoles. Un accompagnement personnalis\u00e9, o\u00f9 les <a href=\"https:\/\/atlantis-interim.com\/index.php\/2025\/02\/25\/les-conditions-de-travail-des-interimaires-roumains-dans-lindustrie-realites-et-defis\/\" data-internallinksmanager029f6b8e52c=\"26\" title=\"int\u00e9rimaires\">int\u00e9rimaires<\/a> peuvent exprimer leurs pr\u00e9occupations et poser des questions, est crucial pour \u00e9viter qu\u2019ils se sentent isol\u00e9s ou mal pr\u00e9par\u00e9s.<\/p>\n\n\n\n<figure class=\"wp-block-image size-large\"><img decoding=\"async\" width=\"1024\" height=\"683\" src=\"https:\/\/atlantis-interim.com\/wp-content\/uploads\/2024\/11\/medical-lab-1024x683.jpg\" alt=\"\" class=\"wp-image-5423\" srcset=\"https:\/\/atlantis-interim.com\/wp-content\/uploads\/2024\/11\/medical-lab-1024x683.jpg 1024w, https:\/\/atlantis-interim.com\/wp-content\/uploads\/2024\/11\/medical-lab-300x200.jpg 300w, https:\/\/atlantis-interim.com\/wp-content\/uploads\/2024\/11\/medical-lab-768x512.jpg 768w, https:\/\/atlantis-interim.com\/wp-content\/uploads\/2024\/11\/medical-lab-600x400.jpg 600w, https:\/\/atlantis-interim.com\/wp-content\/uploads\/2024\/11\/medical-lab.jpg 1500w\" sizes=\"(max-width: 1024px) 100vw, 1024px\" \/><\/figure>\n\n\n\n<h4 class=\"wp-block-heading\">e) Optimiser la gestion des absences et des passages de relais<\/h4>\n\n\n\n<p>Enfin, pour am\u00e9liorer la continuit\u00e9 des soins et limiter les interruptions dans le suivi des patients, il est essentiel d\u2019optimiser la gestion des absences et des passages de relais. Les <a href=\"https:\/\/atlantis-interim.com\/index.php\/2025\/02\/25\/les-conditions-de-travail-des-interimaires-roumains-dans-lindustrie-realites-et-defis\/\" data-internallinksmanager029f6b8e52c=\"26\" title=\"int\u00e9rimaires\">int\u00e9rimaires<\/a> doivent avoir acc\u00e8s \u00e0 des dossiers m\u00e9dicaux \u00e0 jour et d\u00e9taill\u00e9s, et des points r\u00e9guliers doivent \u00eatre organis\u00e9s pour \u00e9changer sur l\u2019\u00e9tat des patients et les traitements en cours. Le passage d\u2019informations doit \u00eatre structur\u00e9 de mani\u00e8re \u00e0 garantir qu\u2019aucune donn\u00e9e importante ne soit n\u00e9glig\u00e9e, ce qui est particuli\u00e8rement crucial dans les services de soins intensifs, d\u2019urgence ou de r\u00e9animation.<\/p>\n\n\n\n<h3 class=\"wp-block-heading\">3. <strong>Conclusion<\/strong><\/h3>\n\n\n\n<p>L\u2019int\u00e9gration des <a href=\"https:\/\/atlantis-interim.com\/index.php\/2025\/02\/21\/lintegration-des-travailleurs-interimaires-roumains-dans-le-tissu-industriel-local-defis-et-solutions\/\" data-internallinksmanager029f6b8e52c=\"20\" title=\"travailleurs int\u00e9rimaires\">travailleurs int\u00e9rimaires<\/a> dans les \u00e9quipes de sant\u00e9 repr\u00e9sente un d\u00e9fi complexe, mais pas insurmontable. En mettant en place des strat\u00e9gies efficaces pour faciliter l\u2019int\u00e9gration, la communication, et la gestion des soins, les \u00e9tablissements de sant\u00e9 peuvent minimiser les risques associ\u00e9s \u00e0 l\u2019int\u00e9rim et assurer une prise en charge de qualit\u00e9 pour les patients. Il est essentiel que les \u00e9tablissements investissent dans des processus d\u2019int\u00e9gration rigoureux, favorisent la collaboration entre les <a href=\"https:\/\/atlantis-interim.com\/index.php\/2025\/02\/25\/les-conditions-de-travail-des-interimaires-roumains-dans-lindustrie-realites-et-defis\/\" data-internallinksmanager029f6b8e52c=\"26\" title=\"int\u00e9rimaires\">int\u00e9rimaires<\/a> et les permanents, et offrent un accompagnement continu pour garantir que les soins prodigu\u00e9s soient constants et adapt\u00e9s aux besoins des patients. L\u2019int\u00e9rim peut ainsi devenir un atout pour la gestion des ressources humaines dans le secteur de la sant\u00e9, \u00e0 condition d\u2019\u00eatre bien encadr\u00e9 et g\u00e9r\u00e9 de mani\u00e8re proactive.<\/p>\n","protected":false},"excerpt":{"rendered":"<p>L&#8217;int\u00e9gration des travailleurs int\u00e9rimaires dans les \u00e9quipes de sant\u00e9 repr\u00e9sente un enjeu majeur pour les \u00e9tablissements de sant\u00e9, particuli\u00e8rement dans un contexte de p\u00e9nurie de main-d\u2019\u0153uvre et de surcharge de travail. Si l\u2019int\u00e9rim permet de r\u00e9pondre rapidement aux besoins en personnel, il soul\u00e8ve des d\u00e9fis significatifs en termes d&#8217;int\u00e9gration au sein des \u00e9quipes, de continuit\u00e9&#8230;<\/p>\n","protected":false},"author":1,"featured_media":5411,"comment_status":"open","ping_status":"open","sticky":false,"template":"","format":"standard","meta":{"_monsterinsights_skip_tracking":false,"_monsterinsights_sitenote_active":false,"_monsterinsights_sitenote_note":"","_monsterinsights_sitenote_category":0,"_jetpack_memberships_contains_paid_content":false,"wds_primary_category":0,"footnotes":""},"categories":[1,146],"tags":[160,159,157,155,151,153,82,150,83,84,156,168,158],"class_list":["post-5531","post","type-post","status-publish","format-standard","has-post-thumbnail","hentry","category-blog","category-sante","tag-agence-de-recrutement-roumanie","tag-agence-interim-europeene","tag-agence-interim-travailleur-etranger","tag-interim-detache","tag-interim-etranger","tag-interim-etranger-roumain","tag-interimaire-roumain","tag-interimaires-roumains","tag-travail-detache","tag-travail-detache-roumanie","tag-travailleur-temporaire-roumain","tag-travailleurs-detaches-roumains-menuisiers","tag-travaillleur-detache-roumain","th-blog blog-single has-post-thumbnail"],"aioseo_notices":[],"jetpack_featured_media_url":"https:\/\/atlantis-interim.com\/wp-content\/uploads\/2024\/11\/sagefemme.jpg","jetpack_sharing_enabled":true,"_links":{"self":[{"href":"https:\/\/atlantis-interim.com\/index.php\/wp-json\/wp\/v2\/posts\/5531","targetHints":{"allow":["GET"]}}],"collection":[{"href":"https:\/\/atlantis-interim.com\/index.php\/wp-json\/wp\/v2\/posts"}],"about":[{"href":"https:\/\/atlantis-interim.com\/index.php\/wp-json\/wp\/v2\/types\/post"}],"author":[{"embeddable":true,"href":"https:\/\/atlantis-interim.com\/index.php\/wp-json\/wp\/v2\/users\/1"}],"replies":[{"embeddable":true,"href":"https:\/\/atlantis-interim.com\/index.php\/wp-json\/wp\/v2\/comments?post=5531"}],"version-history":[{"count":1,"href":"https:\/\/atlantis-interim.com\/index.php\/wp-json\/wp\/v2\/posts\/5531\/revisions"}],"predecessor-version":[{"id":5542,"href":"https:\/\/atlantis-interim.com\/index.php\/wp-json\/wp\/v2\/posts\/5531\/revisions\/5542"}],"wp:featuredmedia":[{"embeddable":true,"href":"https:\/\/atlantis-interim.com\/index.php\/wp-json\/wp\/v2\/media\/5411"}],"wp:attachment":[{"href":"https:\/\/atlantis-interim.com\/index.php\/wp-json\/wp\/v2\/media?parent=5531"}],"wp:term":[{"taxonomy":"category","embeddable":true,"href":"https:\/\/atlantis-interim.com\/index.php\/wp-json\/wp\/v2\/categories?post=5531"},{"taxonomy":"post_tag","embeddable":true,"href":"https:\/\/atlantis-interim.com\/index.php\/wp-json\/wp\/v2\/tags?post=5531"}],"curies":[{"name":"wp","href":"https:\/\/api.w.org\/{rel}","templated":true}]}}