{"id":5534,"date":"2025-01-08T20:58:59","date_gmt":"2025-01-08T19:58:59","guid":{"rendered":"https:\/\/atlantis-interim.com\/index.php\/2025\/01\/08\/linterim-medical-face-aux-penuries-de-professionnels-de-sante\/"},"modified":"2025-01-08T20:58:59","modified_gmt":"2025-01-08T19:58:59","slug":"linterim-medical-face-aux-penuries-de-professionnels-de-sante","status":"publish","type":"post","link":"https:\/\/atlantis-interim.com\/index.php\/2025\/01\/08\/linterim-medical-face-aux-penuries-de-professionnels-de-sante\/","title":{"rendered":"L\u2019int\u00e9rim m\u00e9dical face aux p\u00e9nuries de professionnels de sant\u00e9"},"content":{"rendered":"\n<p>Les p\u00e9nuries de professionnels de sant\u00e9, en particulier dans les domaines m\u00e9dicaux, sont un ph\u00e9nom\u00e8ne mondial qui touche de nombreux syst\u00e8mes de sant\u00e9. Face \u00e0 ces d\u00e9fis, l\u2019int\u00e9rim m\u00e9dical est devenu une solution incontournable pour maintenir la qualit\u00e9 des soins tout en r\u00e9pondant \u00e0 une demande croissante de services m\u00e9dicaux. Cependant, bien que l\u2019int\u00e9rim puisse apporter une flexibilit\u00e9 essentielle, il soul\u00e8ve \u00e9galement des questions sur ses implications \u00e0 long terme en termes de co\u00fbt, de qualit\u00e9 des soins et de continuit\u00e9 de la prise en charge. Cet article examine comment l\u2019int\u00e9rim m\u00e9dical peut r\u00e9pondre aux p\u00e9nuries de professionnels de sant\u00e9, les avantages et les d\u00e9fis associ\u00e9s \u00e0 cette solution, et comment l\u2019int\u00e9grer de mani\u00e8re strat\u00e9gique dans le syst\u00e8me de sant\u00e9.<\/p>\n\n\n\n<h3 class=\"wp-block-heading\">1. <strong>Les causes des p\u00e9nuries de professionnels de sant\u00e9<\/strong><\/h3>\n\n\n\n<h4 class=\"wp-block-heading\">a) Vieillissement de la population et augmentation des besoins<\/h4>\n\n\n\n<p>L\u2019une des principales causes des p\u00e9nuries de professionnels de sant\u00e9 r\u00e9side dans le vieillissement de la population. Les pays d\u00e9velopp\u00e9s connaissent une croissance de la proportion de personnes \u00e2g\u00e9es, ce qui entra\u00eene une demande accrue de soins m\u00e9dicaux, en particulier dans les secteurs de la g\u00e9riatrie, de la m\u00e9decine d\u2019urgence et des soins palliatifs. Cela cr\u00e9e une pression importante sur les syst\u00e8mes de sant\u00e9, qui doivent r\u00e9pondre \u00e0 une demande croissante avec un nombre limit\u00e9 de professionnels form\u00e9s.<\/p>\n\n\n\n<h4 class=\"wp-block-heading\">b) D\u00e9part \u00e0 la retraite et manque de rel\u00e8ve<\/h4>\n\n\n\n<p>Les professionnels de sant\u00e9, notamment les m\u00e9decins, atteignent souvent un \u00e2ge de d\u00e9part \u00e0 la retraite alors qu\u2019un nombre insuffisant de jeunes praticiens est form\u00e9 pour les remplacer. Le long parcours de formation n\u00e9cessaire pour devenir m\u00e9decin, ainsi que l&#8217;attrait r\u00e9duit pour certaines sp\u00e9cialit\u00e9s m\u00e9dicales (en raison de leur niveau de stress, de la charge de travail ou de la r\u00e9mun\u00e9ration), contribuent \u00e9galement \u00e0 cette p\u00e9nurie.<\/p>\n\n\n\n<figure class=\"wp-block-image size-large\"><img fetchpriority=\"high\" decoding=\"async\" width=\"1024\" height=\"683\" src=\"https:\/\/atlantis-interim.com\/wp-content\/uploads\/2024\/11\/COPY_istock-1209858343-1631538074-1024x683.jpg\" alt=\"\" class=\"wp-image-5413\" srcset=\"https:\/\/atlantis-interim.com\/wp-content\/uploads\/2024\/11\/COPY_istock-1209858343-1631538074-1024x683.jpg 1024w, https:\/\/atlantis-interim.com\/wp-content\/uploads\/2024\/11\/COPY_istock-1209858343-1631538074-300x200.jpg 300w, https:\/\/atlantis-interim.com\/wp-content\/uploads\/2024\/11\/COPY_istock-1209858343-1631538074-768x512.jpg 768w, https:\/\/atlantis-interim.com\/wp-content\/uploads\/2024\/11\/COPY_istock-1209858343-1631538074-600x400.jpg 600w, https:\/\/atlantis-interim.com\/wp-content\/uploads\/2024\/11\/COPY_istock-1209858343-1631538074.jpg 1254w\" sizes=\"(max-width: 1024px) 100vw, 1024px\" \/><\/figure>\n\n\n\n<h4 class=\"wp-block-heading\">c) Facteurs g\u00e9ographiques et disparit\u00e9s r\u00e9gionales<\/h4>\n\n\n\n<p>Les p\u00e9nuries de professionnels de sant\u00e9 ne se manifestent pas de mani\u00e8re homog\u00e8ne sur le territoire. Certaines r\u00e9gions, en particulier les zones rurales ou \u00e9loign\u00e9es, rencontrent des difficult\u00e9s plus importantes pour attirer et retenir les m\u00e9decins. Les jeunes praticiens sont souvent attir\u00e9s par les grandes villes o\u00f9 les conditions de travail sont per\u00e7ues comme meilleures, tant sur le plan professionnel que personnel.<\/p>\n\n\n\n<h4 class=\"wp-block-heading\">d) Conditions de travail et \u00e9puisement professionnel<\/h4>\n\n\n\n<p>Les conditions de travail dans certains h\u00f4pitaux et cliniques peuvent \u00e9galement contribuer \u00e0 la p\u00e9nurie de personnel m\u00e9dical. Les charges de travail \u00e9lev\u00e9es, l\u2019\u00e9puisement professionnel, les horaires de garde irr\u00e9guliers et le manque de reconnaissance peuvent inciter les professionnels de sant\u00e9 \u00e0 quitter leur poste ou \u00e0 r\u00e9duire leur activit\u00e9. Cela entra\u00eene une surcharge pour les \u00e9tablissements de sant\u00e9, qui doivent compenser ces d\u00e9parts, souvent de mani\u00e8re temporaire, via l\u2019int\u00e9rim.<\/p>\n\n\n\n<h3 class=\"wp-block-heading\">2. <strong>L\u2019int\u00e9rim m\u00e9dical comme solution aux p\u00e9nuries de professionnels de sant\u00e9<\/strong><\/h3>\n\n\n\n<h4 class=\"wp-block-heading\">a) Flexibilit\u00e9 et r\u00e9activit\u00e9 face aux besoins imm\u00e9diats<\/h4>\n\n\n\n<p>L\u2019int\u00e9rim m\u00e9dical offre une solution flexible pour r\u00e9pondre aux p\u00e9nuries de professionnels de sant\u00e9. Lorsqu\u2019un \u00e9tablissement se retrouve confront\u00e9 \u00e0 une absence impr\u00e9vu ou \u00e0 une charge de travail exceptionnelle (par exemple, en raison d&#8217;une \u00e9pid\u00e9mie ou d&#8217;un afflux massif de patients), l\u2019int\u00e9rim permet de combler rapidement les besoins en personnel. Cela \u00e9vite ainsi de devoir r\u00e9duire les services ou de retarder les soins.<\/p>\n\n\n\n<p>Les agences d\u2019int\u00e9rim m\u00e9dical, sp\u00e9cialis\u00e9es dans la <a href=\"https:\/\/atlantis-interim.com\/\" data-internallinksmanager029f6b8e52c=\"24\" title=\"Mise \u00e0 disposition\">mise \u00e0 disposition<\/a> de m\u00e9decins temporaires, sont capables de r\u00e9agir rapidement, offrant ainsi une couverture imm\u00e9diate, que ce soit pour des missions de courte dur\u00e9e (remplacements de m\u00e9decins malades ou en cong\u00e9) ou des missions longues (remplacements dans des r\u00e9gions sous-dot\u00e9es ou sur des postes sp\u00e9cialis\u00e9s).<\/p>\n\n\n\n<h4 class=\"wp-block-heading\">b) Souplesse contractuelle pour les \u00e9tablissements de sant\u00e9<\/h4>\n\n\n\n<p>L\u2019int\u00e9rim permet \u00e9galement aux \u00e9tablissements de sant\u00e9 de g\u00e9rer les pics de demande sans engager de d\u00e9penses fixes li\u00e9es \u00e0 l&#8217;embauche de m\u00e9decins permanents. Les contrats temporaires offrent aux h\u00f4pitaux et cliniques une grande souplesse dans la gestion de leurs effectifs, leur permettant d\u2019ajuster rapidement leur personnel m\u00e9dical en fonction des besoins sp\u00e9cifiques, sans avoir \u00e0 supporter des co\u00fbts fixes \u00e0 long terme.<\/p>\n\n\n\n<h4 class=\"wp-block-heading\">c) R\u00e9ponse \u00e0 la p\u00e9nurie dans des sp\u00e9cialit\u00e9s sp\u00e9cifiques<\/h4>\n\n\n\n<p>Certaines sp\u00e9cialit\u00e9s m\u00e9dicales, telles que la m\u00e9decine d\u2019urgence, la g\u00e9riatrie, la r\u00e9animation ou la psychiatrie, connaissent des p\u00e9nuries particuli\u00e8rement graves de m\u00e9decins. L\u2019int\u00e9rim permet de r\u00e9pondre \u00e0 ces besoins sp\u00e9cifiques en recrutant des professionnels poss\u00e9dant des comp\u00e9tences rares ou tr\u00e8s sp\u00e9cialis\u00e9es, que les \u00e9tablissements ont parfois du mal \u00e0 attirer \u00e0 long terme.<\/p>\n\n\n\n<h4 class=\"wp-block-heading\">d) Maintien de la qualit\u00e9 des soins en p\u00e9riode de crise<\/h4>\n\n\n\n<p>L\u2019int\u00e9rim m\u00e9dical permet \u00e9galement de garantir la continuit\u00e9 des soins dans des situations de crise, comme lors d\u2019\u00e9pid\u00e9mies, de catastrophes naturelles ou de p\u00e9riodes de forte affluence (vacances, saisons de grippe, etc.). Dans de tels moments, les h\u00f4pitaux et cliniques doivent \u00eatre en mesure de d\u00e9ployer rapidement des ressources humaines suppl\u00e9mentaires, et l\u2019int\u00e9rim devient une ressource cl\u00e9 pour maintenir un niveau de soins ad\u00e9quat.<\/p>\n\n\n\n<h3 class=\"wp-block-heading\">3. <strong>Les d\u00e9fis et limites de l\u2019int\u00e9rim m\u00e9dical<\/strong><\/h3>\n\n\n\n<h4 class=\"wp-block-heading\">a) Co\u00fbts \u00e9lev\u00e9s de l\u2019int\u00e9rim<\/h4>\n\n\n\n<p>Bien que l\u2019int\u00e9rim m\u00e9dical offre une flexibilit\u00e9 importante, il est souvent associ\u00e9 \u00e0 des co\u00fbts plus \u00e9lev\u00e9s que ceux des professionnels de sant\u00e9 permanents. Les agences d\u2019int\u00e9rim facturent des frais importants pour la <a href=\"https:\/\/atlantis-interim.com\/\" data-internallinksmanager029f6b8e52c=\"24\" title=\"Mise \u00e0 disposition\">mise \u00e0 disposition<\/a> de m\u00e9decins, et les r\u00e9mun\u00e9rations des m\u00e9decins <a href=\"https:\/\/atlantis-interim.com\/index.php\/2025\/02\/25\/les-conditions-de-travail-des-interimaires-roumains-dans-lindustrie-realites-et-defis\/\" data-internallinksmanager029f6b8e52c=\"26\" title=\"int\u00e9rimaires\">int\u00e9rimaires<\/a> peuvent \u00eatre bien sup\u00e9rieures \u00e0 celles des praticiens \u00e0 temps plein. Ces co\u00fbts peuvent rapidement s&#8217;accumuler, ce qui pose un d\u00e9fi pour les \u00e9tablissements de sant\u00e9 qui doivent g\u00e9rer leur budget.<\/p>\n\n\n\n<p>Les \u00e9tablissements doivent donc peser ces co\u00fbts suppl\u00e9mentaires par rapport aux b\u00e9n\u00e9fices de l\u2019int\u00e9rim, notamment en termes de flexibilit\u00e9 et de continuit\u00e9 des soins. Le recours excessif \u00e0 l\u2019int\u00e9rim peut ainsi entra\u00eener des tensions budg\u00e9taires importantes, notamment dans un contexte o\u00f9 les financements des h\u00f4pitaux sont de plus en plus contraints.<\/p>\n\n\n\n<h4 class=\"wp-block-heading\">b) Int\u00e9gration des int\u00e9rimaires au sein des \u00e9quipes<\/h4>\n\n\n\n<p>Un autre d\u00e9fi majeur de l\u2019int\u00e9rim m\u00e9dical r\u00e9side dans l\u2019int\u00e9gration des m\u00e9decins <a href=\"https:\/\/atlantis-interim.com\/index.php\/2025\/02\/25\/les-conditions-de-travail-des-interimaires-roumains-dans-lindustrie-realites-et-defis\/\" data-internallinksmanager029f6b8e52c=\"26\" title=\"int\u00e9rimaires\">int\u00e9rimaires<\/a> au sein des \u00e9quipes permanentes. Les <a href=\"https:\/\/atlantis-interim.com\/index.php\/2025\/02\/25\/les-conditions-de-travail-des-interimaires-roumains-dans-lindustrie-realites-et-defis\/\" data-internallinksmanager029f6b8e52c=\"26\" title=\"int\u00e9rimaires\">int\u00e9rimaires<\/a>, bien que souvent hautement qualifi\u00e9s, peuvent ne pas \u00eatre familiers avec les protocoles sp\u00e9cifiques, les outils informatiques, ou la culture d\u2019un \u00e9tablissement donn\u00e9. Cette absence de familiarit\u00e9 peut cr\u00e9er des ruptures dans la continuit\u00e9 des soins, et m\u00eame g\u00e9n\u00e9rer des tensions au sein des \u00e9quipes de travail.<\/p>\n\n\n\n<p>Les \u00e9tablissements de sant\u00e9 doivent mettre en place des processus d\u2019int\u00e9gration rapides et efficaces pour les <a href=\"https:\/\/atlantis-interim.com\/index.php\/2025\/02\/25\/les-conditions-de-travail-des-interimaires-roumains-dans-lindustrie-realites-et-defis\/\" data-internallinksmanager029f6b8e52c=\"26\" title=\"int\u00e9rimaires\">int\u00e9rimaires<\/a> afin qu\u2019ils puissent se familiariser avec l&#8217;environnement de travail. De plus, un soutien ad\u00e9quat est n\u00e9cessaire pour garantir qu\u2019ils respectent les normes de qualit\u00e9 des soins et collaborent efficacement avec les autres membres de l\u2019\u00e9quipe.<\/p>\n\n\n\n<h4 class=\"wp-block-heading\">c) R\u00e9tention des comp\u00e9tences et formation continue<\/h4>\n\n\n\n<p>Bien que les m\u00e9decins <a href=\"https:\/\/atlantis-interim.com\/index.php\/2025\/02\/25\/les-conditions-de-travail-des-interimaires-roumains-dans-lindustrie-realites-et-defis\/\" data-internallinksmanager029f6b8e52c=\"26\" title=\"int\u00e9rimaires\">int\u00e9rimaires<\/a> soient souvent exp\u00e9riment\u00e9s et qualifi\u00e9s, la r\u00e9tention des comp\u00e9tences sur le long terme demeure un probl\u00e8me. L\u2019int\u00e9rim, en raison de son caract\u00e8re temporaire, n\u2019incite pas toujours \u00e0 une implication durable dans la formation continue, ce qui peut limiter les opportunit\u00e9s de d\u00e9veloppement professionnel pour les praticiens. De plus, une rotation fr\u00e9quente des professionnels <a href=\"https:\/\/atlantis-interim.com\/index.php\/2025\/02\/25\/les-conditions-de-travail-des-interimaires-roumains-dans-lindustrie-realites-et-defis\/\" data-internallinksmanager029f6b8e52c=\"26\" title=\"int\u00e9rimaires\">int\u00e9rimaires<\/a> peut nuire \u00e0 la coh\u00e9sion des \u00e9quipes m\u00e9dicales, un \u00e9l\u00e9ment essentiel pour maintenir des standards \u00e9lev\u00e9s de soins.<\/p>\n\n\n\n<h4 class=\"wp-block-heading\">d) Risque de d\u00e9pendance \u00e0 l\u2019int\u00e9rim<\/h4>\n\n\n\n<p>L\u2019un des risques li\u00e9s \u00e0 l\u2019utilisation massive de l\u2019int\u00e9rim m\u00e9dical est la d\u00e9pendance de plus en plus forte des \u00e9tablissements de sant\u00e9 \u00e0 ces <a href=\"https:\/\/atlantis-interim.com\/index.php\/2023\/02\/09\/les-droits-des-travailleurs-temporaires-roumains-en-formation-professionnelle\/\" data-internallinksmanager029f6b8e52c=\"18\" title=\"travailleurs temporaires\">travailleurs temporaires<\/a>. Si l\u2019int\u00e9rim devient la principale solution pour combler les p\u00e9nuries de professionnels de sant\u00e9, cela pourrait ralentir les efforts visant \u00e0 r\u00e9soudre le probl\u00e8me de la p\u00e9nurie \u00e0 long terme, notamment en ce qui concerne la formation de nouveaux m\u00e9decins, l&#8217;am\u00e9lioration des conditions de travail et l\u2019attractivit\u00e9 des professions m\u00e9dicales.<\/p>\n\n\n\n<figure class=\"wp-block-image size-large\"><img decoding=\"async\" width=\"1024\" height=\"768\" src=\"https:\/\/atlantis-interim.com\/wp-content\/uploads\/2024\/11\/sagefemme-1024x768.jpg\" alt=\"\" class=\"wp-image-5411\" srcset=\"https:\/\/atlantis-interim.com\/wp-content\/uploads\/2024\/11\/sagefemme-1024x768.jpg 1024w, https:\/\/atlantis-interim.com\/wp-content\/uploads\/2024\/11\/sagefemme-300x225.jpg 300w, https:\/\/atlantis-interim.com\/wp-content\/uploads\/2024\/11\/sagefemme-768x576.jpg 768w, https:\/\/atlantis-interim.com\/wp-content\/uploads\/2024\/11\/sagefemme-1536x1152.jpg 1536w, https:\/\/atlantis-interim.com\/wp-content\/uploads\/2024\/11\/sagefemme-600x450.jpg 600w, https:\/\/atlantis-interim.com\/wp-content\/uploads\/2024\/11\/sagefemme.jpg 1810w\" sizes=\"(max-width: 1024px) 100vw, 1024px\" \/><\/figure>\n\n\n\n<h3 class=\"wp-block-heading\">4. <strong>L\u2019avenir de l\u2019int\u00e9rim m\u00e9dical : vers une solution int\u00e9gr\u00e9e<\/strong><\/h3>\n\n\n\n<p>Pour tirer pleinement parti des avantages de l\u2019int\u00e9rim tout en limitant ses inconv\u00e9nients, les \u00e9tablissements de sant\u00e9 doivent d\u00e9velopper des strat\u00e9gies int\u00e9gr\u00e9es. Il est essentiel de trouver un \u00e9quilibre entre les solutions temporaires apport\u00e9es par l\u2019int\u00e9rim et les efforts visant \u00e0 attirer et \u00e0 former de nouveaux professionnels de sant\u00e9.<\/p>\n\n\n\n<p>Les solutions possibles incluent :<\/p>\n\n\n\n<ul class=\"wp-block-list\">\n<li><strong>Am\u00e9liorer les conditions de travail des m\u00e9decins permanents<\/strong> pour limiter le turnover et encourager la r\u00e9tention \u00e0 long terme.<\/li>\n\n\n\n<li><strong>Utiliser l\u2019int\u00e9rim de mani\u00e8re cibl\u00e9e et strat\u00e9gique<\/strong>, en privil\u00e9giant les missions \u00e0 court terme et en limitant le recours \u00e0 l\u2019int\u00e9rim pour des postes permanents.<\/li>\n\n\n\n<li><strong>Renforcer la formation continue<\/strong> pour les <a href=\"https:\/\/atlantis-interim.com\/index.php\/2025\/02\/25\/les-conditions-de-travail-des-interimaires-roumains-dans-lindustrie-realites-et-defis\/\" data-internallinksmanager029f6b8e52c=\"26\" title=\"int\u00e9rimaires\">int\u00e9rimaires<\/a> afin de garantir leur conformit\u00e9 aux protocoles de l\u2019\u00e9tablissement et leur int\u00e9gration dans les \u00e9quipes.<\/li>\n\n\n\n<li><strong>Investir dans des initiatives de <a href=\"https:\/\/atlantis-interim.com\/\" data-internallinksmanager029f6b8e52c=\"23\" title=\"recrutement\">recrutement<\/a> \u00e0 long terme<\/strong>, telles que des partenariats avec des \u00e9coles de m\u00e9decine et des incitations pour attirer les m\u00e9decins dans les sp\u00e9cialit\u00e9s en p\u00e9nurie.<\/li>\n<\/ul>\n\n\n\n<h3 class=\"wp-block-heading\">5. <strong>Conclusion<\/strong><\/h3>\n\n\n\n<p>L\u2019int\u00e9rim m\u00e9dical est une r\u00e9ponse efficace aux p\u00e9nuries de professionnels de sant\u00e9 et aux besoins imm\u00e9diats en personnel dans les \u00e9tablissements de sant\u00e9. Il offre une flexibilit\u00e9 et une r\u00e9activit\u00e9 cruciales pour maintenir la continuit\u00e9 des soins, particuli\u00e8rement dans des contextes de crise ou de forte demande. Cependant, son recours excessif peut entra\u00eener des co\u00fbts \u00e9lev\u00e9s, des difficult\u00e9s d\u2019int\u00e9gration et un manque de coh\u00e9sion dans les \u00e9quipes m\u00e9dicales. Les \u00e9tablissements de sant\u00e9 doivent donc adopter une approche strat\u00e9gique, int\u00e9grant l\u2019int\u00e9rim de mani\u00e8re cibl\u00e9e tout en investissant dans des solutions \u00e0 long terme pour combler les p\u00e9nuries et am\u00e9liorer la gestion des ressources humaines.<\/p>\n","protected":false},"excerpt":{"rendered":"<p>Les p\u00e9nuries de professionnels de sant\u00e9, en particulier dans les domaines m\u00e9dicaux, sont un ph\u00e9nom\u00e8ne mondial qui touche de nombreux syst\u00e8mes de sant\u00e9. Face \u00e0 ces d\u00e9fis, l\u2019int\u00e9rim m\u00e9dical est devenu une solution incontournable pour maintenir la qualit\u00e9 des soins tout en r\u00e9pondant \u00e0 une demande croissante de services m\u00e9dicaux. Cependant, bien que l\u2019int\u00e9rim puisse&#8230;<\/p>\n","protected":false},"author":1,"featured_media":5406,"comment_status":"open","ping_status":"open","sticky":false,"template":"","format":"standard","meta":{"_monsterinsights_skip_tracking":false,"_monsterinsights_sitenote_active":false,"_monsterinsights_sitenote_note":"","_monsterinsights_sitenote_category":0,"_jetpack_memberships_contains_paid_content":false,"wds_primary_category":0,"footnotes":""},"categories":[1,146],"tags":[160,159,79,157,152,155,151,153,78,82,150,83,84,81,158],"class_list":["post-5534","post","type-post","status-publish","format-standard","has-post-thumbnail","hentry","category-blog","category-sante","tag-agence-de-recrutement-roumanie","tag-agence-interim-europeene","tag-agence-interim-roumanie","tag-agence-interim-travailleur-etranger","tag-detachement-roumain","tag-interim-detache","tag-interim-etranger","tag-interim-etranger-roumain","tag-interim-roumanie","tag-interimaire-roumain","tag-interimaires-roumains","tag-travail-detache","tag-travail-detache-roumanie","tag-travailleur-roumain","tag-travaillleur-detache-roumain","th-blog blog-single has-post-thumbnail"],"aioseo_notices":[],"jetpack_featured_media_url":"https:\/\/atlantis-interim.com\/wp-content\/uploads\/2024\/11\/competences-et-missions-aide-soignante-ehpad.jpg","jetpack_sharing_enabled":true,"_links":{"self":[{"href":"https:\/\/atlantis-interim.com\/index.php\/wp-json\/wp\/v2\/posts\/5534","targetHints":{"allow":["GET"]}}],"collection":[{"href":"https:\/\/atlantis-interim.com\/index.php\/wp-json\/wp\/v2\/posts"}],"about":[{"href":"https:\/\/atlantis-interim.com\/index.php\/wp-json\/wp\/v2\/types\/post"}],"author":[{"embeddable":true,"href":"https:\/\/atlantis-interim.com\/index.php\/wp-json\/wp\/v2\/users\/1"}],"replies":[{"embeddable":true,"href":"https:\/\/atlantis-interim.com\/index.php\/wp-json\/wp\/v2\/comments?post=5534"}],"version-history":[{"count":0,"href":"https:\/\/atlantis-interim.com\/index.php\/wp-json\/wp\/v2\/posts\/5534\/revisions"}],"wp:featuredmedia":[{"embeddable":true,"href":"https:\/\/atlantis-interim.com\/index.php\/wp-json\/wp\/v2\/media\/5406"}],"wp:attachment":[{"href":"https:\/\/atlantis-interim.com\/index.php\/wp-json\/wp\/v2\/media?parent=5534"}],"wp:term":[{"taxonomy":"category","embeddable":true,"href":"https:\/\/atlantis-interim.com\/index.php\/wp-json\/wp\/v2\/categories?post=5534"},{"taxonomy":"post_tag","embeddable":true,"href":"https:\/\/atlantis-interim.com\/index.php\/wp-json\/wp\/v2\/tags?post=5534"}],"curies":[{"name":"wp","href":"https:\/\/api.w.org\/{rel}","templated":true}]}}