{"id":5536,"date":"2025-02-23T23:13:00","date_gmt":"2025-02-23T22:13:00","guid":{"rendered":"https:\/\/atlantis-interim.com\/index.php\/2025\/01\/10\/les-enjeux-ethiques-de-linterim-dans-les-soins-de-sante\/"},"modified":"2025-02-28T18:00:33","modified_gmt":"2025-02-28T17:00:33","slug":"les-enjeux-ethiques-de-linterim-dans-les-soins-de-sante","status":"publish","type":"post","link":"https:\/\/atlantis-interim.com\/index.php\/2025\/02\/23\/les-enjeux-ethiques-de-linterim-dans-les-soins-de-sante\/","title":{"rendered":"Les enjeux \u00e9thiques de l\u2019int\u00e9rim dans les soins de sant\u00e9"},"content":{"rendered":"\n<p>L&#8217;int\u00e9rim dans le secteur de la sant\u00e9 est devenu une r\u00e9ponse n\u00e9cessaire face aux p\u00e9nuries de personnel et aux besoins accrus de main-d&#8217;\u0153uvre dans les h\u00f4pitaux, cliniques et autres \u00e9tablissements de sant\u00e9. Toutefois, cette pratique soul\u00e8ve de nombreux enjeux \u00e9thiques concernant la qualit\u00e9 des soins, la relation entre soignants et patients, ainsi que la <a href=\"https:\/\/atlantis-interim.com\/\" data-type=\"page\" data-id=\"17\">gestion des ressources humaines<\/a>. Bien que l\u2019int\u00e9rim permette de pallier les carences en personnel, il interroge sur le respect des droits des patients, la continuit\u00e9 des soins, l\u2019int\u00e9gration des <a href=\"https:\/\/atlantis-interim.com\/index.php\/2025\/02\/25\/les-conditions-de-travail-des-interimaires-roumains-dans-lindustrie-realites-et-defis\/\" data-internallinksmanager029f6b8e52c=\"26\" title=\"int\u00e9rimaires\">int\u00e9rimaires<\/a> dans les \u00e9quipes de travail, et le bien-\u00eatre des travailleurs eux-m\u00eames.<\/p>\n\n\n\n<p>Cet article explore les principaux enjeux \u00e9thiques li\u00e9s \u00e0 l\u2019int\u00e9rim dans les soins de sant\u00e9, en se concentrant sur les cons\u00e9quences de l\u2019<a href=\"https:\/\/atlantis-interim.com\/index.php\/tag\/interim-detache\/\" data-type=\"post_tag\" data-id=\"155\">int\u00e9rim<\/a> pour les patients, les professionnels de sant\u00e9 et les structures hospitali\u00e8res.<\/p>\n\n\n\n<h3 class=\"wp-block-heading\">1. <strong>La continuit\u00e9 et la qualit\u00e9 des soins<\/strong><\/h3>\n\n\n\n<h4 class=\"wp-block-heading\">a) L\u2019interruption de la relation soignant-soign\u00e9<\/h4>\n\n\n\n<p>L\u2019un des enjeux \u00e9thiques majeurs de l\u2019int\u00e9rim dans les soins de sant\u00e9 r\u00e9side dans la <strong>continuit\u00e9 de la relation soignant-soign\u00e9<\/strong>. La continuit\u00e9 des soins est un \u00e9l\u00e9ment fondamental dans la qualit\u00e9 des traitements et du suivi des patients. Lorsque les m\u00e9decins, infirmiers ou autres professionnels de sant\u00e9 <a href=\"https:\/\/atlantis-interim.com\/index.php\/2025\/02\/25\/les-conditions-de-travail-des-interimaires-roumains-dans-lindustrie-realites-et-defis\/\" data-internallinksmanager029f6b8e52c=\"26\" title=\"int\u00e9rimaires\">int\u00e9rimaires<\/a> arrivent pour une p\u00e9riode limit\u00e9e, il peut y avoir un manque de <strong>continuit\u00e9 dans le suivi des patients<\/strong>, notamment pour les cas chroniques ou les soins de longue dur\u00e9e.<\/p>\n\n\n\n<p>Les patients peuvent \u00e9prouver une <strong>perte de confiance<\/strong> en raison de la rotation fr\u00e9quente du personnel, ce qui peut affecter leur satisfaction et leur adh\u00e9sion au traitement. La relation de confiance, essentielle pour la qualit\u00e9 des soins, peut \u00eatre perturb\u00e9e, car chaque int\u00e9rimaire, bien qu\u2019exp\u00e9riment\u00e9, peut avoir des approches diff\u00e9rentes des autres soignants ou des professionnels permanents, ce qui entra\u00eene des incoh\u00e9rences dans les traitements.<\/p>\n\n\n\n<figure class=\"wp-block-image size-large\"><img fetchpriority=\"high\" decoding=\"async\" width=\"1024\" height=\"681\" src=\"https:\/\/atlantis-interim.com\/wp-content\/uploads\/2024\/11\/infirmiere-1024x681.jpg\" alt=\"\" class=\"wp-image-5398\" srcset=\"https:\/\/atlantis-interim.com\/wp-content\/uploads\/2024\/11\/infirmiere-1024x681.jpg 1024w, https:\/\/atlantis-interim.com\/wp-content\/uploads\/2024\/11\/infirmiere-300x200.jpg 300w, https:\/\/atlantis-interim.com\/wp-content\/uploads\/2024\/11\/infirmiere-768x511.jpg 768w, https:\/\/atlantis-interim.com\/wp-content\/uploads\/2024\/11\/infirmiere-600x399.jpg 600w, https:\/\/atlantis-interim.com\/wp-content\/uploads\/2024\/11\/infirmiere.jpg 1148w\" sizes=\"(max-width: 1024px) 100vw, 1024px\" \/><\/figure>\n\n\n\n<h4 class=\"wp-block-heading\">b) Risques pour la qualit\u00e9 des soins<\/h4>\n\n\n\n<p>L\u2019arriv\u00e9e fr\u00e9quente de nouveaux professionnels peut \u00e9galement poser des risques en termes de <strong>qualit\u00e9 des soins<\/strong>. Les <a href=\"https:\/\/atlantis-interim.com\/index.php\/2025\/02\/25\/les-conditions-de-travail-des-interimaires-roumains-dans-lindustrie-realites-et-defis\/\" data-internallinksmanager029f6b8e52c=\"26\" title=\"int\u00e9rimaires\">int\u00e9rimaires<\/a>, bien qu\u2019ils soient form\u00e9s et exp\u00e9riment\u00e9s, peuvent ne pas \u00eatre familiers avec les proc\u00e9dures sp\u00e9cifiques d\u2019un \u00e9tablissement, les protocoles internes, ou les outils utilis\u00e9s dans un service particulier. Cette absence de familiarisation peut entra\u00eener des erreurs de diagnostic, de traitement ou de gestion des soins.<\/p>\n\n\n\n<p>L\u2019efficacit\u00e9 des soins d\u00e9pend aussi de la capacit\u00e9 des \u00e9quipes \u00e0 travailler ensemble de mani\u00e8re coordonn\u00e9e. La pr\u00e9sence d\u2019<a href=\"https:\/\/atlantis-interim.com\/index.php\/2025\/02\/25\/les-conditions-de-travail-des-interimaires-roumains-dans-lindustrie-realites-et-defis\/\" data-internallinksmanager029f6b8e52c=\"26\" title=\"int\u00e9rimaires\">int\u00e9rimaires<\/a> fr\u00e9quents peut entra\u00eener des <strong>ruptures dans la collaboration interprofessionnelle<\/strong>, impactant n\u00e9gativement la prise en charge des patients. Ce manque de coh\u00e9sion peut nuire \u00e0 la fluidit\u00e9 des soins, en particulier dans des secteurs exigeant une collaboration \u00e9troite entre m\u00e9decins, infirmiers et autres sp\u00e9cialistes.<\/p>\n\n\n\n<h3 class=\"wp-block-heading\">2. <strong>La gestion des ressources humaines et le respect des droits des travailleurs int\u00e9rimaires<\/strong><\/h3>\n\n\n\n<h4 class=\"wp-block-heading\">a) Conditions de travail des int\u00e9rimaires<\/h4>\n\n\n\n<p>L\u2019un des principaux enjeux \u00e9thiques de l\u2019int\u00e9rim dans le secteur de la sant\u00e9 est li\u00e9 aux <strong>conditions de travail des <a href=\"https:\/\/atlantis-interim.com\/index.php\/2025\/02\/25\/les-conditions-de-travail-des-interimaires-roumains-dans-lindustrie-realites-et-defis\/\" data-internallinksmanager029f6b8e52c=\"26\" title=\"int\u00e9rimaires\">int\u00e9rimaires<\/a><\/strong>. Bien que l\u2019int\u00e9rim permette de r\u00e9pondre rapidement \u00e0 un besoin de main-d\u2019\u0153uvre, il peut \u00e9galement g\u00e9n\u00e9rer une <strong>pr\u00e9carit\u00e9 professionnelle<\/strong>. Les <a href=\"https:\/\/atlantis-interim.com\/index.php\/2025\/02\/25\/les-conditions-de-travail-des-interimaires-roumains-dans-lindustrie-realites-et-defis\/\" data-internallinksmanager029f6b8e52c=\"26\" title=\"int\u00e9rimaires\">int\u00e9rimaires<\/a>, bien qu\u2019ils b\u00e9n\u00e9ficient des m\u00eames droits que les salari\u00e9s permanents en mati\u00e8re de r\u00e9mun\u00e9ration et de s\u00e9curit\u00e9, font face \u00e0 une instabilit\u00e9 professionnelle et \u00e0 une absence de garanties quant \u00e0 la dur\u00e9e de leurs missions.<\/p>\n\n\n\n<p>Le recours massif \u00e0 l\u2019int\u00e9rim peut entra\u00eener un <strong>\u00e9puisement professionnel<\/strong> chez les <a href=\"https:\/\/atlantis-interim.com\/index.php\/2023\/02\/09\/les-droits-des-travailleurs-temporaires-roumains-en-formation-professionnelle\/\" data-internallinksmanager029f6b8e52c=\"18\" title=\"travailleurs temporaires\">travailleurs temporaires<\/a>, qui sont souvent appel\u00e9s \u00e0 travailler dans des conditions difficiles, avec des horaires irr\u00e9guliers et une charge de travail \u00e9lev\u00e9e. La pression d\u2019accepter des missions \u00e0 court terme, de jongler avec des contrats temporaires, ainsi que la difficult\u00e9 \u00e0 trouver un \u00e9quilibre entre vie professionnelle et personnelle, peuvent affecter la sant\u00e9 mentale et physique des <a href=\"https:\/\/atlantis-interim.com\/index.php\/2025\/02\/25\/les-conditions-de-travail-des-interimaires-roumains-dans-lindustrie-realites-et-defis\/\" data-internallinksmanager029f6b8e52c=\"26\" title=\"int\u00e9rimaires\">int\u00e9rimaires<\/a>. Ces conditions soul\u00e8vent des questions \u00e9thiques sur le bien-\u00eatre des travailleurs, leur droit \u00e0 une <strong>protection sociale ad\u00e9quate<\/strong> et leur <strong>droit \u00e0 la reconnaissance de leur expertise<\/strong>.<\/p>\n\n\n\n<h4 class=\"wp-block-heading\">b) Int\u00e9gration et stabilit\u00e9 dans les \u00e9quipes de travail<\/h4>\n\n\n\n<p>Les <a href=\"https:\/\/atlantis-interim.com\/index.php\/2025\/02\/25\/les-conditions-de-travail-des-interimaires-roumains-dans-lindustrie-realites-et-defis\/\" data-internallinksmanager029f6b8e52c=\"26\" title=\"int\u00e9rimaires\">int\u00e9rimaires<\/a> peuvent se sentir isol\u00e9s au sein des \u00e9quipes permanentes en raison de la nature temporaire de leur mission. Ils peuvent \u00e9prouver un sentiment de <strong>d\u00e9connexion<\/strong> avec les autres membres du personnel, ce qui peut nuire \u00e0 l\u2019esprit d\u2019\u00e9quipe et \u00e0 la dynamique de collaboration n\u00e9cessaire dans les soins de sant\u00e9. Cette situation peut cr\u00e9er des tensions, notamment si les <a href=\"https:\/\/atlantis-interim.com\/index.php\/2025\/02\/25\/les-conditions-de-travail-des-interimaires-roumains-dans-lindustrie-realites-et-defis\/\" data-internallinksmanager029f6b8e52c=\"26\" title=\"int\u00e9rimaires\">int\u00e9rimaires<\/a> ne sont pas suffisamment int\u00e9gr\u00e9s aux \u00e9quipes de travail, ou s&#8217;ils manquent d&#8217;un <strong>soutien psychologique et professionnel<\/strong> adapt\u00e9.<\/p>\n\n\n\n<p>Le d\u00e9fi \u00e9thique ici est de garantir que les <a href=\"https:\/\/atlantis-interim.com\/index.php\/2025\/02\/25\/les-conditions-de-travail-des-interimaires-roumains-dans-lindustrie-realites-et-defis\/\" data-internallinksmanager029f6b8e52c=\"26\" title=\"int\u00e9rimaires\">int\u00e9rimaires<\/a> soient trait\u00e9s de mani\u00e8re respectueuse et qu\u2019ils b\u00e9n\u00e9ficient des m\u00eames conditions d\u2019int\u00e9gration et d\u2019accompagnement que les salari\u00e9s permanents, pour maintenir une coh\u00e9sion au sein des \u00e9quipes et favoriser une meilleure qualit\u00e9 de soins pour les patients.<\/p>\n\n\n\n<h3 class=\"wp-block-heading\">3. <strong>Les implications pour les patients et la relation \u00e9thique dans les soins<\/strong><\/h3>\n\n\n\n<h4 class=\"wp-block-heading\">a) Risques li\u00e9s \u00e0 l\u2019absent\u00e9isme et aux remplacements de derni\u00e8re minute<\/h4>\n\n\n\n<p>Les <a href=\"https:\/\/atlantis-interim.com\/index.php\/2025\/02\/25\/les-conditions-de-travail-des-interimaires-roumains-dans-lindustrie-realites-et-defis\/\" data-internallinksmanager029f6b8e52c=\"26\" title=\"int\u00e9rimaires\">int\u00e9rimaires<\/a> sont souvent appel\u00e9s en urgence pour remplacer des professionnels absents, notamment en cas de <strong>maladie<\/strong>, de <strong>cong\u00e9s<\/strong> ou de <strong>d\u00e9part non pr\u00e9vu<\/strong> d\u2019un membre permanent du personnel. Bien que cela permette de garantir la continuit\u00e9 des soins, cette <strong>impr\u00e9visibilit\u00e9<\/strong> peut avoir des r\u00e9percussions sur la qualit\u00e9 de l\u2019accueil des patients. Ces derniers peuvent \u00eatre confront\u00e9s \u00e0 des changements de soignants \u00e0 la derni\u00e8re minute, ce qui peut affecter la <strong>relation de confiance<\/strong> avec le personnel soignant.<\/p>\n\n\n\n<p>Le recours \u00e0 l\u2019int\u00e9rim pour pallier l\u2019absent\u00e9isme peut \u00e9galement entra\u00eener des <strong>incoh\u00e9rences dans les traitements<\/strong>. En effet, l\u2019absence de lien entre le soignant permanent et le patient peut mener \u00e0 un manque de communication et de suivi, essentiel pour des soins de qualit\u00e9.<\/p>\n\n\n\n<h4 class=\"wp-block-heading\">b) La question de l\u2019<strong>\u00e9quit\u00e9<\/strong> dans l\u2019acc\u00e8s aux soins<\/h4>\n\n\n\n<p>Un autre d\u00e9fi \u00e9thique majeur est la <strong>question de l\u2019\u00e9quit\u00e9<\/strong>. Les patients vuln\u00e9rables, notamment ceux ayant des besoins m\u00e9dicaux complexes ou chroniques, peuvent \u00eatre d\u00e9savantag\u00e9s par l\u2019arriv\u00e9e r\u00e9guli\u00e8re de professionnels <a href=\"https:\/\/atlantis-interim.com\/index.php\/2025\/02\/25\/les-conditions-de-travail-des-interimaires-roumains-dans-lindustrie-realites-et-defis\/\" data-internallinksmanager029f6b8e52c=\"26\" title=\"int\u00e9rimaires\">int\u00e9rimaires<\/a>. Ces patients n\u00e9cessitent souvent un suivi r\u00e9gulier et une attention particuli\u00e8re, ce qui peut \u00eatre plus difficile \u00e0 assurer avec un personnel constamment renouvel\u00e9. L&#8217;\u00e9quit\u00e9 dans la qualit\u00e9 des soins est mise \u00e0 l&#8217;\u00e9preuve lorsqu&#8217;il y a des ruptures dans la continuit\u00e9 de la prise en charge.<\/p>\n\n\n\n<figure class=\"wp-block-image size-large\"><img decoding=\"async\" width=\"924\" height=\"615\" src=\"https:\/\/atlantis-interim.com\/wp-content\/uploads\/2024\/11\/840729-andrea-drobey-technicienne-laboratoire-produits.jpg\" alt=\"\" class=\"wp-image-5422\" srcset=\"https:\/\/atlantis-interim.com\/wp-content\/uploads\/2024\/11\/840729-andrea-drobey-technicienne-laboratoire-produits.jpg 924w, https:\/\/atlantis-interim.com\/wp-content\/uploads\/2024\/11\/840729-andrea-drobey-technicienne-laboratoire-produits-300x200.jpg 300w, https:\/\/atlantis-interim.com\/wp-content\/uploads\/2024\/11\/840729-andrea-drobey-technicienne-laboratoire-produits-768x511.jpg 768w, https:\/\/atlantis-interim.com\/wp-content\/uploads\/2024\/11\/840729-andrea-drobey-technicienne-laboratoire-produits-600x399.jpg 600w\" sizes=\"(max-width: 924px) 100vw, 924px\" \/><\/figure>\n\n\n\n<p>De plus, certains \u00e9tablissements de sant\u00e9, notamment dans les zones rurales ou dans les h\u00f4pitaux de petite taille, peuvent avoir tendance \u00e0 recourir plus fr\u00e9quemment \u00e0 des <a href=\"https:\/\/atlantis-interim.com\/index.php\/2025\/02\/25\/les-conditions-de-travail-des-interimaires-roumains-dans-lindustrie-realites-et-defis\/\" data-internallinksmanager029f6b8e52c=\"26\" title=\"int\u00e9rimaires\">int\u00e9rimaires<\/a>. Cela peut cr\u00e9er un \u00e9cart dans la <strong>qualit\u00e9 des soins<\/strong> entre diff\u00e9rents \u00e9tablissements, affectant l\u2019\u00e9quit\u00e9 dans l\u2019acc\u00e8s aux soins pour tous les patients.<\/p>\n\n\n\n<h3 class=\"wp-block-heading\">4. <strong>Responsabilit\u00e9 \u00e9thique des \u00e9tablissements de sant\u00e9 et des agences d\u2019int\u00e9rim<\/strong><\/h3>\n\n\n\n<h4 class=\"wp-block-heading\">a) La responsabilit\u00e9 des employeurs<\/h4>\n\n\n\n<p>Les \u00e9tablissements de sant\u00e9 ont la responsabilit\u00e9 \u00e9thique de veiller \u00e0 ce que les <a href=\"https:\/\/atlantis-interim.com\/index.php\/2025\/02\/25\/les-conditions-de-travail-des-interimaires-roumains-dans-lindustrie-realites-et-defis\/\" data-internallinksmanager029f6b8e52c=\"26\" title=\"int\u00e9rimaires\">int\u00e9rimaires<\/a> soient correctement form\u00e9s, int\u00e9gr\u00e9s et soutenus dans leur travail. Cela comprend un <strong>accompagnement sp\u00e9cifique<\/strong> pour assurer la bonne prise en charge des patients et le respect des proc\u00e9dures internes. Les responsables des \u00e9tablissements doivent \u00e9galement garantir que les <a href=\"https:\/\/atlantis-interim.com\/index.php\/2025\/02\/25\/les-conditions-de-travail-des-interimaires-roumains-dans-lindustrie-realites-et-defis\/\" data-internallinksmanager029f6b8e52c=\"26\" title=\"int\u00e9rimaires\">int\u00e9rimaires<\/a> b\u00e9n\u00e9ficient de conditions de travail respectueuses de leur sant\u00e9 et de leur s\u00e9curit\u00e9, et qu\u2019ils ont acc\u00e8s \u00e0 des opportunit\u00e9s de formation continue.<\/p>\n\n\n\n<h4 class=\"wp-block-heading\">b) La responsabilit\u00e9 des agences d\u2019int\u00e9rim<\/h4>\n\n\n\n<p>Les agences d\u2019int\u00e9rim, de leur c\u00f4t\u00e9, ont un r\u00f4le important dans la r\u00e9gulation de l\u2019int\u00e9rim. Elles doivent non seulement fournir des professionnels qualifi\u00e9s, mais aussi garantir un environnement de travail qui respecte les <strong>normes \u00e9thiques<\/strong>, tant pour les <a href=\"https:\/\/atlantis-interim.com\/index.php\/2025\/02\/25\/les-conditions-de-travail-des-interimaires-roumains-dans-lindustrie-realites-et-defis\/\" data-internallinksmanager029f6b8e52c=\"26\" title=\"int\u00e9rimaires\">int\u00e9rimaires<\/a> que pour les patients. Cela inclut la <strong>protection sociale<\/strong> des travailleurs, le respect de leurs droits et la mise en place de m\u00e9canismes pour pr\u00e9venir l\u2019\u00e9puisement professionnel et la pr\u00e9carit\u00e9.<\/p>\n\n\n\n<h3 class=\"wp-block-heading\">5. <strong>Conclusion<\/strong><\/h3>\n\n\n\n<p>L\u2019int\u00e9rim dans le secteur de la sant\u00e9 pr\u00e9sente des avantages \u00e9vidents en termes de flexibilit\u00e9 et de r\u00e9activit\u00e9 face aux p\u00e9nuries de personnel. Cependant, il soul\u00e8ve d\u2019importants enjeux \u00e9thiques qui touchent \u00e0 la qualit\u00e9 des soins, \u00e0 la continuit\u00e9 des traitements, au respect des droits des patients et au bien-\u00eatre des <a href=\"https:\/\/atlantis-interim.com\/index.php\/2025\/02\/21\/lintegration-des-travailleurs-interimaires-roumains-dans-le-tissu-industriel-local-defis-et-solutions\/\" data-internallinksmanager029f6b8e52c=\"20\" title=\"travailleurs int\u00e9rimaires\">travailleurs int\u00e9rimaires<\/a> eux-m\u00eames. Pour r\u00e9pondre \u00e0 ces d\u00e9fis, il est essentiel que les \u00e9tablissements de sant\u00e9 et les agences d\u2019int\u00e9rim adoptent des pratiques \u00e9thiques, transparentes et respectueuses des droits de toutes les parties prenantes. La gestion de l\u2019int\u00e9rim dans les soins de sant\u00e9 doit \u00eatre soigneusement encadr\u00e9e pour garantir que la qualit\u00e9 des soins ne soit pas compromise et que les <a href=\"https:\/\/atlantis-interim.com\/index.php\/2025\/02\/21\/lintegration-des-travailleurs-interimaires-roumains-dans-le-tissu-industriel-local-defis-et-solutions\/\" data-internallinksmanager029f6b8e52c=\"20\" title=\"travailleurs int\u00e9rimaires\">travailleurs int\u00e9rimaires<\/a> b\u00e9n\u00e9ficient des protections ad\u00e9quates.<\/p>\n\n\n\n<p><\/p>\n","protected":false},"excerpt":{"rendered":"<p>Les enjeux \u00e9thiques de l\u2019int\u00e9rim dans les soins de sant\u00e9 : respect des droits des travailleurs, qualit\u00e9 des soins et \u00e9quilibre entre flexibilit\u00e9 et \u00e9quit\u00e9.<\/p>\n","protected":false},"author":1,"featured_media":5412,"comment_status":"open","ping_status":"open","sticky":false,"template":"","format":"standard","meta":{"_monsterinsights_skip_tracking":false,"_monsterinsights_sitenote_active":false,"_monsterinsights_sitenote_note":"","_monsterinsights_sitenote_category":0,"_jetpack_memberships_contains_paid_content":false,"wds_primary_category":0,"footnotes":""},"categories":[1,146],"tags":[160,159,79,157,152,155,151,153,82,150,83,149,84,81,158],"class_list":["post-5536","post","type-post","status-publish","format-standard","has-post-thumbnail","hentry","category-blog","category-sante","tag-agence-de-recrutement-roumanie","tag-agence-interim-europeene","tag-agence-interim-roumanie","tag-agence-interim-travailleur-etranger","tag-detachement-roumain","tag-interim-detache","tag-interim-etranger","tag-interim-etranger-roumain","tag-interimaire-roumain","tag-interimaires-roumains","tag-travail-detache","tag-travail-detache-roumain","tag-travail-detache-roumanie","tag-travailleur-roumain","tag-travaillleur-detache-roumain","th-blog blog-single has-post-thumbnail"],"aioseo_notices":[],"jetpack_featured_media_url":"https:\/\/atlantis-interim.com\/wp-content\/uploads\/2024\/11\/SAGE-FEMME.png","jetpack_sharing_enabled":true,"_links":{"self":[{"href":"https:\/\/atlantis-interim.com\/index.php\/wp-json\/wp\/v2\/posts\/5536","targetHints":{"allow":["GET"]}}],"collection":[{"href":"https:\/\/atlantis-interim.com\/index.php\/wp-json\/wp\/v2\/posts"}],"about":[{"href":"https:\/\/atlantis-interim.com\/index.php\/wp-json\/wp\/v2\/types\/post"}],"author":[{"embeddable":true,"href":"https:\/\/atlantis-interim.com\/index.php\/wp-json\/wp\/v2\/users\/1"}],"replies":[{"embeddable":true,"href":"https:\/\/atlantis-interim.com\/index.php\/wp-json\/wp\/v2\/comments?post=5536"}],"version-history":[{"count":2,"href":"https:\/\/atlantis-interim.com\/index.php\/wp-json\/wp\/v2\/posts\/5536\/revisions"}],"predecessor-version":[{"id":5650,"href":"https:\/\/atlantis-interim.com\/index.php\/wp-json\/wp\/v2\/posts\/5536\/revisions\/5650"}],"wp:featuredmedia":[{"embeddable":true,"href":"https:\/\/atlantis-interim.com\/index.php\/wp-json\/wp\/v2\/media\/5412"}],"wp:attachment":[{"href":"https:\/\/atlantis-interim.com\/index.php\/wp-json\/wp\/v2\/media?parent=5536"}],"wp:term":[{"taxonomy":"category","embeddable":true,"href":"https:\/\/atlantis-interim.com\/index.php\/wp-json\/wp\/v2\/categories?post=5536"},{"taxonomy":"post_tag","embeddable":true,"href":"https:\/\/atlantis-interim.com\/index.php\/wp-json\/wp\/v2\/tags?post=5536"}],"curies":[{"name":"wp","href":"https:\/\/api.w.org\/{rel}","templated":true}]}}