{"id":5538,"date":"2025-01-06T04:22:31","date_gmt":"2025-01-06T03:22:31","guid":{"rendered":"https:\/\/atlantis-interim.com\/index.php\/2025\/01\/06\/repercussions-psychologiques-sur-les-interimaires-dans-le-secteur-de-la-sante\/"},"modified":"2025-01-06T04:22:31","modified_gmt":"2025-01-06T03:22:31","slug":"repercussions-psychologiques-sur-les-interimaires-dans-le-secteur-de-la-sante","status":"publish","type":"post","link":"https:\/\/atlantis-interim.com\/index.php\/2025\/01\/06\/repercussions-psychologiques-sur-les-interimaires-dans-le-secteur-de-la-sante\/","title":{"rendered":"R\u00e9percussions psychologiques sur les int\u00e9rimaires dans le secteur de la sant\u00e9"},"content":{"rendered":"\n<p>L&#8217;int\u00e9rim dans le secteur de la sant\u00e9 est une r\u00e9ponse fr\u00e9quente aux besoins temporaires en main-d&#8217;\u0153uvre dans un domaine particuli\u00e8rement exigeant. Si cette solution permet de pallier les p\u00e9nuries de personnel et de r\u00e9pondre \u00e0 des demandes urgentes, elle soul\u00e8ve \u00e9galement des questions sur l&#8217;impact psychologique que cette forme d&#8217;emploi peut avoir sur les <a href=\"https:\/\/atlantis-interim.com\/index.php\/2023\/02\/09\/les-droits-des-travailleurs-temporaires-roumains-en-formation-professionnelle\/\" data-internallinksmanager029f6b8e52c=\"18\" title=\"travailleurs temporaires\">travailleurs temporaires<\/a>. En effet, les <a href=\"https:\/\/atlantis-interim.com\/index.php\/2025\/02\/25\/les-conditions-de-travail-des-interimaires-roumains-dans-lindustrie-realites-et-defis\/\" data-internallinksmanager029f6b8e52c=\"26\" title=\"int\u00e9rimaires\">int\u00e9rimaires<\/a> dans les h\u00f4pitaux, cliniques et autres \u00e9tablissements de sant\u00e9 sont souvent confront\u00e9s \u00e0 des conditions de travail intenses et \u00e0 des d\u00e9fis uniques, ce qui peut affecter leur sant\u00e9 mentale et leur bien-\u00eatre.<\/p>\n\n\n\n<p>Cet article explore les diff\u00e9rentes r\u00e9percussions psychologiques des <a href=\"https:\/\/atlantis-interim.com\/index.php\/2025\/02\/21\/lintegration-des-travailleurs-interimaires-roumains-dans-le-tissu-industriel-local-defis-et-solutions\/\" data-internallinksmanager029f6b8e52c=\"20\" title=\"travailleurs int\u00e9rimaires\">travailleurs int\u00e9rimaires<\/a> dans le secteur de la sant\u00e9, en mettant en lumi\u00e8re les sources de stress et de souffrance, ainsi que les strat\u00e9gies potentielles pour am\u00e9liorer leur bien-\u00eatre.<\/p>\n\n\n\n<h3 class=\"wp-block-heading\">1. <strong>Le stress li\u00e9 \u00e0 l&#8217;incertitude professionnelle<\/strong><\/h3>\n\n\n\n<h4 class=\"wp-block-heading\">a) La pr\u00e9carit\u00e9 de l&#8217;emploi et l&#8217;anxi\u00e9t\u00e9 li\u00e9e \u00e0 l&#8217;avenir<\/h4>\n\n\n\n<p>L&#8217;un des premiers facteurs psychologiques n\u00e9gatifs auxquels les <a href=\"https:\/\/atlantis-interim.com\/index.php\/2025\/02\/25\/les-conditions-de-travail-des-interimaires-roumains-dans-lindustrie-realites-et-defis\/\" data-internallinksmanager029f6b8e52c=\"26\" title=\"int\u00e9rimaires\">int\u00e9rimaires<\/a> sont confront\u00e9s dans le secteur de la sant\u00e9 est l\u2019<strong>incertitude de l&#8217;emploi<\/strong>. Contrairement aux employ\u00e9s permanents, les <a href=\"https:\/\/atlantis-interim.com\/index.php\/2025\/02\/25\/les-conditions-de-travail-des-interimaires-roumains-dans-lindustrie-realites-et-defis\/\" data-internallinksmanager029f6b8e52c=\"26\" title=\"int\u00e9rimaires\">int\u00e9rimaires<\/a> n&#8217;ont pas de garantie quant \u00e0 la continuit\u00e9 de leur mission ou \u00e0 leur prochain contrat. Cette <strong>instabilit\u00e9 professionnelle<\/strong> engendre un stress constant, en particulier dans un secteur aussi exigeant que la sant\u00e9. L&#8217;anxi\u00e9t\u00e9 li\u00e9e \u00e0 la recherche d&#8217;un nouveau contrat, le manque de pr\u00e9visibilit\u00e9 des horaires de travail, et la crainte de ne pas \u00eatre rappel\u00e9 apr\u00e8s une mission g\u00e9n\u00e8rent des tensions psychologiques importantes.<\/p>\n\n\n\n<p>Ce stress est d&#8217;autant plus amplifi\u00e9 dans un secteur o\u00f9 les <a href=\"https:\/\/atlantis-interim.com\/index.php\/2025\/02\/25\/les-conditions-de-travail-des-interimaires-roumains-dans-lindustrie-realites-et-defis\/\" data-internallinksmanager029f6b8e52c=\"26\" title=\"int\u00e9rimaires\">int\u00e9rimaires<\/a> doivent \u00eatre en mesure de s&#8217;adapter rapidement \u00e0 des environnements de travail diff\u00e9rents, \u00e0 des \u00e9quipes changeantes, et \u00e0 des besoins de patients constamment renouvel\u00e9s. Cette instabilit\u00e9 peut aussi avoir des r\u00e9percussions sur la vie personnelle des <a href=\"https:\/\/atlantis-interim.com\/index.php\/2025\/02\/25\/les-conditions-de-travail-des-interimaires-roumains-dans-lindustrie-realites-et-defis\/\" data-internallinksmanager029f6b8e52c=\"26\" title=\"int\u00e9rimaires\">int\u00e9rimaires<\/a>, les emp\u00eachant de se projeter \u00e0 long terme et affectant ainsi leur \u00e9quilibre entre vie professionnelle et vie priv\u00e9e.<\/p>\n\n\n\n<figure class=\"wp-block-image size-large\"><img fetchpriority=\"high\" decoding=\"async\" width=\"1024\" height=\"683\" src=\"https:\/\/atlantis-interim.com\/wp-content\/uploads\/2024\/11\/COPY_istock-1209858343-1631538074-1024x683.jpg\" alt=\"\" class=\"wp-image-5413\" srcset=\"https:\/\/atlantis-interim.com\/wp-content\/uploads\/2024\/11\/COPY_istock-1209858343-1631538074-1024x683.jpg 1024w, https:\/\/atlantis-interim.com\/wp-content\/uploads\/2024\/11\/COPY_istock-1209858343-1631538074-300x200.jpg 300w, https:\/\/atlantis-interim.com\/wp-content\/uploads\/2024\/11\/COPY_istock-1209858343-1631538074-768x512.jpg 768w, https:\/\/atlantis-interim.com\/wp-content\/uploads\/2024\/11\/COPY_istock-1209858343-1631538074-600x400.jpg 600w, https:\/\/atlantis-interim.com\/wp-content\/uploads\/2024\/11\/COPY_istock-1209858343-1631538074.jpg 1254w\" sizes=\"(max-width: 1024px) 100vw, 1024px\" \/><\/figure>\n\n\n\n<h4 class=\"wp-block-heading\">b) La surcharge \u00e9motionnelle<\/h4>\n\n\n\n<p>Dans le secteur de la sant\u00e9, les <a href=\"https:\/\/atlantis-interim.com\/index.php\/2025\/02\/25\/les-conditions-de-travail-des-interimaires-roumains-dans-lindustrie-realites-et-defis\/\" data-internallinksmanager029f6b8e52c=\"26\" title=\"int\u00e9rimaires\">int\u00e9rimaires<\/a> sont souvent confront\u00e9s \u00e0 des situations \u00e9motionnellement difficiles, telles que la prise en charge de patients gravement malades, des situations de crise, ou des \u00e9v\u00e9nements tragiques. Cette <strong>surcharge \u00e9motionnelle<\/strong> peut \u00eatre encore plus difficile \u00e0 g\u00e9rer lorsqu&#8217;ils n&#8217;ont pas la possibilit\u00e9 de s&#8217;int\u00e9grer pleinement \u00e0 une \u00e9quipe stable et de partager le poids \u00e9motionnel avec des coll\u00e8gues de longue date.<\/p>\n\n\n\n<p>L&#8217;int\u00e9rim expose les travailleurs \u00e0 des relations superficielles avec les autres membres du personnel, ce qui peut emp\u00eacher un v\u00e9ritable <strong>soutien \u00e9motionnel<\/strong> entre coll\u00e8gues. Ce manque de solidarit\u00e9 peut rendre l&#8217;exp\u00e9rience de ces situations \u00e9motionnellement intenses encore plus difficile \u00e0 supporter. Les <a href=\"https:\/\/atlantis-interim.com\/index.php\/2025\/02\/25\/les-conditions-de-travail-des-interimaires-roumains-dans-lindustrie-realites-et-defis\/\" data-internallinksmanager029f6b8e52c=\"26\" title=\"int\u00e9rimaires\">int\u00e9rimaires<\/a> peuvent ressentir un isolement, ce qui renforce le stress et la fatigue mentale.<\/p>\n\n\n\n<h3 class=\"wp-block-heading\">2. <strong>Le sentiment d&#8217;isolement et d&#8217;exclusion<\/strong><\/h3>\n\n\n\n<h4 class=\"wp-block-heading\">a) Difficult\u00e9s d&#8217;int\u00e9gration dans les \u00e9quipes<\/h4>\n\n\n\n<p>L&#8217;un des enjeux psychologiques majeurs pour les <a href=\"https:\/\/atlantis-interim.com\/index.php\/2025\/02\/25\/les-conditions-de-travail-des-interimaires-roumains-dans-lindustrie-realites-et-defis\/\" data-internallinksmanager029f6b8e52c=\"26\" title=\"int\u00e9rimaires\">int\u00e9rimaires<\/a> dans les \u00e9tablissements de sant\u00e9 est le <strong>sentiment d&#8217;isolement<\/strong>. En raison de la nature temporaire de leurs contrats, les <a href=\"https:\/\/atlantis-interim.com\/index.php\/2025\/02\/21\/lintegration-des-travailleurs-interimaires-roumains-dans-le-tissu-industriel-local-defis-et-solutions\/\" data-internallinksmanager029f6b8e52c=\"20\" title=\"travailleurs int\u00e9rimaires\">travailleurs int\u00e9rimaires<\/a> ne s&#8217;int\u00e8grent pas toujours pleinement dans les \u00e9quipes. L&#8217;absence de liens professionnels durables peut entra\u00eener un <strong>manque de reconnaissance<\/strong> et un sentiment de ne pas \u00eatre valoris\u00e9, d\u2019autant plus que les travailleurs permanents peuvent voir les <a href=\"https:\/\/atlantis-interim.com\/index.php\/2025\/02\/25\/les-conditions-de-travail-des-interimaires-roumains-dans-lindustrie-realites-et-defis\/\" data-internallinksmanager029f6b8e52c=\"26\" title=\"int\u00e9rimaires\">int\u00e9rimaires<\/a> comme des collaborateurs temporaires.<\/p>\n\n\n\n<p>Les \u00e9quipes permanentes peuvent, consciemment ou non, <strong>exclure<\/strong> les <a href=\"https:\/\/atlantis-interim.com\/index.php\/2025\/02\/25\/les-conditions-de-travail-des-interimaires-roumains-dans-lindustrie-realites-et-defis\/\" data-internallinksmanager029f6b8e52c=\"26\" title=\"int\u00e9rimaires\">int\u00e9rimaires<\/a> des discussions importantes, des prises de d\u00e9cision ou des moments de coh\u00e9sion d\u2019\u00e9quipe, comme les pauses ou les r\u00e9unions sociales. Ce sentiment d\u2019<strong>exclusion sociale<\/strong> peut aggraver les effets de l\u2019int\u00e9rim sur la sant\u00e9 mentale des travailleurs, rendant leur travail encore plus difficile sur le plan psychologique.<\/p>\n\n\n\n<h4 class=\"wp-block-heading\">b) Manque de continuit\u00e9 dans les relations professionnelles<\/h4>\n\n\n\n<p>Les <a href=\"https:\/\/atlantis-interim.com\/index.php\/2025\/02\/25\/les-conditions-de-travail-des-interimaires-roumains-dans-lindustrie-realites-et-defis\/\" data-internallinksmanager029f6b8e52c=\"26\" title=\"int\u00e9rimaires\">int\u00e9rimaires<\/a> n&#8217;ont pas l&#8217;occasion de b\u00e2tir des relations professionnelles stables et durables avec leurs coll\u00e8gues ou leurs superviseurs. Dans le secteur de la sant\u00e9, o\u00f9 la collaboration entre les membres de l\u2019\u00e9quipe soignante est essentielle, l&#8217;absence de liens solides peut rendre les t\u00e2ches plus difficiles \u00e0 accomplir, car les <a href=\"https:\/\/atlantis-interim.com\/index.php\/2025\/02\/25\/les-conditions-de-travail-des-interimaires-roumains-dans-lindustrie-realites-et-defis\/\" data-internallinksmanager029f6b8e52c=\"26\" title=\"int\u00e9rimaires\">int\u00e9rimaires<\/a> n&#8217;ont pas l&#8217;occasion de se familiariser avec les pratiques et les proc\u00e9dures internes d\u2019un \u00e9tablissement.<\/p>\n\n\n\n<p>Cette <strong>inconstance des relations professionnelles<\/strong> entra\u00eene un manque de soutien et d&#8217;encouragements, ce qui peut affaiblir la motivation des travailleurs et nuire \u00e0 leur bien-\u00eatre psychologique. De plus, lorsqu\u2019un int\u00e9rimaire quitte un \u00e9tablissement apr\u00e8s une mission, il doit \u00e0 nouveau repartir de z\u00e9ro dans un environnement de travail inconnu, ce qui peut \u00eatre \u00e9puisant mentalement.<\/p>\n\n\n\n<h3 class=\"wp-block-heading\">3. <strong>Le burn-out et la fatigue \u00e9motionnelle<\/strong><\/h3>\n\n\n\n<h4 class=\"wp-block-heading\">a) L&#8217;intensit\u00e9 du travail dans le secteur de la sant\u00e9<\/h4>\n\n\n\n<p>Les <a href=\"https:\/\/atlantis-interim.com\/index.php\/2025\/02\/21\/lintegration-des-travailleurs-interimaires-roumains-dans-le-tissu-industriel-local-defis-et-solutions\/\" data-internallinksmanager029f6b8e52c=\"20\" title=\"travailleurs int\u00e9rimaires\">travailleurs int\u00e9rimaires<\/a> dans le secteur de la sant\u00e9 sont souvent appel\u00e9s \u00e0 intervenir dans des services particuli\u00e8rement stressants, tels que les urgences, la r\u00e9animation ou la p\u00e9diatrie, o\u00f9 les enjeux sont cruciaux et le travail est souvent <strong>physiquement et \u00e9motionnellement \u00e9puisant<\/strong>. La pression d\u2019assumer des responsabilit\u00e9s \u00e9lev\u00e9es sans b\u00e9n\u00e9ficier de la stabilit\u00e9 professionnelle d\u2019un poste permanent peut entra\u00eener un <strong>\u00e9puisement \u00e9motionnel<\/strong>.<\/p>\n\n\n\n<p>L\u2019int\u00e9rim peut contribuer \u00e0 l\u2019apparition du <strong>burn-out<\/strong>, particuli\u00e8rement lorsqu&#8217;un int\u00e9rimaire est constamment soumis \u00e0 des conditions de travail extr\u00eames sans soutien psychologique ad\u00e9quat. L&#8217;absence de reconnaissance ou d\u2019accompagnement peut aggraver ce ph\u00e9nom\u00e8ne, rendant difficile la gestion de la fatigue \u00e9motionnelle et mentale.<\/p>\n\n\n\n<h4 class=\"wp-block-heading\">b) La surcharge de travail<\/h4>\n\n\n\n<p>Les \u00e9tablissements de sant\u00e9 confront\u00e9s \u00e0 des p\u00e9nuries de personnel ont tendance \u00e0 compter davantage sur les <a href=\"https:\/\/atlantis-interim.com\/index.php\/2025\/02\/25\/les-conditions-de-travail-des-interimaires-roumains-dans-lindustrie-realites-et-defis\/\" data-internallinksmanager029f6b8e52c=\"26\" title=\"int\u00e9rimaires\">int\u00e9rimaires<\/a> pour remplir les vides laiss\u00e9s par l\u2019absent\u00e9isme ou la surcharge de travail. Cela peut se traduire par des horaires de travail prolong\u00e9s, des <strong>garde de nuit<\/strong> fr\u00e9quentes, et une <strong>pression constante<\/strong> pour \u00eatre r\u00e9actif et disponible. Cette surcharge peut \u00eatre un facteur majeur de <strong>fatigue chronique<\/strong> et de <strong>d\u00e9sengagement \u00e9motionnel<\/strong> chez les <a href=\"https:\/\/atlantis-interim.com\/index.php\/2025\/02\/25\/les-conditions-de-travail-des-interimaires-roumains-dans-lindustrie-realites-et-defis\/\" data-internallinksmanager029f6b8e52c=\"26\" title=\"int\u00e9rimaires\">int\u00e9rimaires<\/a>.<\/p>\n\n\n\n<h3 class=\"wp-block-heading\">4. <strong>L\u2019impact sur l\u2019estime de soi et la motivation professionnelle<\/strong><\/h3>\n\n\n\n<h4 class=\"wp-block-heading\">a) Le sentiment de non-reconnaissance<\/h4>\n\n\n\n<p>Les <a href=\"https:\/\/atlantis-interim.com\/index.php\/2025\/02\/25\/les-conditions-de-travail-des-interimaires-roumains-dans-lindustrie-realites-et-defis\/\" data-internallinksmanager029f6b8e52c=\"26\" title=\"int\u00e9rimaires\">int\u00e9rimaires<\/a> dans le secteur de la sant\u00e9, bien qu\u2019ils soient des professionnels qualifi\u00e9s et exp\u00e9riment\u00e9s, peuvent ressentir un <strong>manque de reconnaissance<\/strong> de la part des autres membres de l\u2019\u00e9quipe ou de leurs employeurs. Cela peut \u00eatre d\u00fb \u00e0 la nature temporaire de leurs contrats, qui les place dans une position o\u00f9 leurs contributions peuvent ne pas \u00eatre per\u00e7ues de mani\u00e8re aussi significative que celles des salari\u00e9s permanents.<\/p>\n\n\n\n<p>Le manque de reconnaissance peut entra\u00eener une <strong>diminution de l&#8217;estime de soi<\/strong> et une perte de <strong>motivation professionnelle<\/strong>. Les <a href=\"https:\/\/atlantis-interim.com\/index.php\/2025\/02\/25\/les-conditions-de-travail-des-interimaires-roumains-dans-lindustrie-realites-et-defis\/\" data-internallinksmanager029f6b8e52c=\"26\" title=\"int\u00e9rimaires\">int\u00e9rimaires<\/a> peuvent avoir l&#8217;impression que leur travail n&#8217;est pas valoris\u00e9 \u00e0 sa juste mesure, ce qui peut affecter leur engagement \u00e0 long terme et leur capacit\u00e9 \u00e0 donner le meilleur d&#8217;eux-m\u00eames.<\/p>\n\n\n\n<figure class=\"wp-block-image size-large\"><img decoding=\"async\" width=\"1024\" height=\"576\" src=\"https:\/\/atlantis-interim.com\/wp-content\/uploads\/2024\/11\/112600-original-1024x576.webp\" alt=\"\" class=\"wp-image-5418\" srcset=\"https:\/\/atlantis-interim.com\/wp-content\/uploads\/2024\/11\/112600-original-1024x576.webp 1024w, https:\/\/atlantis-interim.com\/wp-content\/uploads\/2024\/11\/112600-original-300x169.webp 300w, https:\/\/atlantis-interim.com\/wp-content\/uploads\/2024\/11\/112600-original-768x432.webp 768w, https:\/\/atlantis-interim.com\/wp-content\/uploads\/2024\/11\/112600-original-391x220.webp 391w, https:\/\/atlantis-interim.com\/wp-content\/uploads\/2024\/11\/112600-original-600x337.webp 600w, https:\/\/atlantis-interim.com\/wp-content\/uploads\/2024\/11\/112600-original.webp 1400w\" sizes=\"(max-width: 1024px) 100vw, 1024px\" \/><\/figure>\n\n\n\n<h4 class=\"wp-block-heading\">b) Les d\u00e9fis li\u00e9s \u00e0 l\u2019adaptabilit\u00e9<\/h4>\n\n\n\n<p>Les <a href=\"https:\/\/atlantis-interim.com\/index.php\/2025\/02\/25\/les-conditions-de-travail-des-interimaires-roumains-dans-lindustrie-realites-et-defis\/\" data-internallinksmanager029f6b8e52c=\"26\" title=\"int\u00e9rimaires\">int\u00e9rimaires<\/a> doivent \u00eatre constamment <strong>adaptables<\/strong> et pr\u00eats \u00e0 s&#8217;ajuster aux sp\u00e9cificit\u00e9s de chaque \u00e9tablissement. Cette <strong>adaptabilit\u00e9 constante<\/strong> peut entra\u00eener une pression psychologique importante, en particulier lorsqu&#8217;ils se sentent contraints de prouver leur comp\u00e9tence \u00e0 chaque nouvelle mission. L\u2019incapacit\u00e9 \u00e0 s\u2019int\u00e9grer pleinement dans un \u00e9tablissement ou \u00e0 obtenir une reconnaissance positive peut affecter leur sentiment de <strong>comp\u00e9tence professionnelle<\/strong>.<\/p>\n\n\n\n<h3 class=\"wp-block-heading\">5. <strong>Strat\u00e9gies pour soutenir la sant\u00e9 mentale des int\u00e9rimaires<\/strong><\/h3>\n\n\n\n<h4 class=\"wp-block-heading\">a) La formation et le soutien psychologique<\/h4>\n\n\n\n<p>Les \u00e9tablissements de sant\u00e9 et les agences d\u2019int\u00e9rim peuvent jouer un r\u00f4le crucial dans la pr\u00e9vention des r\u00e9percussions psychologiques n\u00e9gatives sur les <a href=\"https:\/\/atlantis-interim.com\/index.php\/2025\/02\/25\/les-conditions-de-travail-des-interimaires-roumains-dans-lindustrie-realites-et-defis\/\" data-internallinksmanager029f6b8e52c=\"26\" title=\"int\u00e9rimaires\">int\u00e9rimaires<\/a> en mettant en place des <strong>programmes de soutien psychologique<\/strong> et des <strong>formations adapt\u00e9es<\/strong>. Des s\u00e9ances de gestion du stress, des formations sur les comp\u00e9tences interpersonnelles et un soutien \u00e9motionnel continu peuvent aider les travailleurs \u00e0 mieux faire face aux d\u00e9fis de leur mission.<\/p>\n\n\n\n<h4 class=\"wp-block-heading\">b) L\u2019int\u00e9gration dans les \u00e9quipes<\/h4>\n\n\n\n<p>Une meilleure <strong>int\u00e9gration<\/strong> des <a href=\"https:\/\/atlantis-interim.com\/index.php\/2025\/02\/25\/les-conditions-de-travail-des-interimaires-roumains-dans-lindustrie-realites-et-defis\/\" data-internallinksmanager029f6b8e52c=\"26\" title=\"int\u00e9rimaires\">int\u00e9rimaires<\/a> au sein des \u00e9quipes de travail est essentielle pour favoriser leur bien-\u00eatre psychologique. Les \u00e9tablissements devraient organiser des <strong>sessions d\u2019accueil<\/strong> pour les <a href=\"https:\/\/atlantis-interim.com\/index.php\/2025\/02\/25\/les-conditions-de-travail-des-interimaires-roumains-dans-lindustrie-realites-et-defis\/\" data-internallinksmanager029f6b8e52c=\"26\" title=\"int\u00e9rimaires\">int\u00e9rimaires<\/a> afin de les familiariser avec les proc\u00e9dures internes et de faciliter leur int\u00e9gration sociale et professionnelle. Offrir un environnement de travail plus <strong>collaboratif<\/strong> et <strong>solidaire<\/strong> permettrait de r\u00e9duire le sentiment d&#8217;isolement et d\u2019exclusion, tout en renfor\u00e7ant la coh\u00e9sion de l\u2019\u00e9quipe.<\/p>\n\n\n\n<h3 class=\"wp-block-heading\">6. <strong>Conclusion<\/strong><\/h3>\n\n\n\n<p>Les r\u00e9percussions psychologiques de l\u2019int\u00e9rim dans le secteur de la sant\u00e9 sont consid\u00e9rables et vari\u00e9es. Si l\u2019int\u00e9rim permet de r\u00e9pondre aux besoins urgents des \u00e9tablissements, il expose \u00e9galement les travailleurs \u00e0 un environnement professionnel stressant, instable et parfois isolant. La gestion des <a href=\"https:\/\/atlantis-interim.com\/index.php\/2025\/02\/25\/les-conditions-de-travail-des-interimaires-roumains-dans-lindustrie-realites-et-defis\/\" data-internallinksmanager029f6b8e52c=\"26\" title=\"int\u00e9rimaires\">int\u00e9rimaires<\/a> dans les soins de sant\u00e9 doit donc inclure des strat\u00e9gies visant \u00e0 minimiser ces impacts psychologiques, en offrant des soutiens adapt\u00e9s, une meilleure reconnaissance, et un environnement de travail plus stable et inclusif. Les agences d\u2019int\u00e9rim et les \u00e9tablissements de sant\u00e9 ont un r\u00f4le crucial \u00e0 jouer pour pr\u00e9server le bien-\u00eatre mental des <a href=\"https:\/\/atlantis-interim.com\/index.php\/2025\/02\/21\/lintegration-des-travailleurs-interimaires-roumains-dans-le-tissu-industriel-local-defis-et-solutions\/\" data-internallinksmanager029f6b8e52c=\"20\" title=\"travailleurs int\u00e9rimaires\">travailleurs int\u00e9rimaires<\/a>, tout en maintenant une qualit\u00e9 de soins optimale pour les patients.<\/p>\n","protected":false},"excerpt":{"rendered":"<p>L&#8217;int\u00e9rim dans le secteur de la sant\u00e9 est une r\u00e9ponse fr\u00e9quente aux besoins temporaires en main-d&#8217;\u0153uvre dans un domaine particuli\u00e8rement exigeant. Si cette solution permet de pallier les p\u00e9nuries de personnel et de r\u00e9pondre \u00e0 des demandes urgentes, elle soul\u00e8ve \u00e9galement des questions sur l&#8217;impact psychologique que cette forme d&#8217;emploi peut avoir sur les travailleurs&#8230;<\/p>\n","protected":false},"author":1,"featured_media":5417,"comment_status":"open","ping_status":"open","sticky":false,"template":"","format":"standard","meta":{"_monsterinsights_skip_tracking":false,"_monsterinsights_sitenote_active":false,"_monsterinsights_sitenote_note":"","_monsterinsights_sitenote_category":0,"_jetpack_memberships_contains_paid_content":false,"wds_primary_category":0,"footnotes":""},"categories":[1,146],"tags":[160,159,79,157,151,153,78,148,150,83,84,81,168],"class_list":["post-5538","post","type-post","status-publish","format-standard","has-post-thumbnail","hentry","category-blog","category-sante","tag-agence-de-recrutement-roumanie","tag-agence-interim-europeene","tag-agence-interim-roumanie","tag-agence-interim-travailleur-etranger","tag-interim-etranger","tag-interim-etranger-roumain","tag-interim-roumanie","tag-interimaire-etranger","tag-interimaires-roumains","tag-travail-detache","tag-travail-detache-roumanie","tag-travailleur-roumain","tag-travailleurs-detaches-roumains-menuisiers","th-blog blog-single has-post-thumbnail"],"aioseo_notices":[],"jetpack_featured_media_url":"https:\/\/atlantis-interim.com\/wp-content\/uploads\/2024\/11\/Quels-sont-les-differents-types-de-medecins_2-740x494-1.jpg","jetpack_sharing_enabled":true,"_links":{"self":[{"href":"https:\/\/atlantis-interim.com\/index.php\/wp-json\/wp\/v2\/posts\/5538","targetHints":{"allow":["GET"]}}],"collection":[{"href":"https:\/\/atlantis-interim.com\/index.php\/wp-json\/wp\/v2\/posts"}],"about":[{"href":"https:\/\/atlantis-interim.com\/index.php\/wp-json\/wp\/v2\/types\/post"}],"author":[{"embeddable":true,"href":"https:\/\/atlantis-interim.com\/index.php\/wp-json\/wp\/v2\/users\/1"}],"replies":[{"embeddable":true,"href":"https:\/\/atlantis-interim.com\/index.php\/wp-json\/wp\/v2\/comments?post=5538"}],"version-history":[{"count":0,"href":"https:\/\/atlantis-interim.com\/index.php\/wp-json\/wp\/v2\/posts\/5538\/revisions"}],"wp:featuredmedia":[{"embeddable":true,"href":"https:\/\/atlantis-interim.com\/index.php\/wp-json\/wp\/v2\/media\/5417"}],"wp:attachment":[{"href":"https:\/\/atlantis-interim.com\/index.php\/wp-json\/wp\/v2\/media?parent=5538"}],"wp:term":[{"taxonomy":"category","embeddable":true,"href":"https:\/\/atlantis-interim.com\/index.php\/wp-json\/wp\/v2\/categories?post=5538"},{"taxonomy":"post_tag","embeddable":true,"href":"https:\/\/atlantis-interim.com\/index.php\/wp-json\/wp\/v2\/tags?post=5538"}],"curies":[{"name":"wp","href":"https:\/\/api.w.org\/{rel}","templated":true}]}}