{"id":5544,"date":"2025-01-29T09:21:28","date_gmt":"2025-01-29T08:21:28","guid":{"rendered":"https:\/\/atlantis-interim.com\/index.php\/2025\/01\/29\/les-enjeux-juridiques-et-reglementaires-des-travailleurs-detaches-dans-le-transport-et-la-logistique-en-france\/"},"modified":"2025-01-29T09:21:28","modified_gmt":"2025-01-29T08:21:28","slug":"les-enjeux-juridiques-et-reglementaires-des-travailleurs-detaches-dans-le-transport-et-la-logistique-en-france","status":"publish","type":"post","link":"https:\/\/atlantis-interim.com\/index.php\/2025\/01\/29\/les-enjeux-juridiques-et-reglementaires-des-travailleurs-detaches-dans-le-transport-et-la-logistique-en-france\/","title":{"rendered":"Les enjeux juridiques et r\u00e9glementaires des travailleurs d\u00e9tach\u00e9s dans le transport et la logistique en France"},"content":{"rendered":"\n<h3 class=\"wp-block-heading\">Introduction<\/h3>\n\n\n\n<p>Le <a href=\"https:\/\/atlantis-interim.com\/index.php\/2025\/02\/23\/la-legislation-europeenne-et-son-impact-sur-le-travail-detache-dans-lindustrie-francaise\/\" data-internallinksmanager029f6b8e52c=\"1\" title=\"Travail d\u00e9tach\u00e9\">travail d\u00e9tach\u00e9<\/a> est un concept juridique qui permet \u00e0 un employeur \u00e9tabli dans un autre pays de l&#8217;Union europ\u00e9enne (UE) d&#8217;envoyer temporairement un salari\u00e9 travailler sur le territoire fran\u00e7ais, tout en continuant de lui appliquer la l\u00e9gislation de son pays d&#8217;origine. Si cette pratique a pour objectif de faciliter la libre circulation des travailleurs au sein de l&#8217;UE, elle soul\u00e8ve des enjeux juridiques et r\u00e9glementaires complexes, notamment dans des secteurs sensibles tels que le transport et la logistique. Ces secteurs, caract\u00e9ris\u00e9s par la mobilit\u00e9 des travailleurs et la diversit\u00e9 des normes, sont au c\u0153ur des d\u00e9bats sur les conditions de travail, la concurrence et la protection des droits sociaux des salari\u00e9s.<\/p>\n\n\n\n<p>Cet article explore les enjeux juridiques et r\u00e9glementaires relatifs aux travailleurs d\u00e9tach\u00e9s dans le secteur du transport et de la logistique en France, en mettant l&#8217;accent sur les d\u00e9fis auxquels sont confront\u00e9s les acteurs \u00e9conomiques, les travailleurs eux-m\u00eames et les autorit\u00e9s publiques.<\/p>\n\n\n\n<h3 class=\"wp-block-heading\">1. <strong>Le cadre juridique du travail d\u00e9tach\u00e9 : d\u00e9finition et principes de base<\/strong><\/h3>\n\n\n\n<p>Le <a href=\"https:\/\/atlantis-interim.com\/index.php\/2025\/02\/23\/la-legislation-europeenne-et-son-impact-sur-le-travail-detache-dans-lindustrie-francaise\/\" data-internallinksmanager029f6b8e52c=\"1\" title=\"Travail d\u00e9tach\u00e9\">travail d\u00e9tach\u00e9<\/a> est encadr\u00e9 par la directive europ\u00e9enne 96\/71\/CE, adopt\u00e9e en 1996, et modifi\u00e9e en 2018 par la directive 2018\/957\/UE. Ces textes r\u00e9gissent les conditions de travail des salari\u00e9s d\u00e9tach\u00e9s dans un autre \u00c9tat membre de l\u2019UE.<\/p>\n\n\n\n<h4 class=\"wp-block-heading\">1.1. <strong>Les principes de la directive europ\u00e9enne<\/strong><\/h4>\n\n\n\n<figure class=\"wp-block-image size-large\"><img fetchpriority=\"high\" decoding=\"async\" width=\"800\" height=\"533\" src=\"https:\/\/atlantis-interim.com\/wp-content\/uploads\/2024\/09\/Responsable_logistique.webp\" alt=\"\" class=\"wp-image-5305\" srcset=\"https:\/\/atlantis-interim.com\/wp-content\/uploads\/2024\/09\/Responsable_logistique.webp 800w, https:\/\/atlantis-interim.com\/wp-content\/uploads\/2024\/09\/Responsable_logistique-300x200.webp 300w, https:\/\/atlantis-interim.com\/wp-content\/uploads\/2024\/09\/Responsable_logistique-768x512.webp 768w, https:\/\/atlantis-interim.com\/wp-content\/uploads\/2024\/09\/Responsable_logistique-600x400.webp 600w\" sizes=\"(max-width: 800px) 100vw, 800px\" \/><\/figure>\n\n\n\n<p>La directive europ\u00e9enne \u00e9tablit une s\u00e9rie de r\u00e8gles afin de garantir que les travailleurs d\u00e9tach\u00e9s b\u00e9n\u00e9ficient de certaines protections minimales, tout en permettant aux employeurs d\u2019envoyer des salari\u00e9s dans d\u2019autres \u00c9tats membres. Les principes cl\u00e9s de la directive sont :<\/p>\n\n\n\n<ul class=\"wp-block-list\">\n<li><strong>Le principe de non-discrimination<\/strong> : Les travailleurs d\u00e9tach\u00e9s doivent b\u00e9n\u00e9ficier des conditions de travail minimales qui s&#8217;appliquent aux travailleurs locaux du pays d&#8217;accueil. Cela comprend les r\u00e8gles concernant la r\u00e9mun\u00e9ration, la dur\u00e9e du travail, la s\u00e9curit\u00e9, la sant\u00e9 au travail, et les conditions de travail dans les secteurs sp\u00e9cifiques.<\/li>\n\n\n\n<li><strong>La dur\u00e9e maximale du <a href=\"https:\/\/atlantis-interim.com\/index.php\/2025\/02\/19\/limpact-du-detachement-des-travailleurs-interimaires-roumains-sur-leconomie-industrielle-francaise\/\" data-internallinksmanager029f6b8e52c=\"27\" title=\"d\u00e9tachement roumain\">d\u00e9tachement<\/a><\/strong> : Le <a href=\"https:\/\/atlantis-interim.com\/index.php\/2025\/02\/19\/limpact-du-detachement-des-travailleurs-interimaires-roumains-sur-leconomie-industrielle-francaise\/\" data-internallinksmanager029f6b8e52c=\"27\" title=\"d\u00e9tachement roumain\">d\u00e9tachement<\/a> ne doit pas durer ind\u00e9finiment. En principe, il est limit\u00e9 \u00e0 24 mois, apr\u00e8s quoi les conditions locales de travail doivent s&#8217;appliquer.<\/li>\n\n\n\n<li><strong>Le respect des conventions collectives<\/strong> : Les travailleurs d\u00e9tach\u00e9s doivent b\u00e9n\u00e9ficier des conventions collectives locales lorsqu&#8217;elles sont plus favorables que celles du pays d&#8217;origine.<\/li>\n<\/ul>\n\n\n\n<h4 class=\"wp-block-heading\">1.2. <strong>Les adaptations r\u00e9centes de la l\u00e9gislation europ\u00e9enne<\/strong><\/h4>\n\n\n\n<p>La directive 2018\/957\/UE, entr\u00e9e en vigueur le 30 juillet 2020, a modifi\u00e9 certaines r\u00e8gles relatives au <a href=\"https:\/\/atlantis-interim.com\/index.php\/2025\/02\/23\/la-legislation-europeenne-et-son-impact-sur-le-travail-detache-dans-lindustrie-francaise\/\" data-internallinksmanager029f6b8e52c=\"1\" title=\"Travail d\u00e9tach\u00e9\">travail d\u00e9tach\u00e9<\/a>, renfor\u00e7ant la protection des travailleurs et harmonisant davantage les pratiques au sein de l\u2019UE. Cette r\u00e9vision visait \u00e0 lutter contre les abus, comme le recours excessif aux travailleurs d\u00e9tach\u00e9s dans des conditions pr\u00e9caires.<\/p>\n\n\n\n<p>Les principales r\u00e9formes apport\u00e9es par cette directive comprennent :<\/p>\n\n\n\n<ul class=\"wp-block-list\">\n<li><strong>L\u2019extension du champ d\u2019application<\/strong> : Les travailleurs d\u00e9tach\u00e9s dans les secteurs du transport, de la logistique, du b\u00e2timent et des services sont d\u00e9sormais davantage prot\u00e9g\u00e9s par les l\u00e9gislations nationales du pays d\u2019accueil.<\/li>\n\n\n\n<li><strong>L\u2019introduction de nouvelles r\u00e8gles sur les r\u00e9mun\u00e9rations<\/strong> : Les entreprises doivent d\u00e9sormais s&#8217;assurer que les travailleurs d\u00e9tach\u00e9s re\u00e7oivent une r\u00e9mun\u00e9ration \u00e9quivalente \u00e0 celle des travailleurs locaux pour les m\u00eames t\u00e2ches.<\/li>\n<\/ul>\n\n\n\n<h3 class=\"wp-block-heading\">2. <strong>Les sp\u00e9cificit\u00e9s du secteur du transport et de la logistique<\/strong><\/h3>\n\n\n\n<p>Le secteur du transport et de la logistique est particuli\u00e8rement touch\u00e9 par le recours au <a href=\"https:\/\/atlantis-interim.com\/index.php\/2025\/02\/23\/la-legislation-europeenne-et-son-impact-sur-le-travail-detache-dans-lindustrie-francaise\/\" data-internallinksmanager029f6b8e52c=\"1\" title=\"Travail d\u00e9tach\u00e9\">travail d\u00e9tach\u00e9<\/a> en raison de la nature m\u00eame de ces activit\u00e9s. La mobilit\u00e9 des travailleurs est une caract\u00e9ristique essentielle de ces m\u00e9tiers, qu&#8217;il s&#8217;agisse de conducteurs de poids lourds, de travailleurs dans les entrep\u00f4ts, ou de conducteurs dans les services de transport maritime ou ferroviaire. Cependant, cette mobilit\u00e9 engendre plusieurs d\u00e9fis en mati\u00e8re d\u2019application des r\u00e8gles du <a href=\"https:\/\/atlantis-interim.com\/index.php\/2025\/02\/23\/la-legislation-europeenne-et-son-impact-sur-le-travail-detache-dans-lindustrie-francaise\/\" data-internallinksmanager029f6b8e52c=\"1\" title=\"Travail d\u00e9tach\u00e9\">travail d\u00e9tach\u00e9<\/a>.<\/p>\n\n\n\n<h4 class=\"wp-block-heading\">2.1. <strong>Le transport international : un secteur transfrontalier par nature<\/strong><\/h4>\n\n\n\n<p>Les travailleurs d\u00e9tach\u00e9s dans le secteur du transport, notamment les chauffeurs de poids lourds, peuvent \u00eatre amen\u00e9s \u00e0 traverser plusieurs pays de l\u2019UE au cours de leurs missions. Cela soul\u00e8ve des probl\u00e8mes de d\u00e9finition de la l\u00e9gislation applicable et d\u2019harmonisation des conditions de travail. Par exemple, le temps de travail des conducteurs de poids lourds est r\u00e9glement\u00e9 par des normes europ\u00e9ennes sp\u00e9cifiques, mais la question de la r\u00e9mun\u00e9ration et des avantages sociaux des travailleurs peut diff\u00e9rer consid\u00e9rablement selon le pays d&#8217;origine de l&#8217;employeur.<\/p>\n\n\n\n<p>En outre, la question des &#8220;d\u00e9tachements en cascade&#8221; se pose souvent, o\u00f9 des entreprises situ\u00e9es dans des pays \u00e0 bas co\u00fbts envoient leurs travailleurs dans des pays comme la France, o\u00f9 les salaires sont plus \u00e9lev\u00e9s. Cela peut entra\u00eener des situations de dumping social, o\u00f9 les travailleurs d\u00e9tach\u00e9s sont pay\u00e9s en dessous des standards locaux.<\/p>\n\n\n\n<h4 class=\"wp-block-heading\">2.2. <strong>Les entrep\u00f4ts et la logistique de proximit\u00e9<\/strong><\/h4>\n\n\n\n<p>Le secteur de la logistique en France repose sur un grand nombre d&#8217;entrep\u00f4ts et de centres de distribution, o\u00f9 le travail int\u00e9rimaire et d\u00e9tach\u00e9 est courant. Ces travailleurs, souvent temporaires, n&#8217;ont pas toujours acc\u00e8s aux m\u00eames droits que les employ\u00e9s permanents, ce qui peut entra\u00eener des in\u00e9galit\u00e9s et des tensions sociales au sein des entreprises. De plus, le recours au <a href=\"https:\/\/atlantis-interim.com\/index.php\/2025\/02\/23\/la-legislation-europeenne-et-son-impact-sur-le-travail-detache-dans-lindustrie-francaise\/\" data-internallinksmanager029f6b8e52c=\"1\" title=\"Travail d\u00e9tach\u00e9\">travail d\u00e9tach\u00e9<\/a> dans des activit\u00e9s logistiques entra\u00eene des d\u00e9fis pour les autorit\u00e9s fran\u00e7aises en mati\u00e8re de contr\u00f4le de la conformit\u00e9 avec les l\u00e9gislations sur la s\u00e9curit\u00e9 au travail, les horaires, les conditions de travail et la r\u00e9mun\u00e9ration.<\/p>\n\n\n\n<h3 class=\"wp-block-heading\">3. <strong>Les enjeux juridiques et r\u00e9glementaires sp\u00e9cifiques aux travailleurs d\u00e9tach\u00e9s dans le transport et la logistique<\/strong><\/h3>\n\n\n\n<h4 class=\"wp-block-heading\">3.1. <strong>Les risques de dumping social<\/strong><\/h4>\n\n\n\n<p>L&#8217;un des principaux enjeux des travailleurs d\u00e9tach\u00e9s dans le secteur du transport et de la logistique en France r\u00e9side dans le ph\u00e9nom\u00e8ne de dumping social. Ce terme d\u00e9signe la pratique consistant \u00e0 employer des travailleurs sous des conditions de travail moins favorables que celles pr\u00e9vues par la l\u00e9gislation du pays d&#8217;accueil, en l&#8217;occurrence la France. Dans le secteur du transport, cela se traduit souvent par l&#8217;envoi de chauffeurs de poids lourds en provenance de pays \u00e0 faibles co\u00fbts salariaux (comme la Pologne ou la Bulgarie) pour effectuer des trajets en France, avec des salaires qui ne respectent pas toujours les normes fran\u00e7aises.<\/p>\n\n\n\n<p>Les autorit\u00e9s fran\u00e7aises ont mis en place plusieurs m\u00e9canismes pour lutter contre cette pratique. Par exemple, le <strong>contr\u00f4le des d\u00e9tachements<\/strong> a \u00e9t\u00e9 renforc\u00e9, avec la possibilit\u00e9 pour les inspecteurs du travail de v\u00e9rifier la conformit\u00e9 des entreprises avec les r\u00e8gles du <a href=\"https:\/\/atlantis-interim.com\/index.php\/2025\/02\/23\/la-legislation-europeenne-et-son-impact-sur-le-travail-detache-dans-lindustrie-francaise\/\" data-internallinksmanager029f6b8e52c=\"1\" title=\"Travail d\u00e9tach\u00e9\">travail d\u00e9tach\u00e9<\/a>, notamment en ce qui concerne la r\u00e9mun\u00e9ration des travailleurs.<\/p>\n\n\n\n<h4 class=\"wp-block-heading\">3.2. <strong>Les difficult\u00e9s de contr\u00f4le et de conformit\u00e9<\/strong><\/h4>\n\n\n\n<p>L\u2019un des d\u00e9fis majeurs dans le contr\u00f4le du <a href=\"https:\/\/atlantis-interim.com\/index.php\/2025\/02\/23\/la-legislation-europeenne-et-son-impact-sur-le-travail-detache-dans-lindustrie-francaise\/\" data-internallinksmanager029f6b8e52c=\"1\" title=\"Travail d\u00e9tach\u00e9\">travail d\u00e9tach\u00e9<\/a> dans le transport et la logistique r\u00e9side dans la capacit\u00e9 des autorit\u00e9s fran\u00e7aises \u00e0 v\u00e9rifier la conformit\u00e9 des entreprises avec la r\u00e9glementation en vigueur. La mobilit\u00e9 des travailleurs et l\u2019implication de plusieurs \u00c9tats membres rendent les contr\u00f4les complexes et n\u00e9cessitent une coop\u00e9ration \u00e9troite entre les administrations nationales.<\/p>\n\n\n\n<figure class=\"wp-block-image size-large\"><img decoding=\"async\" width=\"1000\" height=\"667\" src=\"https:\/\/atlantis-interim.com\/wp-content\/uploads\/2024\/09\/quels-metiers-logistique-1.jpg\" alt=\"\" class=\"wp-image-5299\" srcset=\"https:\/\/atlantis-interim.com\/wp-content\/uploads\/2024\/09\/quels-metiers-logistique-1.jpg 1000w, https:\/\/atlantis-interim.com\/wp-content\/uploads\/2024\/09\/quels-metiers-logistique-1-300x200.jpg 300w, https:\/\/atlantis-interim.com\/wp-content\/uploads\/2024\/09\/quels-metiers-logistique-1-768x512.jpg 768w, https:\/\/atlantis-interim.com\/wp-content\/uploads\/2024\/09\/quels-metiers-logistique-1-600x400.jpg 600w\" sizes=\"(max-width: 1000px) 100vw, 1000px\" \/><\/figure>\n\n\n\n<p>Pour faciliter cette coop\u00e9ration, des outils comme la plateforme <strong>&#8220;LIMOSS&#8221;<\/strong> (Lutte contre l&#8217;Immigration ill\u00e9gale et le Travail Ill\u00e9gal) ont \u00e9t\u00e9 mis en place. Ces dispositifs permettent aux autorit\u00e9s d&#8217;\u00e9changer des informations sur les conditions de travail des travailleurs d\u00e9tach\u00e9s et de v\u00e9rifier le respect des l\u00e9gislations.<\/p>\n\n\n\n<h4 class=\"wp-block-heading\">3.3. <strong>La protection des droits sociaux des travailleurs d\u00e9tach\u00e9s<\/strong><\/h4>\n\n\n\n<p>Malgr\u00e9 les protections offertes par la l\u00e9gislation europ\u00e9enne, de nombreux travailleurs d\u00e9tach\u00e9s dans le secteur du transport et de la logistique continuent de se heurter \u00e0 des violations de leurs droits sociaux. Les conditions de travail dans les secteurs logistiques et du transport, souvent caract\u00e9ris\u00e9es par des horaires irr\u00e9guliers et des conditions difficiles, peuvent mettre en p\u00e9ril la sant\u00e9 et la s\u00e9curit\u00e9 des travailleurs. Il est donc crucial que les employeurs respectent non seulement les r\u00e8gles relatives \u00e0 la r\u00e9mun\u00e9ration, mais aussi celles concernant les conditions de travail.<\/p>\n\n\n\n<h3 class=\"wp-block-heading\">4. <strong>Les r\u00e9ponses l\u00e9gislatives et les r\u00e9formes \u00e0 venir<\/strong><\/h3>\n\n\n\n<p>La France a pris plusieurs mesures pour renforcer la r\u00e9gulation du <a href=\"https:\/\/atlantis-interim.com\/index.php\/2025\/02\/23\/la-legislation-europeenne-et-son-impact-sur-le-travail-detache-dans-lindustrie-francaise\/\" data-internallinksmanager029f6b8e52c=\"1\" title=\"Travail d\u00e9tach\u00e9\">travail d\u00e9tach\u00e9<\/a>, avec des lois comme la <strong>loi Macron<\/strong> de 2015, qui introduit des dispositifs de contr\u00f4le plus stricts. De plus, le <strong>r\u00e9gime d\u2019autorisation de <a href=\"https:\/\/atlantis-interim.com\/index.php\/2025\/02\/23\/la-legislation-europeenne-et-son-impact-sur-le-travail-detache-dans-lindustrie-francaise\/\" data-internallinksmanager029f6b8e52c=\"1\" title=\"Travail d\u00e9tach\u00e9\">travail d\u00e9tach\u00e9<\/a><\/strong> a \u00e9t\u00e9 mis en place pour certaines professions, y compris le transport.<\/p>\n\n\n\n<p>Les r\u00e9formes en cours au niveau europ\u00e9en et national visent \u00e0 harmoniser davantage les conditions de travail et \u00e0 \u00e9viter les abus. La <strong>Loi Travail<\/strong> de 2016 et les r\u00e9formes r\u00e9centes des institutions europ\u00e9ennes en mati\u00e8re de mobilit\u00e9 de la main-d&#8217;\u0153uvre devraient permettre de mieux encadrer ces pratiques, tout en maintenant la comp\u00e9titivit\u00e9 du secteur.<\/p>\n\n\n\n<h3 class=\"wp-block-heading\">Conclusion<\/h3>\n\n\n\n<p>Le <a href=\"https:\/\/atlantis-interim.com\/index.php\/2025\/02\/23\/la-legislation-europeenne-et-son-impact-sur-le-travail-detache-dans-lindustrie-francaise\/\" data-internallinksmanager029f6b8e52c=\"1\" title=\"Travail d\u00e9tach\u00e9\">travail d\u00e9tach\u00e9<\/a> dans le secteur du transport et de la logistique en France repr\u00e9sente un enjeu majeur pour la protection des droits des travailleurs, la comp\u00e9titivit\u00e9 des entreprises et la r\u00e9gulation des march\u00e9s de l&#8217;emploi. Bien que des avanc\u00e9es l\u00e9gislatives aient \u00e9t\u00e9 r\u00e9alis\u00e9es, il reste des d\u00e9fis importants, notamment en mati\u00e8re de contr\u00f4le, de lutte contre le dumping social et de protection des conditions de travail des travailleurs d\u00e9tach\u00e9s. Face \u00e0 ces enjeux, une coop\u00e9ration renforc\u00e9e au niveau europ\u00e9en et national, ainsi qu&#8217;une vigilance accrue des autorit\u00e9s, seront n\u00e9cessaires pour garantir que les droits des travailleurs soient respect\u00e9s et que la concurrence reste \u00e9quitable.<\/p>\n","protected":false},"excerpt":{"rendered":"<p>Introduction Le travail d\u00e9tach\u00e9 est un concept juridique qui permet \u00e0 un employeur \u00e9tabli dans un autre pays de l&#8217;Union europ\u00e9enne (UE) d&#8217;envoyer temporairement un salari\u00e9 travailler sur le territoire fran\u00e7ais, tout en continuant de lui appliquer la l\u00e9gislation de son pays d&#8217;origine. Si cette pratique a pour objectif de faciliter la libre circulation des&#8230;<\/p>\n","protected":false},"author":1,"featured_media":5283,"comment_status":"open","ping_status":"open","sticky":false,"template":"","format":"standard","meta":{"_monsterinsights_skip_tracking":false,"_monsterinsights_sitenote_active":false,"_monsterinsights_sitenote_note":"","_monsterinsights_sitenote_category":0,"_jetpack_memberships_contains_paid_content":false,"wds_primary_category":0,"footnotes":""},"categories":[1,87,177],"tags":[160,159,157,152,155,151,153,148,82],"class_list":["post-5544","post","type-post","status-publish","format-standard","has-post-thumbnail","hentry","category-blog","category-logistique-et-distribution","category-transport","tag-agence-de-recrutement-roumanie","tag-agence-interim-europeene","tag-agence-interim-travailleur-etranger","tag-detachement-roumain","tag-interim-detache","tag-interim-etranger","tag-interim-etranger-roumain","tag-interimaire-etranger","tag-interimaire-roumain","th-blog blog-single has-post-thumbnail"],"aioseo_notices":[],"jetpack_featured_media_url":"https:\/\/atlantis-interim.com\/wp-content\/uploads\/2024\/09\/salaire-chauffeur-routier.jpg","jetpack_sharing_enabled":true,"_links":{"self":[{"href":"https:\/\/atlantis-interim.com\/index.php\/wp-json\/wp\/v2\/posts\/5544","targetHints":{"allow":["GET"]}}],"collection":[{"href":"https:\/\/atlantis-interim.com\/index.php\/wp-json\/wp\/v2\/posts"}],"about":[{"href":"https:\/\/atlantis-interim.com\/index.php\/wp-json\/wp\/v2\/types\/post"}],"author":[{"embeddable":true,"href":"https:\/\/atlantis-interim.com\/index.php\/wp-json\/wp\/v2\/users\/1"}],"replies":[{"embeddable":true,"href":"https:\/\/atlantis-interim.com\/index.php\/wp-json\/wp\/v2\/comments?post=5544"}],"version-history":[{"count":0,"href":"https:\/\/atlantis-interim.com\/index.php\/wp-json\/wp\/v2\/posts\/5544\/revisions"}],"wp:featuredmedia":[{"embeddable":true,"href":"https:\/\/atlantis-interim.com\/index.php\/wp-json\/wp\/v2\/media\/5283"}],"wp:attachment":[{"href":"https:\/\/atlantis-interim.com\/index.php\/wp-json\/wp\/v2\/media?parent=5544"}],"wp:term":[{"taxonomy":"category","embeddable":true,"href":"https:\/\/atlantis-interim.com\/index.php\/wp-json\/wp\/v2\/categories?post=5544"},{"taxonomy":"post_tag","embeddable":true,"href":"https:\/\/atlantis-interim.com\/index.php\/wp-json\/wp\/v2\/tags?post=5544"}],"curies":[{"name":"wp","href":"https:\/\/api.w.org\/{rel}","templated":true}]}}