{"id":5545,"date":"2025-01-24T09:00:25","date_gmt":"2025-01-24T08:00:25","guid":{"rendered":"https:\/\/atlantis-interim.com\/index.php\/2025\/01\/24\/comparaison-des-conditions-de-travail-entre-les-travailleurs-permanents-et-detaches-dans-le-secteur-logistique\/"},"modified":"2025-01-24T09:00:25","modified_gmt":"2025-01-24T08:00:25","slug":"comparaison-des-conditions-de-travail-entre-les-travailleurs-permanents-et-detaches-dans-le-secteur-logistique","status":"publish","type":"post","link":"https:\/\/atlantis-interim.com\/index.php\/2025\/01\/24\/comparaison-des-conditions-de-travail-entre-les-travailleurs-permanents-et-detaches-dans-le-secteur-logistique\/","title":{"rendered":"Comparaison des conditions de travail entre les travailleurs permanents et d\u00e9tach\u00e9s dans le secteur logistique"},"content":{"rendered":"\n<p>Le secteur logistique, en constante \u00e9volution, est crucial pour le bon fonctionnement des cha\u00eenes d&#8217;approvisionnement mondiales. Il est caract\u00e9ris\u00e9 par un besoin constant de main-d&#8217;\u0153uvre pour g\u00e9rer le stockage, le transport, la distribution, ainsi que la gestion des stocks. Les travailleurs dans ce secteur peuvent \u00eatre class\u00e9s en deux cat\u00e9gories principales : les travailleurs permanents, employ\u00e9s directement par les entreprises, et les travailleurs d\u00e9tach\u00e9s, souvent envoy\u00e9s par des agences ou des entreprises situ\u00e9es dans d&#8217;autres pays pour accomplir des missions temporaires. Cette distinction soul\u00e8ve des questions sur les diff\u00e9rences de conditions de travail entre ces deux types de travailleurs.<\/p>\n\n\n\n<p>Dans cet article, nous examinerons les diff\u00e9rentes facettes de cette comparaison, en analysant les aspects tels que la r\u00e9mun\u00e9ration, la s\u00e9curit\u00e9 de l&#8217;emploi, les avantages sociaux, les conditions de travail, et les impacts sur la sant\u00e9 et le bien-\u00eatre des travailleurs. Nous chercherons \u00e9galement \u00e0 comprendre comment ces diff\u00e9rences influencent la dynamique du march\u00e9 du travail et les relations entre les employeurs et les travailleurs dans le secteur logistique.<\/p>\n\n\n\n<h3 class=\"wp-block-heading\">I. Le cadre l\u00e9gislatif et les contrats de travail<\/h3>\n\n\n\n<p>Avant d&#8217;examiner les conditions concr\u00e8tes de travail, il est important de comprendre les diff\u00e9rences juridiques et contractuelles qui existent entre les travailleurs permanents et d\u00e9tach\u00e9s dans le secteur logistique.<\/p>\n\n\n\n<figure class=\"wp-block-image size-large\"><img fetchpriority=\"high\" decoding=\"async\" width=\"1024\" height=\"683\" src=\"https:\/\/atlantis-interim.com\/wp-content\/uploads\/2024\/09\/secteur-logistique-1024x683.jpeg\" alt=\"\" class=\"wp-image-5306\" srcset=\"https:\/\/atlantis-interim.com\/wp-content\/uploads\/2024\/09\/secteur-logistique-1024x683.jpeg 1024w, https:\/\/atlantis-interim.com\/wp-content\/uploads\/2024\/09\/secteur-logistique-300x200.jpeg 300w, https:\/\/atlantis-interim.com\/wp-content\/uploads\/2024\/09\/secteur-logistique-768x512.jpeg 768w, https:\/\/atlantis-interim.com\/wp-content\/uploads\/2024\/09\/secteur-logistique-600x400.jpeg 600w, https:\/\/atlantis-interim.com\/wp-content\/uploads\/2024\/09\/secteur-logistique.jpeg 1200w\" sizes=\"(max-width: 1024px) 100vw, 1024px\" \/><\/figure>\n\n\n\n<h4 class=\"wp-block-heading\">A. Les travailleurs permanents<\/h4>\n\n\n\n<p>Les travailleurs permanents sont employ\u00e9s directement par une entreprise, g\u00e9n\u00e9ralement avec un contrat \u00e0 dur\u00e9e ind\u00e9termin\u00e9e (CDI) ou \u00e0 dur\u00e9e d\u00e9termin\u00e9e (CDD) pour des p\u00e9riodes sp\u00e9cifiques. Leur relation avec l&#8217;employeur est r\u00e9gie par le droit du travail local, et ils b\u00e9n\u00e9ficient de la protection sociale et des avantages pr\u00e9vus par la l\u00e9gislation du pays o\u00f9 l&#8217;entreprise est implant\u00e9e. Cela inclut la couverture maladie, les cong\u00e9s pay\u00e9s, ainsi que la retraite.<\/p>\n\n\n\n<p>En France, par exemple, les travailleurs permanents dans le secteur logistique b\u00e9n\u00e9ficient de nombreux droits tels que des horaires de travail r\u00e9glement\u00e9s, des cong\u00e9s pay\u00e9s, des indemnit\u00e9s de transport, et des primes de panier dans certaines situations. En cas d&#8217;accident du travail ou de maladie, ils sont couverts par la s\u00e9curit\u00e9 sociale et peuvent \u00e9galement b\u00e9n\u00e9ficier d&#8217;une couverture compl\u00e9mentaire selon les conventions collectives en vigueur.<\/p>\n\n\n\n<h4 class=\"wp-block-heading\">B. Les travailleurs d\u00e9tach\u00e9s<\/h4>\n\n\n\n<p>Les travailleurs d\u00e9tach\u00e9s, quant \u00e0 eux, sont envoy\u00e9s temporairement par leur entreprise d&#8217;origine pour travailler dans un autre pays, souvent pour une dur\u00e9e d\u00e9termin\u00e9e. Ces travailleurs peuvent provenir de pays ayant des normes sociales moins strictes ou des co\u00fbts salariaux moins \u00e9lev\u00e9s, ce qui peut entra\u00eener des disparit\u00e9s importantes dans leurs conditions de travail par rapport aux travailleurs permanents locaux.<\/p>\n\n\n\n<p>Le cadre juridique qui r\u00e9git le travail des d\u00e9tach\u00e9s est souvent celui de la l\u00e9gislation du pays d&#8217;origine, mais des ajustements sont faits en fonction des accords internationaux ou des directives europ\u00e9ennes. Par exemple, dans l&#8217;Union Europ\u00e9enne, la directive sur le <a href=\"https:\/\/atlantis-interim.com\/index.php\/2025\/02\/19\/limpact-du-detachement-des-travailleurs-interimaires-roumains-sur-leconomie-industrielle-francaise\/\" data-internallinksmanager029f6b8e52c=\"27\" title=\"d\u00e9tachement roumain\">d\u00e9tachement<\/a> des travailleurs impose que les travailleurs d\u00e9tach\u00e9s b\u00e9n\u00e9ficient des m\u00eames conditions de travail et de r\u00e9mun\u00e9ration que les travailleurs locaux dans certains domaines comme la s\u00e9curit\u00e9, la sant\u00e9 au travail et les conditions de r\u00e9mun\u00e9ration. Cependant, l&#8217;application de ces r\u00e8gles n&#8217;est pas toujours uniforme, et des abus ont \u00e9t\u00e9 constat\u00e9s, notamment dans des secteurs comme la logistique, o\u00f9 les travailleurs d\u00e9tach\u00e9s peuvent \u00eatre employ\u00e9s sous des contrats pr\u00e9caires, souvent moins avantageux que ceux des travailleurs permanents.<\/p>\n\n\n\n<h3 class=\"wp-block-heading\">II. R\u00e9mun\u00e9ration et avantages sociaux<\/h3>\n\n\n\n<p>L&#8217;un des aspects les plus \u00e9vidents o\u00f9 les diff\u00e9rences entre travailleurs permanents et d\u00e9tach\u00e9s se manifestent est celui de la r\u00e9mun\u00e9ration et des avantages sociaux.<\/p>\n\n\n\n<h4 class=\"wp-block-heading\">A. La r\u00e9mun\u00e9ration des travailleurs permanents<\/h4>\n\n\n\n<p>Les travailleurs permanents b\u00e9n\u00e9ficient g\u00e9n\u00e9ralement d&#8217;un salaire fixe, conforme aux grilles salariales en vigueur dans l&#8217;entreprise ou dans le secteur. Dans le secteur logistique, les salaires peuvent varier en fonction de l&#8217;exp\u00e9rience, du type de poste et du pays, mais en g\u00e9n\u00e9ral, les travailleurs permanents b\u00e9n\u00e9ficient d&#8217;une r\u00e9mun\u00e9ration plus stable et plus \u00e9lev\u00e9e que celle des travailleurs d\u00e9tach\u00e9s, notamment en raison des co\u00fbts de la vie locaux et des normes sociales appliqu\u00e9es.<\/p>\n\n\n\n<p>Les travailleurs permanents peuvent \u00e9galement b\u00e9n\u00e9ficier d&#8217;avantages sociaux tels que des primes de fin d&#8217;ann\u00e9e, des indemnit\u00e9s de transport, des ch\u00e8ques d\u00e9jeuner, des assurances sant\u00e9 et des retraites compl\u00e9mentaires. Ces avantages d\u00e9pendent souvent des conventions collectives et des accords syndicaux en vigueur dans l&#8217;entreprise ou le secteur.<\/p>\n\n\n\n<h4 class=\"wp-block-heading\">B. La r\u00e9mun\u00e9ration des travailleurs d\u00e9tach\u00e9s<\/h4>\n\n\n\n<p>Les travailleurs d\u00e9tach\u00e9s, par contre, peuvent faire face \u00e0 des disparit\u00e9s salariales importantes. Bien qu&#8217;ils soient cens\u00e9s \u00eatre r\u00e9mun\u00e9r\u00e9s selon les conditions locales (selon les directives europ\u00e9ennes en mati\u00e8re de <a href=\"https:\/\/atlantis-interim.com\/index.php\/2025\/02\/19\/limpact-du-detachement-des-travailleurs-interimaires-roumains-sur-leconomie-industrielle-francaise\/\" data-internallinksmanager029f6b8e52c=\"27\" title=\"d\u00e9tachement roumain\">d\u00e9tachement<\/a>), il est courant que leur salaire soit inf\u00e9rieur \u00e0 celui des travailleurs permanents locaux. Dans certains cas, des entreprises peuvent exploiter ces diff\u00e9rences pour r\u00e9duire leurs co\u00fbts de main-d&#8217;\u0153uvre, en payant les travailleurs d\u00e9tach\u00e9s au niveau du salaire minimum du pays d&#8217;origine, qui est souvent beaucoup plus bas que celui des pays d&#8217;accueil.<\/p>\n\n\n\n<p>En outre, les travailleurs d\u00e9tach\u00e9s b\u00e9n\u00e9ficient souvent de moins d&#8217;avantages sociaux, car ceux-ci d\u00e9pendent g\u00e9n\u00e9ralement de l&#8217;employeur d&#8217;origine. Par exemple, un travailleur d\u00e9tach\u00e9 peut ne pas avoir droit \u00e0 une couverture sant\u00e9 compl\u00e8te ou \u00e0 des droits de retraite sp\u00e9cifiques dans le pays d&#8217;accueil. Ces travailleurs peuvent aussi avoir moins de s\u00e9curit\u00e9 en termes de contrats de travail, car leur mission est temporaire, ce qui les rend plus vuln\u00e9rables face \u00e0 l\u2019instabilit\u00e9 professionnelle.<\/p>\n\n\n\n<h3 class=\"wp-block-heading\">III. Conditions de travail et s\u00e9curit\u00e9<\/h3>\n\n\n\n<p>Les conditions de travail dans le secteur logistique varient consid\u00e9rablement en fonction du statut du travailleur. Les travailleurs permanents b\u00e9n\u00e9ficient souvent de meilleures conditions de travail, notamment en termes de s\u00e9curit\u00e9 et de bien-\u00eatre.<\/p>\n\n\n\n<h4 class=\"wp-block-heading\">A. Les conditions de travail des travailleurs permanents<\/h4>\n\n\n\n<p>Les travailleurs permanents dans le secteur logistique sont souvent mieux prot\u00e9g\u00e9s par des normes de s\u00e9curit\u00e9 au travail strictes. Ils sont g\u00e9n\u00e9ralement form\u00e9s pour manipuler des \u00e9quipements lourds, des machines, et pour respecter les protocoles de s\u00e9curit\u00e9. Les entreprises investissent dans la formation et la mise \u00e0 jour r\u00e9guli\u00e8re des comp\u00e9tences de leurs employ\u00e9s permanents, ce qui contribue \u00e0 minimiser les risques d&#8217;accidents.<\/p>\n\n\n\n<p>Les conditions de travail pour ces employ\u00e9s incluent \u00e9galement des horaires r\u00e9guliers et des p\u00e9riodes de repos pr\u00e9vues par la l\u00e9gislation, permettant ainsi de r\u00e9duire le stress et les risques de burnout. En cas d&#8217;accident du travail, les travailleurs permanents b\u00e9n\u00e9ficient souvent d&#8217;une prise en charge rapide par l&#8217;assurance maladie et la s\u00e9curit\u00e9 sociale, ainsi que d&#8217;un suivi m\u00e9dical adapt\u00e9.<\/p>\n\n\n\n<h4 class=\"wp-block-heading\">B. Les conditions de travail des travailleurs d\u00e9tach\u00e9s<\/h4>\n\n\n\n<p>Les travailleurs d\u00e9tach\u00e9s, en revanche, peuvent \u00eatre expos\u00e9s \u00e0 des conditions de travail moins favorables. Bien qu\u2019ils soient cens\u00e9s b\u00e9n\u00e9ficier de la m\u00eame protection en mati\u00e8re de s\u00e9curit\u00e9 que les travailleurs locaux, il n\u2019est pas rare qu&#8217;ils ne b\u00e9n\u00e9ficient pas de formations ad\u00e9quates ou qu&#8217;ils soient amen\u00e9s \u00e0 travailler dans des environnements moins s\u00fbrs, en raison de la nature temporaire de leur contrat. Les travailleurs d\u00e9tach\u00e9s peuvent aussi se retrouver dans des situations pr\u00e9caires, o\u00f9 leurs horaires sont plus flexibles, mais aussi plus \u00e9puisants, souvent sans possibilit\u00e9 de r\u00e9cup\u00e9rer.<\/p>\n\n\n\n<figure class=\"wp-block-image size-large\"><img decoding=\"async\" width=\"1024\" height=\"683\" src=\"https:\/\/atlantis-interim.com\/wp-content\/uploads\/2024\/09\/Titre-Professionnel-Agent-magasinier-Vignette-scaled-1-1024x683.jpg\" alt=\"\" class=\"wp-image-5292\" srcset=\"https:\/\/atlantis-interim.com\/wp-content\/uploads\/2024\/09\/Titre-Professionnel-Agent-magasinier-Vignette-scaled-1-1024x683.jpg 1024w, https:\/\/atlantis-interim.com\/wp-content\/uploads\/2024\/09\/Titre-Professionnel-Agent-magasinier-Vignette-scaled-1-300x200.jpg 300w, https:\/\/atlantis-interim.com\/wp-content\/uploads\/2024\/09\/Titre-Professionnel-Agent-magasinier-Vignette-scaled-1-768x512.jpg 768w, https:\/\/atlantis-interim.com\/wp-content\/uploads\/2024\/09\/Titre-Professionnel-Agent-magasinier-Vignette-scaled-1-1536x1024.jpg 1536w, https:\/\/atlantis-interim.com\/wp-content\/uploads\/2024\/09\/Titre-Professionnel-Agent-magasinier-Vignette-scaled-1-2048x1366.jpg 2048w, https:\/\/atlantis-interim.com\/wp-content\/uploads\/2024\/09\/Titre-Professionnel-Agent-magasinier-Vignette-scaled-1-600x400.jpg 600w\" sizes=\"(max-width: 1024px) 100vw, 1024px\" \/><\/figure>\n\n\n\n<p>De plus, la langue et la culture peuvent repr\u00e9senter des obstacles importants pour les travailleurs d\u00e9tach\u00e9s, qui peuvent se sentir isol\u00e9s et moins int\u00e9gr\u00e9s dans leurs \u00e9quipes. Cela peut entra\u00eener un stress suppl\u00e9mentaire et un sentiment d&#8217;ins\u00e9curit\u00e9, affectant leur bien-\u00eatre g\u00e9n\u00e9ral.<\/p>\n\n\n\n<h3 class=\"wp-block-heading\">IV. Sant\u00e9 et bien-\u00eatre des travailleurs<\/h3>\n\n\n\n<p>Les diff\u00e9rences entre les travailleurs permanents et d\u00e9tach\u00e9s dans le secteur logistique peuvent \u00e9galement avoir un impact significatif sur leur sant\u00e9 et leur bien-\u00eatre \u00e0 long terme.<\/p>\n\n\n\n<h4 class=\"wp-block-heading\">A. La sant\u00e9 des travailleurs permanents<\/h4>\n\n\n\n<p>Les travailleurs permanents b\u00e9n\u00e9ficient g\u00e9n\u00e9ralement d&#8217;un meilleur acc\u00e8s aux soins de sant\u00e9 et d&#8217;une prise en charge plus compl\u00e8te en cas de maladie ou d&#8217;accident. Ils sont couverts par des assurances sant\u00e9 de groupe ou par les syst\u00e8mes de s\u00e9curit\u00e9 sociale locaux, ce qui garantit un suivi m\u00e9dical plus adapt\u00e9 et une meilleure pr\u00e9vention des risques professionnels. Les conditions de travail plus stables et l&#8217;acc\u00e8s \u00e0 des services de soutien au sein de l&#8217;entreprise contribuent \u00e9galement \u00e0 r\u00e9duire les risques de stress excessif et de probl\u00e8mes de sant\u00e9 mentale.<\/p>\n\n\n\n<h4 class=\"wp-block-heading\">B. La sant\u00e9 des travailleurs d\u00e9tach\u00e9s<\/h4>\n\n\n\n<p>Les travailleurs d\u00e9tach\u00e9s, en revanche, peuvent avoir des difficult\u00e9s d&#8217;acc\u00e8s aux soins de sant\u00e9, surtout s&#8217;ils ne b\u00e9n\u00e9ficient pas de la m\u00eame couverture que les travailleurs locaux. De plus, les conditions de travail pr\u00e9caires et les longs trajets peuvent entra\u00eener une usure physique et mentale plus rapide. Les probl\u00e8mes de sant\u00e9 mentale, comme l&#8217;anxi\u00e9t\u00e9 ou la d\u00e9pression, peuvent \u00e9galement \u00eatre plus fr\u00e9quents chez ces travailleurs en raison de leur isolement social, de la pression professionnelle et de la pr\u00e9carit\u00e9 de leur statut.<\/p>\n\n\n\n<h3 class=\"wp-block-heading\">V. Conclusion<\/h3>\n\n\n\n<p>La comparaison entre les conditions de travail des travailleurs permanents et d\u00e9tach\u00e9s dans le secteur logistique met en \u00e9vidence plusieurs disparit\u00e9s notables, tant en termes de r\u00e9mun\u00e9ration, de s\u00e9curit\u00e9, que de bien-\u00eatre. Bien que la l\u00e9gislation europ\u00e9enne et nationale cherche \u00e0 garantir un traitement \u00e9quitable, des abus existent encore, notamment dans les pratiques de <a href=\"https:\/\/atlantis-interim.com\/index.php\/2025\/02\/19\/limpact-du-detachement-des-travailleurs-interimaires-roumains-sur-leconomie-industrielle-francaise\/\" data-internallinksmanager029f6b8e52c=\"27\" title=\"d\u00e9tachement roumain\">d\u00e9tachement<\/a> qui peuvent exposer les travailleurs \u00e0 des conditions plus difficiles et moins protectrices. Le secteur logistique doit continuer \u00e0 travailler sur l&#8217;am\u00e9lioration des conditions de travail de tous les travailleurs, qu&#8217;ils soient permanents ou d\u00e9tach\u00e9s, afin de garantir un environnement de travail plus \u00e9quitable et plus s\u00e9curis\u00e9 pour tous.<\/p>\n","protected":false},"excerpt":{"rendered":"<p>Le secteur logistique, en constante \u00e9volution, est crucial pour le bon fonctionnement des cha\u00eenes d&#8217;approvisionnement mondiales. Il est caract\u00e9ris\u00e9 par un besoin constant de main-d&#8217;\u0153uvre pour g\u00e9rer le stockage, le transport, la distribution, ainsi que la gestion des stocks. Les travailleurs dans ce secteur peuvent \u00eatre class\u00e9s en deux cat\u00e9gories principales : les travailleurs permanents,&#8230;<\/p>\n","protected":false},"author":1,"featured_media":5247,"comment_status":"open","ping_status":"open","sticky":false,"template":"","format":"standard","meta":{"_monsterinsights_skip_tracking":false,"_monsterinsights_sitenote_active":false,"_monsterinsights_sitenote_note":"","_monsterinsights_sitenote_category":0,"_jetpack_memberships_contains_paid_content":false,"wds_primary_category":0,"footnotes":""},"categories":[1,87,177],"tags":[160,159,79,157,155,153,82],"class_list":["post-5545","post","type-post","status-publish","format-standard","has-post-thumbnail","hentry","category-blog","category-logistique-et-distribution","category-transport","tag-agence-de-recrutement-roumanie","tag-agence-interim-europeene","tag-agence-interim-roumanie","tag-agence-interim-travailleur-etranger","tag-interim-detache","tag-interim-etranger-roumain","tag-interimaire-roumain","th-blog blog-single has-post-thumbnail"],"aioseo_notices":[],"jetpack_featured_media_url":"https:\/\/atlantis-interim.com\/wp-content\/uploads\/2024\/09\/fiche_metier_preparateur_de_commande.jpg","jetpack_sharing_enabled":true,"_links":{"self":[{"href":"https:\/\/atlantis-interim.com\/index.php\/wp-json\/wp\/v2\/posts\/5545","targetHints":{"allow":["GET"]}}],"collection":[{"href":"https:\/\/atlantis-interim.com\/index.php\/wp-json\/wp\/v2\/posts"}],"about":[{"href":"https:\/\/atlantis-interim.com\/index.php\/wp-json\/wp\/v2\/types\/post"}],"author":[{"embeddable":true,"href":"https:\/\/atlantis-interim.com\/index.php\/wp-json\/wp\/v2\/users\/1"}],"replies":[{"embeddable":true,"href":"https:\/\/atlantis-interim.com\/index.php\/wp-json\/wp\/v2\/comments?post=5545"}],"version-history":[{"count":0,"href":"https:\/\/atlantis-interim.com\/index.php\/wp-json\/wp\/v2\/posts\/5545\/revisions"}],"wp:featuredmedia":[{"embeddable":true,"href":"https:\/\/atlantis-interim.com\/index.php\/wp-json\/wp\/v2\/media\/5247"}],"wp:attachment":[{"href":"https:\/\/atlantis-interim.com\/index.php\/wp-json\/wp\/v2\/media?parent=5545"}],"wp:term":[{"taxonomy":"category","embeddable":true,"href":"https:\/\/atlantis-interim.com\/index.php\/wp-json\/wp\/v2\/categories?post=5545"},{"taxonomy":"post_tag","embeddable":true,"href":"https:\/\/atlantis-interim.com\/index.php\/wp-json\/wp\/v2\/tags?post=5545"}],"curies":[{"name":"wp","href":"https:\/\/api.w.org\/{rel}","templated":true}]}}