{"id":5546,"date":"2025-01-27T15:07:58","date_gmt":"2025-01-27T14:07:58","guid":{"rendered":"https:\/\/atlantis-interim.com\/index.php\/2025\/01\/27\/limpact-des-travailleurs-interimaires-sur-la-competitivite-des-entreprises-de-transport-et-logistique\/"},"modified":"2025-01-27T15:07:58","modified_gmt":"2025-01-27T14:07:58","slug":"limpact-des-travailleurs-interimaires-sur-la-competitivite-des-entreprises-de-transport-et-logistique","status":"publish","type":"post","link":"https:\/\/atlantis-interim.com\/index.php\/2025\/01\/27\/limpact-des-travailleurs-interimaires-sur-la-competitivite-des-entreprises-de-transport-et-logistique\/","title":{"rendered":"L&#8217;impact des travailleurs int\u00e9rimaires sur la comp\u00e9titivit\u00e9 des entreprises de transport et logistique"},"content":{"rendered":"\n<p>Le secteur du transport et de la logistique est essentiel \u00e0 la fluidit\u00e9 des \u00e9changes mondiaux de biens et de services. Il repose sur une main-d&#8217;\u0153uvre flexible et souvent saisonni\u00e8re pour r\u00e9pondre aux fluctuations de la demande, aux \u00e9volutions du march\u00e9 et \u00e0 la gestion des stocks. Dans ce contexte, les <a href=\"https:\/\/atlantis-interim.com\/index.php\/2025\/02\/21\/lintegration-des-travailleurs-interimaires-roumains-dans-le-tissu-industriel-local-defis-et-solutions\/\" data-internallinksmanager029f6b8e52c=\"20\" title=\"travailleurs int\u00e9rimaires\">travailleurs int\u00e9rimaires<\/a> jouent un r\u00f4le crucial. En permettant aux entreprises de s&#8217;adapter rapidement \u00e0 ces besoins fluctuants, l&#8217;int\u00e9rim est devenu un outil strat\u00e9gique pour maintenir la comp\u00e9titivit\u00e9 sur un march\u00e9 en constante \u00e9volution. Cependant, cette flexibilit\u00e9 peut aussi entra\u00eener des d\u00e9fis, notamment en mati\u00e8re de qualit\u00e9 de service, de gestion des ressources humaines et de co\u00fbt de main-d&#8217;\u0153uvre.<\/p>\n\n\n\n<p>Cet article se penche sur l&#8217;impact des <a href=\"https:\/\/atlantis-interim.com\/index.php\/2025\/02\/21\/lintegration-des-travailleurs-interimaires-roumains-dans-le-tissu-industriel-local-defis-et-solutions\/\" data-internallinksmanager029f6b8e52c=\"20\" title=\"travailleurs int\u00e9rimaires\">travailleurs int\u00e9rimaires<\/a> sur la comp\u00e9titivit\u00e9 des entreprises de transport et logistique, en explorant les avantages et les inconv\u00e9nients de cette pratique.<\/p>\n\n\n\n<h3 class=\"wp-block-heading\">I. Les avantages de l&#8217;utilisation des travailleurs int\u00e9rimaires<\/h3>\n\n\n\n<h4 class=\"wp-block-heading\">A. Flexibilit\u00e9 accrue pour r\u00e9pondre aux variations de la demande<\/h4>\n\n\n\n<figure class=\"wp-block-image size-large\"><img fetchpriority=\"high\" decoding=\"async\" width=\"1024\" height=\"683\" src=\"https:\/\/atlantis-interim.com\/wp-content\/uploads\/2024\/09\/competences-dun-cariste-scaled-1-1024x683.jpg\" alt=\"\" class=\"wp-image-5270\" srcset=\"https:\/\/atlantis-interim.com\/wp-content\/uploads\/2024\/09\/competences-dun-cariste-scaled-1-1024x683.jpg 1024w, https:\/\/atlantis-interim.com\/wp-content\/uploads\/2024\/09\/competences-dun-cariste-scaled-1-300x200.jpg 300w, https:\/\/atlantis-interim.com\/wp-content\/uploads\/2024\/09\/competences-dun-cariste-scaled-1-768x512.jpg 768w, https:\/\/atlantis-interim.com\/wp-content\/uploads\/2024\/09\/competences-dun-cariste-scaled-1-1536x1024.jpg 1536w, https:\/\/atlantis-interim.com\/wp-content\/uploads\/2024\/09\/competences-dun-cariste-scaled-1-2048x1366.jpg 2048w, https:\/\/atlantis-interim.com\/wp-content\/uploads\/2024\/09\/competences-dun-cariste-scaled-1-600x400.jpg 600w\" sizes=\"(max-width: 1024px) 100vw, 1024px\" \/><figcaption class=\"wp-element-caption\">Caristes Roumains<\/figcaption><\/figure>\n\n\n\n<p>L&#8217;un des principaux atouts des <a href=\"https:\/\/atlantis-interim.com\/index.php\/2025\/02\/21\/lintegration-des-travailleurs-interimaires-roumains-dans-le-tissu-industriel-local-defis-et-solutions\/\" data-internallinksmanager029f6b8e52c=\"20\" title=\"travailleurs int\u00e9rimaires\">travailleurs int\u00e9rimaires<\/a> dans le secteur du transport et de la logistique est leur capacit\u00e9 \u00e0 apporter une flexibilit\u00e9 consid\u00e9rable \u00e0 l&#8217;entreprise. La demande dans ce secteur peut fluctuer rapidement en fonction de la saisonnalit\u00e9, des promotions commerciales, des pics de production ou de la variation des contrats. L&#8217;utilisation de <a href=\"https:\/\/atlantis-interim.com\/index.php\/2025\/02\/21\/lintegration-des-travailleurs-interimaires-roumains-dans-le-tissu-industriel-local-defis-et-solutions\/\" data-internallinksmanager029f6b8e52c=\"20\" title=\"travailleurs int\u00e9rimaires\">travailleurs int\u00e9rimaires<\/a> permet aux entreprises de r\u00e9pondre rapidement \u00e0 ces fluctuations sans avoir \u00e0 <a href=\"https:\/\/atlantis-interim.com\/index.php\/2024\/07\/05\/recruter-des-travailleurs-roumains-pour-le-secteur-du-batiment-en-france\/\" data-internallinksmanager029f6b8e52c=\"22\" title=\"recruter\">recruter<\/a> du personnel permanent \u00e0 chaque variation.<\/p>\n\n\n\n<p>Les entreprises peuvent ainsi ajuster leur main-d&#8217;\u0153uvre en fonction des besoins, notamment lors des p\u00e9riodes de forte activit\u00e9 comme les f\u00eates de fin d&#8217;ann\u00e9e ou les \u00e9v\u00e9nements promotionnels. Cela permet de maintenir une productivit\u00e9 \u00e9lev\u00e9e sans augmenter les co\u00fbts fixes associ\u00e9s \u00e0 un personnel permanent suppl\u00e9mentaire. Cette flexibilit\u00e9 est essentielle pour la comp\u00e9titivit\u00e9, car elle permet aux entreprises d&#8217;\u00e9viter les surcharges salariales en p\u00e9riode creuse et de renforcer leur capacit\u00e9 op\u00e9rationnelle en p\u00e9riode de forte demande.<\/p>\n\n\n\n<h4 class=\"wp-block-heading\">B. R\u00e9duction des co\u00fbts salariaux et des charges fixes<\/h4>\n\n\n\n<p>L&#8217;int\u00e9rim permet \u00e9galement aux entreprises de r\u00e9duire leurs charges fixes, ce qui contribue \u00e0 am\u00e9liorer leur comp\u00e9titivit\u00e9. En recourant \u00e0 des <a href=\"https:\/\/atlantis-interim.com\/index.php\/2025\/02\/21\/lintegration-des-travailleurs-interimaires-roumains-dans-le-tissu-industriel-local-defis-et-solutions\/\" data-internallinksmanager029f6b8e52c=\"20\" title=\"travailleurs int\u00e9rimaires\">travailleurs int\u00e9rimaires<\/a>, les entreprises \u00e9vitent les co\u00fbts li\u00e9s aux contrats \u00e0 dur\u00e9e ind\u00e9termin\u00e9e, notamment les indemnit\u00e9s de licenciement, les avantages sociaux permanents, et les obligations contractuelles \u00e0 long terme. Cela permet aux entreprises de mieux g\u00e9rer leurs d\u00e9penses et de concentrer leurs ressources sur des investissements strat\u00e9giques pour leur d\u00e9veloppement.<\/p>\n\n\n\n<p>Cette approche est particuli\u00e8rement avantageuse pour les entreprises de transport et de logistique, qui op\u00e8rent souvent sur des marges serr\u00e9es et doivent \u00eatre en mesure de r\u00e9agir rapidement aux changements de la demande. Par exemple, un prestataire de services logistiques pourra ajuster le nombre de chauffeurs, d\u2019op\u00e9rateurs de chariots \u00e9l\u00e9vateurs ou de gestionnaires de stocks en fonction des besoins de ses clients sans avoir \u00e0 supporter des co\u00fbts fixes \u00e9lev\u00e9s.<\/p>\n\n\n\n<h4 class=\"wp-block-heading\">C. Acc\u00e8s \u00e0 une main-d&#8217;\u0153uvre sp\u00e9cialis\u00e9e et exp\u00e9riment\u00e9e<\/h4>\n\n\n\n<p>Les <a href=\"https:\/\/atlantis-interim.com\/index.php\/2025\/02\/21\/lintegration-des-travailleurs-interimaires-roumains-dans-le-tissu-industriel-local-defis-et-solutions\/\" data-internallinksmanager029f6b8e52c=\"20\" title=\"travailleurs int\u00e9rimaires\">travailleurs int\u00e9rimaires<\/a> sont souvent choisis en fonction de leurs comp\u00e9tences sp\u00e9cifiques, ce qui permet aux entreprises d\u2019acc\u00e9der \u00e0 des profils qualifi\u00e9s sans avoir \u00e0 investir dans une formation de longue dur\u00e9e. Par exemple, dans le secteur du transport, les <a href=\"https:\/\/atlantis-interim.com\/index.php\/2025\/02\/21\/lintegration-des-travailleurs-interimaires-roumains-dans-le-tissu-industriel-local-defis-et-solutions\/\" data-internallinksmanager029f6b8e52c=\"20\" title=\"travailleurs int\u00e9rimaires\">travailleurs int\u00e9rimaires<\/a> peuvent \u00eatre des chauffeurs professionnels ayant une exp\u00e9rience significative dans la conduite de poids lourds ou de v\u00e9hicules sp\u00e9cialis\u00e9s. Cela permet aux entreprises de s&#8217;assurer que la qualit\u00e9 du service reste \u00e9lev\u00e9e, m\u00eame en p\u00e9riode de forte demande.<\/p>\n\n\n\n<p>De plus, l&#8217;int\u00e9rim permet aux entreprises de tester de nouveaux employ\u00e9s avant de les embaucher de mani\u00e8re permanente, ce qui constitue un avantage en mati\u00e8re de gestion des ressources humaines et r\u00e9duit les risques li\u00e9s \u00e0 l&#8217;embauche de personnel inadapt\u00e9 \u00e0 long terme.<\/p>\n\n\n\n<h3 class=\"wp-block-heading\">II. Les inconv\u00e9nients de l&#8217;utilisation des travailleurs int\u00e9rimaires<\/h3>\n\n\n\n<h4 class=\"wp-block-heading\">A. Instabilit\u00e9 et manque de continuit\u00e9 dans la gestion des ressources humaines<\/h4>\n\n\n\n<p>L&#8217;un des inconv\u00e9nients majeurs de l&#8217;emploi de <a href=\"https:\/\/atlantis-interim.com\/index.php\/2025\/02\/21\/lintegration-des-travailleurs-interimaires-roumains-dans-le-tissu-industriel-local-defis-et-solutions\/\" data-internallinksmanager029f6b8e52c=\"20\" title=\"travailleurs int\u00e9rimaires\">travailleurs int\u00e9rimaires<\/a> r\u00e9side dans le manque de continuit\u00e9 au sein des \u00e9quipes. Dans le secteur du transport et de la logistique, une certaine coh\u00e9sion et une bonne gestion des \u00e9quipes sont essentielles pour garantir l&#8217;efficacit\u00e9 et la s\u00e9curit\u00e9 des op\u00e9rations. Les <a href=\"https:\/\/atlantis-interim.com\/index.php\/2025\/02\/21\/lintegration-des-travailleurs-interimaires-roumains-dans-le-tissu-industriel-local-defis-et-solutions\/\" data-internallinksmanager029f6b8e52c=\"20\" title=\"travailleurs int\u00e9rimaires\">travailleurs int\u00e9rimaires<\/a> peuvent ne pas s&#8217;int\u00e9grer aussi facilement aux \u00e9quipes permanentes, ce qui peut nuire \u00e0 la collaboration et \u00e0 la communication.<\/p>\n\n\n\n<p>En outre, la rotation constante du personnel int\u00e9rimaire peut entra\u00eener une perte de savoir-faire et de comp\u00e9tence sp\u00e9cifique \u00e0 l&#8217;entreprise, notamment en ce qui concerne les processus internes et les attentes des clients. Les travailleurs permanents, en revanche, connaissent bien les sp\u00e9cificit\u00e9s de l&#8217;entreprise et peuvent, de ce fait, offrir un service plus coh\u00e9rent et plus qualitatif.<\/p>\n\n\n\n<h4 class=\"wp-block-heading\">B. Impact sur la qualit\u00e9 du service<\/h4>\n\n\n\n<p>La pr\u00e9sence de <a href=\"https:\/\/atlantis-interim.com\/index.php\/2025\/02\/21\/lintegration-des-travailleurs-interimaires-roumains-dans-le-tissu-industriel-local-defis-et-solutions\/\" data-internallinksmanager029f6b8e52c=\"20\" title=\"travailleurs int\u00e9rimaires\">travailleurs int\u00e9rimaires<\/a> peut \u00e9galement affecter la qualit\u00e9 du service, notamment en ce qui concerne la gestion des stocks, la livraison \u00e0 temps, ou la manutention des produits. Bien que les <a href=\"https:\/\/atlantis-interim.com\/index.php\/2025\/02\/21\/lintegration-des-travailleurs-interimaires-roumains-dans-le-tissu-industriel-local-defis-et-solutions\/\" data-internallinksmanager029f6b8e52c=\"20\" title=\"travailleurs int\u00e9rimaires\">travailleurs int\u00e9rimaires<\/a> soient souvent qualifi\u00e9s, ils ne b\u00e9n\u00e9ficient pas toujours de la m\u00eame formation sp\u00e9cifique \u00e0 l&#8217;entreprise que les employ\u00e9s permanents. Cela peut entra\u00eener des erreurs op\u00e9rationnelles ou des retards dans les processus logistiques, ce qui affecte directement la satisfaction client.<\/p>\n\n\n\n<p>En p\u00e9riode de forte demande, le recours massif \u00e0 l&#8217;int\u00e9rim peut \u00e9galement entra\u00eener une surcharge de travail pour les employ\u00e9s permanents, qui doivent encadrer et former les <a href=\"https:\/\/atlantis-interim.com\/index.php\/2025\/02\/25\/les-conditions-de-travail-des-interimaires-roumains-dans-lindustrie-realites-et-defis\/\" data-internallinksmanager029f6b8e52c=\"26\" title=\"int\u00e9rimaires\">int\u00e9rimaires<\/a>. Cela peut nuire \u00e0 leur efficacit\u00e9 et \u00e0 leur bien-\u00eatre, augmentant le risque de burnout ou d&#8217;\u00e9puisement professionnel.<\/p>\n\n\n\n<h4 class=\"wp-block-heading\">C. Probl\u00e8mes de r\u00e9tention et de fid\u00e9lit\u00e9<\/h4>\n\n\n\n<p>Les <a href=\"https:\/\/atlantis-interim.com\/index.php\/2025\/02\/21\/lintegration-des-travailleurs-interimaires-roumains-dans-le-tissu-industriel-local-defis-et-solutions\/\" data-internallinksmanager029f6b8e52c=\"20\" title=\"travailleurs int\u00e9rimaires\">travailleurs int\u00e9rimaires<\/a>, \u00e9tant souvent consid\u00e9r\u00e9s comme temporaires, peuvent ne pas \u00eatre aussi motiv\u00e9s ou investis dans les objectifs \u00e0 long terme de l&#8217;entreprise. La fid\u00e9lit\u00e9 \u00e0 l&#8217;entreprise est g\u00e9n\u00e9ralement plus faible chez les <a href=\"https:\/\/atlantis-interim.com\/index.php\/2025\/02\/25\/les-conditions-de-travail-des-interimaires-roumains-dans-lindustrie-realites-et-defis\/\" data-internallinksmanager029f6b8e52c=\"26\" title=\"int\u00e9rimaires\">int\u00e9rimaires<\/a>, ce qui peut affecter leur performance et leur engagement. De plus, la rotation rapide du personnel peut entra\u00eener des co\u00fbts suppl\u00e9mentaires en mati\u00e8re de <a href=\"https:\/\/atlantis-interim.com\/\" data-internallinksmanager029f6b8e52c=\"23\" title=\"recrutement\">recrutement<\/a> et de formation, ce qui peut contrecarrer les \u00e9conomies r\u00e9alis\u00e9es par l&#8217;emploi d&#8217;<a href=\"https:\/\/atlantis-interim.com\/index.php\/2025\/02\/25\/les-conditions-de-travail-des-interimaires-roumains-dans-lindustrie-realites-et-defis\/\" data-internallinksmanager029f6b8e52c=\"26\" title=\"int\u00e9rimaires\">int\u00e9rimaires<\/a>.<\/p>\n\n\n\n<p>Pour les entreprises de transport et de logistique, maintenir une \u00e9quipe stable et motiv\u00e9e est essentiel pour garantir la continuit\u00e9 du service et la gestion efficace des ressources humaines. La d\u00e9pendance excessive aux <a href=\"https:\/\/atlantis-interim.com\/index.php\/2025\/02\/25\/les-conditions-de-travail-des-interimaires-roumains-dans-lindustrie-realites-et-defis\/\" data-internallinksmanager029f6b8e52c=\"26\" title=\"int\u00e9rimaires\">int\u00e9rimaires<\/a> peut rendre difficile la cr\u00e9ation d&#8217;une culture d&#8217;entreprise solide et nuire \u00e0 la fid\u00e9lisation des clients.<\/p>\n\n\n\n<h3 class=\"wp-block-heading\">III. Impact sur la comp\u00e9titivit\u00e9 des entreprises<\/h3>\n\n\n\n<h4 class=\"wp-block-heading\">A. Adaptabilit\u00e9 et r\u00e9activit\u00e9<\/h4>\n\n\n\n<p>L&#8217;impact global des <a href=\"https:\/\/atlantis-interim.com\/index.php\/2025\/02\/21\/lintegration-des-travailleurs-interimaires-roumains-dans-le-tissu-industriel-local-defis-et-solutions\/\" data-internallinksmanager029f6b8e52c=\"20\" title=\"travailleurs int\u00e9rimaires\">travailleurs int\u00e9rimaires<\/a> sur la comp\u00e9titivit\u00e9 des entreprises de transport et de logistique d\u00e9pend largement de la mani\u00e8re dont l&#8217;entreprise g\u00e8re cette flexibilit\u00e9. Dans un secteur o\u00f9 les demandes peuvent \u00e9voluer rapidement, la capacit\u00e9 \u00e0 s&#8217;adapter est cruciale pour maintenir une comp\u00e9titivit\u00e9 forte. L&#8217;utilisation d&#8217;<a href=\"https:\/\/atlantis-interim.com\/index.php\/2025\/02\/25\/les-conditions-de-travail-des-interimaires-roumains-dans-lindustrie-realites-et-defis\/\" data-internallinksmanager029f6b8e52c=\"26\" title=\"int\u00e9rimaires\">int\u00e9rimaires<\/a> permet aux entreprises de s&#8217;ajuster rapidement aux fluctuations du march\u00e9, notamment en p\u00e9riode de pics saisonniers ou de nouvelles opportunit\u00e9s commerciales.<\/p>\n\n\n\n<figure class=\"wp-block-image size-large\"><img decoding=\"async\" width=\"1024\" height=\"512\" src=\"https:\/\/atlantis-interim.com\/wp-content\/uploads\/2024\/09\/a862f2af5cb8b836b7efac4f-1024x512.jpg\" alt=\"\" class=\"wp-image-5269\" srcset=\"https:\/\/atlantis-interim.com\/wp-content\/uploads\/2024\/09\/a862f2af5cb8b836b7efac4f-1024x512.jpg 1024w, https:\/\/atlantis-interim.com\/wp-content\/uploads\/2024\/09\/a862f2af5cb8b836b7efac4f-300x150.jpg 300w, https:\/\/atlantis-interim.com\/wp-content\/uploads\/2024\/09\/a862f2af5cb8b836b7efac4f-768x384.jpg 768w, https:\/\/atlantis-interim.com\/wp-content\/uploads\/2024\/09\/a862f2af5cb8b836b7efac4f-1536x768.jpg 1536w, https:\/\/atlantis-interim.com\/wp-content\/uploads\/2024\/09\/a862f2af5cb8b836b7efac4f-600x300.jpg 600w, https:\/\/atlantis-interim.com\/wp-content\/uploads\/2024\/09\/a862f2af5cb8b836b7efac4f.jpg 1920w\" sizes=\"(max-width: 1024px) 100vw, 1024px\" \/><\/figure>\n\n\n\n<h4 class=\"wp-block-heading\">B. Co\u00fbt vs. qualit\u00e9<\/h4>\n\n\n\n<p>Toutefois, l\u2019optimisation des co\u00fbts \u00e0 travers l\u2019int\u00e9rim doit \u00eatre \u00e9quilibr\u00e9e avec le maintien de la qualit\u00e9 de service. Si une entreprise de logistique parvient \u00e0 utiliser l\u2019int\u00e9rim de mani\u00e8re strat\u00e9gique tout en garantissant une formation ad\u00e9quate et une gestion rigoureuse des \u00e9quipes, elle pourra am\u00e9liorer sa comp\u00e9titivit\u00e9. Cependant, une mauvaise gestion de cette flexibilit\u00e9 pourrait nuire \u00e0 la qualit\u00e9 des prestations et affecter la fid\u00e9lit\u00e9 des clients, r\u00e9duisant ainsi l\u2019avantage comp\u00e9titif.<\/p>\n\n\n\n<h4 class=\"wp-block-heading\">C. D\u00e9pendance \u00e0 l&#8217;int\u00e9rim<\/h4>\n\n\n\n<p>Une d\u00e9pendance excessive aux <a href=\"https:\/\/atlantis-interim.com\/index.php\/2025\/02\/21\/lintegration-des-travailleurs-interimaires-roumains-dans-le-tissu-industriel-local-defis-et-solutions\/\" data-internallinksmanager029f6b8e52c=\"20\" title=\"travailleurs int\u00e9rimaires\">travailleurs int\u00e9rimaires<\/a> peut aussi rendre les entreprises vuln\u00e9rables, notamment en cas de p\u00e9nurie de <a href=\"https:\/\/atlantis-interim.com\/index.php\/2025\/02\/16\/travail-detache-roumain-dans-la-viticulture-une-main-doeuvre-qualifiee-pour-les-vendanges-et-lentretien-des-vignes\/\" data-internallinksmanager029f6b8e52c=\"21\" title=\"main-d\u2019\u0153uvre qualifi\u00e9e\">main-d&#8217;\u0153uvre qualifi\u00e9e<\/a>. Par exemple, en cas de crise du march\u00e9 du travail ou de r\u00e9glementation plus stricte concernant l&#8217;int\u00e9rim, les entreprises risquent de perdre leur avantage comp\u00e9titif. La gestion du personnel doit donc \u00eatre flexible, mais aussi strat\u00e9gique, pour \u00e9viter une trop grande instabilit\u00e9.<\/p>\n\n\n\n<h3 class=\"wp-block-heading\">IV. Conclusion<\/h3>\n\n\n\n<p>En somme, les <a href=\"https:\/\/atlantis-interim.com\/index.php\/2025\/02\/21\/lintegration-des-travailleurs-interimaires-roumains-dans-le-tissu-industriel-local-defis-et-solutions\/\" data-internallinksmanager029f6b8e52c=\"20\" title=\"travailleurs int\u00e9rimaires\">travailleurs int\u00e9rimaires<\/a> jouent un r\u00f4le cl\u00e9 dans la comp\u00e9titivit\u00e9 des entreprises de transport et de logistique. Leur flexibilit\u00e9 permet aux entreprises de r\u00e9agir rapidement aux fluctuations de la demande et de ma\u00eetriser leurs co\u00fbts salariaux. Cependant, l\u2019utilisation excessive de ce type de main-d\u2019\u0153uvre pr\u00e9sente aussi des risques, notamment en termes de qualit\u00e9 de service, de continuit\u00e9 des op\u00e9rations et de gestion des ressources humaines.<\/p>\n\n\n\n<p>Pour maximiser les avantages de l\u2019int\u00e9rim tout en pr\u00e9servant la comp\u00e9titivit\u00e9, les entreprises doivent investir dans la formation des <a href=\"https:\/\/atlantis-interim.com\/index.php\/2025\/02\/25\/les-conditions-de-travail-des-interimaires-roumains-dans-lindustrie-realites-et-defis\/\" data-internallinksmanager029f6b8e52c=\"26\" title=\"int\u00e9rimaires\">int\u00e9rimaires<\/a>, les int\u00e9grer efficacement aux \u00e9quipes permanentes, et \u00e9quilibrer leur utilisation avec des employ\u00e9s permanents. En adoptant une approche strat\u00e9gique, les entreprises de transport et de logistique peuvent utiliser l\u2019int\u00e9rim comme un levier pour renforcer leur comp\u00e9titivit\u00e9 tout en maintenant une qualit\u00e9 de service \u00e9lev\u00e9e et une gestion optimale de leurs ressources.<\/p>\n","protected":false},"excerpt":{"rendered":"<p>Le secteur du transport et de la logistique est essentiel \u00e0 la fluidit\u00e9 des \u00e9changes mondiaux de biens et de services. Il repose sur une main-d&#8217;\u0153uvre flexible et souvent saisonni\u00e8re pour r\u00e9pondre aux fluctuations de la demande, aux \u00e9volutions du march\u00e9 et \u00e0 la gestion des stocks. Dans ce contexte, les travailleurs int\u00e9rimaires jouent un&#8230;<\/p>\n","protected":false},"author":1,"featured_media":5255,"comment_status":"open","ping_status":"open","sticky":false,"template":"","format":"standard","meta":{"_monsterinsights_skip_tracking":false,"_monsterinsights_sitenote_active":false,"_monsterinsights_sitenote_note":"","_monsterinsights_sitenote_category":0,"_jetpack_memberships_contains_paid_content":false,"wds_primary_category":0,"footnotes":""},"categories":[1,87,177],"tags":[157,153,148,150,149,81,168,164],"class_list":["post-5546","post","type-post","status-publish","format-standard","has-post-thumbnail","hentry","category-blog","category-logistique-et-distribution","category-transport","tag-agence-interim-travailleur-etranger","tag-interim-etranger-roumain","tag-interimaire-etranger","tag-interimaires-roumains","tag-travail-detache-roumain","tag-travailleur-roumain","tag-travailleurs-detaches-roumains-menuisiers","tag-travailleurs-saisonniers-roumains","th-blog blog-single has-post-thumbnail"],"aioseo_notices":[],"jetpack_featured_media_url":"https:\/\/atlantis-interim.com\/wp-content\/uploads\/2024\/09\/000065220_896x598_c.jpg","jetpack_sharing_enabled":true,"_links":{"self":[{"href":"https:\/\/atlantis-interim.com\/index.php\/wp-json\/wp\/v2\/posts\/5546","targetHints":{"allow":["GET"]}}],"collection":[{"href":"https:\/\/atlantis-interim.com\/index.php\/wp-json\/wp\/v2\/posts"}],"about":[{"href":"https:\/\/atlantis-interim.com\/index.php\/wp-json\/wp\/v2\/types\/post"}],"author":[{"embeddable":true,"href":"https:\/\/atlantis-interim.com\/index.php\/wp-json\/wp\/v2\/users\/1"}],"replies":[{"embeddable":true,"href":"https:\/\/atlantis-interim.com\/index.php\/wp-json\/wp\/v2\/comments?post=5546"}],"version-history":[{"count":0,"href":"https:\/\/atlantis-interim.com\/index.php\/wp-json\/wp\/v2\/posts\/5546\/revisions"}],"wp:featuredmedia":[{"embeddable":true,"href":"https:\/\/atlantis-interim.com\/index.php\/wp-json\/wp\/v2\/media\/5255"}],"wp:attachment":[{"href":"https:\/\/atlantis-interim.com\/index.php\/wp-json\/wp\/v2\/media?parent=5546"}],"wp:term":[{"taxonomy":"category","embeddable":true,"href":"https:\/\/atlantis-interim.com\/index.php\/wp-json\/wp\/v2\/categories?post=5546"},{"taxonomy":"post_tag","embeddable":true,"href":"https:\/\/atlantis-interim.com\/index.php\/wp-json\/wp\/v2\/tags?post=5546"}],"curies":[{"name":"wp","href":"https:\/\/api.w.org\/{rel}","templated":true}]}}