{"id":5549,"date":"2025-02-26T05:31:00","date_gmt":"2025-02-26T04:31:00","guid":{"rendered":"https:\/\/atlantis-interim.com\/index.php\/2025\/01\/31\/les-effets-de-la-precarite-de-lemploi-interimaire-sur-la-securite-des-travailleurs-dans-le-transport-risques-lies-a-la-securite-des-interimaires-dans-des-metiers-exigeants\/"},"modified":"2025-02-28T19:49:15","modified_gmt":"2025-02-28T18:49:15","slug":"les-effets-de-la-precarite-de-lemploi-interimaire-sur-la-securite-des-travailleurs-dans-le-transport-risques-lies-a-la-securite-des-interimaires-dans-des-metiers-exigeants","status":"publish","type":"post","link":"https:\/\/atlantis-interim.com\/index.php\/2025\/02\/26\/les-effets-de-la-precarite-de-lemploi-interimaire-sur-la-securite-des-travailleurs-dans-le-transport-risques-lies-a-la-securite-des-interimaires-dans-des-metiers-exigeants\/","title":{"rendered":"Emploi int\u00e9rimaire et s\u00e9curit\u00e9 : d\u00e9fis dans le transport"},"content":{"rendered":"\n<p>Le <a href=\"https:\/\/atlantis-interim.com\/index.php\/2025\/02\/24\/agents-de-maintenance-interimaires-roumains-en-europe\/\" data-type=\"post\" data-id=\"5515\">travail int\u00e9rimaire<\/a>, qui d\u00e9signe un <a href=\"https:\/\/atlantis-interim.com\/\" data-type=\"page\" data-id=\"17\">contrat temporaire<\/a> o\u00f9 un salari\u00e9 est mis \u00e0 disposition d\u2019une entreprise par une agence d\u2019int\u00e9rim, est devenu une solution courante dans de nombreux secteurs, y compris le transport. Dans un environnement de plus en plus exigeant, les <a href=\"https:\/\/atlantis-interim.com\/index.php\/2025\/02\/25\/les-conditions-de-travail-des-interimaires-roumains-dans-lindustrie-realites-et-defis\/\" data-internallinksmanager029f6b8e52c=\"26\" title=\"int\u00e9rimaires\">int\u00e9rimaires<\/a> dans le secteur du transport et de la logistique sont souvent confront\u00e9s \u00e0 des conditions de travail pr\u00e9caires, qui peuvent avoir des cons\u00e9quences graves sur leur s\u00e9curit\u00e9. En effet, la pr\u00e9carit\u00e9 de l\u2019emploi, les incertitudes li\u00e9es \u00e0 la dur\u00e9e des missions et le manque d\u2019int\u00e9gration dans l\u2019\u00e9quipe peuvent accentuer les risques d\u2019accident et nuire \u00e0 la sant\u00e9 des travailleurs.<\/p>\n\n\n\n<p>Cet article examine les effets de la pr\u00e9carit\u00e9 de l&#8217;emploi int\u00e9rimaire sur la s\u00e9curit\u00e9 des travailleurs dans le transport, en analysant les risques sp\u00e9cifiques auxquels ils sont confront\u00e9s dans des m\u00e9tiers physiquement et psychologiquement exigeants, et en explorant les mesures n\u00e9cessaires pour am\u00e9liorer leur s\u00e9curit\u00e9 et bien-\u00eatre.<\/p>\n\n\n\n<h3 class=\"wp-block-heading\">1. <strong>Le contexte du travail int\u00e9rimaire dans le transport<\/strong><\/h3>\n\n\n\n<p>Le secteur du transport englobe une vari\u00e9t\u00e9 de m\u00e9tiers, dont de nombreux postes sont exerc\u00e9s par des <a href=\"https:\/\/atlantis-interim.com\/index.php\/2025\/02\/21\/lintegration-des-travailleurs-interimaires-roumains-dans-le-tissu-industriel-local-defis-et-solutions\/\" data-internallinksmanager029f6b8e52c=\"20\" title=\"travailleurs int\u00e9rimaires\">travailleurs int\u00e9rimaires<\/a>. Les conducteurs de poids lourds, les chauffeurs-livreurs, les caristes, et les manutentionnaires sont autant de professionnels souvent embauch\u00e9s sous contrat temporaire dans les entreprises de transport et de logistique. La nature m\u00eame du travail dans ce secteur implique des exigences physiques et psychologiques \u00e9lev\u00e9es : conduite sur de longues distances, respect de d\u00e9lais serr\u00e9s, gestion du stress, travail en horaires d\u00e9cal\u00e9s, manipulation de charges lourdes, et exposition \u00e0 des risques d\u2019accidents.<\/p>\n\n\n\n<figure class=\"wp-block-image size-large\"><img fetchpriority=\"high\" decoding=\"async\" width=\"1024\" height=\"683\" src=\"https:\/\/atlantis-interim.com\/wp-content\/uploads\/2024\/09\/Log-Chef-1024x683.jpg\" alt=\"\" class=\"wp-image-5300\" srcset=\"https:\/\/atlantis-interim.com\/wp-content\/uploads\/2024\/09\/Log-Chef-1024x683.jpg 1024w, https:\/\/atlantis-interim.com\/wp-content\/uploads\/2024\/09\/Log-Chef-300x200.jpg 300w, https:\/\/atlantis-interim.com\/wp-content\/uploads\/2024\/09\/Log-Chef-768x512.jpg 768w, https:\/\/atlantis-interim.com\/wp-content\/uploads\/2024\/09\/Log-Chef-1536x1025.jpg 1536w, https:\/\/atlantis-interim.com\/wp-content\/uploads\/2024\/09\/Log-Chef-600x400.jpg 600w, https:\/\/atlantis-interim.com\/wp-content\/uploads\/2024\/09\/Log-Chef.jpg 2000w\" sizes=\"(max-width: 1024px) 100vw, 1024px\" \/><\/figure>\n\n\n\n<p>Dans un secteur aussi exigeant, l\u2019emploi int\u00e9rimaire devient une r\u00e9alit\u00e9 pour de nombreux travailleurs. La flexibilit\u00e9 offerte par ces contrats permet aux entreprises d\u2019ajuster rapidement leurs effectifs en fonction des besoins, mais elle introduit \u00e9galement des conditions pr\u00e9caires pour les <a href=\"https:\/\/atlantis-interim.com\/index.php\/2025\/01\/17\/formation-et-accreditation-des-interimaires-dans-le-secteur-de-la-sante\/\" data-type=\"post\" data-id=\"5532\">int\u00e9rimaires<\/a>, qui sont souvent employ\u00e9s pour des missions de courte dur\u00e9e et avec des droits moins \u00e9tendus que les salari\u00e9s permanents. Cette pr\u00e9carit\u00e9 a des cons\u00e9quences directes sur la s\u00e9curit\u00e9 des travailleurs, car elle peut entra\u00eener un manque de formation ad\u00e9quate, une int\u00e9gration insuffisante dans l\u2019\u00e9quipe, et une gestion des risques de s\u00e9curit\u00e9 moins efficace.<\/p>\n\n\n\n<h3 class=\"wp-block-heading\">2. <strong>Les risques li\u00e9s \u00e0 la s\u00e9curit\u00e9 des travailleurs int\u00e9rimaires dans le transport<\/strong><\/h3>\n\n\n\n<h4 class=\"wp-block-heading\">2.1. <strong>Manque de formation sp\u00e9cifique et d\u2019int\u00e9gration dans l\u2019\u00e9quipe<\/strong><\/h4>\n\n\n\n<p>Les <a href=\"https:\/\/atlantis-interim.com\/index.php\/2025\/02\/25\/les-conditions-de-travail-des-interimaires-roumains-dans-lindustrie-realites-et-defis\/\" data-internallinksmanager029f6b8e52c=\"26\" title=\"int\u00e9rimaires\">int\u00e9rimaires<\/a>, en raison de leur statut pr\u00e9caire, ne b\u00e9n\u00e9ficient souvent pas des m\u00eames opportunit\u00e9s de formation que les employ\u00e9s permanents. Dans des m\u00e9tiers comme celui de conducteur de poids lourds, o\u00f9 des comp\u00e9tences sp\u00e9cifiques (connaissance des r\u00e8gles de s\u00e9curit\u00e9, gestion du mat\u00e9riel, conduite en conditions difficiles) sont essentielles, le manque de formation ad\u00e9quate constitue un risque direct pour la s\u00e9curit\u00e9. De plus, les <a href=\"https:\/\/atlantis-interim.com\/index.php\/2025\/02\/25\/les-conditions-de-travail-des-interimaires-roumains-dans-lindustrie-realites-et-defis\/\" data-internallinksmanager029f6b8e52c=\"26\" title=\"int\u00e9rimaires\">int\u00e9rimaires<\/a> sont fr\u00e9quemment moins int\u00e9gr\u00e9s dans les \u00e9quipes de travail, ce qui peut r\u00e9duire leur acc\u00e8s \u00e0 des informations cruciales concernant les risques li\u00e9s \u00e0 leur mission, ainsi que les protocoles de s\u00e9curit\u00e9 sp\u00e9cifiques \u00e0 l\u2019entreprise.<\/p>\n\n\n\n<p>En transport, les travailleurs permanents b\u00e9n\u00e9ficient g\u00e9n\u00e9ralement d&#8217;une formation continue, d&#8217;une meilleure int\u00e9gration dans les \u00e9quipes, et sont plus familiers avec les \u00e9quipements et les proc\u00e9dures internes. En revanche, les <a href=\"https:\/\/atlantis-interim.com\/index.php\/2025\/02\/25\/les-conditions-de-travail-des-interimaires-roumains-dans-lindustrie-realites-et-defis\/\" data-internallinksmanager029f6b8e52c=\"26\" title=\"int\u00e9rimaires\">int\u00e9rimaires<\/a>, souvent envoy\u00e9s sur des missions ponctuelles, peuvent \u00eatre amen\u00e9s \u00e0 prendre des risques sans conna\u00eetre toutes les sp\u00e9cificit\u00e9s des conditions de travail de l&#8217;entreprise.<\/p>\n\n\n\n<h4 class=\"wp-block-heading\">2.2. <strong>Exposition accrue aux risques d\u2019accidents<\/strong><\/h4>\n\n\n\n<p>Les m\u00e9tiers du transport comportent des risques consid\u00e9rables : accidents de la route pour les conducteurs, blessures dues \u00e0 la manipulation de charges lourdes pour les caristes et manutentionnaires, ou encore risques li\u00e9s aux conditions de travail dangereuses dans des entrep\u00f4ts ou des plateformes logistiques. La pr\u00e9carit\u00e9 de l\u2019emploi des <a href=\"https:\/\/atlantis-interim.com\/index.php\/2025\/02\/25\/les-conditions-de-travail-des-interimaires-roumains-dans-lindustrie-realites-et-defis\/\" data-internallinksmanager029f6b8e52c=\"26\" title=\"int\u00e9rimaires\">int\u00e9rimaires<\/a> contribue \u00e0 aggraver ces risques. En effet, leur manque d\u2019exp\u00e9rience dans l\u2019entreprise, leur adaptation difficile aux processus sp\u00e9cifiques de s\u00e9curit\u00e9, et leur incertitude sur la dur\u00e9e de leur mission augmentent leur vuln\u00e9rabilit\u00e9.<\/p>\n\n\n\n<p>Les <a href=\"https:\/\/atlantis-interim.com\/index.php\/2025\/02\/25\/les-conditions-de-travail-des-interimaires-roumains-dans-lindustrie-realites-et-defis\/\" data-internallinksmanager029f6b8e52c=\"26\" title=\"int\u00e9rimaires\">int\u00e9rimaires<\/a> sont souvent envoy\u00e9s en urgence pour des missions sans le temps n\u00e9cessaire pour se familiariser avec les r\u00e8gles de s\u00e9curit\u00e9 sp\u00e9cifiques \u00e0 leur environnement de travail. Le manque d\u2019un suivi r\u00e9gulier par l\u2019employeur ou l\u2019agence d\u2019int\u00e9rim accro\u00eet \u00e9galement les risques. Dans les m\u00e9tiers du transport, les conducteurs peuvent \u00eatre plus enclins \u00e0 prendre des risques (par exemple, d\u00e9passer les limites de conduite recommand\u00e9es, ne pas respecter les temps de pause) en raison de la pression li\u00e9e aux missions temporaires et de la crainte de ne pas obtenir de nouvelles affectations s\u2019ils ne sont pas \u00ab performants \u00bb.<\/p>\n\n\n\n<h4 class=\"wp-block-heading\">2.3. <strong>Stress et pression li\u00e9s \u00e0 la pr\u00e9carit\u00e9 de l\u2019emploi<\/strong><\/h4>\n\n\n\n<p>Le stress psychologique engendr\u00e9 par la pr\u00e9carit\u00e9 de l\u2019emploi int\u00e9rimaire dans le transport ne doit pas \u00eatre sous-estim\u00e9. Les <a href=\"https:\/\/atlantis-interim.com\/index.php\/2025\/02\/21\/lintegration-des-travailleurs-interimaires-roumains-dans-le-tissu-industriel-local-defis-et-solutions\/\" data-internallinksmanager029f6b8e52c=\"20\" title=\"travailleurs int\u00e9rimaires\">travailleurs int\u00e9rimaires<\/a> se sentent souvent sous pression pour accomplir leur travail rapidement et efficacement afin de prouver leur valeur \u00e0 l\u2019employeur et obtenir de futures missions. Cette pression peut entra\u00eener une prise de risque accrue, notamment dans un secteur o\u00f9 les d\u00e9lais sont souvent serr\u00e9s et les exigences de performance \u00e9lev\u00e9es.<\/p>\n\n\n\n<p>Les <a href=\"https:\/\/atlantis-interim.com\/index.php\/2025\/02\/25\/les-conditions-de-travail-des-interimaires-roumains-dans-lindustrie-realites-et-defis\/\" data-internallinksmanager029f6b8e52c=\"26\" title=\"int\u00e9rimaires\">int\u00e9rimaires<\/a> peuvent \u00e9galement ressentir un sentiment d\u2019isolement, ce qui complique leur capacit\u00e9 \u00e0 signaler des dangers ou \u00e0 demander des ajustements en mati\u00e8re de s\u00e9curit\u00e9. La crainte de perdre leur emploi int\u00e9rimaire ou de ne pas \u00eatre r\u00e9engag\u00e9 peut \u00e9galement les inciter \u00e0 minimiser des probl\u00e8mes de s\u00e9curit\u00e9, voire \u00e0 travailler dans des conditions non conformes aux normes de s\u00e9curit\u00e9.<\/p>\n\n\n\n<h4 class=\"wp-block-heading\">2.4. <strong>Manque d\u2019acc\u00e8s \u00e0 une protection sociale et m\u00e9dicale suffisante<\/strong><\/h4>\n\n\n\n<p>Le manque d\u2019un contrat de travail stable est \u00e9galement un facteur aggravant. En cas d\u2019accident, les <a href=\"https:\/\/atlantis-interim.com\/index.php\/2025\/02\/21\/lintegration-des-travailleurs-interimaires-roumains-dans-le-tissu-industriel-local-defis-et-solutions\/\" data-internallinksmanager029f6b8e52c=\"20\" title=\"travailleurs int\u00e9rimaires\">travailleurs int\u00e9rimaires<\/a> peuvent se retrouver dans une situation de pr\u00e9carit\u00e9 sociale et m\u00e9dicale, car leurs droits \u00e0 la couverture sociale, \u00e0 la sant\u00e9 et \u00e0 la s\u00e9curit\u00e9 au travail sont souvent moins clairs que ceux des salari\u00e9s permanents. Par exemple, les <a href=\"https:\/\/atlantis-interim.com\/index.php\/2025\/02\/25\/les-conditions-de-travail-des-interimaires-roumains-dans-lindustrie-realites-et-defis\/\" data-internallinksmanager029f6b8e52c=\"26\" title=\"int\u00e9rimaires\">int\u00e9rimaires<\/a> peuvent ne pas avoir acc\u00e8s \u00e0 une couverture m\u00e9dicale suffisante ou \u00e0 un suivi post-accident. Dans des secteurs comme le transport, o\u00f9 les accidents peuvent avoir des cons\u00e9quences graves, cette absence de protection est un risque majeur pour la s\u00e9curit\u00e9 des travailleurs.<\/p>\n\n\n\n<figure class=\"wp-block-image size-large\"><img decoding=\"async\" width=\"920\" height=\"614\" src=\"https:\/\/atlantis-interim.com\/wp-content\/uploads\/2024\/09\/fdf87c17b739fd2a24366cca956269e2d6046a84-7360x4912-1.jpg\" alt=\"\" class=\"wp-image-5268\" srcset=\"https:\/\/atlantis-interim.com\/wp-content\/uploads\/2024\/09\/fdf87c17b739fd2a24366cca956269e2d6046a84-7360x4912-1.jpg 920w, https:\/\/atlantis-interim.com\/wp-content\/uploads\/2024\/09\/fdf87c17b739fd2a24366cca956269e2d6046a84-7360x4912-1-300x200.jpg 300w, https:\/\/atlantis-interim.com\/wp-content\/uploads\/2024\/09\/fdf87c17b739fd2a24366cca956269e2d6046a84-7360x4912-1-768x513.jpg 768w, https:\/\/atlantis-interim.com\/wp-content\/uploads\/2024\/09\/fdf87c17b739fd2a24366cca956269e2d6046a84-7360x4912-1-600x400.jpg 600w\" sizes=\"(max-width: 920px) 100vw, 920px\" \/><\/figure>\n\n\n\n<h3 class=\"wp-block-heading\">3. <strong>Mesures \u00e0 prendre pour am\u00e9liorer la s\u00e9curit\u00e9 des travailleurs int\u00e9rimaires<\/strong><\/h3>\n\n\n\n<h4 class=\"wp-block-heading\">3.1. <strong>Renforcement de la formation et de l\u2019int\u00e9gration<\/strong><\/h4>\n\n\n\n<p>Les entreprises de transport doivent renforcer la formation des <a href=\"https:\/\/atlantis-interim.com\/index.php\/2025\/02\/25\/les-conditions-de-travail-des-interimaires-roumains-dans-lindustrie-realites-et-defis\/\" data-internallinksmanager029f6b8e52c=\"26\" title=\"int\u00e9rimaires\">int\u00e9rimaires<\/a> et s\u2019assurer qu\u2019ils b\u00e9n\u00e9ficient d\u2019un accueil et d\u2019une int\u00e9gration ad\u00e9quats, quel que soit le type de mission. Cela inclut une formation sp\u00e9cifique aux risques de s\u00e9curit\u00e9 propres au secteur, \u00e0 l\u2019\u00e9quipement utilis\u00e9, ainsi qu&#8217;aux r\u00e8gles internes de l&#8217;entreprise. Les <a href=\"https:\/\/atlantis-interim.com\/index.php\/2025\/02\/25\/les-conditions-de-travail-des-interimaires-roumains-dans-lindustrie-realites-et-defis\/\" data-internallinksmanager029f6b8e52c=\"26\" title=\"int\u00e9rimaires\">int\u00e9rimaires<\/a> doivent \u00e9galement \u00eatre accompagn\u00e9s par des mentors ou des salari\u00e9s permanents pour faciliter leur int\u00e9gration et leur permettre de poser des questions sur la s\u00e9curit\u00e9.<\/p>\n\n\n\n<h4 class=\"wp-block-heading\">3.2. <strong>Meilleure gestion des risques et des conditions de travail<\/strong><\/h4>\n\n\n\n<p>Les employeurs doivent mettre en place des syst\u00e8mes efficaces de gestion des risques qui s\u2019appliquent \u00e9galement aux <a href=\"https:\/\/atlantis-interim.com\/index.php\/2025\/02\/25\/les-conditions-de-travail-des-interimaires-roumains-dans-lindustrie-realites-et-defis\/\" data-internallinksmanager029f6b8e52c=\"26\" title=\"int\u00e9rimaires\">int\u00e9rimaires<\/a>, en les int\u00e9grant dans les processus de s\u00e9curit\u00e9 existants. Cela inclut des \u00e9valuations de risques sp\u00e9cifiques et des audits r\u00e9guliers pour s&#8217;assurer que les conditions de travail sont s\u00fbres pour tous les employ\u00e9s, y compris les <a href=\"https:\/\/atlantis-interim.com\/index.php\/2025\/02\/25\/les-conditions-de-travail-des-interimaires-roumains-dans-lindustrie-realites-et-defis\/\" data-internallinksmanager029f6b8e52c=\"26\" title=\"int\u00e9rimaires\">int\u00e9rimaires<\/a>.<\/p>\n\n\n\n<h4 class=\"wp-block-heading\">3.3. <strong>Protection sociale et couverture ad\u00e9quate<\/strong><\/h4>\n\n\n\n<p>Les agences d\u2019int\u00e9rim et les entreprises doivent s&#8217;assurer que les <a href=\"https:\/\/atlantis-interim.com\/index.php\/2025\/02\/21\/lintegration-des-travailleurs-interimaires-roumains-dans-le-tissu-industriel-local-defis-et-solutions\/\" data-internallinksmanager029f6b8e52c=\"20\" title=\"travailleurs int\u00e9rimaires\">travailleurs int\u00e9rimaires<\/a> b\u00e9n\u00e9ficient d&#8217;une protection sociale ad\u00e9quate, comparable \u00e0 celle des salari\u00e9s permanents. Cela comprend une couverture de sant\u00e9 et de s\u00e9curit\u00e9, ainsi que des indemnisations en cas d&#8217;accident de travail. Des accords doivent \u00eatre \u00e9tablis pour garantir qu\u2019en cas de risque, les <a href=\"https:\/\/atlantis-interim.com\/index.php\/2025\/02\/25\/les-conditions-de-travail-des-interimaires-roumains-dans-lindustrie-realites-et-defis\/\" data-internallinksmanager029f6b8e52c=\"26\" title=\"int\u00e9rimaires\">int\u00e9rimaires<\/a> sont prot\u00e9g\u00e9s financi\u00e8rement et ont acc\u00e8s \u00e0 une prise en charge m\u00e9dicale rapide.<\/p>\n\n\n\n<h3 class=\"wp-block-heading\">4. <strong>Conclusion<\/strong><\/h3>\n\n\n\n<p>Le travail int\u00e9rimaire dans le secteur du transport comporte des risques importants pour la s\u00e9curit\u00e9 des travailleurs. La pr\u00e9carit\u00e9 de l\u2019emploi et la nature des missions temporaires exacerbent les dangers auxquels les travailleurs sont expos\u00e9s, en raison du manque de formation, de l\u2019absence d\u2019int\u00e9gration dans les \u00e9quipes et du stress constant associ\u00e9 \u00e0 la pr\u00e9carit\u00e9. Toutefois, des mesures peuvent \u00eatre prises pour am\u00e9liorer la s\u00e9curit\u00e9 des <a href=\"https:\/\/atlantis-interim.com\/index.php\/2025\/02\/25\/les-conditions-de-travail-des-interimaires-roumains-dans-lindustrie-realites-et-defis\/\" data-internallinksmanager029f6b8e52c=\"26\" title=\"int\u00e9rimaires\">int\u00e9rimaires<\/a>, notamment par le renforcement de la formation, la gestion des risques, et l\u2019am\u00e9lioration de la couverture sociale. Il est essentiel que les employeurs, les agences d\u2019int\u00e9rim et les autorit\u00e9s publiques travaillent ensemble pour garantir que les <a href=\"https:\/\/atlantis-interim.com\/index.php\/2025\/02\/21\/lintegration-des-travailleurs-interimaires-roumains-dans-le-tissu-industriel-local-defis-et-solutions\/\" data-internallinksmanager029f6b8e52c=\"20\" title=\"travailleurs int\u00e9rimaires\">travailleurs int\u00e9rimaires<\/a> b\u00e9n\u00e9ficient des m\u00eames standards de s\u00e9curit\u00e9 et de protection que les salari\u00e9s permanents.<\/p>\n","protected":false},"excerpt":{"rendered":"<p>Emploi int\u00e9rimaire et s\u00e9curit\u00e9 dans le transport : enjeux, d\u00e9fis et solutions pour garantir des conditions de travail s\u00fbres et conformes aux r\u00e9glementations<\/p>\n","protected":false},"author":1,"featured_media":5291,"comment_status":"open","ping_status":"open","sticky":false,"template":"","format":"standard","meta":{"_monsterinsights_skip_tracking":false,"_monsterinsights_sitenote_active":false,"_monsterinsights_sitenote_note":"","_monsterinsights_sitenote_category":0,"_jetpack_memberships_contains_paid_content":false,"wds_primary_category":0,"footnotes":""},"categories":[1,87,177],"tags":[159,157,133],"class_list":["post-5549","post","type-post","status-publish","format-standard","has-post-thumbnail","hentry","category-blog","category-logistique-et-distribution","category-transport","tag-agence-interim-europeene","tag-agence-interim-travailleur-etranger","tag-assurant-la-continuite-des-activites-industrielles-et-la-securite-des-installations-pour-toute-demande-de-recrutement-delectriciens-industriels-qualifies","th-blog blog-single has-post-thumbnail"],"aioseo_notices":[],"jetpack_featured_media_url":"https:\/\/atlantis-interim.com\/wp-content\/uploads\/2024\/09\/c7e4319245ddd57a27369120bd54379b-istock-966856026.avif","jetpack_sharing_enabled":true,"_links":{"self":[{"href":"https:\/\/atlantis-interim.com\/index.php\/wp-json\/wp\/v2\/posts\/5549","targetHints":{"allow":["GET"]}}],"collection":[{"href":"https:\/\/atlantis-interim.com\/index.php\/wp-json\/wp\/v2\/posts"}],"about":[{"href":"https:\/\/atlantis-interim.com\/index.php\/wp-json\/wp\/v2\/types\/post"}],"author":[{"embeddable":true,"href":"https:\/\/atlantis-interim.com\/index.php\/wp-json\/wp\/v2\/users\/1"}],"replies":[{"embeddable":true,"href":"https:\/\/atlantis-interim.com\/index.php\/wp-json\/wp\/v2\/comments?post=5549"}],"version-history":[{"count":1,"href":"https:\/\/atlantis-interim.com\/index.php\/wp-json\/wp\/v2\/posts\/5549\/revisions"}],"predecessor-version":[{"id":5670,"href":"https:\/\/atlantis-interim.com\/index.php\/wp-json\/wp\/v2\/posts\/5549\/revisions\/5670"}],"wp:featuredmedia":[{"embeddable":true,"href":"https:\/\/atlantis-interim.com\/index.php\/wp-json\/wp\/v2\/media\/5291"}],"wp:attachment":[{"href":"https:\/\/atlantis-interim.com\/index.php\/wp-json\/wp\/v2\/media?parent=5549"}],"wp:term":[{"taxonomy":"category","embeddable":true,"href":"https:\/\/atlantis-interim.com\/index.php\/wp-json\/wp\/v2\/categories?post=5549"},{"taxonomy":"post_tag","embeddable":true,"href":"https:\/\/atlantis-interim.com\/index.php\/wp-json\/wp\/v2\/tags?post=5549"}],"curies":[{"name":"wp","href":"https:\/\/api.w.org\/{rel}","templated":true}]}}