{"id":5551,"date":"2025-01-25T02:41:53","date_gmt":"2025-01-25T01:41:53","guid":{"rendered":"https:\/\/atlantis-interim.com\/index.php\/2025\/01\/25\/loptimisation-des-couts-de-main-doeuvre-avec-les-travailleurs-interimaires-dans-les-entrepots-et-centres-de-distribution\/"},"modified":"2025-01-25T02:41:53","modified_gmt":"2025-01-25T01:41:53","slug":"loptimisation-des-couts-de-main-doeuvre-avec-les-travailleurs-interimaires-dans-les-entrepots-et-centres-de-distribution","status":"publish","type":"post","link":"https:\/\/atlantis-interim.com\/index.php\/2025\/01\/25\/loptimisation-des-couts-de-main-doeuvre-avec-les-travailleurs-interimaires-dans-les-entrepots-et-centres-de-distribution\/","title":{"rendered":"L&#8217;optimisation des co\u00fbts de main-d&#8217;\u0153uvre avec les travailleurs int\u00e9rimaires dans les entrep\u00f4ts et centres de distribution"},"content":{"rendered":"\n<h4 class=\"wp-block-heading\">Introduction<\/h4>\n\n\n\n<p>Les entrep\u00f4ts et les centres de distribution repr\u00e9sentent des \u00e9l\u00e9ments essentiels du secteur logistique, jouant un r\u00f4le cl\u00e9 dans la gestion des stocks, le stockage et la pr\u00e9paration des commandes. La gestion efficace de ces installations est cruciale pour r\u00e9pondre aux demandes fluctuantes des consommateurs, en particulier dans un environnement \u00e9conomique caract\u00e9ris\u00e9 par une forte volatilit\u00e9 et des cycles de production irr\u00e9guliers. Dans ce contexte, l&#8217;optimisation des co\u00fbts de main-d&#8217;\u0153uvre est un imp\u00e9ratif pour garantir la comp\u00e9titivit\u00e9 des entreprises de logistique.<\/p>\n\n\n\n<p>Le recours aux <a href=\"https:\/\/atlantis-interim.com\/index.php\/2025\/02\/21\/lintegration-des-travailleurs-interimaires-roumains-dans-le-tissu-industriel-local-defis-et-solutions\/\" data-internallinksmanager029f6b8e52c=\"20\" title=\"travailleurs int\u00e9rimaires\">travailleurs int\u00e9rimaires<\/a>, ces salari\u00e9s embauch\u00e9s par des agences de travail temporaire, est une strat\u00e9gie de plus en plus utilis\u00e9e pour r\u00e9pondre aux besoins fluctuants en main-d&#8217;\u0153uvre tout en ma\u00eetrisant les co\u00fbts. Cette flexibilit\u00e9 permet aux entreprises de s&#8217;adapter rapidement aux variations de la demande, mais elle comporte \u00e9galement des enjeux en termes de gestion des co\u00fbts salariaux, de respect des normes sociales et de maintien de la productivit\u00e9. Cet article explore comment les entreprises logistiques optimisent les co\u00fbts de main-d&#8217;\u0153uvre avec les <a href=\"https:\/\/atlantis-interim.com\/index.php\/2025\/02\/21\/lintegration-des-travailleurs-interimaires-roumains-dans-le-tissu-industriel-local-defis-et-solutions\/\" data-internallinksmanager029f6b8e52c=\"20\" title=\"travailleurs int\u00e9rimaires\">travailleurs int\u00e9rimaires<\/a> dans les entrep\u00f4ts et centres de distribution, tout en analysant les avantages, les limites et les d\u00e9fis de cette pratique.<\/p>\n\n\n\n<h4 class=\"wp-block-heading\">Les d\u00e9fis de la gestion des co\u00fbts dans les entrep\u00f4ts et centres de distribution<\/h4>\n\n\n\n<figure class=\"wp-block-image size-large\"><img fetchpriority=\"high\" decoding=\"async\" width=\"800\" height=\"534\" src=\"https:\/\/atlantis-interim.com\/wp-content\/uploads\/2024\/09\/410cb9e60e0db30ae2ec11139e9e30a1ec8da49c.jpeg\" alt=\"\" class=\"wp-image-5238\" srcset=\"https:\/\/atlantis-interim.com\/wp-content\/uploads\/2024\/09\/410cb9e60e0db30ae2ec11139e9e30a1ec8da49c.jpeg 800w, https:\/\/atlantis-interim.com\/wp-content\/uploads\/2024\/09\/410cb9e60e0db30ae2ec11139e9e30a1ec8da49c-300x200.jpeg 300w, https:\/\/atlantis-interim.com\/wp-content\/uploads\/2024\/09\/410cb9e60e0db30ae2ec11139e9e30a1ec8da49c-768x513.jpeg 768w, https:\/\/atlantis-interim.com\/wp-content\/uploads\/2024\/09\/410cb9e60e0db30ae2ec11139e9e30a1ec8da49c-600x401.jpeg 600w\" sizes=\"(max-width: 800px) 100vw, 800px\" \/><figcaption class=\"wp-element-caption\">Chefs de Quai Logistique Roumains <\/figcaption><\/figure>\n\n\n\n<p>Les entrep\u00f4ts et centres de distribution doivent faire face \u00e0 une vari\u00e9t\u00e9 de d\u00e9fis qui rendent la gestion des co\u00fbts de main-d&#8217;\u0153uvre particuli\u00e8rement complexe. Parmi ces d\u00e9fis, on retrouve :<\/p>\n\n\n\n<ol class=\"wp-block-list\">\n<li><strong>Les fluctuations saisonni\u00e8res de la demande<\/strong> : Les volumes de travail peuvent varier consid\u00e9rablement selon les p\u00e9riodes de l\u2019ann\u00e9e, avec des pics de demande pendant les f\u00eates de fin d&#8217;ann\u00e9e, des soldes ou lors de promotions commerciales. Une main-d&#8217;\u0153uvre fixe peut devenir surdimensionn\u00e9e pendant les p\u00e9riodes creuses et insuffisante pendant les p\u00e9riodes de pointe.<\/li>\n\n\n\n<li><strong>L\u2019optimisation de la productivit\u00e9<\/strong> : Les entreprises cherchent constamment \u00e0 am\u00e9liorer leur efficacit\u00e9 op\u00e9rationnelle, notamment en optimisant la gestion du personnel. La productivit\u00e9 de la main-d&#8217;\u0153uvre doit \u00eatre maximis\u00e9e pour minimiser les co\u00fbts tout en garantissant la qualit\u00e9 des services.<\/li>\n\n\n\n<li><strong>Les co\u00fbts fixes li\u00e9s \u00e0 l\u2019embauche permanente<\/strong> : Embaucher des salari\u00e9s permanents peut engendrer des co\u00fbts fixes importants, incluant les salaires, les avantages sociaux, les cotisations et la formation. Ces co\u00fbts peuvent devenir difficiles \u00e0 g\u00e9rer lorsqu&#8217;il y a des variations importantes dans les besoins en personnel.<\/li>\n\n\n\n<li><strong>La gestion des absences et des accidents<\/strong> : Les entrep\u00f4ts et centres de distribution, en raison de la nature physique de leur activit\u00e9, sont confront\u00e9s \u00e0 des risques d\u2019accidents du travail ou \u00e0 un nombre d&#8217;absences impr\u00e9vues. La gestion de ces absences repr\u00e9sente un d\u00e9fi suppl\u00e9mentaire pour les gestionnaires de ressources humaines.<\/li>\n<\/ol>\n\n\n\n<h4 class=\"wp-block-heading\">Les avantages de recourir aux travailleurs int\u00e9rimaires<\/h4>\n\n\n\n<p>Le recours aux <a href=\"https:\/\/atlantis-interim.com\/index.php\/2025\/02\/21\/lintegration-des-travailleurs-interimaires-roumains-dans-le-tissu-industriel-local-defis-et-solutions\/\" data-internallinksmanager029f6b8e52c=\"20\" title=\"travailleurs int\u00e9rimaires\">travailleurs int\u00e9rimaires<\/a> pr\u00e9sente plusieurs avantages notables pour les entreprises de logistique. Voici les principaux atouts associ\u00e9s \u00e0 l&#8217;emploi int\u00e9rimaire dans les entrep\u00f4ts et centres de distribution :<\/p>\n\n\n\n<ol class=\"wp-block-list\">\n<li><strong>Flexibilit\u00e9 et adaptation rapide aux besoins de main-d&#8217;\u0153uvre<\/strong> : L&#8217;un des principaux avantages du travail int\u00e9rimaire r\u00e9side dans sa flexibilit\u00e9. Les entreprises peuvent ajuster rapidement le nombre de travailleurs en fonction de la demande, en augmentant la main-d&#8217;\u0153uvre lors des p\u00e9riodes de forte activit\u00e9 et en la r\u00e9duisant lors des p\u00e9riodes creuses. Cela permet de r\u00e9pondre efficacement \u00e0 des variations impr\u00e9vues de la demande sans avoir \u00e0 proc\u00e9der \u00e0 des embauches permanentes.<\/li>\n\n\n\n<li><strong>R\u00e9duction des co\u00fbts fixes<\/strong> : L\u2019embauche d\u2019<a href=\"https:\/\/atlantis-interim.com\/index.php\/2025\/02\/25\/les-conditions-de-travail-des-interimaires-roumains-dans-lindustrie-realites-et-defis\/\" data-internallinksmanager029f6b8e52c=\"26\" title=\"int\u00e9rimaires\">int\u00e9rimaires<\/a> permet de minimiser les co\u00fbts fixes li\u00e9s aux salaires et aux avantages des employ\u00e9s permanents. Plut\u00f4t que de conserver une main-d&#8217;\u0153uvre importante tout au long de l&#8217;ann\u00e9e, les entreprises peuvent embaucher des <a href=\"https:\/\/atlantis-interim.com\/index.php\/2025\/02\/25\/les-conditions-de-travail-des-interimaires-roumains-dans-lindustrie-realites-et-defis\/\" data-internallinksmanager029f6b8e52c=\"26\" title=\"int\u00e9rimaires\">int\u00e9rimaires<\/a> uniquement lorsque cela est n\u00e9cessaire. Cela permet de r\u00e9aliser des \u00e9conomies substantielles sur les co\u00fbts de main-d&#8217;\u0153uvre tout en maintenant la capacit\u00e9 de production.<\/li>\n\n\n\n<li><strong>Moins de charges administratives et l\u00e9gales<\/strong> : Les <a href=\"https:\/\/atlantis-interim.com\/index.php\/2025\/02\/21\/lintegration-des-travailleurs-interimaires-roumains-dans-le-tissu-industriel-local-defis-et-solutions\/\" data-internallinksmanager029f6b8e52c=\"20\" title=\"travailleurs int\u00e9rimaires\">travailleurs int\u00e9rimaires<\/a> sont employ\u00e9s par des agences de travail temporaire, ce qui signifie que ces agences prennent en charge une grande partie de l\u2019administration li\u00e9e \u00e0 l&#8217;embauche, comme les formalit\u00e9s administratives, les cotisations sociales et le respect de la l\u00e9gislation du travail. Cela r\u00e9duit la charge administrative pour l\u2019entreprise et lui permet de se concentrer sur son c\u0153ur de m\u00e9tier.<\/li>\n\n\n\n<li><strong>Gestion des pics d\u2019activit\u00e9<\/strong> : En p\u00e9riode de forte demande, comme pendant les p\u00e9riodes de No\u00ebl ou lors de promotions commerciales, les entreprises de logistique peuvent rencontrer des pics d\u2019activit\u00e9 qui n\u00e9cessitent un renforcement temporaire des effectifs. L\u2019int\u00e9rim permet de g\u00e9rer ces p\u00e9riodes sans avoir \u00e0 anticiper des augmentations de la masse salariale sur le long terme.<\/li>\n\n\n\n<li><strong>Acc\u00e8s \u00e0 des comp\u00e9tences sp\u00e9cialis\u00e9es<\/strong> : Les agences d\u2019int\u00e9rim sp\u00e9cialis\u00e9es dans la logistique peuvent fournir des travailleurs ayant des comp\u00e9tences sp\u00e9cifiques et une exp\u00e9rience dans le domaine de la gestion des stocks, de la pr\u00e9paration de commandes ou du chargement\/d\u00e9chargement de marchandises. Cela permet aux entreprises de s&#8217;assurer que les <a href=\"https:\/\/atlantis-interim.com\/index.php\/2025\/02\/25\/les-conditions-de-travail-des-interimaires-roumains-dans-lindustrie-realites-et-defis\/\" data-internallinksmanager029f6b8e52c=\"26\" title=\"int\u00e9rimaires\">int\u00e9rimaires<\/a> sont op\u00e9rationnels rapidement, sans n\u00e9cessiter une formation prolong\u00e9e.<\/li>\n<\/ol>\n\n\n\n<h4 class=\"wp-block-heading\">Les limites et les risques du recours aux travailleurs int\u00e9rimaires<\/h4>\n\n\n\n<p>Bien que le recours aux <a href=\"https:\/\/atlantis-interim.com\/index.php\/2025\/02\/25\/les-conditions-de-travail-des-interimaires-roumains-dans-lindustrie-realites-et-defis\/\" data-internallinksmanager029f6b8e52c=\"26\" title=\"int\u00e9rimaires\">int\u00e9rimaires<\/a> pr\u00e9sente des avantages certains, cette pratique comporte \u00e9galement des risques et des limites qu\u2019il convient de consid\u00e9rer pour \u00e9viter des effets n\u00e9gatifs sur la productivit\u00e9 et la qualit\u00e9 du service.<\/p>\n\n\n\n<ol class=\"wp-block-list\">\n<li><strong>Manque de stabilit\u00e9 et de fid\u00e9lit\u00e9<\/strong> : Les <a href=\"https:\/\/atlantis-interim.com\/index.php\/2025\/02\/21\/lintegration-des-travailleurs-interimaires-roumains-dans-le-tissu-industriel-local-defis-et-solutions\/\" data-internallinksmanager029f6b8e52c=\"20\" title=\"travailleurs int\u00e9rimaires\">travailleurs int\u00e9rimaires<\/a> sont souvent moins motiv\u00e9s \u00e0 long terme, car ils n\u2019ont pas la s\u00e9curit\u00e9 de l\u2019emploi d\u2019un contrat permanent. Cela peut affecter leur engagement et leur performance sur le long terme. Dans les entrep\u00f4ts, un faible niveau d&#8217;engagement peut impacter la qualit\u00e9 du travail, la productivit\u00e9 et la satisfaction des clients.<\/li>\n\n\n\n<li><strong>Risque de turnover \u00e9lev\u00e9<\/strong> : L\u2019int\u00e9rim est souvent associ\u00e9 \u00e0 une rotation \u00e9lev\u00e9e du personnel. Cela peut entra\u00eener des probl\u00e8mes de continuit\u00e9 dans le travail, de transmission des comp\u00e9tences et de gestion des relations interpersonnelles entre les \u00e9quipes permanentes et les <a href=\"https:\/\/atlantis-interim.com\/index.php\/2025\/02\/25\/les-conditions-de-travail-des-interimaires-roumains-dans-lindustrie-realites-et-defis\/\" data-internallinksmanager029f6b8e52c=\"26\" title=\"int\u00e9rimaires\">int\u00e9rimaires<\/a>. Un turnover \u00e9lev\u00e9 peut \u00e9galement augmenter les co\u00fbts li\u00e9s \u00e0 la formation et \u00e0 l\u2019int\u00e9gration des <a href=\"https:\/\/atlantis-interim.com\/index.php\/2025\/02\/25\/les-conditions-de-travail-des-interimaires-roumains-dans-lindustrie-realites-et-defis\/\" data-internallinksmanager029f6b8e52c=\"26\" title=\"int\u00e9rimaires\">int\u00e9rimaires<\/a>.<\/li>\n\n\n\n<li><strong>Co\u00fbts indirects<\/strong> : Bien que les co\u00fbts directs li\u00e9s aux <a href=\"https:\/\/atlantis-interim.com\/index.php\/2025\/02\/21\/lintegration-des-travailleurs-interimaires-roumains-dans-le-tissu-industriel-local-defis-et-solutions\/\" data-internallinksmanager029f6b8e52c=\"20\" title=\"travailleurs int\u00e9rimaires\">travailleurs int\u00e9rimaires<\/a> soient souvent inf\u00e9rieurs \u00e0 ceux des employ\u00e9s permanents, les agences d\u2019int\u00e9rim facturent g\u00e9n\u00e9ralement des marges importantes. Ces co\u00fbts peuvent \u00eatre substantiels, surtout si l\u2019int\u00e9rim devient une solution syst\u00e9matique \u00e0 long terme, plut\u00f4t qu\u2019un recours ponctuel. En outre, la gestion de plusieurs agences d\u2019int\u00e9rim et la coordination des <a href=\"https:\/\/atlantis-interim.com\/index.php\/2023\/02\/09\/les-droits-des-travailleurs-temporaires-roumains-en-formation-professionnelle\/\" data-internallinksmanager029f6b8e52c=\"18\" title=\"travailleurs temporaires\">travailleurs temporaires<\/a> peuvent engendrer des co\u00fbts administratifs suppl\u00e9mentaires.<\/li>\n\n\n\n<li><strong>Probl\u00e8mes de qualit\u00e9 et de s\u00e9curit\u00e9<\/strong> : L\u2019absence de formation continue et de connaissance approfondie des processus sp\u00e9cifiques de l\u2019entreprise peut nuire \u00e0 la qualit\u00e9 du travail effectu\u00e9 par les <a href=\"https:\/\/atlantis-interim.com\/index.php\/2025\/02\/25\/les-conditions-de-travail-des-interimaires-roumains-dans-lindustrie-realites-et-defis\/\" data-internallinksmanager029f6b8e52c=\"26\" title=\"int\u00e9rimaires\">int\u00e9rimaires<\/a>. De plus, la s\u00e9curit\u00e9 dans les entrep\u00f4ts, en particulier dans des environnements \u00e0 haut risque, n\u00e9cessite une attention particuli\u00e8re. Les <a href=\"https:\/\/atlantis-interim.com\/index.php\/2025\/02\/25\/les-conditions-de-travail-des-interimaires-roumains-dans-lindustrie-realites-et-defis\/\" data-internallinksmanager029f6b8e52c=\"26\" title=\"int\u00e9rimaires\">int\u00e9rimaires<\/a>, souvent moins familiers avec les proc\u00e9dures de s\u00e9curit\u00e9, peuvent \u00eatre plus expos\u00e9s aux accidents du travail.<\/li>\n<\/ol>\n\n\n\n<h4 class=\"wp-block-heading\">Les bonnes pratiques pour une gestion optimale des travailleurs int\u00e9rimaires<\/h4>\n\n\n\n<figure class=\"wp-block-image size-large\"><img decoding=\"async\" width=\"1024\" height=\"682\" src=\"https:\/\/atlantis-interim.com\/wp-content\/uploads\/2024\/09\/chauffeur-routier-1024x682.png\" alt=\"\" class=\"wp-image-5282\" srcset=\"https:\/\/atlantis-interim.com\/wp-content\/uploads\/2024\/09\/chauffeur-routier-1024x682.png 1024w, https:\/\/atlantis-interim.com\/wp-content\/uploads\/2024\/09\/chauffeur-routier-300x200.png 300w, https:\/\/atlantis-interim.com\/wp-content\/uploads\/2024\/09\/chauffeur-routier-768x512.png 768w, https:\/\/atlantis-interim.com\/wp-content\/uploads\/2024\/09\/chauffeur-routier-600x400.png 600w, https:\/\/atlantis-interim.com\/wp-content\/uploads\/2024\/09\/chauffeur-routier.png 1280w\" sizes=\"(max-width: 1024px) 100vw, 1024px\" \/><\/figure>\n\n\n\n<p>Pour tirer pleinement parti des avantages de l\u2019int\u00e9rim tout en minimisant les risques et les limites, les entreprises de logistique peuvent mettre en place certaines bonnes pratiques dans la gestion de la main-d&#8217;\u0153uvre int\u00e9rimaire :<\/p>\n\n\n\n<ol class=\"wp-block-list\">\n<li><strong>Partenariat avec des agences sp\u00e9cialis\u00e9es<\/strong> : Travailler avec des agences de travail temporaire sp\u00e9cialis\u00e9es dans la logistique permet de s&#8217;assurer que les <a href=\"https:\/\/atlantis-interim.com\/index.php\/2025\/02\/25\/les-conditions-de-travail-des-interimaires-roumains-dans-lindustrie-realites-et-defis\/\" data-internallinksmanager029f6b8e52c=\"26\" title=\"int\u00e9rimaires\">int\u00e9rimaires<\/a> poss\u00e8dent les comp\u00e9tences n\u00e9cessaires. De plus, ces agences peuvent proposer des candidats plus rapidement, ce qui est essentiel pour r\u00e9pondre \u00e0 des besoins urgents de main-d&#8217;\u0153uvre.<\/li>\n\n\n\n<li><strong>Formation et int\u00e9gration des <a href=\"https:\/\/atlantis-interim.com\/index.php\/2025\/02\/25\/les-conditions-de-travail-des-interimaires-roumains-dans-lindustrie-realites-et-defis\/\" data-internallinksmanager029f6b8e52c=\"26\" title=\"int\u00e9rimaires\">int\u00e9rimaires<\/a><\/strong> : M\u00eame si les <a href=\"https:\/\/atlantis-interim.com\/index.php\/2025\/02\/25\/les-conditions-de-travail-des-interimaires-roumains-dans-lindustrie-realites-et-defis\/\" data-internallinksmanager029f6b8e52c=\"26\" title=\"int\u00e9rimaires\">int\u00e9rimaires<\/a> sont employ\u00e9s de mani\u00e8re temporaire, il est crucial de leur fournir une formation ad\u00e9quate sur les proc\u00e9dures de s\u00e9curit\u00e9, les logiciels de gestion des stocks et les normes de qualit\u00e9. Une bonne int\u00e9gration permet non seulement d\u2019assurer la s\u00e9curit\u00e9 et la productivit\u00e9, mais aussi de renforcer l&#8217;engagement des <a href=\"https:\/\/atlantis-interim.com\/index.php\/2023\/02\/09\/les-droits-des-travailleurs-temporaires-roumains-en-formation-professionnelle\/\" data-internallinksmanager029f6b8e52c=\"18\" title=\"travailleurs temporaires\">travailleurs temporaires<\/a>.<\/li>\n\n\n\n<li><strong>Communication claire des attentes<\/strong> : Les entreprises doivent clairement d\u00e9finir leurs attentes en mati\u00e8re de productivit\u00e9, de s\u00e9curit\u00e9 et de qualit\u00e9, tant pour les employ\u00e9s permanents que pour les <a href=\"https:\/\/atlantis-interim.com\/index.php\/2025\/02\/25\/les-conditions-de-travail-des-interimaires-roumains-dans-lindustrie-realites-et-defis\/\" data-internallinksmanager029f6b8e52c=\"26\" title=\"int\u00e9rimaires\">int\u00e9rimaires<\/a>. Une communication ouverte et transparente favorise une meilleure collaboration entre les diff\u00e9rentes \u00e9quipes.<\/li>\n\n\n\n<li><strong>Optimisation des plannings de travail<\/strong> : En anticipant les p\u00e9riodes de forte demande, les entreprises peuvent mieux planifier l\u2019embauche des <a href=\"https:\/\/atlantis-interim.com\/index.php\/2025\/02\/25\/les-conditions-de-travail-des-interimaires-roumains-dans-lindustrie-realites-et-defis\/\" data-internallinksmanager029f6b8e52c=\"26\" title=\"int\u00e9rimaires\">int\u00e9rimaires<\/a>. Utiliser des outils de gestion des ressources humaines et des pr\u00e9visions de demande pour adapter le nombre d\u2019<a href=\"https:\/\/atlantis-interim.com\/index.php\/2025\/02\/25\/les-conditions-de-travail-des-interimaires-roumains-dans-lindustrie-realites-et-defis\/\" data-internallinksmanager029f6b8e52c=\"26\" title=\"int\u00e9rimaires\">int\u00e9rimaires<\/a> n\u00e9cessaires permet de mieux contr\u00f4ler les co\u00fbts.<\/li>\n\n\n\n<li><strong>\u00c9valuation continue<\/strong> : Afin d&#8217;assurer une gestion optimale des <a href=\"https:\/\/atlantis-interim.com\/index.php\/2025\/02\/21\/lintegration-des-travailleurs-interimaires-roumains-dans-le-tissu-industriel-local-defis-et-solutions\/\" data-internallinksmanager029f6b8e52c=\"20\" title=\"travailleurs int\u00e9rimaires\">travailleurs int\u00e9rimaires<\/a>, les entreprises doivent proc\u00e9der \u00e0 une \u00e9valuation r\u00e9guli\u00e8re de leur performance. Cette \u00e9valuation peut concerner la qualit\u00e9 du travail, la s\u00e9curit\u00e9, l\u2019assiduit\u00e9 et la productivit\u00e9. Cela permet d&#8217;ajuster les strat\u00e9gies de <a href=\"https:\/\/atlantis-interim.com\/\" data-internallinksmanager029f6b8e52c=\"23\" title=\"recrutement\">recrutement<\/a> et d\u2019affiner les pratiques de gestion des ressources humaines.<\/li>\n<\/ol>\n\n\n\n<h4 class=\"wp-block-heading\">Conclusion<\/h4>\n\n\n\n<p>Le recours aux <a href=\"https:\/\/atlantis-interim.com\/index.php\/2025\/02\/21\/lintegration-des-travailleurs-interimaires-roumains-dans-le-tissu-industriel-local-defis-et-solutions\/\" data-internallinksmanager029f6b8e52c=\"20\" title=\"travailleurs int\u00e9rimaires\">travailleurs int\u00e9rimaires<\/a> dans les entrep\u00f4ts et centres de distribution constitue une solution efficace pour optimiser les co\u00fbts de main-d&#8217;\u0153uvre tout en r\u00e9pondant \u00e0 la flexibilit\u00e9 des besoins de main-d&#8217;\u0153uvre dans le secteur logistique. Cependant, cette pratique n\u00e9cessite une gestion rigoureuse pour \u00e9viter les risques li\u00e9s \u00e0 la qualit\u00e9, \u00e0 la s\u00e9curit\u00e9 et \u00e0 l&#8217;engagement des travailleurs. En mettant en place des partenariats avec des agences sp\u00e9cialis\u00e9es, en formant ad\u00e9quatement les <a href=\"https:\/\/atlantis-interim.com\/index.php\/2025\/02\/25\/les-conditions-de-travail-des-interimaires-roumains-dans-lindustrie-realites-et-defis\/\" data-internallinksmanager029f6b8e52c=\"26\" title=\"int\u00e9rimaires\">int\u00e9rimaires<\/a> et en adaptant les processus de gestion des ressources humaines, les entreprises logistiques peuvent tirer parti de cette flexibilit\u00e9 tout en garantissant une gestion des co\u00fbts ma\u00eetris\u00e9e et une productivit\u00e9 optimale.<\/p>\n","protected":false},"excerpt":{"rendered":"<p>Introduction Les entrep\u00f4ts et les centres de distribution repr\u00e9sentent des \u00e9l\u00e9ments essentiels du secteur logistique, jouant un r\u00f4le cl\u00e9 dans la gestion des stocks, le stockage et la pr\u00e9paration des commandes. La gestion efficace de ces installations est cruciale pour r\u00e9pondre aux demandes fluctuantes des consommateurs, en particulier dans un environnement \u00e9conomique caract\u00e9ris\u00e9 par une&#8230;<\/p>\n","protected":false},"author":1,"featured_media":5096,"comment_status":"open","ping_status":"open","sticky":false,"template":"","format":"standard","meta":{"_monsterinsights_skip_tracking":false,"_monsterinsights_sitenote_active":false,"_monsterinsights_sitenote_note":"","_monsterinsights_sitenote_category":0,"_jetpack_memberships_contains_paid_content":false,"wds_primary_category":0,"footnotes":""},"categories":[1,87,177],"tags":[79,157,175],"class_list":["post-5551","post","type-post","status-publish","format-standard","has-post-thumbnail","hentry","category-blog","category-logistique-et-distribution","category-transport","tag-agence-interim-roumanie","tag-agence-interim-travailleur-etranger","tag-agents-de-maintenance-interimaires-roumains","th-blog blog-single has-post-thumbnail"],"aioseo_notices":[],"jetpack_featured_media_url":"https:\/\/atlantis-interim.com\/wp-content\/uploads\/2024\/07\/iStock-1124695331-1024x758-1.jpg","jetpack_sharing_enabled":true,"_links":{"self":[{"href":"https:\/\/atlantis-interim.com\/index.php\/wp-json\/wp\/v2\/posts\/5551","targetHints":{"allow":["GET"]}}],"collection":[{"href":"https:\/\/atlantis-interim.com\/index.php\/wp-json\/wp\/v2\/posts"}],"about":[{"href":"https:\/\/atlantis-interim.com\/index.php\/wp-json\/wp\/v2\/types\/post"}],"author":[{"embeddable":true,"href":"https:\/\/atlantis-interim.com\/index.php\/wp-json\/wp\/v2\/users\/1"}],"replies":[{"embeddable":true,"href":"https:\/\/atlantis-interim.com\/index.php\/wp-json\/wp\/v2\/comments?post=5551"}],"version-history":[{"count":0,"href":"https:\/\/atlantis-interim.com\/index.php\/wp-json\/wp\/v2\/posts\/5551\/revisions"}],"wp:featuredmedia":[{"embeddable":true,"href":"https:\/\/atlantis-interim.com\/index.php\/wp-json\/wp\/v2\/media\/5096"}],"wp:attachment":[{"href":"https:\/\/atlantis-interim.com\/index.php\/wp-json\/wp\/v2\/media?parent=5551"}],"wp:term":[{"taxonomy":"category","embeddable":true,"href":"https:\/\/atlantis-interim.com\/index.php\/wp-json\/wp\/v2\/categories?post=5551"},{"taxonomy":"post_tag","embeddable":true,"href":"https:\/\/atlantis-interim.com\/index.php\/wp-json\/wp\/v2\/tags?post=5551"}],"curies":[{"name":"wp","href":"https:\/\/api.w.org\/{rel}","templated":true}]}}