{"id":5553,"date":"2025-01-14T23:00:31","date_gmt":"2025-01-14T22:00:31","guid":{"rendered":"https:\/\/atlantis-interim.com\/index.php\/2025\/01\/14\/les-impacts-du-travail-detache-sur-la-concurrence-entre-les-entreprises-de-transport-et-logistique\/"},"modified":"2025-01-14T23:00:31","modified_gmt":"2025-01-14T22:00:31","slug":"les-impacts-du-travail-detache-sur-la-concurrence-entre-les-entreprises-de-transport-et-logistique","status":"publish","type":"post","link":"https:\/\/atlantis-interim.com\/index.php\/2025\/01\/14\/les-impacts-du-travail-detache-sur-la-concurrence-entre-les-entreprises-de-transport-et-logistique\/","title":{"rendered":"Les impacts du travail d\u00e9tach\u00e9 sur la concurrence entre les entreprises de transport et logistique"},"content":{"rendered":"\n<h4 class=\"wp-block-heading\">Introduction<\/h4>\n\n\n\n<p>Le secteur du transport et de la logistique est un moteur crucial de l\u2019\u00e9conomie mondiale, facilitant l&#8217;\u00e9change de biens entre les pays et les continents. Dans un environnement o\u00f9 la comp\u00e9titivit\u00e9 est de plus en plus marqu\u00e9e, les entreprises cherchent constamment \u00e0 optimiser leurs co\u00fbts pour rester rentables et attirer des clients. L&#8217;une des strat\u00e9gies utilis\u00e9es dans l&#8217;UE pour cette optimisation est le recours au <a href=\"https:\/\/atlantis-interim.com\/index.php\/2025\/02\/23\/la-legislation-europeenne-et-son-impact-sur-le-travail-detache-dans-lindustrie-francaise\/\" data-internallinksmanager029f6b8e52c=\"1\" title=\"Travail d\u00e9tach\u00e9\">travail d\u00e9tach\u00e9<\/a>, notamment dans les activit\u00e9s de transport international, o\u00f9 des travailleurs peuvent \u00eatre envoy\u00e9s dans un autre pays pour accomplir des missions temporaires tout en \u00e9tant r\u00e9mun\u00e9r\u00e9s selon les r\u00e8gles de leur pays d&#8217;origine.<\/p>\n\n\n\n<p>Si le <a href=\"https:\/\/atlantis-interim.com\/index.php\/2025\/02\/23\/la-legislation-europeenne-et-son-impact-sur-le-travail-detache-dans-lindustrie-francaise\/\" data-internallinksmanager029f6b8e52c=\"1\" title=\"Travail d\u00e9tach\u00e9\">travail d\u00e9tach\u00e9<\/a> peut \u00eatre per\u00e7u comme une solution flexible permettant aux entreprises de r\u00e9duire leurs co\u00fbts de main-d&#8217;\u0153uvre, il peut \u00e9galement entra\u00eener des effets secondaires importants sur la concurrence dans le secteur du transport et de la logistique. Les impacts du <a href=\"https:\/\/atlantis-interim.com\/index.php\/2025\/02\/23\/la-legislation-europeenne-et-son-impact-sur-le-travail-detache-dans-lindustrie-francaise\/\" data-internallinksmanager029f6b8e52c=\"1\" title=\"Travail d\u00e9tach\u00e9\">travail d\u00e9tach\u00e9<\/a> sur la concurrence peuvent se traduire par une distorsion des r\u00e8gles de concurrence, une pression accrue sur les entreprises locales, ainsi qu&#8217;une remise en cause de la qualit\u00e9 du service. Cet article analyse ces impacts en d\u00e9taillant les avantages et les inconv\u00e9nients du recours au <a href=\"https:\/\/atlantis-interim.com\/index.php\/2025\/02\/23\/la-legislation-europeenne-et-son-impact-sur-le-travail-detache-dans-lindustrie-francaise\/\" data-internallinksmanager029f6b8e52c=\"1\" title=\"Travail d\u00e9tach\u00e9\">travail d\u00e9tach\u00e9<\/a> dans ce secteur.<\/p>\n\n\n\n<h4 class=\"wp-block-heading\">Le travail d\u00e9tach\u00e9 : un levier de r\u00e9duction des co\u00fbts pour les entreprises<\/h4>\n\n\n\n<p>Le <a href=\"https:\/\/atlantis-interim.com\/index.php\/2025\/02\/23\/la-legislation-europeenne-et-son-impact-sur-le-travail-detache-dans-lindustrie-francaise\/\" data-internallinksmanager029f6b8e52c=\"1\" title=\"Travail d\u00e9tach\u00e9\">travail d\u00e9tach\u00e9<\/a> permet aux entreprises de transport et de logistique de r\u00e9duire leurs co\u00fbts de main-d&#8217;\u0153uvre, ce qui est particuli\u00e8rement attractif dans un environnement \u00e9conomique tr\u00e8s concurrentiel. Voici quelques-uns des principaux avantages li\u00e9s \u00e0 l\u2019utilisation du <a href=\"https:\/\/atlantis-interim.com\/index.php\/2025\/02\/23\/la-legislation-europeenne-et-son-impact-sur-le-travail-detache-dans-lindustrie-francaise\/\" data-internallinksmanager029f6b8e52c=\"1\" title=\"Travail d\u00e9tach\u00e9\">travail d\u00e9tach\u00e9<\/a> pour les entreprises de ce secteur :<\/p>\n\n\n\n<ol class=\"wp-block-list\">\n<li><strong>R\u00e9duction des co\u00fbts salariaux<\/strong><br>Les entreprises peuvent embaucher des travailleurs d\u00e9tach\u00e9s en provenance de pays o\u00f9 les salaires sont moins \u00e9lev\u00e9s, ce qui leur permet de r\u00e9aliser des \u00e9conomies substantielles. Par exemple, une entreprise de transport bas\u00e9e dans un pays avec des co\u00fbts salariaux \u00e9lev\u00e9s peut <a href=\"https:\/\/atlantis-interim.com\/index.php\/2024\/07\/05\/recruter-des-travailleurs-roumains-pour-le-secteur-du-batiment-en-france\/\" data-internallinksmanager029f6b8e52c=\"22\" title=\"recruter\">recruter<\/a> des chauffeurs ou des manutentionnaires venant de pays voisins avec des co\u00fbts de travail plus bas, r\u00e9duisant ainsi ses d\u00e9penses salariales.<\/li>\n\n\n\n<li><strong>Flexibilit\u00e9 de la main-d&#8217;\u0153uvre<\/strong><br>Le recours au <a href=\"https:\/\/atlantis-interim.com\/index.php\/2025\/02\/23\/la-legislation-europeenne-et-son-impact-sur-le-travail-detache-dans-lindustrie-francaise\/\" data-internallinksmanager029f6b8e52c=\"1\" title=\"Travail d\u00e9tach\u00e9\">travail d\u00e9tach\u00e9<\/a> permet aux entreprises d\u2019ajuster plus facilement la taille de leur main-d&#8217;\u0153uvre en fonction des besoins saisonniers ou des fluctuations de la demande. Ce mod\u00e8le est particuli\u00e8rement adapt\u00e9 dans les activit\u00e9s de transport, o\u00f9 les volumes peuvent varier consid\u00e9rablement selon les p\u00e9riodes de l&#8217;ann\u00e9e, comme pendant les f\u00eates ou les soldes. Le <a href=\"https:\/\/atlantis-interim.com\/index.php\/2025\/02\/23\/la-legislation-europeenne-et-son-impact-sur-le-travail-detache-dans-lindustrie-francaise\/\" data-internallinksmanager029f6b8e52c=\"1\" title=\"Travail d\u00e9tach\u00e9\">travail d\u00e9tach\u00e9<\/a> permet ainsi de maintenir une flexibilit\u00e9 maximale, sans avoir \u00e0 embaucher de nouveaux travailleurs \u00e0 long terme.<\/li>\n\n\n\n<li><strong>Adaptation aux r\u00e9glementations sp\u00e9cifiques \u00e0 chaque pays<\/strong><br>Le <a href=\"https:\/\/atlantis-interim.com\/index.php\/2025\/02\/23\/la-legislation-europeenne-et-son-impact-sur-le-travail-detache-dans-lindustrie-francaise\/\" data-internallinksmanager029f6b8e52c=\"1\" title=\"Travail d\u00e9tach\u00e9\">travail d\u00e9tach\u00e9<\/a> permet aux entreprises d\u2019optimiser la conformit\u00e9 aux r\u00e9glementations sp\u00e9cifiques de chaque pays dans lequel elles op\u00e8rent. Par exemple, certaines r\u00e9glementations sur les heures de travail ou les temps de repos peuvent \u00eatre diff\u00e9rentes d\u2019un pays \u00e0 l\u2019autre, et le recours \u00e0 des travailleurs d\u00e9tach\u00e9s permet d\u2019aligner les pratiques locales avec les r\u00e8gles du pays d\u2019origine du travailleur.<\/li>\n<\/ol>\n\n\n\n<h4 class=\"wp-block-heading\">Les impacts sur la concurrence entre les entreprises de transport et de logistique<\/h4>\n\n\n\n<figure class=\"wp-block-image size-large\"><img fetchpriority=\"high\" decoding=\"async\" width=\"995\" height=\"658\" src=\"https:\/\/atlantis-interim.com\/wp-content\/uploads\/2024\/09\/logisticien2.webp\" alt=\"\" class=\"wp-image-5256\" srcset=\"https:\/\/atlantis-interim.com\/wp-content\/uploads\/2024\/09\/logisticien2.webp 995w, https:\/\/atlantis-interim.com\/wp-content\/uploads\/2024\/09\/logisticien2-300x198.webp 300w, https:\/\/atlantis-interim.com\/wp-content\/uploads\/2024\/09\/logisticien2-768x508.webp 768w, https:\/\/atlantis-interim.com\/wp-content\/uploads\/2024\/09\/logisticien2-600x397.webp 600w\" sizes=\"(max-width: 995px) 100vw, 995px\" \/><\/figure>\n\n\n\n<p>Le recours au <a href=\"https:\/\/atlantis-interim.com\/index.php\/2025\/02\/23\/la-legislation-europeenne-et-son-impact-sur-le-travail-detache-dans-lindustrie-francaise\/\" data-internallinksmanager029f6b8e52c=\"1\" title=\"Travail d\u00e9tach\u00e9\">travail d\u00e9tach\u00e9<\/a> dans le secteur du transport et de la logistique a des effets consid\u00e9rables sur la concurrence entre les entreprises. Ces impacts peuvent \u00eatre positifs \u00e0 court terme pour certaines entreprises, mais entra\u00eenent souvent des distorsions qui peuvent nuire \u00e0 long terme \u00e0 l&#8217;\u00e9quit\u00e9 sur le march\u00e9.<\/p>\n\n\n\n<ol class=\"wp-block-list\">\n<li><strong>Distorsion de la concurrence entre les entreprises locales et \u00e9trang\u00e8res<\/strong><\/li>\n<\/ol>\n\n\n\n<p>L\u2019un des effets les plus notables du <a href=\"https:\/\/atlantis-interim.com\/index.php\/2025\/02\/23\/la-legislation-europeenne-et-son-impact-sur-le-travail-detache-dans-lindustrie-francaise\/\" data-internallinksmanager029f6b8e52c=\"1\" title=\"Travail d\u00e9tach\u00e9\">travail d\u00e9tach\u00e9<\/a> sur la concurrence est la distorsion entre les entreprises locales et les entreprises \u00e9trang\u00e8res qui emploient des travailleurs d\u00e9tach\u00e9s. Les entreprises qui recourent massivement au <a href=\"https:\/\/atlantis-interim.com\/index.php\/2025\/02\/23\/la-legislation-europeenne-et-son-impact-sur-le-travail-detache-dans-lindustrie-francaise\/\" data-internallinksmanager029f6b8e52c=\"1\" title=\"Travail d\u00e9tach\u00e9\">travail d\u00e9tach\u00e9<\/a> peuvent proposer des tarifs plus bas que celles qui emploient uniquement des travailleurs locaux en raison de leur capacit\u00e9 \u00e0 r\u00e9duire leurs co\u00fbts salariaux. En cons\u00e9quence, cela cr\u00e9e une concurrence d\u00e9loyale, o\u00f9 les entreprises locales, qui doivent respecter les l\u00e9gislations nationales, sont confront\u00e9es \u00e0 des entreprises \u00e9trang\u00e8res qui, elles, ne sont pas soumises aux m\u00eames contraintes.<\/p>\n\n\n\n<p>Par exemple, une entreprise bas\u00e9e en France et qui embauche des travailleurs locaux devra respecter le <strong>SMIC<\/strong> (Salaire minimum interprofessionnel de croissance), ainsi que des r\u00e9glementations strictes concernant les heures de travail et les indemnit\u00e9s, ce qui augmente ses co\u00fbts. En revanche, une entreprise \u00e9trang\u00e8re qui d\u00e9tache des travailleurs r\u00e9mun\u00e9r\u00e9s selon les salaires de leur pays d&#8217;origine pourra proposer des prix bien plus comp\u00e9titifs, sans pour autant garantir les m\u00eames conditions de travail pour ses employ\u00e9s.<\/p>\n\n\n\n<ol start=\"2\" class=\"wp-block-list\">\n<li><strong>Baisse de la qualit\u00e9 des services<\/strong><\/li>\n<\/ol>\n\n\n\n<p>Le recours au <a href=\"https:\/\/atlantis-interim.com\/index.php\/2025\/02\/23\/la-legislation-europeenne-et-son-impact-sur-le-travail-detache-dans-lindustrie-francaise\/\" data-internallinksmanager029f6b8e52c=\"1\" title=\"Travail d\u00e9tach\u00e9\">travail d\u00e9tach\u00e9<\/a> peut \u00e9galement avoir des r\u00e9percussions sur la qualit\u00e9 des services fournis par les entreprises de transport et de logistique. Dans certains cas, pour maximiser leurs marges b\u00e9n\u00e9ficiaires, certaines entreprises peuvent r\u00e9duire la qualit\u00e9 des prestations de service, par exemple en payant des salaires plus bas, en diminuant les formations ou en n\u00e9gligeant la s\u00e9curit\u00e9 des travailleurs.<\/p>\n\n\n\n<p>Les travailleurs d\u00e9tach\u00e9s, souvent moins inform\u00e9s de leurs droits et plus vuln\u00e9rables, peuvent \u00eatre plus enclins \u00e0 accepter des conditions de travail pr\u00e9caires, ce qui peut affecter la qualit\u00e9 de leur travail. Par exemple, un chauffeur de poids lourd d\u00e9tach\u00e9 peut \u00eatre amen\u00e9 \u00e0 travailler des heures excessives pour respecter des d\u00e9lais de livraison serr\u00e9s, mettant ainsi en p\u00e9ril la s\u00e9curit\u00e9 routi\u00e8re et la qualit\u00e9 de la prestation.<\/p>\n\n\n\n<ol start=\"3\" class=\"wp-block-list\">\n<li><strong>Pression sur les entreprises locales pour r\u00e9duire leurs co\u00fbts<\/strong><\/li>\n<\/ol>\n\n\n\n<p>Les entreprises locales, particuli\u00e8rement celles qui op\u00e8rent dans des pays avec des co\u00fbts salariaux plus \u00e9lev\u00e9s, peuvent ressentir une pression accrue pour r\u00e9duire leurs propres co\u00fbts afin de rester comp\u00e9titives. Cela peut les inciter \u00e0 recourir \u00e0 des strat\u00e9gies similaires, telles que le recours \u00e0 des travailleurs d\u00e9tach\u00e9s ou la r\u00e9duction des avantages sociaux et des salaires, au d\u00e9triment de la qualit\u00e9 de vie des travailleurs. Ce ph\u00e9nom\u00e8ne peut \u00e9galement conduire \u00e0 une \u201ccourse vers le bas\u201d en termes de conditions de travail, o\u00f9 les entreprises cherchent \u00e0 minimiser les co\u00fbts de main-d&#8217;\u0153uvre au d\u00e9triment de la protection des travailleurs.<\/p>\n\n\n\n<ol start=\"4\" class=\"wp-block-list\">\n<li><strong>Risque de dumping social<\/strong><\/li>\n<\/ol>\n\n\n\n<p>Le ph\u00e9nom\u00e8ne du dumping social, o\u00f9 des entreprises exploitent des lacunes dans la l\u00e9gislation du travail pour contourner les normes sociales, est un autre impact majeur du <a href=\"https:\/\/atlantis-interim.com\/index.php\/2025\/02\/23\/la-legislation-europeenne-et-son-impact-sur-le-travail-detache-dans-lindustrie-francaise\/\" data-internallinksmanager029f6b8e52c=\"1\" title=\"Travail d\u00e9tach\u00e9\">travail d\u00e9tach\u00e9<\/a>. Les entreprises qui pratiquent le <a href=\"https:\/\/atlantis-interim.com\/index.php\/2025\/02\/23\/la-legislation-europeenne-et-son-impact-sur-le-travail-detache-dans-lindustrie-francaise\/\" data-internallinksmanager029f6b8e52c=\"1\" title=\"Travail d\u00e9tach\u00e9\">travail d\u00e9tach\u00e9<\/a> peuvent parfois chercher \u00e0 \u00e9viter les co\u00fbts li\u00e9s aux cotisations sociales, \u00e0 la s\u00e9curit\u00e9 sociale et aux avantages des travailleurs en op\u00e9rant dans un cadre juridique plus flexible. Ce ph\u00e9nom\u00e8ne g\u00e9n\u00e8re une concurrence d\u00e9loyale, car les entreprises locales respectent des r\u00e8gles plus strictes en mati\u00e8re de protection sociale, tandis que les entreprises \u00e9trang\u00e8res profitent de l\u2019\u00e9cart l\u00e9gislatif.<\/p>\n\n\n\n<p>Le dumping social peut \u00e9galement entra\u00eener des tensions entre travailleurs locaux et d\u00e9tach\u00e9s, chacun se retrouvant dans des situations diff\u00e9rentes en termes de salaires, de s\u00e9curit\u00e9 et de droits sociaux. Ce ph\u00e9nom\u00e8ne peut nuire \u00e0 l&#8217;harmonie sur le lieu de travail et cr\u00e9er un climat de m\u00e9fiance et de conflits.<\/p>\n\n\n\n<ol start=\"5\" class=\"wp-block-list\">\n<li><strong>R\u00e9percussions sur les conditions de travail des employ\u00e9s<\/strong><\/li>\n<\/ol>\n\n\n\n<p>Le recours au <a href=\"https:\/\/atlantis-interim.com\/index.php\/2025\/02\/23\/la-legislation-europeenne-et-son-impact-sur-le-travail-detache-dans-lindustrie-francaise\/\" data-internallinksmanager029f6b8e52c=\"1\" title=\"Travail d\u00e9tach\u00e9\">travail d\u00e9tach\u00e9<\/a> peut, par ailleurs, avoir des cons\u00e9quences n\u00e9gatives sur les conditions de travail des employ\u00e9s. Les travailleurs d\u00e9tach\u00e9s, souvent en raison de leur statut pr\u00e9caire et de leur mobilit\u00e9, peuvent se retrouver dans des conditions moins favorables que les travailleurs locaux. Les entreprises qui emploient des travailleurs d\u00e9tach\u00e9s peuvent parfois n\u00e9gliger la s\u00e9curit\u00e9, la formation ou les droits \u00e0 la sant\u00e9 et \u00e0 la s\u00e9curit\u00e9 au travail, car ces travailleurs sont per\u00e7us comme temporaires et moins enclin \u00e0 revendiquer leurs droits.<\/p>\n\n\n\n<figure class=\"wp-block-image size-large\"><img fetchpriority=\"high\" decoding=\"async\" width=\"995\" height=\"658\" src=\"https:\/\/atlantis-interim.com\/wp-content\/uploads\/2024\/09\/logisticien2.webp\" alt=\"\" class=\"wp-image-5256\" srcset=\"https:\/\/atlantis-interim.com\/wp-content\/uploads\/2024\/09\/logisticien2.webp 995w, https:\/\/atlantis-interim.com\/wp-content\/uploads\/2024\/09\/logisticien2-300x198.webp 300w, https:\/\/atlantis-interim.com\/wp-content\/uploads\/2024\/09\/logisticien2-768x508.webp 768w, https:\/\/atlantis-interim.com\/wp-content\/uploads\/2024\/09\/logisticien2-600x397.webp 600w\" sizes=\"(max-width: 995px) 100vw, 995px\" \/><\/figure>\n\n\n\n<p>Les entreprises locales qui choisissent de ne pas recourir au <a href=\"https:\/\/atlantis-interim.com\/index.php\/2025\/02\/23\/la-legislation-europeenne-et-son-impact-sur-le-travail-detache-dans-lindustrie-francaise\/\" data-internallinksmanager029f6b8e52c=\"1\" title=\"Travail d\u00e9tach\u00e9\">travail d\u00e9tach\u00e9<\/a>, pour des raisons \u00e9thiques ou pour respecter des normes sociales plus strictes, peuvent se retrouver dans une position d\u00e9savantageuse face \u00e0 la concurrence internationale qui privil\u00e9gie la flexibilit\u00e9 des co\u00fbts de main-d&#8217;\u0153uvre.<\/p>\n\n\n\n<h4 class=\"wp-block-heading\">Les r\u00e9formes l\u00e9gislatives r\u00e9centes et la r\u00e9gulation du travail d\u00e9tach\u00e9<\/h4>\n\n\n\n<p>Afin de limiter les distorsions li\u00e9es au <a href=\"https:\/\/atlantis-interim.com\/index.php\/2025\/02\/23\/la-legislation-europeenne-et-son-impact-sur-le-travail-detache-dans-lindustrie-francaise\/\" data-internallinksmanager029f6b8e52c=\"1\" title=\"Travail d\u00e9tach\u00e9\">travail d\u00e9tach\u00e9<\/a>, l\u2019Union europ\u00e9enne a mis en place des r\u00e9formes l\u00e9gislatives r\u00e9centes pour assurer une meilleure r\u00e9gulation du <a href=\"https:\/\/atlantis-interim.com\/index.php\/2025\/02\/19\/limpact-du-detachement-des-travailleurs-interimaires-roumains-sur-leconomie-industrielle-francaise\/\" data-internallinksmanager029f6b8e52c=\"27\" title=\"d\u00e9tachement roumain\">d\u00e9tachement<\/a> des travailleurs. La <strong>directive europ\u00e9enne sur le <a href=\"https:\/\/atlantis-interim.com\/index.php\/2025\/02\/19\/limpact-du-detachement-des-travailleurs-interimaires-roumains-sur-leconomie-industrielle-francaise\/\" data-internallinksmanager029f6b8e52c=\"27\" title=\"d\u00e9tachement roumain\">d\u00e9tachement<\/a> des travailleurs<\/strong>, r\u00e9vis\u00e9e en 2018, impose d\u00e9sormais des r\u00e8gles plus strictes pour garantir le respect du principe du &#8220;travail \u00e9gal, salaire \u00e9gal&#8221; dans un m\u00eame lieu de travail. Cette r\u00e9vision a pour but de r\u00e9duire les abus et de limiter le dumping social. Les entreprises doivent maintenant respecter les conditions de travail du pays d\u2019accueil, ce qui inclut les salaires, les primes et les avantages sociaux.<\/p>\n\n\n\n<p>La mise en \u0153uvre de ces r\u00e9formes vise \u00e0 r\u00e9tablir une certaine \u00e9quit\u00e9 sur le march\u00e9 en r\u00e9duisant les in\u00e9galit\u00e9s entre les travailleurs locaux et d\u00e9tach\u00e9s, tout en pr\u00e9servant la comp\u00e9titivit\u00e9 des entreprises europ\u00e9ennes.<\/p>\n\n\n\n<h4 class=\"wp-block-heading\">Conclusion<\/h4>\n\n\n\n<p>Le <a href=\"https:\/\/atlantis-interim.com\/index.php\/2025\/02\/23\/la-legislation-europeenne-et-son-impact-sur-le-travail-detache-dans-lindustrie-francaise\/\" data-internallinksmanager029f6b8e52c=\"1\" title=\"Travail d\u00e9tach\u00e9\">travail d\u00e9tach\u00e9<\/a> dans le secteur du transport et de la logistique offre une flexibilit\u00e9 et une r\u00e9duction des co\u00fbts int\u00e9ressantes pour les entreprises, mais il g\u00e9n\u00e8re \u00e9galement des distorsions concurrentielles importantes. Si le <a href=\"https:\/\/atlantis-interim.com\/index.php\/2025\/02\/23\/la-legislation-europeenne-et-son-impact-sur-le-travail-detache-dans-lindustrie-francaise\/\" data-internallinksmanager029f6b8e52c=\"1\" title=\"Travail d\u00e9tach\u00e9\">travail d\u00e9tach\u00e9<\/a> peut permettre \u00e0 certaines entreprises de r\u00e9duire leurs co\u00fbts, il peut aussi entra\u00eener des pratiques de dumping social, une pression accrue sur les entreprises locales, une baisse de la qualit\u00e9 des services et une remise en question des conditions de travail des employ\u00e9s. La r\u00e9gulation de cette pratique au niveau europ\u00e9en est essentielle pour garantir une concurrence \u00e9quitable et une protection ad\u00e9quate des travailleurs, tout en maintenant la comp\u00e9titivit\u00e9 du secteur.<\/p>\n","protected":false},"excerpt":{"rendered":"<p>Introduction Le secteur du transport et de la logistique est un moteur crucial de l\u2019\u00e9conomie mondiale, facilitant l&#8217;\u00e9change de biens entre les pays et les continents. Dans un environnement o\u00f9 la comp\u00e9titivit\u00e9 est de plus en plus marqu\u00e9e, les entreprises cherchent constamment \u00e0 optimiser leurs co\u00fbts pour rester rentables et attirer des clients. L&#8217;une des&#8230;<\/p>\n","protected":false},"author":1,"featured_media":5254,"comment_status":"open","ping_status":"open","sticky":false,"template":"","format":"standard","meta":{"_monsterinsights_skip_tracking":false,"_monsterinsights_sitenote_active":false,"_monsterinsights_sitenote_note":"","_monsterinsights_sitenote_category":0,"_jetpack_memberships_contains_paid_content":false,"wds_primary_category":0,"footnotes":""},"categories":[1,87,177],"tags":[159,79,153,82],"class_list":["post-5553","post","type-post","status-publish","format-standard","has-post-thumbnail","hentry","category-blog","category-logistique-et-distribution","category-transport","tag-agence-interim-europeene","tag-agence-interim-roumanie","tag-interim-etranger-roumain","tag-interimaire-roumain","th-blog blog-single has-post-thumbnail"],"aioseo_notices":[],"jetpack_featured_media_url":"https:\/\/atlantis-interim.com\/wp-content\/uploads\/2024\/09\/istockphoto-1390717558-612x612-1.webp","jetpack_sharing_enabled":true,"_links":{"self":[{"href":"https:\/\/atlantis-interim.com\/index.php\/wp-json\/wp\/v2\/posts\/5553","targetHints":{"allow":["GET"]}}],"collection":[{"href":"https:\/\/atlantis-interim.com\/index.php\/wp-json\/wp\/v2\/posts"}],"about":[{"href":"https:\/\/atlantis-interim.com\/index.php\/wp-json\/wp\/v2\/types\/post"}],"author":[{"embeddable":true,"href":"https:\/\/atlantis-interim.com\/index.php\/wp-json\/wp\/v2\/users\/1"}],"replies":[{"embeddable":true,"href":"https:\/\/atlantis-interim.com\/index.php\/wp-json\/wp\/v2\/comments?post=5553"}],"version-history":[{"count":0,"href":"https:\/\/atlantis-interim.com\/index.php\/wp-json\/wp\/v2\/posts\/5553\/revisions"}],"wp:featuredmedia":[{"embeddable":true,"href":"https:\/\/atlantis-interim.com\/index.php\/wp-json\/wp\/v2\/media\/5254"}],"wp:attachment":[{"href":"https:\/\/atlantis-interim.com\/index.php\/wp-json\/wp\/v2\/media?parent=5553"}],"wp:term":[{"taxonomy":"category","embeddable":true,"href":"https:\/\/atlantis-interim.com\/index.php\/wp-json\/wp\/v2\/categories?post=5553"},{"taxonomy":"post_tag","embeddable":true,"href":"https:\/\/atlantis-interim.com\/index.php\/wp-json\/wp\/v2\/tags?post=5553"}],"curies":[{"name":"wp","href":"https:\/\/api.w.org\/{rel}","templated":true}]}}