{"id":5555,"date":"2025-02-19T07:00:30","date_gmt":"2025-02-19T06:00:30","guid":{"rendered":"https:\/\/atlantis-interim.com\/index.php\/2025\/02\/07\/limpact-du-detachement-des-travailleurs-interimaires-roumains-sur-leconomie-industrielle-francaise\/"},"modified":"2025-02-28T17:23:31","modified_gmt":"2025-02-28T16:23:31","slug":"limpact-du-detachement-des-travailleurs-interimaires-roumains-sur-leconomie-industrielle-francaise","status":"publish","type":"post","link":"https:\/\/atlantis-interim.com\/index.php\/2025\/02\/19\/limpact-du-detachement-des-travailleurs-interimaires-roumains-sur-leconomie-industrielle-francaise\/","title":{"rendered":"Impact du d\u00e9tachement des travailleurs roumains sur l\u2019\u00e9conomie"},"content":{"rendered":"\n<p>Le d\u00e9tachement des travailleurs \u00e9trangers en France, notamment ceux en provenance de Roumanie, est devenu un ph\u00e9nom\u00e8ne de plus en plus observ\u00e9 dans de nombreux secteurs industriels. Parmi eux, l\u2019<a href=\"https:\/\/atlantis-interim.com\/\" data-type=\"page\" data-id=\"17\">int\u00e9rim<\/a>, qui permet aux entreprises de disposer de <a href=\"https:\/\/atlantis-interim.com\/index.php\/tag\/travailleur-temporaire-roumain\/\" data-type=\"post_tag\" data-id=\"156\">main-d&#8217;\u0153uvre temporaire<\/a> pour r\u00e9pondre \u00e0 des besoins sp\u00e9cifiques, a vu une forte augmentation de la pr\u00e9sence de <a href=\"https:\/\/atlantis-interim.com\/index.php\/2024\/06\/14\/les-droits-des-travailleurs-roumains-detaches-en-matiere-de-sante-et-securite-au-travail\/\" data-internallinksmanager029f6b8e52c=\"4\" title=\"Travailleurs roumains\">travailleurs roumains<\/a>. Cette dynamique suscite des interrogations sur ses effets r\u00e9els sur l\u2019\u00e9conomie industrielle fran\u00e7aise, sur le march\u00e9 de l\u2019emploi et sur les relations sociales dans les entreprises concern\u00e9es.<\/p>\n\n\n\n<p>Dans cet article, nous analyserons les diff\u00e9rents aspects de l\u2019impact du d\u00e9tachement des travailleurs <a href=\"https:\/\/atlantis-interim.com\/index.php\/2025\/02\/26\/lapport-des-interimaires-roumains-dans-lelevage-expertise-et-flexibilite-au-service-des-exploitations-europeennes\/\" data-internallinksmanager029f6b8e52c=\"2\" title=\"Interimaires Roumains\">int\u00e9rimaires roumains<\/a>, en nous concentrant sur les effets \u00e9conomiques, sociaux et l\u00e9gislatifs dans le secteur industriel en France. Nous aborderons \u00e9galement les perspectives de cette \u00e9volution \u00e0 la lumi\u00e8re des d\u00e9fis actuels et futurs li\u00e9s \u00e0 la main-d&#8217;\u0153uvre \u00e9trang\u00e8re d\u00e9tach\u00e9e.<\/p>\n\n\n\n<h3 class=\"wp-block-heading\"><strong>I. La nature du d\u00e9tachement des travailleurs int\u00e9rimaires roumains en France<\/strong><\/h3>\n\n\n\n<p>Le d\u00e9tachement de travailleurs est une proc\u00e9dure permettant \u00e0 une entreprise d&#8217;envoyer temporairement ses employ\u00e9s dans un autre pays de l\u2019Union Europ\u00e9enne pour une dur\u00e9e d\u00e9termin\u00e9e. En France, la Roumanie figure parmi les pays d\u2019o\u00f9 provient une large part de <a href=\"https:\/\/atlantis-interim.com\/index.php\/2025\/02\/21\/lintegration-des-travailleurs-interimaires-roumains-dans-le-tissu-industriel-local-defis-et-solutions\/\" data-internallinksmanager029f6b8e52c=\"20\" title=\"travailleurs int\u00e9rimaires\">travailleurs int\u00e9rimaires<\/a> dans les secteurs industriels. Cette situation est directement li\u00e9e \u00e0 la libre circulation des travailleurs dans l&#8217;UE, et particuli\u00e8rement apr\u00e8s l&#8217;entr\u00e9e de la Roumanie dans l\u2019Union europ\u00e9enne en 2007, facilitant ainsi l\u2019envoi de travailleurs vers des pays comme la France.<\/p>\n\n\n\n<p>En ce qui concerne l\u2019int\u00e9rim, il existe des agences sp\u00e9cialis\u00e9es qui recrutent en Roumanie pour placer des travailleurs dans des entreprises fran\u00e7aises, souvent dans des secteurs comme la construction, la m\u00e9tallurgie, l&#8217;automobile, ou encore l\u2019agroalimentaire. Les travailleurs d\u00e9tach\u00e9s sont employ\u00e9s pour des p\u00e9riodes plus ou moins longues, selon les besoins sp\u00e9cifiques de l\u2019entreprise.<\/p>\n\n\n\n<figure class=\"wp-block-image size-large\"><img fetchpriority=\"high\" decoding=\"async\" width=\"1024\" height=\"683\" src=\"https:\/\/atlantis-interim.com\/wp-content\/uploads\/2024\/10\/amalo_fb_linkpost_vacature.1500x1000-1024x683.jpg\" alt=\"\" class=\"wp-image-5392\" srcset=\"https:\/\/atlantis-interim.com\/wp-content\/uploads\/2024\/10\/amalo_fb_linkpost_vacature.1500x1000-1024x683.jpg 1024w, https:\/\/atlantis-interim.com\/wp-content\/uploads\/2024\/10\/amalo_fb_linkpost_vacature.1500x1000-300x200.jpg 300w, https:\/\/atlantis-interim.com\/wp-content\/uploads\/2024\/10\/amalo_fb_linkpost_vacature.1500x1000-768x512.jpg 768w, https:\/\/atlantis-interim.com\/wp-content\/uploads\/2024\/10\/amalo_fb_linkpost_vacature.1500x1000-600x400.jpg 600w, https:\/\/atlantis-interim.com\/wp-content\/uploads\/2024\/10\/amalo_fb_linkpost_vacature.1500x1000.jpg 1500w\" sizes=\"(max-width: 1024px) 100vw, 1024px\" \/><\/figure>\n\n\n\n<p>Les <a href=\"https:\/\/atlantis-interim.com\/index.php\/2024\/06\/14\/les-droits-des-travailleurs-roumains-detaches-en-matiere-de-sante-et-securite-au-travail\/\" data-internallinksmanager029f6b8e52c=\"4\" title=\"Travailleurs roumains\">travailleurs roumains<\/a> sont souvent attir\u00e9s par les salaires plus \u00e9lev\u00e9s en France, mais ces derniers peuvent varier en fonction de leur statut et du secteur d&#8217;activit\u00e9. Par ailleurs, les entreprises fran\u00e7aises, quant \u00e0 elles, b\u00e9n\u00e9ficient de co\u00fbts de main-d&#8217;\u0153uvre souvent inf\u00e9rieurs \u00e0 ceux des travailleurs fran\u00e7ais permanents, ce qui peut constituer un levier comp\u00e9titif.<\/p>\n\n\n\n<h3 class=\"wp-block-heading\"><strong>II. Les effets \u00e9conomiques du d\u00e9tachement sur l\u2019industrie fran\u00e7aise<\/strong><\/h3>\n\n\n\n<h4 class=\"wp-block-heading\"><strong>1. R\u00e9duction des co\u00fbts de main-d&#8217;\u0153uvre et comp\u00e9titivit\u00e9 accrue<\/strong><\/h4>\n\n\n\n<p>L\u2019un des principaux impacts \u00e9conomiques du recours aux travailleurs <a href=\"https:\/\/atlantis-interim.com\/index.php\/2025\/02\/26\/lapport-des-interimaires-roumains-dans-lelevage-expertise-et-flexibilite-au-service-des-exploitations-europeennes\/\" data-internallinksmanager029f6b8e52c=\"2\" title=\"Interimaires Roumains\">int\u00e9rimaires roumains<\/a> dans l\u2019industrie en France est la r\u00e9duction des co\u00fbts de main-d&#8217;\u0153uvre. En raison de l\u2019\u00e9cart salarial entre les <a href=\"https:\/\/atlantis-interim.com\/index.php\/2024\/06\/14\/les-droits-des-travailleurs-roumains-detaches-en-matiere-de-sante-et-securite-au-travail\/\" data-internallinksmanager029f6b8e52c=\"4\" title=\"Travailleurs roumains\">travailleurs roumains<\/a> et fran\u00e7ais, les entreprises optent souvent pour l\u2019embauche de travailleurs d\u00e9tach\u00e9s afin de r\u00e9duire les co\u00fbts directs li\u00e9s aux salaires, notamment dans les secteurs \u00e0 forte intensit\u00e9 de main-d&#8217;\u0153uvre.<\/p>\n\n\n\n<p>Cette baisse des co\u00fbts de main-d&#8217;\u0153uvre permet aux entreprises fran\u00e7aises de rester comp\u00e9titives, notamment face \u00e0 la concurrence internationale, tout en continuant \u00e0 r\u00e9pondre aux exigences de production. Les secteurs industriels tels que l\u2019automobile, la construction et la m\u00e9tallurgie, qui n\u00e9cessitent une main-d&#8217;\u0153uvre nombreuse et souvent sp\u00e9cialis\u00e9e, profitent particuli\u00e8rement de ce syst\u00e8me. Ces \u00e9conomies peuvent ainsi se traduire par une rentabilit\u00e9 accrue pour les entreprises, surtout dans des p\u00e9riodes de crise \u00e9conomique ou d&#8217;incertitude.<\/p>\n\n\n\n<h4 class=\"wp-block-heading\"><strong>2. Stimuler l\u2019activit\u00e9 \u00e9conomique dans les r\u00e9gions industrielles<\/strong><\/h4>\n\n\n\n<p>L\u2019emploi de travailleurs <a href=\"https:\/\/atlantis-interim.com\/index.php\/2025\/02\/26\/lapport-des-interimaires-roumains-dans-lelevage-expertise-et-flexibilite-au-service-des-exploitations-europeennes\/\" data-internallinksmanager029f6b8e52c=\"2\" title=\"Interimaires Roumains\">int\u00e9rimaires roumains<\/a> dans des zones industrielles, souvent situ\u00e9es en p\u00e9riph\u00e9rie des grandes villes ou dans des r\u00e9gions \u00e0 faible taux d\u2019emploi, peut \u00e9galement avoir un impact positif sur l&#8217;\u00e9conomie locale. En effet, ces <a href=\"https:\/\/atlantis-interim.com\/index.php\/2023\/02\/09\/les-droits-des-travailleurs-temporaires-roumains-en-formation-professionnelle\/\" data-internallinksmanager029f6b8e52c=\"18\" title=\"travailleurs temporaires\">travailleurs temporaires<\/a> participent \u00e0 la consommation locale, en louant des logements, en achetant des biens et services, ce qui soutient indirectement les petites entreprises locales et les commerces.<\/p>\n\n\n\n<p>De plus, ces travailleurs contribuent au financement du syst\u00e8me de s\u00e9curit\u00e9 sociale fran\u00e7ais par le biais des cotisations sociales, bien que ces cotisations soient souvent plus faibles que celles des travailleurs permanents. Dans certaines r\u00e9gions, cette main-d&#8217;\u0153uvre est per\u00e7ue comme essentielle \u00e0 la survie des activit\u00e9s industrielles locales, contribuant ainsi \u00e0 la cr\u00e9ation ou au maintien d\u2019emplois dans des secteurs en d\u00e9clin ou en reconversion.<\/p>\n\n\n\n<h4 class=\"wp-block-heading\"><strong>3. Effets sur les salaires et la stabilit\u00e9 du march\u00e9 du travail<\/strong><\/h4>\n\n\n\n<p>Cependant, si l\u2019attrait \u00e9conomique du d\u00e9tachement est \u00e9vident, il existe \u00e9galement des pr\u00e9occupations concernant ses effets sur les salaires des travailleurs fran\u00e7ais. Certains observateurs estiment que l\u2019afflux de <a href=\"https:\/\/atlantis-interim.com\/index.php\/2025\/02\/21\/lintegration-des-travailleurs-interimaires-roumains-dans-le-tissu-industriel-local-defis-et-solutions\/\" data-internallinksmanager029f6b8e52c=\"20\" title=\"travailleurs int\u00e9rimaires\">travailleurs int\u00e9rimaires<\/a> peut avoir un effet de pression \u00e0 la baisse sur les salaires dans certains secteurs. En effet, dans une situation o\u00f9 l&#8217;offre de main-d&#8217;\u0153uvre est importante, cela peut r\u00e9duire le pouvoir de n\u00e9gociation des travailleurs permanents et cr\u00e9er une concurrence accrue pour des postes qui sont de moins en moins accessibles aux travailleurs fran\u00e7ais.<\/p>\n\n\n\n<p>Il en r\u00e9sulte que certains secteurs voient une \u00e9rosion de leurs conditions de travail et de r\u00e9mun\u00e9ration, particuli\u00e8rement pour les m\u00e9tiers peu qualifi\u00e9s, o\u00f9 la concurrence entre les <a href=\"https:\/\/atlantis-interim.com\/index.php\/2025\/02\/21\/lintegration-des-travailleurs-interimaires-roumains-dans-le-tissu-industriel-local-defis-et-solutions\/\" data-internallinksmanager029f6b8e52c=\"20\" title=\"travailleurs int\u00e9rimaires\">travailleurs int\u00e9rimaires<\/a> et les salari\u00e9s permanents est forte.<\/p>\n\n\n\n<h3 class=\"wp-block-heading\"><strong>III. Les effets sociaux du d\u00e9tachement des travailleurs int\u00e9rimaires roumains<\/strong><\/h3>\n\n\n\n<h4 class=\"wp-block-heading\"><strong>1. Conditions de travail et bien-\u00eatre des travailleurs d\u00e9tach\u00e9s<\/strong><\/h4>\n\n\n\n<p>Les travailleurs <a href=\"https:\/\/atlantis-interim.com\/index.php\/2025\/02\/26\/lapport-des-interimaires-roumains-dans-lelevage-expertise-et-flexibilite-au-service-des-exploitations-europeennes\/\" data-internallinksmanager029f6b8e52c=\"2\" title=\"Interimaires Roumains\">int\u00e9rimaires roumains<\/a> font face \u00e0 des conditions de travail souvent difficiles, marqu\u00e9es par une forte pr\u00e9carit\u00e9. Bien que les conditions de travail soient cens\u00e9es \u00eatre r\u00e9gies par la l\u00e9gislation fran\u00e7aise, des \u00e9tudes montrent que ces travailleurs sont parfois confront\u00e9s \u00e0 des abus de la part des agences d\u2019int\u00e9rim ou des employeurs. Les salaires ne sont pas toujours align\u00e9s sur ceux des travailleurs fran\u00e7ais pour des postes similaires, et certains travailleurs sont expos\u00e9s \u00e0 des risques accrus en raison de la nature de leurs missions ou du manque de formation appropri\u00e9e.<\/p>\n\n\n\n<p>Par ailleurs, le logement et le transport sont souvent \u00e0 la charge des travailleurs eux-m\u00eames, ce qui peut entra\u00eener des conditions de vie pr\u00e9caires, surtout lorsque les travailleurs sont log\u00e9s dans des h\u00e9bergements de mauvaise qualit\u00e9, ou lorsqu&#8217;ils doivent parcourir de longues distances pour se rendre sur leurs lieux de travail.<\/p>\n\n\n\n<h4 class=\"wp-block-heading\"><strong>2. Tensions sociales et relations de travail dans les entreprises<\/strong><\/h4>\n\n\n\n<p>L\u2019arriv\u00e9e de travailleurs <a href=\"https:\/\/atlantis-interim.com\/index.php\/2025\/02\/26\/lapport-des-interimaires-roumains-dans-lelevage-expertise-et-flexibilite-au-service-des-exploitations-europeennes\/\" data-internallinksmanager029f6b8e52c=\"2\" title=\"Interimaires Roumains\">int\u00e9rimaires roumains<\/a> peut \u00e9galement engendrer des tensions sociales dans les entreprises. L\u2019\u00e9cart de salaire, les diff\u00e9rences culturelles et la pr\u00e9carit\u00e9 des conditions de travail peuvent cr\u00e9er des divisions entre les travailleurs locaux et les travailleurs d\u00e9tach\u00e9s. Les syndicats fran\u00e7ais, bien qu\u2019ayant un r\u00f4le important \u00e0 jouer pour d\u00e9fendre les droits des travailleurs, peuvent se retrouver confront\u00e9s \u00e0 des d\u00e9fis dans la gestion des revendications des travailleurs d\u00e9tach\u00e9s, qui ne b\u00e9n\u00e9ficient pas toujours des m\u00eames protections que les travailleurs permanents.<\/p>\n\n\n\n<p>Les tensions peuvent \u00e9galement \u00e9merger autour de la question de la &#8220;concurrence d\u00e9loyale&#8221;, certains travailleurs fran\u00e7ais estimant que l\u2019emploi de travailleurs \u00e9trangers \u00e0 moindre co\u00fbt affaiblit les conditions de travail et les n\u00e9gociations salariales.<\/p>\n\n\n\n<figure class=\"wp-block-image size-large\"><img decoding=\"async\" width=\"1024\" height=\"638\" src=\"https:\/\/atlantis-interim.com\/wp-content\/uploads\/2024\/10\/microsteel-tourneur-programmeur-8-1060x660.jpg-1024x638.webp\" alt=\"\" class=\"wp-image-5391\" srcset=\"https:\/\/atlantis-interim.com\/wp-content\/uploads\/2024\/10\/microsteel-tourneur-programmeur-8-1060x660.jpg-1024x638.webp 1024w, https:\/\/atlantis-interim.com\/wp-content\/uploads\/2024\/10\/microsteel-tourneur-programmeur-8-1060x660.jpg-300x187.webp 300w, https:\/\/atlantis-interim.com\/wp-content\/uploads\/2024\/10\/microsteel-tourneur-programmeur-8-1060x660.jpg-768x478.webp 768w, https:\/\/atlantis-interim.com\/wp-content\/uploads\/2024\/10\/microsteel-tourneur-programmeur-8-1060x660.jpg-600x374.webp 600w, https:\/\/atlantis-interim.com\/wp-content\/uploads\/2024\/10\/microsteel-tourneur-programmeur-8-1060x660.jpg.webp 1060w\" sizes=\"(max-width: 1024px) 100vw, 1024px\" \/><\/figure>\n\n\n\n<h3 class=\"wp-block-heading\"><strong>IV. Les enjeux l\u00e9gislatifs et r\u00e9gulatoires du d\u00e9tachement<\/strong><\/h3>\n\n\n\n<h4 class=\"wp-block-heading\"><strong>1. La l\u00e9gislation europ\u00e9enne et la protection des travailleurs d\u00e9tach\u00e9s<\/strong><\/h4>\n\n\n\n<p>Le cadre juridique du d\u00e9tachement des travailleurs est r\u00e9gi par les directives europ\u00e9ennes, dont l\u2019objectif est de garantir des conditions de travail \u00e9quivalentes aux travailleurs d\u00e9tach\u00e9s. Cependant, il existe des zones d&#8217;ombre dans l\u2019application de ces normes. Les entreprises peuvent parfois chercher \u00e0 contourner la l\u00e9gislation, en payant leurs travailleurs d\u00e9tach\u00e9s \u00e0 un taux inf\u00e9rieur au salaire minimum fran\u00e7ais ou en ne leur offrant pas les m\u00eames conditions de travail.<\/p>\n\n\n\n<p>Les autorit\u00e9s fran\u00e7aises ont mis en place des m\u00e9canismes de contr\u00f4le, mais ces dispositifs sont parfois jug\u00e9s insuffisants pour garantir une protection totale des travailleurs. Les abus sont souvent difficiles \u00e0 d\u00e9tecter, et les travailleurs eux-m\u00eames peuvent se sentir impuissants face \u00e0 des pratiques qui semblent leur \u00eatre impos\u00e9es par des employeurs ou des agences d\u2019int\u00e9rim peu scrupuleuses.<\/p>\n\n\n\n<h4 class=\"wp-block-heading\"><strong>2. Les r\u00e9formes du travail et les initiatives pour encadrer le d\u00e9tachement<\/strong><\/h4>\n\n\n\n<p>La France a pris plusieurs mesures pour encadrer plus strictement le d\u00e9tachement des travailleurs. La loi Macron de 2015 et d&#8217;autres r\u00e9formes ont introduit des mesures visant \u00e0 limiter les abus et \u00e0 renforcer la transparence dans le processus de d\u00e9tachement. Ces r\u00e9formes imposent par exemple aux entreprises d\u2019enregistrer les travailleurs d\u00e9tach\u00e9s aupr\u00e8s des autorit\u00e9s comp\u00e9tentes et de fournir des informations d\u00e9taill\u00e9es sur leurs conditions de travail.<\/p>\n\n\n\n<p>Cependant, malgr\u00e9 ces efforts l\u00e9gislatifs, des d\u00e9fis persistent. L\u2019application uniforme des r\u00e8gles reste un enjeu majeur, en particulier avec la multiplication des agences d\u2019int\u00e9rim qui recrutent en dehors du cadre l\u00e9gal.<\/p>\n\n\n\n<h3 class=\"wp-block-heading\"><strong>V. Conclusion : Un avenir incertain pour le d\u00e9tachement des travailleurs roumains dans l\u2019industrie fran\u00e7aise<\/strong><\/h3>\n\n\n\n<p>Le d\u00e9tachement des travailleurs <a href=\"https:\/\/atlantis-interim.com\/index.php\/2025\/02\/26\/lapport-des-interimaires-roumains-dans-lelevage-expertise-et-flexibilite-au-service-des-exploitations-europeennes\/\" data-internallinksmanager029f6b8e52c=\"2\" title=\"Interimaires Roumains\">int\u00e9rimaires roumains<\/a> joue un r\u00f4le important dans l\u2019\u00e9conomie industrielle fran\u00e7aise. Il permet aux entreprises de maintenir leur comp\u00e9titivit\u00e9 et de r\u00e9duire leurs co\u00fbts de main-d&#8217;\u0153uvre. Cependant, les effets de ce ph\u00e9nom\u00e8ne sont ambivalents. Si certains secteurs b\u00e9n\u00e9ficient d\u2019une main-d&#8217;\u0153uvre bon march\u00e9, il existe des cons\u00e9quences sociales et \u00e9conomiques importantes, telles que des tensions sur les salaires et les conditions de travail, des risques d&#8217;exploitation et des probl\u00e8mes d&#8217;int\u00e9gration des travailleurs \u00e9trangers.<\/p>\n\n\n\n<p>\u00c0 l\u2019avenir, la r\u00e9gulation du d\u00e9tachement des travailleurs devra faire face \u00e0 de nombreux d\u00e9fis pour garantir que ce syst\u00e8me b\u00e9n\u00e9ficie r\u00e9ellement \u00e0 tous les acteurs concern\u00e9s, qu\u2019il s\u2019agisse des employeurs, des travailleurs d\u00e9tach\u00e9s ou des salari\u00e9s permanents. Les r\u00e9formes en cours devront permettre de renforcer les protections sociales et d\u2019assurer que les travailleurs <a href=\"https:\/\/atlantis-interim.com\/index.php\/2025\/02\/26\/lapport-des-interimaires-roumains-dans-lelevage-expertise-et-flexibilite-au-service-des-exploitations-europeennes\/\" data-internallinksmanager029f6b8e52c=\"2\" title=\"Interimaires Roumains\">int\u00e9rimaires roumains<\/a> b\u00e9n\u00e9ficient des m\u00eames droits que leurs homologues fran\u00e7ais, tout en pr\u00e9servant la comp\u00e9titivit\u00e9 de l\u2019industrie fran\u00e7aise sur la sc\u00e8ne internationale.<\/p>\n\n\n\n<p>Le d\u00e9bat sur le d\u00e9tachement des travailleurs \u00e9trangers est donc loin d\u2019\u00eatre clos, et l\u2019avenir d\u00e9pendra de la capacit\u00e9 de la France \u00e0 concilier comp\u00e9titivit\u00e9 \u00e9conomique et respect des droits des travailleurs.<\/p>\n","protected":false},"excerpt":{"rendered":"<p>L&#8217;impact du d\u00e9tachement des travailleurs int\u00e9rimaires roumains sur l\u2019\u00e9conomie industrielle fran\u00e7aise : renforcement de la productivit\u00e9, flexibilit\u00e9 et comp\u00e9titivit\u00e9.<\/p>\n","protected":false},"author":1,"featured_media":5386,"comment_status":"open","ping_status":"open","sticky":false,"template":"","format":"standard","meta":{"_monsterinsights_skip_tracking":false,"_monsterinsights_sitenote_active":false,"_monsterinsights_sitenote_note":"","_monsterinsights_sitenote_category":0,"_jetpack_memberships_contains_paid_content":false,"wds_primary_category":0,"footnotes":""},"categories":[1,146],"tags":[79,157],"class_list":["post-5555","post","type-post","status-publish","format-standard","has-post-thumbnail","hentry","category-blog","category-sante","tag-agence-interim-roumanie","tag-agence-interim-travailleur-etranger","th-blog blog-single has-post-thumbnail"],"aioseo_notices":[],"jetpack_featured_media_url":"https:\/\/atlantis-interim.com\/wp-content\/uploads\/2024\/10\/technicien-usinage.jpeg","jetpack_sharing_enabled":true,"_links":{"self":[{"href":"https:\/\/atlantis-interim.com\/index.php\/wp-json\/wp\/v2\/posts\/5555","targetHints":{"allow":["GET"]}}],"collection":[{"href":"https:\/\/atlantis-interim.com\/index.php\/wp-json\/wp\/v2\/posts"}],"about":[{"href":"https:\/\/atlantis-interim.com\/index.php\/wp-json\/wp\/v2\/types\/post"}],"author":[{"embeddable":true,"href":"https:\/\/atlantis-interim.com\/index.php\/wp-json\/wp\/v2\/users\/1"}],"replies":[{"embeddable":true,"href":"https:\/\/atlantis-interim.com\/index.php\/wp-json\/wp\/v2\/comments?post=5555"}],"version-history":[{"count":1,"href":"https:\/\/atlantis-interim.com\/index.php\/wp-json\/wp\/v2\/posts\/5555\/revisions"}],"predecessor-version":[{"id":5634,"href":"https:\/\/atlantis-interim.com\/index.php\/wp-json\/wp\/v2\/posts\/5555\/revisions\/5634"}],"wp:featuredmedia":[{"embeddable":true,"href":"https:\/\/atlantis-interim.com\/index.php\/wp-json\/wp\/v2\/media\/5386"}],"wp:attachment":[{"href":"https:\/\/atlantis-interim.com\/index.php\/wp-json\/wp\/v2\/media?parent=5555"}],"wp:term":[{"taxonomy":"category","embeddable":true,"href":"https:\/\/atlantis-interim.com\/index.php\/wp-json\/wp\/v2\/categories?post=5555"},{"taxonomy":"post_tag","embeddable":true,"href":"https:\/\/atlantis-interim.com\/index.php\/wp-json\/wp\/v2\/tags?post=5555"}],"curies":[{"name":"wp","href":"https:\/\/api.w.org\/{rel}","templated":true}]}}