{"id":5557,"date":"2025-02-18T07:08:45","date_gmt":"2025-02-18T06:08:45","guid":{"rendered":"https:\/\/atlantis-interim.com\/index.php\/2025\/02\/05\/les-differences-culturelles-et-professionnelles-entre-les-travailleurs-interimaires-roumains-et-les-employes-francais\/"},"modified":"2025-02-28T17:39:23","modified_gmt":"2025-02-28T16:39:23","slug":"les-differences-culturelles-et-professionnelles-entre-les-travailleurs-interimaires-roumains-et-les-employes-francais","status":"publish","type":"post","link":"https:\/\/atlantis-interim.com\/index.php\/2025\/02\/18\/les-differences-culturelles-et-professionnelles-entre-les-travailleurs-interimaires-roumains-et-les-employes-francais\/","title":{"rendered":"Diff\u00e9rences entre int\u00e9rimaires roumains et employ\u00e9s fran\u00e7ais"},"content":{"rendered":"\n<p>Le recours aux travailleurs <a href=\"https:\/\/atlantis-interim.com\/index.php\/2025\/02\/26\/lapport-des-interimaires-roumains-dans-lelevage-expertise-et-flexibilite-au-service-des-exploitations-europeennes\/\" data-internallinksmanager029f6b8e52c=\"2\" title=\"Interimaires Roumains\">int\u00e9rimaires roumains<\/a> dans l&#8217;industrie fran\u00e7aise est un ph\u00e9nom\u00e8ne en forte croissance. Ces travailleurs, souvent d\u00e9tach\u00e9s par des agences d&#8217;int\u00e9rim, sont employ\u00e9s pour des missions temporaires dans divers secteurs industriels, allant de la construction \u00e0 l&#8217;automobile en passant par l\u2019agroalimentaire. Bien que ce syst\u00e8me offre des avantages \u00e9conomiques tant pour les entreprises que pour les travailleurs, il soul\u00e8ve \u00e9galement des questions sur les diff\u00e9rences culturelles et professionnelles entre les <a href=\"https:\/\/atlantis-interim.com\/index.php\/2024\/06\/14\/les-droits-des-travailleurs-roumains-detaches-en-matiere-de-sante-et-securite-au-travail\/\" data-internallinksmanager029f6b8e52c=\"4\" title=\"Travailleurs roumains\">travailleurs roumains<\/a> et leurs coll\u00e8gues fran\u00e7ais. Ces diff\u00e9rences peuvent affecter la dynamique de travail, la productivit\u00e9 et m\u00eame les relations interpersonnelles au sein des \u00e9quipes.<\/p>\n\n\n\n<p>Dans cet article, nous explorerons les principales diff\u00e9rences culturelles et professionnelles entre les travailleurs <a href=\"https:\/\/atlantis-interim.com\/index.php\/2025\/02\/26\/lapport-des-interimaires-roumains-dans-lelevage-expertise-et-flexibilite-au-service-des-exploitations-europeennes\/\" data-internallinksmanager029f6b8e52c=\"2\" title=\"Interimaires Roumains\">int\u00e9rimaires roumains<\/a> et les employ\u00e9s fran\u00e7ais, et comment ces diff\u00e9rences influencent la vie en entreprise et les interactions professionnelles.<\/p>\n\n\n\n<h3 class=\"wp-block-heading\"><strong>I. Les diff\u00e9rences culturelles : perception du travail et comportements en entreprise<\/strong><\/h3>\n\n\n\n<h4 class=\"wp-block-heading\"><strong>1. L&#8217;approche du travail : une diff\u00e9rence de valeurs et de mentalit\u00e9s<\/strong><\/h4>\n\n\n\n<p>L&#8217;une des diff\u00e9rences culturelles les plus notables entre les travailleurs <a href=\"https:\/\/atlantis-interim.com\/index.php\/2025\/02\/26\/lapport-des-interimaires-roumains-dans-lelevage-expertise-et-flexibilite-au-service-des-exploitations-europeennes\/\" data-internallinksmanager029f6b8e52c=\"2\" title=\"Interimaires Roumains\">int\u00e9rimaires roumains<\/a> et les employ\u00e9s fran\u00e7ais r\u00e9side dans leur perception du travail et de l\u2019autorit\u00e9. En Roumanie, le respect de l\u2019autorit\u00e9 et la hi\u00e9rarchie sont souvent tr\u00e8s marqu\u00e9s. Les <a href=\"https:\/\/atlantis-interim.com\/index.php\/2024\/06\/14\/les-droits-des-travailleurs-roumains-detaches-en-matiere-de-sante-et-securite-au-travail\/\" data-internallinksmanager029f6b8e52c=\"4\" title=\"Travailleurs roumains\">travailleurs roumains<\/a> peuvent avoir une vision plus traditionnelle du rapport au sup\u00e9rieur hi\u00e9rarchique, o\u00f9 la communication est souvent formelle et respectueuse, et o\u00f9 les d\u00e9cisions des managers sont rarement contest\u00e9es.<\/p>\n\n\n\n<p>En revanche, dans les entreprises fran\u00e7aises, le syst\u00e8me hi\u00e9rarchique peut \u00eatre plus flexible, et il est parfois plus courant que les employ\u00e9s, y compris les <a href=\"https:\/\/atlantis-interim.com\/index.php\/2025\/02\/25\/les-conditions-de-travail-des-interimaires-roumains-dans-lindustrie-realites-et-defis\/\" data-internallinksmanager029f6b8e52c=\"26\" title=\"int\u00e9rimaires\">int\u00e9rimaires<\/a>, expriment ouvertement leurs opinions ou remettent en question les d\u00e9cisions des responsables. Cette diff\u00e9rence de perception peut engendrer des malentendus entre les <a href=\"https:\/\/atlantis-interim.com\/index.php\/2024\/06\/14\/les-droits-des-travailleurs-roumains-detaches-en-matiere-de-sante-et-securite-au-travail\/\" data-internallinksmanager029f6b8e52c=\"4\" title=\"Travailleurs roumains\">travailleurs roumains<\/a> et leurs coll\u00e8gues fran\u00e7ais, surtout dans un environnement o\u00f9 les discussions ouvertes et le dialogue sont valoris\u00e9s. Par exemple, un <a href=\"https:\/\/atlantis-interim.com\/index.php\/blog\/\" data-internallinksmanager029f6b8e52c=\"7\" title=\"travailleur roumain\">travailleur roumain<\/a> pourrait h\u00e9siter \u00e0 poser des questions ou \u00e0 soulever des probl\u00e8mes de mani\u00e8re directe, alors qu\u2019un salari\u00e9 fran\u00e7ais pourrait consid\u00e9rer ce silence comme une forme de non-engagement ou d\u2019insatisfaction.<\/p>\n\n\n\n<h4 class=\"wp-block-heading\"><strong>2. La notion de ponctualit\u00e9 et de respect des horaires<\/strong><\/h4>\n\n\n\n<p>La ponctualit\u00e9 et le respect des horaires de travail sont des points de diff\u00e9rence notables entre les cultures roumaine et fran\u00e7aise. En Roumanie, bien que la ponctualit\u00e9 soit g\u00e9n\u00e9ralement respect\u00e9e, il existe parfois une certaine flexibilit\u00e9 en mati\u00e8re d\u2019horaires, en particulier dans des contextes moins formels ou dans des secteurs non r\u00e9glement\u00e9s. Par contraste, en France, la ponctualit\u00e9 est souvent per\u00e7ue comme un signe de professionnalisme, et des retards peuvent \u00eatre mal vus, en particulier dans les grandes entreprises et les environnements de travail plus structur\u00e9s.<\/p>\n\n\n\n<p>Cela peut entra\u00eener des tensions entre les <a href=\"https:\/\/atlantis-interim.com\/index.php\/2024\/06\/14\/les-droits-des-travailleurs-roumains-detaches-en-matiere-de-sante-et-securite-au-travail\/\" data-internallinksmanager029f6b8e52c=\"4\" title=\"Travailleurs roumains\">travailleurs roumains<\/a> et leurs coll\u00e8gues fran\u00e7ais si les <a href=\"https:\/\/atlantis-interim.com\/index.php\/2025\/02\/26\/lapport-des-interimaires-roumains-dans-lelevage-expertise-et-flexibilite-au-service-des-exploitations-europeennes\/\" data-internallinksmanager029f6b8e52c=\"2\" title=\"Interimaires Roumains\">int\u00e9rimaires roumains<\/a> ne respectent pas strictement les horaires ou si des diff\u00e9rences d&#8217;interpr\u00e9tation de la ponctualit\u00e9 apparaissent dans les \u00e9quipes. Cette diff\u00e9rence de culture temporelle peut \u00eatre source de frustration pour les employeurs fran\u00e7ais qui attendent une certaine rigueur en mati\u00e8re de respect des horaires.<\/p>\n\n\n\n<figure class=\"wp-block-image size-large\"><img fetchpriority=\"high\" decoding=\"async\" width=\"626\" height=\"417\" src=\"https:\/\/atlantis-interim.com\/wp-content\/uploads\/2024\/10\/vue-ingenieur-au-travail-pour-celebration-journee-ingenieurs_23-2151615046.avif\" alt=\"\" class=\"wp-image-5342\" srcset=\"https:\/\/atlantis-interim.com\/wp-content\/uploads\/2024\/10\/vue-ingenieur-au-travail-pour-celebration-journee-ingenieurs_23-2151615046.avif 626w, https:\/\/atlantis-interim.com\/wp-content\/uploads\/2024\/10\/vue-ingenieur-au-travail-pour-celebration-journee-ingenieurs_23-2151615046-300x200.avif 300w, https:\/\/atlantis-interim.com\/wp-content\/uploads\/2024\/10\/vue-ingenieur-au-travail-pour-celebration-journee-ingenieurs_23-2151615046-600x400.avif 600w\" sizes=\"(max-width: 626px) 100vw, 626px\" \/><\/figure>\n\n\n\n<h4 class=\"wp-block-heading\"><strong>3. La gestion des conflits et la communication<\/strong><\/h4>\n\n\n\n<p>Une autre diff\u00e9rence culturelle significative r\u00e9side dans la mani\u00e8re de g\u00e9rer les conflits et de communiquer au travail. En <a href=\"https:\/\/atlantis-interim.com\/\" data-type=\"page\" data-id=\"17\">Roumanie<\/a>, dans de nombreuses entreprises, les conflits sont souvent trait\u00e9s de mani\u00e8re discr\u00e8te, voire \u00e9vit\u00e9e. Le but \u00e9tant de maintenir une harmonie et d\u2019\u00e9viter les confrontations directes, les discussions sur les probl\u00e8mes sont souvent limit\u00e9es ou report\u00e9es. \u00c0 l&#8217;inverse, en France, il est courant d\u2019aborder les conflits de mani\u00e8re ouverte et de chercher \u00e0 r\u00e9soudre les probl\u00e8mes directement en \u00e9changeant avec les personnes concern\u00e9es.<\/p>\n\n\n\n<p>Pour un <a href=\"https:\/\/atlantis-interim.com\/index.php\/blog\/\" data-internallinksmanager029f6b8e52c=\"7\" title=\"travailleur roumain\">travailleur roumain<\/a>, cette approche directe et parfois explicite de la gestion des conflits peut sembler agressive ou d\u00e9stabilisante, surtout si ce dernier pr\u00e9f\u00e8re des solutions plus discr\u00e8tes et indirectes. Inversement, un travailleur fran\u00e7ais pourrait percevoir un coll\u00e8gue roumain comme non-engag\u00e9 ou passif s\u2019il ne prend pas l&#8217;initiative de participer aux discussions ou de signaler un probl\u00e8me.<\/p>\n\n\n\n<h3 class=\"wp-block-heading\"><strong>II. Les diff\u00e9rences professionnelles : approche du travail et pratiques organisationnelles<\/strong><\/h3>\n\n\n\n<h4 class=\"wp-block-heading\"><strong>1. La conception du travail d&#8217;\u00e9quipe et des relations interpersonnelles<\/strong><\/h4>\n\n\n\n<p>Les <a href=\"https:\/\/atlantis-interim.com\/index.php\/2024\/06\/14\/les-droits-des-travailleurs-roumains-detaches-en-matiere-de-sante-et-securite-au-travail\/\" data-internallinksmanager029f6b8e52c=\"4\" title=\"Travailleurs roumains\">travailleurs roumains<\/a>, tout comme les travailleurs fran\u00e7ais, doivent faire face \u00e0 des environnements de travail collectifs dans de nombreuses industries. Cependant, les attentes en mati\u00e8re de collaboration peuvent diff\u00e9rer. En Roumanie, le travail d\u2019\u00e9quipe est souvent per\u00e7u comme un moyen d&#8217;atteindre des objectifs communs, mais il peut aussi \u00eatre influenc\u00e9 par des consid\u00e9rations individuelles. Dans des contextes plus hi\u00e9rarchis\u00e9s, les membres de l&#8217;\u00e9quipe roumaine peuvent se concentrer davantage sur la r\u00e9alisation de leur t\u00e2che sans toujours tenir compte de la dimension collaborative en dehors de leur propre zone de responsabilit\u00e9.<\/p>\n\n\n\n<p>En revanche, les entreprises fran\u00e7aises mettent souvent un accent particulier sur le travail d\u2019\u00e9quipe et la coop\u00e9ration entre les diff\u00e9rents d\u00e9partements. La notion d\u2019entraide et de partage des responsabilit\u00e9s est plus d\u00e9velopp\u00e9e, et il est attendu de chaque employ\u00e9, m\u00eame int\u00e9rimaire, qu&#8217;il participe activement aux t\u00e2ches collectives, \u00e9change avec ses coll\u00e8gues et propose des solutions pour am\u00e9liorer l\u2019efficacit\u00e9 du groupe.<\/p>\n\n\n\n<p>Ainsi, un travailleur int\u00e9rimaire roumain pourrait, dans certains cas, avoir une approche plus individualiste du travail, tandis qu\u2019un employ\u00e9 fran\u00e7ais pourrait \u00eatre plus enclin \u00e0 partager des id\u00e9es, \u00e0 proposer des solutions en groupe et \u00e0 solliciter des retours d\u2019exp\u00e9rience sur ses propres pratiques. Cette diff\u00e9rence peut cr\u00e9er des tensions ou des incompr\u00e9hensions lorsque les attentes en mati\u00e8re de collaboration ne sont pas claires.<\/p>\n\n\n\n<h4 class=\"wp-block-heading\"><strong>2. La gestion du stress et de la pression au travail<\/strong><\/h4>\n\n\n\n<p>Les <a href=\"https:\/\/atlantis-interim.com\/index.php\/2024\/06\/14\/les-droits-des-travailleurs-roumains-detaches-en-matiere-de-sante-et-securite-au-travail\/\" data-internallinksmanager029f6b8e52c=\"4\" title=\"Travailleurs roumains\">travailleurs roumains<\/a> et fran\u00e7ais peuvent \u00e9galement avoir des approches diff\u00e9rentes face au stress et \u00e0 la pression dans leur environnement professionnel. En Roumanie, o\u00f9 le march\u00e9 du travail a longtemps \u00e9t\u00e9 marqu\u00e9 par l\u2019instabilit\u00e9 et la pr\u00e9carit\u00e9, de nombreux travailleurs peuvent \u00eatre habitu\u00e9s \u00e0 un environnement plus stressant et peuvent accepter une certaine pression sans se sentir n\u00e9cessairement d\u00e9pass\u00e9s. En revanche, dans le contexte fran\u00e7ais, bien que la pression au travail soit \u00e9galement pr\u00e9sente, il existe une plus grande attention \u00e0 l\u2019\u00e9quilibre entre la vie professionnelle et la vie priv\u00e9e, ainsi qu\u2019une culture d\u2019expression des difficult\u00e9s professionnelles.<\/p>\n\n\n\n<p>Pour un employ\u00e9 fran\u00e7ais, il pourrait \u00eatre plus facile d\u2019exprimer son stress ou ses difficult\u00e9s, et de rechercher des solutions pour all\u00e9ger la charge de travail, comme discuter avec son manager ou demander des ajustements. Tandis qu\u2019un int\u00e9rimaire roumain pourrait h\u00e9siter \u00e0 faire part de ses pr\u00e9occupations, par crainte de perdre sa mission ou de sembler moins capable, ce qui pourrait cr\u00e9er des frictions au sein de l\u2019\u00e9quipe si ces tensions ne sont pas g\u00e9r\u00e9es.<\/p>\n\n\n\n<h4 class=\"wp-block-heading\"><strong>3. La gestion des comp\u00e9tences et des formations<\/strong><\/h4>\n\n\n\n<p>En termes de comp\u00e9tences et de formation, les <a href=\"https:\/\/atlantis-interim.com\/index.php\/2024\/06\/14\/les-droits-des-travailleurs-roumains-detaches-en-matiere-de-sante-et-securite-au-travail\/\" data-internallinksmanager029f6b8e52c=\"4\" title=\"Travailleurs roumains\">travailleurs roumains<\/a> peuvent \u00eatre form\u00e9s de mani\u00e8re diff\u00e9rente par rapport \u00e0 leurs coll\u00e8gues fran\u00e7ais. Les formations professionnelles en Roumanie peuvent \u00eatre moins standardis\u00e9es ou adapt\u00e9es aux sp\u00e9cificit\u00e9s du march\u00e9 fran\u00e7ais, ce qui peut cr\u00e9er un \u00e9cart dans les attentes en mati\u00e8re de comp\u00e9tences. De plus, les <a href=\"https:\/\/atlantis-interim.com\/index.php\/2024\/06\/14\/les-droits-des-travailleurs-roumains-detaches-en-matiere-de-sante-et-securite-au-travail\/\" data-internallinksmanager029f6b8e52c=\"4\" title=\"Travailleurs roumains\">travailleurs roumains<\/a> peuvent rencontrer des difficult\u00e9s \u00e0 se familiariser avec les technologies ou les m\u00e9thodes de travail fran\u00e7aises, notamment si ces technologies sont sp\u00e9cifiques au march\u00e9 local.<\/p>\n\n\n\n<figure class=\"wp-block-image\"><img decoding=\"async\" width=\"800\" height=\"533\" src=\"https:\/\/atlantis-interim.com\/wp-content\/uploads\/2024\/10\/4-zphml.jpg\" alt=\"\" class=\"wp-image-5343\" srcset=\"https:\/\/atlantis-interim.com\/wp-content\/uploads\/2024\/10\/4-zphml.jpg 800w, https:\/\/atlantis-interim.com\/wp-content\/uploads\/2024\/10\/4-zphml-300x200.jpg 300w, https:\/\/atlantis-interim.com\/wp-content\/uploads\/2024\/10\/4-zphml-768x512.jpg 768w, https:\/\/atlantis-interim.com\/wp-content\/uploads\/2024\/10\/4-zphml-600x400.jpg 600w\" sizes=\"(max-width: 800px) 100vw, 800px\" \/><\/figure>\n\n\n\n<p>Dans le cadre de l&#8217;int\u00e9rim, la formation sur le terrain peut \u00eatre essentielle pour permettre une meilleure int\u00e9gration. Cependant, les entreprises fran\u00e7aises, parfois plus exigeantes, attendent une mont\u00e9e en comp\u00e9tences rapide et une prise d\u2019initiative de la part des <a href=\"https:\/\/atlantis-interim.com\/index.php\/2025\/02\/21\/lintegration-des-travailleurs-interimaires-roumains-dans-le-tissu-industriel-local-defis-et-solutions\/\" data-internallinksmanager029f6b8e52c=\"20\" title=\"travailleurs int\u00e9rimaires\">travailleurs int\u00e9rimaires<\/a>, ce qui peut \u00eatre un d\u00e9fi pour les <a href=\"https:\/\/atlantis-interim.com\/index.php\/2024\/06\/14\/les-droits-des-travailleurs-roumains-detaches-en-matiere-de-sante-et-securite-au-travail\/\" data-internallinksmanager029f6b8e52c=\"4\" title=\"Travailleurs roumains\">travailleurs roumains<\/a> moins habitu\u00e9s \u00e0 ce mode de fonctionnement. Il peut \u00e9galement y avoir une certaine pression sur les <a href=\"https:\/\/atlantis-interim.com\/index.php\/2025\/02\/25\/les-conditions-de-travail-des-interimaires-roumains-dans-lindustrie-realites-et-defis\/\" data-internallinksmanager029f6b8e52c=\"26\" title=\"int\u00e9rimaires\">int\u00e9rimaires<\/a> pour qu&#8217;ils soient imm\u00e9diatement op\u00e9rationnels sans formation approfondie.<\/p>\n\n\n\n<h3 class=\"wp-block-heading\"><strong>III. Comment am\u00e9liorer la collaboration entre travailleurs int\u00e9rimaires roumains et employ\u00e9s fran\u00e7ais ?<\/strong><\/h3>\n\n\n\n<h4 class=\"wp-block-heading\"><strong>1. Sensibilisation et formations interculturelles<\/strong><\/h4>\n\n\n\n<p>Pour am\u00e9liorer les relations professionnelles et r\u00e9duire les incompr\u00e9hensions, il est essentiel de mettre en place des programmes de sensibilisation et de formation interculturelles. Ces formations peuvent aider les <a href=\"https:\/\/atlantis-interim.com\/index.php\/2024\/06\/14\/les-droits-des-travailleurs-roumains-detaches-en-matiere-de-sante-et-securite-au-travail\/\" data-internallinksmanager029f6b8e52c=\"4\" title=\"Travailleurs roumains\">travailleurs roumains<\/a> et fran\u00e7ais \u00e0 mieux comprendre les diff\u00e9rences culturelles et \u00e0 adapter leur comportement au sein des \u00e9quipes. En apprenant les sp\u00e9cificit\u00e9s des deux cultures, les employ\u00e9s pourront plus facilement se comprendre et d\u00e9velopper une meilleure coh\u00e9sion au travail.<\/p>\n\n\n\n<h4 class=\"wp-block-heading\"><strong>2. Faciliter l\u2019int\u00e9gration des travailleurs int\u00e9rimaires<\/strong><\/h4>\n\n\n\n<p>Les entreprises fran\u00e7aises peuvent \u00e9galement prendre des mesures concr\u00e8tes pour faciliter l\u2019int\u00e9gration des travailleurs <a href=\"https:\/\/atlantis-interim.com\/index.php\/2025\/02\/26\/lapport-des-interimaires-roumains-dans-lelevage-expertise-et-flexibilite-au-service-des-exploitations-europeennes\/\" data-internallinksmanager029f6b8e52c=\"2\" title=\"Interimaires Roumains\">int\u00e9rimaires roumains<\/a>. Des programmes d&#8217;int\u00e9gration, des sessions de formation linguistique, ainsi que des points de rencontre r\u00e9guliers entre les \u00e9quipes peuvent aider \u00e0 surmonter les barri\u00e8res culturelles et linguistiques. Cr\u00e9er des espaces de communication ouverts et inclusifs permet de r\u00e9duire l\u2019isolement des <a href=\"https:\/\/atlantis-interim.com\/index.php\/2025\/02\/21\/lintegration-des-travailleurs-interimaires-roumains-dans-le-tissu-industriel-local-defis-et-solutions\/\" data-internallinksmanager029f6b8e52c=\"20\" title=\"travailleurs int\u00e9rimaires\">travailleurs int\u00e9rimaires<\/a> et de les rendre plus engag\u00e9s au sein de l\u2019entreprise.<\/p>\n\n\n\n<h4 class=\"wp-block-heading\"><strong>3. Am\u00e9liorer la communication et l\u2019\u00e9change<\/strong><\/h4>\n\n\n\n<p>Enfin, encourager une communication ouverte et respectueuse entre les <a href=\"https:\/\/atlantis-interim.com\/index.php\/2024\/06\/14\/les-droits-des-travailleurs-roumains-detaches-en-matiere-de-sante-et-securite-au-travail\/\" data-internallinksmanager029f6b8e52c=\"4\" title=\"Travailleurs roumains\">travailleurs roumains<\/a> et fran\u00e7ais est essentiel pour \u00e9viter les malentendus. Les managers et responsables d\u2019\u00e9quipes doivent promouvoir un environnement o\u00f9 chacun se sent libre de poser des questions, d\u2019exprimer des pr\u00e9occupations et de partager des id\u00e9es, ind\u00e9pendamment de sa culture d\u2019origine.<\/p>\n\n\n\n<h3 class=\"wp-block-heading\"><strong>Conclusion<\/strong><\/h3>\n\n\n\n<p>Les diff\u00e9rences culturelles et professionnelles entre les travailleurs <a href=\"https:\/\/atlantis-interim.com\/index.php\/2025\/02\/26\/lapport-des-interimaires-roumains-dans-lelevage-expertise-et-flexibilite-au-service-des-exploitations-europeennes\/\" data-internallinksmanager029f6b8e52c=\"2\" title=\"Interimaires Roumains\">int\u00e9rimaires roumains<\/a> et les employ\u00e9s fran\u00e7ais peuvent avoir des cons\u00e9quences importantes sur la dynamique de travail, la productivit\u00e9 et la gestion des relations humaines au sein des \u00e9quipes. Toutefois, ces diff\u00e9rences peuvent \u00eatre att\u00e9nu\u00e9es par une meilleure compr\u00e9hension interculturelle, des formations adapt\u00e9es, et un engagement \u00e0 cr\u00e9er un environnement de travail inclusif. En agissant ainsi, les entreprises peuvent tirer parti de la richesse de la diversit\u00e9 culturelle et optimiser la collaboration entre leurs travailleurs, tout en respectant les sp\u00e9cificit\u00e9s de chaque culture.<\/p>\n","protected":false},"excerpt":{"rendered":"<p>Les diff\u00e9rences culturelles et professionnelles entre les travailleurs int\u00e9rimaires roumains et les employ\u00e9s fran\u00e7ais : communication, m\u00e9thodes de travail et int\u00e9gration.<\/p>\n","protected":false},"author":1,"featured_media":5336,"comment_status":"open","ping_status":"open","sticky":false,"template":"","format":"standard","meta":{"_monsterinsights_skip_tracking":false,"_monsterinsights_sitenote_active":false,"_monsterinsights_sitenote_note":"","_monsterinsights_sitenote_category":0,"_jetpack_memberships_contains_paid_content":false,"wds_primary_category":0,"footnotes":""},"categories":[1,146],"tags":[79,78,82],"class_list":["post-5557","post","type-post","status-publish","format-standard","has-post-thumbnail","hentry","category-blog","category-sante","tag-agence-interim-roumanie","tag-interim-roumanie","tag-interimaire-roumain","th-blog blog-single has-post-thumbnail"],"aioseo_notices":[],"jetpack_featured_media_url":"https:\/\/atlantis-interim.com\/wp-content\/uploads\/2024\/10\/ingenieur-conception-mecanique-1020x600-1.jpg","jetpack_sharing_enabled":true,"_links":{"self":[{"href":"https:\/\/atlantis-interim.com\/index.php\/wp-json\/wp\/v2\/posts\/5557","targetHints":{"allow":["GET"]}}],"collection":[{"href":"https:\/\/atlantis-interim.com\/index.php\/wp-json\/wp\/v2\/posts"}],"about":[{"href":"https:\/\/atlantis-interim.com\/index.php\/wp-json\/wp\/v2\/types\/post"}],"author":[{"embeddable":true,"href":"https:\/\/atlantis-interim.com\/index.php\/wp-json\/wp\/v2\/users\/1"}],"replies":[{"embeddable":true,"href":"https:\/\/atlantis-interim.com\/index.php\/wp-json\/wp\/v2\/comments?post=5557"}],"version-history":[{"count":1,"href":"https:\/\/atlantis-interim.com\/index.php\/wp-json\/wp\/v2\/posts\/5557\/revisions"}],"predecessor-version":[{"id":5640,"href":"https:\/\/atlantis-interim.com\/index.php\/wp-json\/wp\/v2\/posts\/5557\/revisions\/5640"}],"wp:featuredmedia":[{"embeddable":true,"href":"https:\/\/atlantis-interim.com\/index.php\/wp-json\/wp\/v2\/media\/5336"}],"wp:attachment":[{"href":"https:\/\/atlantis-interim.com\/index.php\/wp-json\/wp\/v2\/media?parent=5557"}],"wp:term":[{"taxonomy":"category","embeddable":true,"href":"https:\/\/atlantis-interim.com\/index.php\/wp-json\/wp\/v2\/categories?post=5557"},{"taxonomy":"post_tag","embeddable":true,"href":"https:\/\/atlantis-interim.com\/index.php\/wp-json\/wp\/v2\/tags?post=5557"}],"curies":[{"name":"wp","href":"https:\/\/api.w.org\/{rel}","templated":true}]}}