{"id":5558,"date":"2025-02-23T14:12:49","date_gmt":"2025-02-23T13:12:49","guid":{"rendered":"https:\/\/atlantis-interim.com\/index.php\/2025\/02\/04\/la-legislation-europeenne-et-son-impact-sur-le-travail-detache-dans-lindustrie-francaise\/"},"modified":"2025-02-28T17:43:41","modified_gmt":"2025-02-28T16:43:41","slug":"la-legislation-europeenne-et-son-impact-sur-le-travail-detache-dans-lindustrie-francaise","status":"publish","type":"post","link":"https:\/\/atlantis-interim.com\/index.php\/2025\/02\/23\/la-legislation-europeenne-et-son-impact-sur-le-travail-detache-dans-lindustrie-francaise\/","title":{"rendered":"L\u00e9gislation europ\u00e9enne et impact du travail d\u00e9tach\u00e9"},"content":{"rendered":"\n<p>Le travail d\u00e9tach\u00e9 fait r\u00e9f\u00e9rence \u00e0 la pratique par laquelle une entreprise envoie temporairement un de ses salari\u00e9s pour travailler dans un autre pays de l\u2019Union europ\u00e9enne (UE) dans le cadre d\u2019une mission d\u00e9finie. Cette pratique est particuli\u00e8rement r\u00e9pandue dans certains secteurs, comme la construction, l\u2019agroalimentaire, et plus g\u00e9n\u00e9ralement dans l\u2019industrie. Le travail d\u00e9tach\u00e9 vise \u00e0 r\u00e9pondre \u00e0 des <a href=\"https:\/\/atlantis-interim.com\/\" data-type=\"page\" data-id=\"17\">besoins temporaires de main-d&#8217;\u0153uvre<\/a> tout en permettant aux travailleurs de b\u00e9n\u00e9ficier des r\u00e8gles sociales et des protections du pays d&#8217;accueil.<\/p>\n\n\n\n<p>En France, le recours au travail d\u00e9tach\u00e9 a pris une ampleur consid\u00e9rable ces derni\u00e8res ann\u00e9es, notamment avec l&#8217;arriv\u00e9e de travailleurs provenant de pays europ\u00e9ens de l&#8217;Est, comme la Roumanie et la Pologne. La l\u00e9gislation europ\u00e9enne encadre strictement ce ph\u00e9nom\u00e8ne, en vue de garantir la protection des travailleurs tout en permettant la libre circulation des services au sein de l\u2019UE. Cependant, les r\u00e8gles en mati\u00e8re de travail d\u00e9tach\u00e9 sont r\u00e9guli\u00e8rement sujettes \u00e0 des d\u00e9bats, car elles soul\u00e8vent des questions sur l\u2019\u00e9quit\u00e9 concurrentielle entre les entreprises et sur la protection des travailleurs.<\/p>\n\n\n\n<p>Cet article explore la<a href=\"https:\/\/atlantis-interim.com\/index.php\/2025\/02\/04\/la-legislation-europeenne-et-son-impact-sur-le-travail-detache-dans-lindustrie-francaise\/\" data-type=\"post\" data-id=\"5558\"> l\u00e9gislation europ\u00e9enne<\/a> encadrant le travail d\u00e9tach\u00e9 et ses impacts sur l\u2019industrie fran\u00e7aise, en mettant l\u2019accent sur les avantages et les d\u00e9fis associ\u00e9s \u00e0 ce syst\u00e8me.<\/p>\n\n\n\n<h3 class=\"wp-block-heading\"><strong>I. La l\u00e9gislation europ\u00e9enne sur le travail d\u00e9tach\u00e9<\/strong><\/h3>\n\n\n\n<h4 class=\"wp-block-heading\"><strong>1. La directive 96\/71\/CE sur le d\u00e9tachement des travailleurs<\/strong><\/h4>\n\n\n\n<p>La l\u00e9gislation europ\u00e9enne en mati\u00e8re de travail d\u00e9tach\u00e9 repose principalement sur la directive 96\/71\/CE du Parlement europ\u00e9en et du Conseil, qui a \u00e9t\u00e9 adopt\u00e9e en 1996. Cette directive \u00e9tablit les principes fondamentaux r\u00e9gissant les conditions de travail des travailleurs d\u00e9tach\u00e9s au sein de l&#8217;UE. Selon cette directive, un travailleur d\u00e9tach\u00e9 dans un autre pays europ\u00e9en doit b\u00e9n\u00e9ficier de certaines garanties minimales en mati\u00e8re de conditions de travail, qu\u2019il s\u2019agisse de r\u00e9mun\u00e9ration, de s\u00e9curit\u00e9, ou de temps de travail.<\/p>\n\n\n\n<figure class=\"wp-block-image size-large\"><img fetchpriority=\"high\" decoding=\"async\" width=\"1024\" height=\"683\" src=\"https:\/\/atlantis-interim.com\/wp-content\/uploads\/2024\/10\/b14e48c82af327e07dd0d0ae7072f750-fiche-m-tier-responsable-qualit-industrie-1024x683.webp\" alt=\"\" class=\"wp-image-5383\" srcset=\"https:\/\/atlantis-interim.com\/wp-content\/uploads\/2024\/10\/b14e48c82af327e07dd0d0ae7072f750-fiche-m-tier-responsable-qualit-industrie-1024x683.webp 1024w, https:\/\/atlantis-interim.com\/wp-content\/uploads\/2024\/10\/b14e48c82af327e07dd0d0ae7072f750-fiche-m-tier-responsable-qualit-industrie-300x200.webp 300w, https:\/\/atlantis-interim.com\/wp-content\/uploads\/2024\/10\/b14e48c82af327e07dd0d0ae7072f750-fiche-m-tier-responsable-qualit-industrie-768x512.webp 768w, https:\/\/atlantis-interim.com\/wp-content\/uploads\/2024\/10\/b14e48c82af327e07dd0d0ae7072f750-fiche-m-tier-responsable-qualit-industrie-600x400.webp 600w, https:\/\/atlantis-interim.com\/wp-content\/uploads\/2024\/10\/b14e48c82af327e07dd0d0ae7072f750-fiche-m-tier-responsable-qualit-industrie.webp 1200w\" sizes=\"(max-width: 1024px) 100vw, 1024px\" \/><\/figure>\n\n\n\n<p>Les principales dispositions de la directive stipulent que le travailleur d\u00e9tach\u00e9 doit b\u00e9n\u00e9ficier des r\u00e8gles de droit du pays d&#8217;accueil pour certains aspects fondamentaux du travail, tels que :<\/p>\n\n\n\n<ul class=\"wp-block-list\">\n<li><strong>La r\u00e9mun\u00e9ration minimale<\/strong> : Le travailleur d\u00e9tach\u00e9 doit recevoir au moins le salaire minimum l\u00e9gal du pays d\u2019accueil, ainsi que toute prime ou indemnit\u00e9 pr\u00e9vue par la l\u00e9gislation locale.<\/li>\n\n\n\n<li><strong>Les conditions de travail et de s\u00e9curit\u00e9<\/strong> : Les conditions de s\u00e9curit\u00e9, d\u2019hygi\u00e8ne et de travail doivent respecter les normes minimales en vigueur dans le pays d\u2019accueil.<\/li>\n\n\n\n<li><strong>Le temps de travail<\/strong> : Les r\u00e8gles concernant la dur\u00e9e maximale du travail, les p\u00e9riodes de repos et les cong\u00e9s doivent \u00eatre appliqu\u00e9es.<\/li>\n\n\n\n<li><strong>Les droits syndicaux<\/strong> : Les travailleurs d\u00e9tach\u00e9s doivent \u00e9galement pouvoir exercer leurs droits syndicaux, bien que ces droits puissent diff\u00e9rer selon les pays.<\/li>\n<\/ul>\n\n\n\n<p>Cette directive a \u00e9t\u00e9 con\u00e7ue pour garantir une certaine \u00e9galit\u00e9 de traitement entre les travailleurs d\u00e9tach\u00e9s et les travailleurs locaux, afin d&#8217;\u00e9viter les abus li\u00e9s aux diff\u00e9rences de salaires et de conditions de travail dans l&#8217;UE.<\/p>\n\n\n\n<h4 class=\"wp-block-heading\"><strong>2. La r\u00e9vision de la directive et la directive 2018\/957\/UE<\/strong><\/h4>\n\n\n\n<p>En 2018, la Commission europ\u00e9enne a r\u00e9vis\u00e9 la directive 96\/71\/CE afin de renforcer la protection des travailleurs d\u00e9tach\u00e9s et de lutter contre le dumping social. La r\u00e9vision a donn\u00e9 naissance \u00e0 la directive 2018\/957\/UE, qui introduit des modifications importantes pour renforcer les droits des travailleurs d\u00e9tach\u00e9s et garantir une plus grande \u00e9quit\u00e9 entre les travailleurs europ\u00e9ens.<\/p>\n\n\n\n<p>Les principaux changements apport\u00e9s par cette r\u00e9vision sont les suivants :<\/p>\n\n\n\n<ul class=\"wp-block-list\">\n<li><strong>La d\u00e9finition de la dur\u00e9e du <a href=\"https:\/\/atlantis-interim.com\/index.php\/2025\/02\/19\/limpact-du-detachement-des-travailleurs-interimaires-roumains-sur-leconomie-industrielle-francaise\/\" data-internallinksmanager029f6b8e52c=\"27\" title=\"d\u00e9tachement roumain\">d\u00e9tachement<\/a><\/strong> : Auparavant, un travailleur pouvait \u00eatre d\u00e9tach\u00e9 pour une p\u00e9riode illimit\u00e9e. Avec la nouvelle directive, un <a href=\"https:\/\/atlantis-interim.com\/index.php\/2025\/02\/19\/limpact-du-detachement-des-travailleurs-interimaires-roumains-sur-leconomie-industrielle-francaise\/\" data-internallinksmanager029f6b8e52c=\"27\" title=\"d\u00e9tachement roumain\">d\u00e9tachement<\/a> ne peut exc\u00e9der 12 mois, avec la possibilit\u00e9 de prolonger cette p\u00e9riode de six mois suppl\u00e9mentaires sous certaines conditions. Cela vise \u00e0 \u00e9viter la permanence du <a href=\"https:\/\/atlantis-interim.com\/index.php\/2025\/02\/19\/limpact-du-detachement-des-travailleurs-interimaires-roumains-sur-leconomie-industrielle-francaise\/\" data-internallinksmanager029f6b8e52c=\"27\" title=\"d\u00e9tachement roumain\">d\u00e9tachement<\/a> et \u00e0 garantir que les travailleurs soient soumis aux m\u00eames r\u00e8gles que les employ\u00e9s locaux apr\u00e8s une p\u00e9riode prolong\u00e9e.<\/li>\n\n\n\n<li><strong>L\u2019extension des r\u00e8gles nationales aux travailleurs d\u00e9tach\u00e9s<\/strong> : La directive \u00e9tend la protection des travailleurs d\u00e9tach\u00e9s en mati\u00e8re de conditions de travail. Les travailleurs d\u00e9tach\u00e9s doivent d\u00e9sormais b\u00e9n\u00e9ficier des m\u00eames conditions que les travailleurs permanents en ce qui concerne les primes et indemnit\u00e9s, comme les indemnit\u00e9s de d\u00e9placement, de logement, ou encore de repas.<\/li>\n\n\n\n<li><strong>Renforcement des obligations pour les entreprises<\/strong> : Les entreprises doivent d\u00e9sormais fournir une plus grande transparence sur les conditions de travail des travailleurs d\u00e9tach\u00e9s et la dur\u00e9e de leur mission. Cela inclut des exigences plus strictes concernant la documentation et la notification des d\u00e9tachements aux autorit\u00e9s nationales.<\/li>\n<\/ul>\n\n\n\n<p>Ces changements visent \u00e0 r\u00e9duire les abus et \u00e0 garantir que les travailleurs d\u00e9tach\u00e9s b\u00e9n\u00e9ficient r\u00e9ellement des protections pr\u00e9vues par la l\u00e9gislation europ\u00e9enne.<\/p>\n\n\n\n<h3 class=\"wp-block-heading\"><strong>II. Les impacts du travail d\u00e9tach\u00e9 sur l\u2019industrie fran\u00e7aise<\/strong><\/h3>\n\n\n\n<p>Le recours au travail d\u00e9tach\u00e9 a des cons\u00e9quences importantes sur l\u2019industrie fran\u00e7aise, tant sur le plan \u00e9conomique que social. Il existe plusieurs avantages et d\u00e9fis li\u00e9s \u00e0 cette pratique, notamment pour les entreprises, les travailleurs locaux, et les travailleurs d\u00e9tach\u00e9s eux-m\u00eames.<\/p>\n\n\n\n<h4 class=\"wp-block-heading\"><strong>1. Les avantages \u00e9conomiques pour les entreprises fran\u00e7aises<\/strong><\/h4>\n\n\n\n<p>Le travail d\u00e9tach\u00e9 offre des avantages consid\u00e9rables aux entreprises fran\u00e7aises, en particulier dans des secteurs o\u00f9 la demande de main-d&#8217;\u0153uvre est fluctuante, comme la construction, l\u2019agroalimentaire, et la m\u00e9tallurgie. L\u2019un des principaux avantages r\u00e9side dans le fait que les entreprises peuvent acc\u00e9der \u00e0 une <a href=\"https:\/\/atlantis-interim.com\/index.php\/2025\/02\/16\/travail-detache-roumain-dans-la-viticulture-une-main-doeuvre-qualifiee-pour-les-vendanges-et-lentretien-des-vignes\/\" data-internallinksmanager029f6b8e52c=\"21\" title=\"main-d\u2019\u0153uvre qualifi\u00e9e\">main-d&#8217;\u0153uvre qualifi\u00e9e<\/a> mais souvent moins co\u00fbteuse que les travailleurs locaux.<\/p>\n\n\n\n<p>Les travailleurs d\u00e9tach\u00e9s en provenance de pays de l\u2019Est de l\u2019UE, comme la Roumanie, la Pologne ou la Bulgarie, acceptent g\u00e9n\u00e9ralement des salaires moins \u00e9lev\u00e9s que les employ\u00e9s fran\u00e7ais. Cela permet aux entreprises de r\u00e9duire leurs co\u00fbts salariaux tout en r\u00e9pondant \u00e0 des besoins de main-d&#8217;\u0153uvre temporaires, ce qui peut \u00eatre particuli\u00e8rement utile dans le contexte \u00e9conomique actuel o\u00f9 la comp\u00e9titivit\u00e9 est essentielle.<\/p>\n\n\n\n<figure class=\"wp-block-image\"><img decoding=\"async\" width=\"1200\" height=\"801\" src=\"https:\/\/atlantis-interim.com\/wp-content\/uploads\/2024\/10\/controleur-qualite.jpeg\" alt=\"\" class=\"wp-image-5382\" srcset=\"https:\/\/atlantis-interim.com\/wp-content\/uploads\/2024\/10\/controleur-qualite.jpeg 1200w, https:\/\/atlantis-interim.com\/wp-content\/uploads\/2024\/10\/controleur-qualite-300x200.jpeg 300w, https:\/\/atlantis-interim.com\/wp-content\/uploads\/2024\/10\/controleur-qualite-1024x684.jpeg 1024w, https:\/\/atlantis-interim.com\/wp-content\/uploads\/2024\/10\/controleur-qualite-768x513.jpeg 768w, https:\/\/atlantis-interim.com\/wp-content\/uploads\/2024\/10\/controleur-qualite-600x401.jpeg 600w\" sizes=\"(max-width: 1200px) 100vw, 1200px\" \/><\/figure>\n\n\n\n<p>En outre, le travail d\u00e9tach\u00e9 permet de r\u00e9soudre rapidement des p\u00e9nuries de main-d&#8217;\u0153uvre dans certains secteurs sp\u00e9cifiques, o\u00f9 les entreprises peinent parfois \u00e0 <a href=\"https:\/\/atlantis-interim.com\/index.php\/2024\/07\/05\/recruter-des-travailleurs-roumains-pour-le-secteur-du-batiment-en-france\/\" data-internallinksmanager029f6b8e52c=\"22\" title=\"recruter\">recruter<\/a> des travailleurs locaux, notamment pour des emplois saisonniers ou peu qualifi\u00e9s.<\/p>\n\n\n\n<h4 class=\"wp-block-heading\"><strong>2. Les d\u00e9fis sociaux et \u00e9conomiques pour les travailleurs fran\u00e7ais<\/strong><\/h4>\n\n\n\n<p>Cependant, l\u2019augmentation du recours au travail d\u00e9tach\u00e9 pose des d\u00e9fis importants pour les travailleurs fran\u00e7ais. L\u2019un des principaux probl\u00e8mes est le <strong>dumping social<\/strong>, o\u00f9 les travailleurs d\u00e9tach\u00e9s, bien qu&#8217;ils b\u00e9n\u00e9ficient de certaines protections, sont souvent pay\u00e9s moins que les travailleurs fran\u00e7ais pour des t\u00e2ches \u00e9quivalentes. Cette situation peut cr\u00e9er des tensions entre les salari\u00e9s locaux et les travailleurs d\u00e9tach\u00e9s, notamment dans les secteurs o\u00f9 la concurrence est forte et o\u00f9 les conditions de travail sont pr\u00e9caires.<\/p>\n\n\n\n<p>Le travail d\u00e9tach\u00e9 peut \u00e9galement mener \u00e0 une pression accrue sur les salaires et les conditions de travail des employ\u00e9s fran\u00e7ais, qui se retrouvent dans une situation o\u00f9 leurs propres avantages sociaux et salariaux sont remis en cause par des travailleurs pay\u00e9s moins cher. Cela peut entra\u00eener des conflits sociaux, des gr\u00e8ves ou des manifestations, notamment dans les secteurs les plus touch\u00e9s par la pratique du travail d\u00e9tach\u00e9.<\/p>\n\n\n\n<h4 class=\"wp-block-heading\"><strong>3. Les d\u00e9fis pour les travailleurs d\u00e9tach\u00e9s eux-m\u00eames<\/strong><\/h4>\n\n\n\n<p>Les travailleurs d\u00e9tach\u00e9s eux-m\u00eames font face \u00e0 des d\u00e9fis consid\u00e9rables, malgr\u00e9 les protections pr\u00e9vues par la l\u00e9gislation europ\u00e9enne. Bien que la directive garantisse certains droits, ces travailleurs rencontrent fr\u00e9quemment des difficult\u00e9s li\u00e9es \u00e0 la <strong>barri\u00e8re de la langue<\/strong>, aux <strong>diff\u00e9rences culturelles<\/strong>, et au <strong>manque de soutien social<\/strong>. De plus, le syst\u00e8me du travail d\u00e9tach\u00e9 est parfois utilis\u00e9 par des entreprises pour contourner certaines r\u00e9glementations nationales, ce qui peut mener \u00e0 des abus, comme des conditions de travail pr\u00e9caires ou un manque de formation.<\/p>\n\n\n\n<p>Les travailleurs d\u00e9tach\u00e9s peuvent \u00e9galement se retrouver dans une situation d&#8217;isolement, sans r\u00e9seau de soutien solide en France, ce qui peut affecter leur bien-\u00eatre et leur int\u00e9gration dans la soci\u00e9t\u00e9 locale. Enfin, la <strong>pr\u00e9carit\u00e9<\/strong> de leurs contrats de travail les place dans une position de vuln\u00e9rabilit\u00e9, les exposant \u00e0 une instabilit\u00e9 professionnelle et \u00e0 des risques de non-renouvellement de leur mission.<\/p>\n\n\n\n<h3 class=\"wp-block-heading\"><strong>III. Conclusion : Vers une meilleure r\u00e9gulation du travail d\u00e9tach\u00e9<\/strong><\/h3>\n\n\n\n<p>La l\u00e9gislation europ\u00e9enne sur le travail d\u00e9tach\u00e9 a permis de poser des bases solides pour la protection des travailleurs dans un cadre de libre circulation des services. Cependant, des d\u00e9fis importants demeurent, tant pour les travailleurs que pour les entreprises. Si le travail d\u00e9tach\u00e9 est un outil \u00e9conomique pr\u00e9cieux, son bon fonctionnement repose sur la mise en \u0153uvre effective des r\u00e8gles de protection des travailleurs et sur une r\u00e9gulation rigoureuse pour \u00e9viter les abus. La r\u00e9vision de la directive en 2018 repr\u00e9sente un pas dans la bonne direction, mais des efforts suppl\u00e9mentaires sont n\u00e9cessaires pour garantir une concurrence \u00e9quitable, prot\u00e9ger les droits des travailleurs et pr\u00e9venir les d\u00e9rives li\u00e9es au dumping social.<\/p>\n","protected":false},"excerpt":{"rendered":"<p>L\u00e9gislation europ\u00e9enne et impact du travail d\u00e9tach\u00e9 en France : conformit\u00e9, droits des travailleurs et d\u00e9fis pour les entreprises.<\/p>\n","protected":false},"author":1,"featured_media":5381,"comment_status":"open","ping_status":"open","sticky":false,"template":"","format":"standard","meta":{"_monsterinsights_skip_tracking":false,"_monsterinsights_sitenote_active":false,"_monsterinsights_sitenote_note":"","_monsterinsights_sitenote_category":0,"_jetpack_memberships_contains_paid_content":false,"wds_primary_category":0,"footnotes":""},"categories":[1,146],"tags":[159,79,78],"class_list":["post-5558","post","type-post","status-publish","format-standard","has-post-thumbnail","hentry","category-blog","category-sante","tag-agence-interim-europeene","tag-agence-interim-roumanie","tag-interim-roumanie","th-blog blog-single has-post-thumbnail"],"aioseo_notices":[],"jetpack_featured_media_url":"https:\/\/atlantis-interim.com\/wp-content\/uploads\/2024\/10\/controleur-de-produit-fini.jpg","jetpack_sharing_enabled":true,"_links":{"self":[{"href":"https:\/\/atlantis-interim.com\/index.php\/wp-json\/wp\/v2\/posts\/5558","targetHints":{"allow":["GET"]}}],"collection":[{"href":"https:\/\/atlantis-interim.com\/index.php\/wp-json\/wp\/v2\/posts"}],"about":[{"href":"https:\/\/atlantis-interim.com\/index.php\/wp-json\/wp\/v2\/types\/post"}],"author":[{"embeddable":true,"href":"https:\/\/atlantis-interim.com\/index.php\/wp-json\/wp\/v2\/users\/1"}],"replies":[{"embeddable":true,"href":"https:\/\/atlantis-interim.com\/index.php\/wp-json\/wp\/v2\/comments?post=5558"}],"version-history":[{"count":1,"href":"https:\/\/atlantis-interim.com\/index.php\/wp-json\/wp\/v2\/posts\/5558\/revisions"}],"predecessor-version":[{"id":5642,"href":"https:\/\/atlantis-interim.com\/index.php\/wp-json\/wp\/v2\/posts\/5558\/revisions\/5642"}],"wp:featuredmedia":[{"embeddable":true,"href":"https:\/\/atlantis-interim.com\/index.php\/wp-json\/wp\/v2\/media\/5381"}],"wp:attachment":[{"href":"https:\/\/atlantis-interim.com\/index.php\/wp-json\/wp\/v2\/media?parent=5558"}],"wp:term":[{"taxonomy":"category","embeddable":true,"href":"https:\/\/atlantis-interim.com\/index.php\/wp-json\/wp\/v2\/categories?post=5558"},{"taxonomy":"post_tag","embeddable":true,"href":"https:\/\/atlantis-interim.com\/index.php\/wp-json\/wp\/v2\/tags?post=5558"}],"curies":[{"name":"wp","href":"https:\/\/api.w.org\/{rel}","templated":true}]}}