{"id":5559,"date":"2025-02-22T03:29:47","date_gmt":"2025-02-22T02:29:47","guid":{"rendered":"https:\/\/atlantis-interim.com\/index.php\/2025\/02\/03\/les-syndicats-et-la-defense-des-droits-des-travailleurs-interimaires-roumains-dans-lindustrie\/"},"modified":"2025-02-28T17:48:20","modified_gmt":"2025-02-28T16:48:20","slug":"les-syndicats-et-la-defense-des-droits-des-travailleurs-interimaires-roumains-dans-lindustrie","status":"publish","type":"post","link":"https:\/\/atlantis-interim.com\/index.php\/2025\/02\/22\/les-syndicats-et-la-defense-des-droits-des-travailleurs-interimaires-roumains-dans-lindustrie\/","title":{"rendered":"La d\u00e9fense des droits des int\u00e9rimaires roumains en industrie"},"content":{"rendered":"\n<p>Les <a href=\"https:\/\/atlantis-interim.com\/index.php\/2025\/02\/21\/lintegration-des-travailleurs-interimaires-roumains-dans-le-tissu-industriel-local-defis-et-solutions\/\" data-internallinksmanager029f6b8e52c=\"20\" title=\"travailleurs int\u00e9rimaires\">travailleurs int\u00e9rimaires<\/a> jouent un r\u00f4le essentiel dans l\u2019industrie europ\u00e9enne, y compris en France, o\u00f9 de nombreux travailleurs sont recrut\u00e9s par des agences d&#8217;int\u00e9rim. Parmi ces travailleurs, une proportion importante est compos\u00e9e de Roumains, attir\u00e9s par des opportunit\u00e9s d&#8217;emploi temporaires dans des secteurs comme la construction, l&#8217;agroalimentaire, l\u2019automobile et la logistique. Cependant, cette main-d&#8217;\u0153uvre int\u00e9rimaire, souvent vuln\u00e9rable, doit faire face \u00e0 des conditions de travail pr\u00e9caires, ce qui souligne l&#8217;importance des syndicats dans la d\u00e9fense de leurs droits.<\/p>\n\n\n\n<h4 class=\"wp-block-heading\">1. <strong>Les d\u00e9fis auxquels sont confront\u00e9s les travailleurs int\u00e9rimaires roumains<\/strong><\/h4>\n\n\n\n<p>Les travailleurs <a href=\"https:\/\/atlantis-interim.com\/index.php\/2025\/02\/26\/lapport-des-interimaires-roumains-dans-lelevage-expertise-et-flexibilite-au-service-des-exploitations-europeennes\/\" data-internallinksmanager029f6b8e52c=\"2\" title=\"Interimaires Roumains\">int\u00e9rimaires roumains<\/a> sont particuli\u00e8rement expos\u00e9s \u00e0 des abus et \u00e0 des conditions de travail difficiles. Ces travailleurs, souvent jeunes et moins exp\u00e9riment\u00e9s, peuvent se retrouver dans des situations o\u00f9 ils sont exploit\u00e9s par des agences d&#8217;int\u00e9rim ou des employeurs qui cherchent \u00e0 maximiser leur profit. Parmi les principaux d\u00e9fis rencontr\u00e9s, on trouve :<\/p>\n\n\n\n<figure class=\"wp-block-image size-large\"><img fetchpriority=\"high\" decoding=\"async\" width=\"1024\" height=\"682\" src=\"https:\/\/atlantis-interim.com\/wp-content\/uploads\/2024\/10\/ingenieur-mecanique-1024x682.png\" alt=\"\" class=\"wp-image-5344\" srcset=\"https:\/\/atlantis-interim.com\/wp-content\/uploads\/2024\/10\/ingenieur-mecanique-1024x682.png 1024w, https:\/\/atlantis-interim.com\/wp-content\/uploads\/2024\/10\/ingenieur-mecanique-300x200.png 300w, https:\/\/atlantis-interim.com\/wp-content\/uploads\/2024\/10\/ingenieur-mecanique-768x512.png 768w, https:\/\/atlantis-interim.com\/wp-content\/uploads\/2024\/10\/ingenieur-mecanique-600x400.png 600w, https:\/\/atlantis-interim.com\/wp-content\/uploads\/2024\/10\/ingenieur-mecanique.png 1280w\" sizes=\"(max-width: 1024px) 100vw, 1024px\" \/><figcaption class=\"wp-element-caption\">Agents de Maintenance <a href=\"https:\/\/atlantis-interim.com\/index.php\/2025\/02\/26\/lapport-des-interimaires-roumains-dans-lelevage-expertise-et-flexibilite-au-service-des-exploitations-europeennes\/\" data-internallinksmanager029f6b8e52c=\"2\" title=\"Interimaires Roumains\">Int\u00e9rimaires Roumains<\/a><\/figcaption><\/figure>\n\n\n\n<ul class=\"wp-block-list\">\n<li><strong>Des contrats pr\u00e9caires et des salaires bas<\/strong> : Les travailleurs <a href=\"https:\/\/atlantis-interim.com\/index.php\/2025\/02\/26\/lapport-des-interimaires-roumains-dans-lelevage-expertise-et-flexibilite-au-service-des-exploitations-europeennes\/\" data-internallinksmanager029f6b8e52c=\"2\" title=\"Interimaires Roumains\">int\u00e9rimaires roumains<\/a> sont souvent employ\u00e9s sur des contrats temporaires et per\u00e7oivent des salaires inf\u00e9rieurs \u00e0 ceux des travailleurs permanents dans les m\u00eames secteurs.<\/li>\n\n\n\n<li><strong>Manque de protection sociale et de droits<\/strong> : En raison de leur statut temporaire, ces travailleurs peuvent se retrouver sans couverture sociale ad\u00e9quate, et leurs droits au ch\u00f4mage ou \u00e0 la retraite sont souvent minimis\u00e9s ou ignor\u00e9s.<\/li>\n\n\n\n<li><strong>Conditions de travail difficiles et discriminations<\/strong> : L&#8217;int\u00e9rim expose les travailleurs \u00e0 des conditions de travail parfois dangereuses et p\u00e9nibles, avec une ins\u00e9curit\u00e9 d&#8217;emploi constante. De plus, des discriminations li\u00e9es \u00e0 la nationalit\u00e9 peuvent se manifester, avec un acc\u00e8s limit\u00e9 \u00e0 des formations ou \u00e0 des opportunit\u00e9s de progression de carri\u00e8re.<\/li>\n<\/ul>\n\n\n\n<h4 class=\"wp-block-heading\">2. <strong>Le r\u00f4le des syndicats dans la d\u00e9fense des droits des travailleurs int\u00e9rimaires roumains<\/strong><\/h4>\n\n\n\n<p>Les syndicats jouent un r\u00f4le crucial dans la protection des <a href=\"https:\/\/atlantis-interim.com\/index.php\/2025\/02\/21\/lintegration-des-travailleurs-interimaires-roumains-dans-le-tissu-industriel-local-defis-et-solutions\/\" data-internallinksmanager029f6b8e52c=\"20\" title=\"travailleurs int\u00e9rimaires\">travailleurs int\u00e9rimaires<\/a> en g\u00e9n\u00e9ral, et des <a href=\"https:\/\/atlantis-interim.com\/index.php\/2024\/06\/14\/les-droits-des-travailleurs-roumains-detaches-en-matiere-de-sante-et-securite-au-travail\/\" data-internallinksmanager029f6b8e52c=\"4\" title=\"Travailleurs roumains\">travailleurs roumains<\/a> en particulier. Leur implication permet d&#8217;assurer que ces travailleurs b\u00e9n\u00e9ficient des m\u00eames droits que les salari\u00e9s permanents, et d\u2019am\u00e9liorer leur situation au travail. Plusieurs actions sont men\u00e9es par les syndicats pour soutenir ces travailleurs :<\/p>\n\n\n\n<ul class=\"wp-block-list\">\n<li><strong>La n\u00e9gociation collective<\/strong> : Les syndicats tentent de n\u00e9gocier des conventions collectives qui incluent des clauses de protection pour les <a href=\"https:\/\/atlantis-interim.com\/index.php\/2025\/02\/21\/lintegration-des-travailleurs-interimaires-roumains-dans-le-tissu-industriel-local-defis-et-solutions\/\" data-internallinksmanager029f6b8e52c=\"20\" title=\"travailleurs int\u00e9rimaires\">travailleurs int\u00e9rimaires<\/a>, comme la garantie d\u2019un salaire minimum, des conditions de travail d\u00e9centes, et des prestations sociales.<\/li>\n\n\n\n<li><strong>La sensibilisation aux droits des travailleurs<\/strong> : Les syndicats ont \u00e9galement un r\u00f4le \u00e9ducatif, en informant les travailleurs <a href=\"https:\/\/atlantis-interim.com\/index.php\/2025\/02\/26\/lapport-des-interimaires-roumains-dans-lelevage-expertise-et-flexibilite-au-service-des-exploitations-europeennes\/\" data-internallinksmanager029f6b8e52c=\"2\" title=\"Interimaires Roumains\">int\u00e9rimaires roumains<\/a> de leurs droits et des m\u00e9canismes de recours en cas de violation de ces droits. Ils organisent des campagnes de sensibilisation sur des sujets comme la discrimination, le droit au logement, la sant\u00e9 et la s\u00e9curit\u00e9 au travail.<\/li>\n\n\n\n<li><strong>La lutte contre les abus des <a href=\"https:\/\/atlantis-interim.com\/\" data-type=\"page\" data-id=\"17\">agences d\u2019int\u00e9rim<\/a><\/strong> : Les syndicats agissent contre les pratiques abusives des agences d\u2019int\u00e9rim, telles que la sous-d\u00e9claration des salaires, l\u2019imposition de conditions de travail inhumaines ou la non-remise des documents administratifs importants. Ils s\u2019efforcent de faire pression sur les autorit\u00e9s pour que ces pratiques cessent.<\/li>\n\n\n\n<li><strong>L\u2019organisation de manifestations et de gr\u00e8ves<\/strong> : Dans les cas extr\u00eames o\u00f9 la n\u00e9gociation \u00e9choue, les syndicats peuvent organiser des gr\u00e8ves ou des manifestations pour attirer l\u2019attention sur les conditions de travail des <a href=\"https:\/\/atlantis-interim.com\/index.php\/2025\/02\/26\/lapport-des-interimaires-roumains-dans-lelevage-expertise-et-flexibilite-au-service-des-exploitations-europeennes\/\" data-internallinksmanager029f6b8e52c=\"2\" title=\"Interimaires Roumains\">int\u00e9rimaires roumains<\/a> et pour exiger des am\u00e9liorations concr\u00e8tes. Ces actions visent \u00e0 faire pression sur les employeurs, mais aussi \u00e0 influencer les politiques publiques pour garantir des droits plus \u00e9tendus aux <a href=\"https:\/\/atlantis-interim.com\/index.php\/2025\/02\/21\/lintegration-des-travailleurs-interimaires-roumains-dans-le-tissu-industriel-local-defis-et-solutions\/\" data-internallinksmanager029f6b8e52c=\"20\" title=\"travailleurs int\u00e9rimaires\">travailleurs int\u00e9rimaires<\/a>.<\/li>\n<\/ul>\n\n\n\n<figure class=\"wp-block-image\"><img decoding=\"async\" width=\"626\" height=\"417\" src=\"https:\/\/atlantis-interim.com\/wp-content\/uploads\/2024\/10\/vue-ingenieur-au-travail-pour-celebration-journee-ingenieurs_23-2151615046.avif\" alt=\"\" class=\"wp-image-5342\" srcset=\"https:\/\/atlantis-interim.com\/wp-content\/uploads\/2024\/10\/vue-ingenieur-au-travail-pour-celebration-journee-ingenieurs_23-2151615046.avif 626w, https:\/\/atlantis-interim.com\/wp-content\/uploads\/2024\/10\/vue-ingenieur-au-travail-pour-celebration-journee-ingenieurs_23-2151615046-300x200.avif 300w, https:\/\/atlantis-interim.com\/wp-content\/uploads\/2024\/10\/vue-ingenieur-au-travail-pour-celebration-journee-ingenieurs_23-2151615046-600x400.avif 600w\" sizes=\"(max-width: 626px) 100vw, 626px\" \/><\/figure>\n\n\n\n<h4 class=\"wp-block-heading\">3. <strong>Les progr\u00e8s et les d\u00e9fis \u00e0 venir<\/strong><\/h4>\n\n\n\n<p>Malgr\u00e9 les efforts des syndicats, plusieurs d\u00e9fis demeurent. Les travailleurs <a href=\"https:\/\/atlantis-interim.com\/index.php\/2025\/02\/26\/lapport-des-interimaires-roumains-dans-lelevage-expertise-et-flexibilite-au-service-des-exploitations-europeennes\/\" data-internallinksmanager029f6b8e52c=\"2\" title=\"Interimaires Roumains\">int\u00e9rimaires roumains<\/a> continuent de faire face \u00e0 des in\u00e9galit\u00e9s persistantes, en particulier en raison de la mobilit\u00e9 des travailleurs \u00e0 travers l\u2019Europe et de l&#8217;existence de r\u00e8gles sp\u00e9cifiques selon les pays. Il est donc essentiel que les syndicats renforcent leur coop\u00e9ration internationale pour mieux d\u00e9fendre les droits des travailleurs migrants, en particulier dans le cadre de l&#8217;Union europ\u00e9enne.<\/p>\n\n\n\n<p>L&#8217;un des principaux progr\u00e8s a \u00e9t\u00e9 la mise en place de l\u00e9gislations europ\u00e9ennes plus protectrices des <a href=\"https:\/\/atlantis-interim.com\/index.php\/2023\/02\/09\/les-droits-des-travailleurs-temporaires-roumains-en-formation-professionnelle\/\" data-internallinksmanager029f6b8e52c=\"18\" title=\"travailleurs temporaires\">travailleurs temporaires<\/a>, avec la Directive europ\u00e9enne sur le travail int\u00e9rimaire (2008\/104\/CE), qui vise \u00e0 am\u00e9liorer les <a href=\"https:\/\/atlantis-interim.com\/index.php\/2024\/12\/06\/conditions-de-travail-des-interimaires-roumains-en-france\/\" data-type=\"post\" data-id=\"5467\">conditions de travail des int\u00e9rimaires<\/a>. Toutefois, l\u2019application de cette directive reste in\u00e9gale d\u2019un pays \u00e0 l\u2019autre, et des \u00e9carts subsistent, notamment dans les pays o\u00f9 la main-d&#8217;\u0153uvre int\u00e9rimaire est plus nombreuse.<\/p>\n\n\n\n<h4 class=\"wp-block-heading\">4. <strong>Conclusion<\/strong><\/h4>\n\n\n\n<p>Les syndicats ont ind\u00e9niablement un r\u00f4le vital dans la d\u00e9fense des droits des travailleurs <a href=\"https:\/\/atlantis-interim.com\/index.php\/2025\/02\/26\/lapport-des-interimaires-roumains-dans-lelevage-expertise-et-flexibilite-au-service-des-exploitations-europeennes\/\" data-internallinksmanager029f6b8e52c=\"2\" title=\"Interimaires Roumains\">int\u00e9rimaires roumains<\/a> dans l\u2019industrie, en leur offrant un soutien face aux in\u00e9galit\u00e9s et en combattant les abus. Cependant, de nombreux d\u00e9fis demeurent, et il est crucial que les syndicats, les travailleurs eux-m\u00eames et les autorit\u00e9s publiques continuent \u00e0 collaborer pour garantir un environnement de travail juste et s\u00e9curis\u00e9 pour tous les travailleurs, ind\u00e9pendamment de leur statut ou de leur nationalit\u00e9. L&#8217;avenir de la d\u00e9fense des droits des travailleurs <a href=\"https:\/\/atlantis-interim.com\/index.php\/2025\/02\/26\/lapport-des-interimaires-roumains-dans-lelevage-expertise-et-flexibilite-au-service-des-exploitations-europeennes\/\" data-internallinksmanager029f6b8e52c=\"2\" title=\"Interimaires Roumains\">int\u00e9rimaires roumains<\/a> d\u00e9pendra en grande partie de l&#8217;intensification de l\u2019action syndicale \u00e0 l\u2019\u00e9chelle europ\u00e9enne et de la mise en place de politiques sociales inclusives.<\/p>\n\n\n\n<p><\/p>\n","protected":false},"excerpt":{"rendered":"<p>Les syndicats et la d\u00e9fense des droits des travailleurs int\u00e9rimaires roumains dans l\u2019industrie : protection, n\u00e9gociation et respect des conditions de travail.<\/p>\n","protected":false},"author":1,"featured_media":5383,"comment_status":"open","ping_status":"open","sticky":false,"template":"","format":"standard","meta":{"_monsterinsights_skip_tracking":false,"_monsterinsights_sitenote_active":false,"_monsterinsights_sitenote_note":"","_monsterinsights_sitenote_category":0,"_jetpack_memberships_contains_paid_content":false,"wds_primary_category":0,"footnotes":""},"categories":[1,95],"tags":[79,157,151,153],"class_list":["post-5559","post","type-post","status-publish","format-standard","has-post-thumbnail","hentry","category-blog","category-industrie","tag-agence-interim-roumanie","tag-agence-interim-travailleur-etranger","tag-interim-etranger","tag-interim-etranger-roumain","th-blog blog-single has-post-thumbnail"],"aioseo_notices":[],"jetpack_featured_media_url":"https:\/\/atlantis-interim.com\/wp-content\/uploads\/2024\/10\/b14e48c82af327e07dd0d0ae7072f750-fiche-m-tier-responsable-qualit-industrie.webp","jetpack_sharing_enabled":true,"_links":{"self":[{"href":"https:\/\/atlantis-interim.com\/index.php\/wp-json\/wp\/v2\/posts\/5559","targetHints":{"allow":["GET"]}}],"collection":[{"href":"https:\/\/atlantis-interim.com\/index.php\/wp-json\/wp\/v2\/posts"}],"about":[{"href":"https:\/\/atlantis-interim.com\/index.php\/wp-json\/wp\/v2\/types\/post"}],"author":[{"embeddable":true,"href":"https:\/\/atlantis-interim.com\/index.php\/wp-json\/wp\/v2\/users\/1"}],"replies":[{"embeddable":true,"href":"https:\/\/atlantis-interim.com\/index.php\/wp-json\/wp\/v2\/comments?post=5559"}],"version-history":[{"count":1,"href":"https:\/\/atlantis-interim.com\/index.php\/wp-json\/wp\/v2\/posts\/5559\/revisions"}],"predecessor-version":[{"id":5644,"href":"https:\/\/atlantis-interim.com\/index.php\/wp-json\/wp\/v2\/posts\/5559\/revisions\/5644"}],"wp:featuredmedia":[{"embeddable":true,"href":"https:\/\/atlantis-interim.com\/index.php\/wp-json\/wp\/v2\/media\/5383"}],"wp:attachment":[{"href":"https:\/\/atlantis-interim.com\/index.php\/wp-json\/wp\/v2\/media?parent=5559"}],"wp:term":[{"taxonomy":"category","embeddable":true,"href":"https:\/\/atlantis-interim.com\/index.php\/wp-json\/wp\/v2\/categories?post=5559"},{"taxonomy":"post_tag","embeddable":true,"href":"https:\/\/atlantis-interim.com\/index.php\/wp-json\/wp\/v2\/tags?post=5559"}],"curies":[{"name":"wp","href":"https:\/\/api.w.org\/{rel}","templated":true}]}}