{"id":5560,"date":"2025-02-20T00:34:56","date_gmt":"2025-02-19T23:34:56","guid":{"rendered":"https:\/\/atlantis-interim.com\/index.php\/2025\/02\/03\/comparaison-des-couts-du-travail-travailleurs-interimaires-roumains-vs-travailleurs-francais\/"},"modified":"2025-02-28T17:52:43","modified_gmt":"2025-02-28T16:52:43","slug":"comparaison-des-couts-du-travail-travailleurs-interimaires-roumains-vs-travailleurs-francais","status":"publish","type":"post","link":"https:\/\/atlantis-interim.com\/index.php\/2025\/02\/20\/comparaison-des-couts-du-travail-travailleurs-interimaires-roumains-vs-travailleurs-francais\/","title":{"rendered":"Co\u00fbts du travail : int\u00e9rimaires roumains vs fran\u00e7ais"},"content":{"rendered":"\n<p>La question du co\u00fbt du travail est au c\u0153ur des d\u00e9bats \u00e9conomiques et sociaux, en particulier dans le contexte de la mondialisation et de la libre circulation des travailleurs au sein de l&#8217;Union Europ\u00e9enne. Dans ce cadre, la comparaison des co\u00fbts du travail entre les travailleurs <a href=\"https:\/\/atlantis-interim.com\/index.php\/2025\/02\/26\/lapport-des-interimaires-roumains-dans-lelevage-expertise-et-flexibilite-au-service-des-exploitations-europeennes\/\" data-internallinksmanager029f6b8e52c=\"2\" title=\"Interimaires Roumains\">int\u00e9rimaires roumains<\/a> et fran\u00e7ais soul\u00e8ve des enjeux importants, notamment pour les entreprises, les syndicats et les travailleurs eux-m\u00eames. Cet article propose une analyse d\u00e9taill\u00e9e de cette comparaison, en prenant en compte plusieurs dimensions du co\u00fbt du travail : les salaires, les charges sociales, les <a href=\"https:\/\/atlantis-interim.com\/index.php\/2024\/12\/06\/conditions-de-travail-des-interimaires-roumains-en-france\/\" data-type=\"post\" data-id=\"5467\">conditions de travail<\/a> et les facteurs externes influen\u00e7ant le march\u00e9 de l&#8217;emploi.<\/p>\n\n\n\n<h3 class=\"wp-block-heading\">1. <strong>Le co\u00fbt salarial : une diff\u00e9rence marqu\u00e9e<\/strong><\/h3>\n\n\n\n<p>Le co\u00fbt salarial, qui inclut le salaire brut pay\u00e9 par l&#8217;employeur, est souvent l&#8217;\u00e9l\u00e9ment central de la comparaison entre les travailleurs <a href=\"https:\/\/atlantis-interim.com\/index.php\/2025\/02\/26\/lapport-des-interimaires-roumains-dans-lelevage-expertise-et-flexibilite-au-service-des-exploitations-europeennes\/\" data-internallinksmanager029f6b8e52c=\"2\" title=\"Interimaires Roumains\">int\u00e9rimaires roumains<\/a> et fran\u00e7ais. En Europe, les diff\u00e9rences de salaires sont importantes en fonction des pays, et cette in\u00e9galit\u00e9 se refl\u00e8te particuli\u00e8rement dans le secteur de l&#8217;int\u00e9rim.<\/p>\n\n\n\n<h4 class=\"wp-block-heading\">1.1 <strong>Salaires des travailleurs int\u00e9rimaires roumains<\/strong><\/h4>\n\n\n\n<p>En Roumanie, les salaires sont globalement bien inf\u00e9rieurs \u00e0 ceux observ\u00e9s dans les pays de l&#8217;Europe de l&#8217;Ouest, en particulier la France. En 2023, le salaire moyen brut mensuel en Roumanie \u00e9tait d&#8217;environ 1 000 euros, ce qui est consid\u00e9rablement plus bas que celui des travailleurs fran\u00e7ais, qui oscillent autour de 2 500 euros en moyenne. Cette disparit\u00e9 salariale est \u00e9galement observable dans le secteur de l&#8217;int\u00e9rim, o\u00f9 les <a href=\"https:\/\/atlantis-interim.com\/index.php\/2024\/06\/14\/les-droits-des-travailleurs-roumains-detaches-en-matiere-de-sante-et-securite-au-travail\/\" data-internallinksmanager029f6b8e52c=\"4\" title=\"Travailleurs roumains\">travailleurs roumains<\/a> per\u00e7oivent souvent des salaires proches du salaire minimum, qui est d&#8217;environ 700 euros bruts par mois.<\/p>\n\n\n\n<p>Les travailleurs <a href=\"https:\/\/atlantis-interim.com\/index.php\/2025\/02\/26\/lapport-des-interimaires-roumains-dans-lelevage-expertise-et-flexibilite-au-service-des-exploitations-europeennes\/\" data-internallinksmanager029f6b8e52c=\"2\" title=\"Interimaires Roumains\">int\u00e9rimaires roumains<\/a>, qui partent souvent \u00e0 la recherche de meilleures opportunit\u00e9s \u00e9conomiques \u00e0 l&#8217;\u00e9tranger, acceptent des r\u00e9mun\u00e9rations inf\u00e9rieures \u00e0 celles des travailleurs fran\u00e7ais, ce qui constitue un atout pour les entreprises fran\u00e7aises qui embauchent des <a href=\"https:\/\/atlantis-interim.com\/index.php\/2025\/02\/25\/les-conditions-de-travail-des-interimaires-roumains-dans-lindustrie-realites-et-defis\/\" data-internallinksmanager029f6b8e52c=\"26\" title=\"int\u00e9rimaires\">int\u00e9rimaires<\/a>.<\/p>\n\n\n\n<figure class=\"wp-block-image size-large\"><img fetchpriority=\"high\" decoding=\"async\" width=\"1000\" height=\"667\" src=\"https:\/\/atlantis-interim.com\/wp-content\/uploads\/2024\/10\/Technicien-Chef-atelier.jpg\" alt=\"\" class=\"wp-image-5364\" srcset=\"https:\/\/atlantis-interim.com\/wp-content\/uploads\/2024\/10\/Technicien-Chef-atelier.jpg 1000w, https:\/\/atlantis-interim.com\/wp-content\/uploads\/2024\/10\/Technicien-Chef-atelier-300x200.jpg 300w, https:\/\/atlantis-interim.com\/wp-content\/uploads\/2024\/10\/Technicien-Chef-atelier-768x512.jpg 768w, https:\/\/atlantis-interim.com\/wp-content\/uploads\/2024\/10\/Technicien-Chef-atelier-600x400.jpg 600w\" sizes=\"(max-width: 1000px) 100vw, 1000px\" \/><\/figure>\n\n\n\n<h4 class=\"wp-block-heading\">1.2 <strong>Salaires des travailleurs int\u00e9rimaires fran\u00e7ais<\/strong><\/h4>\n\n\n\n<p>En France, le salaire des <a href=\"https:\/\/atlantis-interim.com\/index.php\/2025\/02\/21\/lintegration-des-travailleurs-interimaires-roumains-dans-le-tissu-industriel-local-defis-et-solutions\/\" data-internallinksmanager029f6b8e52c=\"20\" title=\"travailleurs int\u00e9rimaires\">travailleurs int\u00e9rimaires<\/a> varie en fonction du secteur d\u2019activit\u00e9 et du niveau de qualification. En 2023, le salaire horaire moyen d\u2019un int\u00e9rimaire fran\u00e7ais \u00e9tait d\u2019environ 11 \u00e0 13 euros brut, soit environ 1 700 \u00e0 2 000 euros brut par mois pour une semaine de travail compl\u00e8te. Bien s\u00fbr, ces chiffres peuvent varier selon l&#8217;industrie et la r\u00e9gion, mais ils restent globalement plus \u00e9lev\u00e9s que ceux des <a href=\"https:\/\/atlantis-interim.com\/index.php\/2024\/06\/14\/les-droits-des-travailleurs-roumains-detaches-en-matiere-de-sante-et-securite-au-travail\/\" data-internallinksmanager029f6b8e52c=\"4\" title=\"Travailleurs roumains\">travailleurs roumains<\/a>. Dans les secteurs comme la construction, l&#8217;agroalimentaire et l\u2019industrie automobile, o\u00f9 la demande de main-d&#8217;\u0153uvre int\u00e9rimaire est \u00e9lev\u00e9e, les salaires peuvent atteindre des niveaux plus \u00e9lev\u00e9s, parfois sup\u00e9rieurs \u00e0 2 500 euros bruts par mois.<\/p>\n\n\n\n<h4 class=\"wp-block-heading\">1.3 <strong>Impact des salaires sur le co\u00fbt du travail global<\/strong><\/h4>\n\n\n\n<p>La diff\u00e9rence de salaire brut entre les travailleurs <a href=\"https:\/\/atlantis-interim.com\/index.php\/2025\/02\/26\/lapport-des-interimaires-roumains-dans-lelevage-expertise-et-flexibilite-au-service-des-exploitations-europeennes\/\" data-internallinksmanager029f6b8e52c=\"2\" title=\"Interimaires Roumains\">int\u00e9rimaires roumains<\/a> et fran\u00e7ais entra\u00eene un \u00e9cart substantiel dans le co\u00fbt du travail pour les entreprises. Une entreprise qui emploie un int\u00e9rimaire roumain pour une mission en France peut r\u00e9aliser des \u00e9conomies substantielles en mati\u00e8re de co\u00fbts salariaux. Cependant, cet \u00e9cart salarial s\u2019accompagne souvent de co\u00fbts suppl\u00e9mentaires pour l\u2019entreprise, notamment en mati\u00e8re de gestion des risques li\u00e9s \u00e0 la qualit\u00e9 du travail, \u00e0 la fid\u00e9lisation des travailleurs et \u00e0 la formation.<\/p>\n\n\n\n<h3 class=\"wp-block-heading\">2. <strong>Les charges sociales et fiscales : un autre facteur cl\u00e9<\/strong><\/h3>\n\n\n\n<p>Les charges sociales repr\u00e9sentent une part importante du co\u00fbt du travail. Elles incluent les cotisations vers\u00e9es par l&#8217;employeur pour financer les assurances sociales (retraite, sant\u00e9, ch\u00f4mage, etc.), ainsi que les taxes fiscales.<\/p>\n\n\n\n<h4 class=\"wp-block-heading\">2.1 <strong>Charges sociales en Roumanie<\/strong><\/h4>\n\n\n\n<p>En Roumanie, les charges sociales sont globalement plus faibles que celles observ\u00e9es en France. En 2023, les cotisations sociales \u00e0 la charge de l\u2019employeur en Roumanie s&#8217;\u00e9levaient \u00e0 environ 2-3 % du salaire brut, ce qui constitue un faible pourcentage par rapport \u00e0 la France. Cela fait du march\u00e9 du travail roumain un atout pour les entreprises europ\u00e9ennes, qui peuvent b\u00e9n\u00e9ficier de charges sociales relativement faibles, tout en offrant des salaires comp\u00e9titifs par rapport \u00e0 d&#8217;autres pays de l&#8217;Union Europ\u00e9enne.<\/p>\n\n\n\n<h4 class=\"wp-block-heading\">2.2 <strong>Charges sociales en France<\/strong><\/h4>\n\n\n\n<p>En France, le co\u00fbt des charges sociales est beaucoup plus \u00e9lev\u00e9. Selon les secteurs et les types de contrats, les charges sociales peuvent repr\u00e9senter jusqu&#8217;\u00e0 40 \u00e0 45 % du salaire brut. Par exemple, pour un salaire brut de 2 000 euros, l&#8217;entreprise devra payer des charges sociales suppl\u00e9mentaires de l\u2019ordre de 800 \u00e0 900 euros. Cela rend les <a href=\"https:\/\/atlantis-interim.com\/index.php\/2025\/02\/21\/lintegration-des-travailleurs-interimaires-roumains-dans-le-tissu-industriel-local-defis-et-solutions\/\" data-internallinksmanager029f6b8e52c=\"20\" title=\"travailleurs int\u00e9rimaires\">travailleurs int\u00e9rimaires<\/a> fran\u00e7ais plus co\u00fbteux pour les entreprises par rapport \u00e0 leurs homologues roumains, m\u00eame si les salari\u00e9s fran\u00e7ais b\u00e9n\u00e9ficient de meilleures prestations sociales, telles que la couverture sant\u00e9, l&#8217;assurance ch\u00f4mage et la retraite.<\/p>\n\n\n\n<h4 class=\"wp-block-heading\">2.3 <strong>L\u2019effet de ces diff\u00e9rences sur les co\u00fbts totaux pour l\u2019entreprise<\/strong><\/h4>\n\n\n\n<p>Le co\u00fbt total du travail pour une entreprise employant des<a href=\"https:\/\/atlantis-interim.com\/\" data-type=\"page\" data-id=\"17\"> int\u00e9rimaires<\/a> varie donc consid\u00e9rablement en fonction des charges sociales. Pour une mission similaire, un travailleur int\u00e9rimaire roumain co\u00fbtera beaucoup moins cher en termes de charges sociales qu&#8217;un int\u00e9rimaire fran\u00e7ais. Cependant, cette \u00e9conomie peut \u00eatre contrebalanc\u00e9e par d&#8217;autres facteurs, comme les co\u00fbts logistiques, les co\u00fbts de formation ou les risques accrus li\u00e9s \u00e0 une main-d&#8217;\u0153uvre moins exp\u00e9riment\u00e9e.<\/p>\n\n\n\n<h3 class=\"wp-block-heading\">3. <strong>La qualit\u00e9 et la stabilit\u00e9 de l&#8217;emploi : un facteur d\u00e9terminant<\/strong><\/h3>\n\n\n\n<p>La qualit\u00e9 de l&#8217;emploi est un autre \u00e9l\u00e9ment important du co\u00fbt du travail. Il est bien connu que la stabilit\u00e9 et les conditions de travail jouent un r\u00f4le cl\u00e9 dans la productivit\u00e9 et la satisfaction des employ\u00e9s, et ces facteurs varient significativement entre les travailleurs <a href=\"https:\/\/atlantis-interim.com\/index.php\/2025\/02\/26\/lapport-des-interimaires-roumains-dans-lelevage-expertise-et-flexibilite-au-service-des-exploitations-europeennes\/\" data-internallinksmanager029f6b8e52c=\"2\" title=\"Interimaires Roumains\">int\u00e9rimaires roumains<\/a> et fran\u00e7ais.<\/p>\n\n\n\n<h4 class=\"wp-block-heading\">3.1 <strong>Les conditions de travail des int\u00e9rimaires roumains<\/strong><\/h4>\n\n\n\n<p>Les travailleurs <a href=\"https:\/\/atlantis-interim.com\/index.php\/2025\/02\/26\/lapport-des-interimaires-roumains-dans-lelevage-expertise-et-flexibilite-au-service-des-exploitations-europeennes\/\" data-internallinksmanager029f6b8e52c=\"2\" title=\"Interimaires Roumains\">int\u00e9rimaires roumains<\/a>, qui cherchent souvent des opportunit\u00e9s \u00e0 l\u2019\u00e9tranger, acceptent des conditions de travail qui peuvent \u00eatre plus difficiles que celles des travailleurs permanents. Dans de nombreux cas, les <a href=\"https:\/\/atlantis-interim.com\/index.php\/2025\/02\/26\/lapport-des-interimaires-roumains-dans-lelevage-expertise-et-flexibilite-au-service-des-exploitations-europeennes\/\" data-internallinksmanager029f6b8e52c=\"2\" title=\"Interimaires Roumains\">int\u00e9rimaires roumains<\/a> sont employ\u00e9s dans des secteurs \u00e0 haute demande de main-d&#8217;\u0153uvre, comme l&#8217;agroalimentaire ou la construction, o\u00f9 les horaires sont souvent longs et les conditions physiques de travail peuvent \u00eatre p\u00e9nibles. Les <a href=\"https:\/\/atlantis-interim.com\/index.php\/2024\/06\/14\/les-droits-des-travailleurs-roumains-detaches-en-matiere-de-sante-et-securite-au-travail\/\" data-internallinksmanager029f6b8e52c=\"4\" title=\"Travailleurs roumains\">travailleurs roumains<\/a> peuvent \u00e9galement faire face \u00e0 des discriminations ou \u00e0 des traitements in\u00e9gaux par rapport aux travailleurs locaux.<\/p>\n\n\n\n<figure class=\"wp-block-image\"><img decoding=\"async\" width=\"945\" height=\"458\" src=\"https:\/\/atlantis-interim.com\/wp-content\/uploads\/2024\/10\/AdobeStock_186127121.jpeg\" alt=\"\" class=\"wp-image-5363\" srcset=\"https:\/\/atlantis-interim.com\/wp-content\/uploads\/2024\/10\/AdobeStock_186127121.jpeg 945w, https:\/\/atlantis-interim.com\/wp-content\/uploads\/2024\/10\/AdobeStock_186127121-300x145.jpeg 300w, https:\/\/atlantis-interim.com\/wp-content\/uploads\/2024\/10\/AdobeStock_186127121-768x372.jpeg 768w, https:\/\/atlantis-interim.com\/wp-content\/uploads\/2024\/10\/AdobeStock_186127121-600x291.jpeg 600w\" sizes=\"(max-width: 945px) 100vw, 945px\" \/><\/figure>\n\n\n\n<h4 class=\"wp-block-heading\">3.2 <strong>Les conditions de travail des int\u00e9rimaires fran\u00e7ais<\/strong><\/h4>\n\n\n\n<p>Les <a href=\"https:\/\/atlantis-interim.com\/index.php\/2025\/02\/21\/lintegration-des-travailleurs-interimaires-roumains-dans-le-tissu-industriel-local-defis-et-solutions\/\" data-internallinksmanager029f6b8e52c=\"20\" title=\"travailleurs int\u00e9rimaires\">travailleurs int\u00e9rimaires<\/a> fran\u00e7ais b\u00e9n\u00e9ficient en g\u00e9n\u00e9ral de meilleures conditions de travail en termes de s\u00e9curit\u00e9, de droits sociaux et de formations professionnelles. Ils ont droit \u00e0 une r\u00e9mun\u00e9ration plus \u00e9lev\u00e9e, \u00e0 une couverture sociale \u00e9tendue et \u00e0 un acc\u00e8s \u00e0 des protections en cas de licenciement ou de perte d\u2019emploi. Toutefois, ils ne sont pas \u00e0 l&#8217;abri des conditions difficiles, surtout dans les secteurs \u00e0 forte demande de main-d&#8217;\u0153uvre comme l&#8217;int\u00e9rim industriel. La protection des <a href=\"https:\/\/atlantis-interim.com\/index.php\/2025\/02\/21\/lintegration-des-travailleurs-interimaires-roumains-dans-le-tissu-industriel-local-defis-et-solutions\/\" data-internallinksmanager029f6b8e52c=\"20\" title=\"travailleurs int\u00e9rimaires\">travailleurs int\u00e9rimaires<\/a> fran\u00e7ais est assur\u00e9e par des conventions collectives et par les syndicats, qui d\u00e9fendent leurs droits au niveau national.<\/p>\n\n\n\n<h4 class=\"wp-block-heading\">3.3 <strong>L\u2019impact de la qualit\u00e9 de l&#8217;emploi sur le co\u00fbt pour l&#8217;entreprise<\/strong><\/h4>\n\n\n\n<p>Les diff\u00e9rences de qualit\u00e9 de l&#8217;emploi entre les travailleurs <a href=\"https:\/\/atlantis-interim.com\/index.php\/2025\/02\/26\/lapport-des-interimaires-roumains-dans-lelevage-expertise-et-flexibilite-au-service-des-exploitations-europeennes\/\" data-internallinksmanager029f6b8e52c=\"2\" title=\"Interimaires Roumains\">int\u00e9rimaires roumains<\/a> et fran\u00e7ais peuvent avoir des r\u00e9percussions importantes sur la productivit\u00e9 et le turnover. Les <a href=\"https:\/\/atlantis-interim.com\/index.php\/2024\/06\/14\/les-droits-des-travailleurs-roumains-detaches-en-matiere-de-sante-et-securite-au-travail\/\" data-internallinksmanager029f6b8e52c=\"4\" title=\"Travailleurs roumains\">travailleurs roumains<\/a>, souvent moins exp\u00e9riment\u00e9s et moins form\u00e9s, peuvent \u00eatre moins efficaces que leurs homologues fran\u00e7ais. Cela peut entra\u00eener des co\u00fbts suppl\u00e9mentaires pour l\u2019entreprise en termes de formation, de supervision et de gestion des risques. En revanche, les travailleurs fran\u00e7ais, bien que plus co\u00fbteux, b\u00e9n\u00e9ficient souvent de meilleures qualifications et d&#8217;une plus grande stabilit\u00e9, ce qui peut r\u00e9duire le taux de turnover et les co\u00fbts li\u00e9s \u00e0 la gestion des ressources humaines.<\/p>\n\n\n\n<h3 class=\"wp-block-heading\">4. <strong>Autres facteurs influen\u00e7ant les co\u00fbts du travail<\/strong><\/h3>\n\n\n\n<p>Au-del\u00e0 des salaires et des charges sociales, plusieurs autres facteurs influencent le co\u00fbt du travail des <a href=\"https:\/\/atlantis-interim.com\/index.php\/2025\/02\/26\/lapport-des-interimaires-roumains-dans-lelevage-expertise-et-flexibilite-au-service-des-exploitations-europeennes\/\" data-internallinksmanager029f6b8e52c=\"2\" title=\"Interimaires Roumains\">int\u00e9rimaires roumains<\/a> et fran\u00e7ais, notamment :<\/p>\n\n\n\n<ul class=\"wp-block-list\">\n<li><strong>Les co\u00fbts de mobilit\u00e9<\/strong> : Les travailleurs <a href=\"https:\/\/atlantis-interim.com\/index.php\/2025\/02\/26\/lapport-des-interimaires-roumains-dans-lelevage-expertise-et-flexibilite-au-service-des-exploitations-europeennes\/\" data-internallinksmanager029f6b8e52c=\"2\" title=\"Interimaires Roumains\">int\u00e9rimaires roumains<\/a> qui viennent en France peuvent avoir des co\u00fbts de d\u00e9placement et de logement \u00e0 prendre en compte. Ces co\u00fbts peuvent parfois \u00eatre pris en charge par l\u2019employeur, mais ils peuvent aussi r\u00e9duire l&#8217;attractivit\u00e9 de l&#8217;emploi pour certains travailleurs.<\/li>\n\n\n\n<li><strong>Les comp\u00e9tences et la formation<\/strong> : Les <a href=\"https:\/\/atlantis-interim.com\/index.php\/2025\/02\/21\/lintegration-des-travailleurs-interimaires-roumains-dans-le-tissu-industriel-local-defis-et-solutions\/\" data-internallinksmanager029f6b8e52c=\"20\" title=\"travailleurs int\u00e9rimaires\">travailleurs int\u00e9rimaires<\/a> fran\u00e7ais b\u00e9n\u00e9ficient souvent de formations professionnelles adapt\u00e9es, ce qui peut rendre leur travail plus efficient et r\u00e9duire les risques d\u2019accidents ou d&#8217;erreurs. Les <a href=\"https:\/\/atlantis-interim.com\/index.php\/2024\/06\/14\/les-droits-des-travailleurs-roumains-detaches-en-matiere-de-sante-et-securite-au-travail\/\" data-internallinksmanager029f6b8e52c=\"4\" title=\"Travailleurs roumains\">travailleurs roumains<\/a>, quant \u00e0 eux, peuvent n\u00e9cessiter davantage de formation, surtout s&#8217;ils ne sont pas familiers avec les sp\u00e9cificit\u00e9s du march\u00e9 fran\u00e7ais.<\/li>\n\n\n\n<li><strong>La r\u00e9glementation du travail<\/strong> : Les r\u00e9glementations du travail en France sont plus strictes que celles en vigueur en Roumanie. Les protections des travailleurs fran\u00e7ais, en termes de s\u00e9curit\u00e9, de temps de travail et de conditions de travail, sont plus compl\u00e8tes. En revanche, les travailleurs <a href=\"https:\/\/atlantis-interim.com\/index.php\/2025\/02\/26\/lapport-des-interimaires-roumains-dans-lelevage-expertise-et-flexibilite-au-service-des-exploitations-europeennes\/\" data-internallinksmanager029f6b8e52c=\"2\" title=\"Interimaires Roumains\">int\u00e9rimaires roumains<\/a> peuvent parfois \u00eatre soumis \u00e0 des contrats moins protecteurs.<\/li>\n<\/ul>\n\n\n\n<h3 class=\"wp-block-heading\">5. <strong>Conclusion<\/strong><\/h3>\n\n\n\n<p>En somme, le co\u00fbt du travail des travailleurs <a href=\"https:\/\/atlantis-interim.com\/index.php\/2025\/02\/26\/lapport-des-interimaires-roumains-dans-lelevage-expertise-et-flexibilite-au-service-des-exploitations-europeennes\/\" data-internallinksmanager029f6b8e52c=\"2\" title=\"Interimaires Roumains\">int\u00e9rimaires roumains<\/a> est globalement inf\u00e9rieur \u00e0 celui des <a href=\"https:\/\/atlantis-interim.com\/index.php\/2025\/02\/21\/lintegration-des-travailleurs-interimaires-roumains-dans-le-tissu-industriel-local-defis-et-solutions\/\" data-internallinksmanager029f6b8e52c=\"20\" title=\"travailleurs int\u00e9rimaires\">travailleurs int\u00e9rimaires<\/a> fran\u00e7ais, en raison des diff\u00e9rences de salaires et de charges sociales. Cependant, cette diff\u00e9rence s\u2019accompagne de d\u00e9fis sp\u00e9cifiques, notamment en termes de qualit\u00e9 du travail et de stabilit\u00e9 de l\u2019emploi. Les entreprises peuvent \u00eatre tent\u00e9es par les co\u00fbts plus bas des <a href=\"https:\/\/atlantis-interim.com\/index.php\/2024\/06\/14\/les-droits-des-travailleurs-roumains-detaches-en-matiere-de-sante-et-securite-au-travail\/\" data-internallinksmanager029f6b8e52c=\"4\" title=\"Travailleurs roumains\">travailleurs roumains<\/a>, mais elles doivent \u00e9galement prendre en compte les co\u00fbts cach\u00e9s li\u00e9s \u00e0 la gestion des risques et \u00e0 la formation. Pour les travailleurs eux-m\u00eames, la comparaison des co\u00fbts du travail met en lumi\u00e8re les disparit\u00e9s importantes en mati\u00e8re de conditions de vie et de s\u00e9curit\u00e9 au travail. La question du co\u00fbt du travail ne se limite donc pas \u00e0 une simple analyse salariale, mais doit int\u00e9grer l\u2019ensemble des dimensions \u00e9conomiques, sociales et humaines.<\/p>\n\n\n\n<p><\/p>\n","protected":false},"excerpt":{"rendered":"<p>Comparaison des co\u00fbts du travail : travailleurs int\u00e9rimaires roumains vs travailleurs fran\u00e7ais, analyse des diff\u00e9rences salariales et des avantages pour les entreprises. <\/p>\n","protected":false},"author":1,"featured_media":5351,"comment_status":"open","ping_status":"open","sticky":false,"template":"","format":"standard","meta":{"_monsterinsights_skip_tracking":false,"_monsterinsights_sitenote_active":false,"_monsterinsights_sitenote_note":"","_monsterinsights_sitenote_category":0,"_jetpack_memberships_contains_paid_content":false,"wds_primary_category":0,"footnotes":""},"categories":[1,95],"tags":[159,79,157],"class_list":["post-5560","post","type-post","status-publish","format-standard","has-post-thumbnail","hentry","category-blog","category-industrie","tag-agence-interim-europeene","tag-agence-interim-roumanie","tag-agence-interim-travailleur-etranger","th-blog blog-single has-post-thumbnail"],"aioseo_notices":[],"jetpack_featured_media_url":"https:\/\/atlantis-interim.com\/wp-content\/uploads\/2024\/10\/electricien-industriel-quebec.jpg","jetpack_sharing_enabled":true,"_links":{"self":[{"href":"https:\/\/atlantis-interim.com\/index.php\/wp-json\/wp\/v2\/posts\/5560","targetHints":{"allow":["GET"]}}],"collection":[{"href":"https:\/\/atlantis-interim.com\/index.php\/wp-json\/wp\/v2\/posts"}],"about":[{"href":"https:\/\/atlantis-interim.com\/index.php\/wp-json\/wp\/v2\/types\/post"}],"author":[{"embeddable":true,"href":"https:\/\/atlantis-interim.com\/index.php\/wp-json\/wp\/v2\/users\/1"}],"replies":[{"embeddable":true,"href":"https:\/\/atlantis-interim.com\/index.php\/wp-json\/wp\/v2\/comments?post=5560"}],"version-history":[{"count":1,"href":"https:\/\/atlantis-interim.com\/index.php\/wp-json\/wp\/v2\/posts\/5560\/revisions"}],"predecessor-version":[{"id":5646,"href":"https:\/\/atlantis-interim.com\/index.php\/wp-json\/wp\/v2\/posts\/5560\/revisions\/5646"}],"wp:featuredmedia":[{"embeddable":true,"href":"https:\/\/atlantis-interim.com\/index.php\/wp-json\/wp\/v2\/media\/5351"}],"wp:attachment":[{"href":"https:\/\/atlantis-interim.com\/index.php\/wp-json\/wp\/v2\/media?parent=5560"}],"wp:term":[{"taxonomy":"category","embeddable":true,"href":"https:\/\/atlantis-interim.com\/index.php\/wp-json\/wp\/v2\/categories?post=5560"},{"taxonomy":"post_tag","embeddable":true,"href":"https:\/\/atlantis-interim.com\/index.php\/wp-json\/wp\/v2\/tags?post=5560"}],"curies":[{"name":"wp","href":"https:\/\/api.w.org\/{rel}","templated":true}]}}