{"id":5569,"date":"2025-02-24T19:57:06","date_gmt":"2025-02-24T18:57:06","guid":{"rendered":"https:\/\/atlantis-interim.com\/index.php\/2025\/02\/12\/les-travailleurs-roumains-dans-la-culture-cerealiere-un-soutien-indispensable-pour-les-grandes-exploitations-agricoles\/"},"modified":"2025-02-28T17:17:58","modified_gmt":"2025-02-28T16:17:58","slug":"les-travailleurs-roumains-dans-la-culture-cerealiere-un-soutien-indispensable-pour-les-grandes-exploitations-agricoles","status":"publish","type":"post","link":"https:\/\/atlantis-interim.com\/index.php\/2025\/02\/24\/les-travailleurs-roumains-dans-la-culture-cerealiere-un-soutien-indispensable-pour-les-grandes-exploitations-agricoles\/","title":{"rendered":"Les travailleurs roumains dans la culture c\u00e9r\u00e9ali\u00e8re"},"content":{"rendered":"\n<p>L\u2019<a href=\"https:\/\/atlantis-interim.com\/index.php\/category\/agriculture\/\" data-type=\"category\" data-id=\"163\">agriculture<\/a> c\u00e9r\u00e9ali\u00e8re joue un r\u00f4le fondamental dans l\u2019\u00e9conomie europ\u00e9enne, assurant l\u2019approvisionnement en bl\u00e9, ma\u00efs, orge et autres cultures essentielles pour l\u2019alimentation humaine et animale. Cependant, ce secteur fait face \u00e0 des d\u00e9fis croissants, notamment une p\u00e9nurie de <a href=\"https:\/\/atlantis-interim.com\/index.php\/2025\/02\/16\/travail-detache-roumain-dans-la-viticulture-une-main-doeuvre-qualifiee-pour-les-vendanges-et-lentretien-des-vignes\/\" data-internallinksmanager029f6b8e52c=\"21\" title=\"main-d\u2019\u0153uvre qualifi\u00e9e\">main-d\u2019\u0153uvre qualifi\u00e9e<\/a> et une demande accrue de flexibilit\u00e9 dans la gestion des effectifs.<\/p>\n\n\n\n<p>Dans ce contexte, les <a href=\"https:\/\/atlantis-interim.com\/index.php\/2024\/06\/14\/les-droits-des-travailleurs-roumains-detaches-en-matiere-de-sante-et-securite-au-travail\/\" data-internallinksmanager029f6b8e52c=\"4\" title=\"Travailleurs roumains\">travailleurs roumains<\/a> en int\u00e9rim se sont impos\u00e9s comme un <strong>maillon essentiel<\/strong> du fonctionnement des grandes exploitations agricoles. Gr\u00e2ce \u00e0 leur expertise, leur capacit\u00e9 d\u2019adaptation et leur disponibilit\u00e9 saisonni\u00e8re, ils contribuent significativement aux diff\u00e9rentes \u00e9tapes de la production c\u00e9r\u00e9ali\u00e8re, du semis \u00e0 la r\u00e9colte.<\/p>\n\n\n\n<p>Cet article explore le r\u00f4le cl\u00e9 des <a href=\"https:\/\/atlantis-interim.com\/index.php\/all-services\/interimaire-dans-agriculture\/\" data-type=\"konta_service\" data-id=\"4879\">ouvriers agricoles roumains<\/a> dans la culture c\u00e9r\u00e9ali\u00e8re, les comp\u00e9tences qu\u2019ils apportent, les avantages pour les exploitations et les d\u00e9fis li\u00e9s \u00e0 leur int\u00e9gration.<\/p>\n\n\n\n<hr class=\"wp-block-separator has-alpha-channel-opacity\"\/>\n\n\n\n<h2 class=\"wp-block-heading\"><strong>1. L\u2019importance de la culture c\u00e9r\u00e9ali\u00e8re en Europe<\/strong><\/h2>\n\n\n\n<h3 class=\"wp-block-heading\"><strong>1.1. Un secteur strat\u00e9gique pour l\u2019alimentation et l\u2019\u00e9conomie<\/strong><\/h3>\n\n\n\n<p>Les c\u00e9r\u00e9ales occupent une place centrale dans l\u2019agriculture europ\u00e9enne. Selon la Commission europ\u00e9enne, la production c\u00e9r\u00e9ali\u00e8re d\u00e9passe <strong>270 millions de tonnes par an<\/strong>, repr\u00e9sentant un secteur cl\u00e9 pour :<\/p>\n\n\n\n<ul class=\"wp-block-list\">\n<li><strong>L\u2019alimentation humaine<\/strong>, avec le bl\u00e9 servant \u00e0 la fabrication du pain, des p\u00e2tes et d\u2019autres produits de base.<\/li>\n\n\n\n<li><strong>L\u2019alimentation animale<\/strong>, o\u00f9 le ma\u00efs et l\u2019orge sont essentiels pour l\u2019\u00e9levage.<\/li>\n\n\n\n<li><strong>Les biocarburants et l\u2019industrie agroalimentaire<\/strong>, qui utilisent des c\u00e9r\u00e9ales pour la production de bio\u00e9thanol et d\u2019amidons industriels.<\/li>\n<\/ul>\n\n\n\n<h3 class=\"wp-block-heading\"><strong>1.2. Des d\u00e9fis majeurs pour les exploitations c\u00e9r\u00e9ali\u00e8res<\/strong><\/h3>\n\n\n\n<p>Les grandes exploitations c\u00e9r\u00e9ali\u00e8res doivent faire face \u00e0 plusieurs enjeux :<\/p>\n\n\n\n<ul class=\"wp-block-list\">\n<li><strong>Une forte saisonnalit\u00e9<\/strong>, n\u00e9cessitant un pic de main-d\u2019\u0153uvre pendant les semis et les r\u00e9coltes.<\/li>\n\n\n\n<li><strong>Le vieillissement de la main-d\u2019\u0153uvre locale<\/strong> et le manque de <a href=\"https:\/\/atlantis-interim.com\/\" data-type=\"page\" data-id=\"17\">travailleurs qualifi\u00e9<\/a>s.<\/li>\n\n\n\n<li><strong>Des exigences croissantes en mati\u00e8re de m\u00e9canisation et de pr\u00e9cision agricole<\/strong>.<\/li>\n<\/ul>\n\n\n\n<p>Face \u00e0 ces d\u00e9fis, le recours \u00e0 des travailleurs \u00e9trangers qualifi\u00e9s, notamment roumains, est devenu une solution incontournable.<\/p>\n\n\n\n<figure class=\"wp-block-image size-large\"><img fetchpriority=\"high\" decoding=\"async\" width=\"1023\" height=\"581\" src=\"https:\/\/atlantis-interim.com\/wp-content\/uploads\/2024\/11\/travail-australie.jpg\" alt=\"\" class=\"wp-image-5450\" srcset=\"https:\/\/atlantis-interim.com\/wp-content\/uploads\/2024\/11\/travail-australie.jpg 1023w, https:\/\/atlantis-interim.com\/wp-content\/uploads\/2024\/11\/travail-australie-300x170.jpg 300w, https:\/\/atlantis-interim.com\/wp-content\/uploads\/2024\/11\/travail-australie-768x436.jpg 768w, https:\/\/atlantis-interim.com\/wp-content\/uploads\/2024\/11\/travail-australie-600x341.jpg 600w\" sizes=\"(max-width: 1023px) 100vw, 1023px\" \/><\/figure>\n\n\n\n<hr class=\"wp-block-separator has-alpha-channel-opacity\"\/>\n\n\n\n<h2 class=\"wp-block-heading\"><strong>2. Le r\u00f4le cl\u00e9 des travailleurs roumains dans la culture c\u00e9r\u00e9ali\u00e8re<\/strong><\/h2>\n\n\n\n<p>Les <a href=\"https:\/\/atlantis-interim.com\/index.php\/2024\/06\/14\/les-droits-des-travailleurs-roumains-detaches-en-matiere-de-sante-et-securite-au-travail\/\" data-internallinksmanager029f6b8e52c=\"4\" title=\"Travailleurs roumains\">travailleurs roumains<\/a> interviennent \u00e0 diff\u00e9rentes \u00e9tapes du cycle de production c\u00e9r\u00e9ali\u00e8re.<\/p>\n\n\n\n<h3 class=\"wp-block-heading\"><strong>2.1. Les semis et la pr\u00e9paration des sols<\/strong><\/h3>\n\n\n\n<p>La phase de semis est essentielle pour garantir un bon rendement. Les <a href=\"https:\/\/atlantis-interim.com\/index.php\/2025\/02\/17\/les-ouvriers-roumains-dans-lagriculture-biologique-un-levier-pour-une-production-durable-en-europe\/\" data-internallinksmanager029f6b8e52c=\"25\" title=\"ouvriers\">ouvriers<\/a> roumains participent \u00e0 :<\/p>\n\n\n\n<ul class=\"wp-block-list\">\n<li><strong>La pr\u00e9paration des sols<\/strong>, en utilisant des outils m\u00e9caniques et en suivant les directives agronomiques.<\/li>\n\n\n\n<li><strong>L\u2019ensemencement avec des machines modernes<\/strong>, n\u00e9cessitant une bonne ma\u00eetrise des \u00e9quipements agricoles.<\/li>\n\n\n\n<li><strong>Le contr\u00f4le et la maintenance des semoirs et tracteurs<\/strong>, une comp\u00e9tence pr\u00e9cieuse dans les exploitations m\u00e9canis\u00e9es.<\/li>\n<\/ul>\n\n\n\n<h3 class=\"wp-block-heading\"><strong>2.2. L\u2019entretien des cultures et la gestion des maladies<\/strong><\/h3>\n\n\n\n<p>Une fois les c\u00e9r\u00e9ales plant\u00e9es, un suivi rigoureux est n\u00e9cessaire pour maximiser la production. Les <a href=\"https:\/\/atlantis-interim.com\/index.php\/2025\/02\/26\/lapport-des-interimaires-roumains-dans-lelevage-expertise-et-flexibilite-au-service-des-exploitations-europeennes\/\" data-internallinksmanager029f6b8e52c=\"2\" title=\"Interimaires Roumains\">int\u00e9rimaires roumains<\/a> sont souvent impliqu\u00e9s dans :<\/p>\n\n\n\n<ul class=\"wp-block-list\">\n<li><strong>Le d\u00e9sherbage manuel ou m\u00e9canique<\/strong>, garantissant une croissance optimale.<\/li>\n\n\n\n<li><strong>L\u2019application des traitements phytosanitaires<\/strong>, en respectant les normes europ\u00e9ennes.<\/li>\n\n\n\n<li><strong>La surveillance des cultures<\/strong>, pour d\u00e9tecter pr\u00e9cocement les maladies et ravageurs.<\/li>\n<\/ul>\n\n\n\n<h3 class=\"wp-block-heading\"><strong>2.3. La r\u00e9colte et le stockage des c\u00e9r\u00e9ales<\/strong><\/h3>\n\n\n\n<p>La moisson est l\u2019\u00e9tape la plus critique du cycle c\u00e9r\u00e9aIier, n\u00e9cessitant une main-d\u2019\u0153uvre qualifi\u00e9e et r\u00e9active. Les <a href=\"https:\/\/atlantis-interim.com\/index.php\/2025\/02\/17\/les-ouvriers-roumains-dans-lagriculture-biologique-un-levier-pour-une-production-durable-en-europe\/\" data-internallinksmanager029f6b8e52c=\"25\" title=\"ouvriers\">ouvriers<\/a> roumains occupent des postes vari\u00e9s :<\/p>\n\n\n\n<ul class=\"wp-block-list\">\n<li><strong>Conducteurs de moissonneuses-batteuses et de tracteurs<\/strong>, manipulant des engins sophistiqu\u00e9s.<\/li>\n\n\n\n<li><strong><a href=\"https:\/\/atlantis-interim.com\/index.php\/2025\/02\/17\/les-ouvriers-roumains-dans-lagriculture-biologique-un-levier-pour-une-production-durable-en-europe\/\" data-internallinksmanager029f6b8e52c=\"25\" title=\"ouvriers\">Ouvriers<\/a> de tri et de stockage<\/strong>, supervisant le conditionnement des grains.<\/li>\n\n\n\n<li><strong>Op\u00e9rateurs de s\u00e9chage des c\u00e9r\u00e9ales<\/strong>, une phase cruciale pour assurer la conservation du rendement.<\/li>\n<\/ul>\n\n\n\n<h3 class=\"wp-block-heading\"><strong>2.4. La logistique et l\u2019exportation<\/strong><\/h3>\n\n\n\n<p>Les grandes exploitations c\u00e9r\u00e9ali\u00e8res exportent souvent leur production. Les <a href=\"https:\/\/atlantis-interim.com\/index.php\/2024\/06\/14\/les-droits-des-travailleurs-roumains-detaches-en-matiere-de-sante-et-securite-au-travail\/\" data-internallinksmanager029f6b8e52c=\"4\" title=\"Travailleurs roumains\">travailleurs roumains<\/a> participent \u00e0 :<\/p>\n\n\n\n<ul class=\"wp-block-list\">\n<li><strong>Le transport des grains vers les silos et les march\u00e9s internationaux<\/strong>.<\/li>\n\n\n\n<li><strong>Le conditionnement des c\u00e9r\u00e9ales selon les normes de qualit\u00e9<\/strong>.<\/li>\n\n\n\n<li><strong>La gestion des stocks et le suivi des commandes<\/strong>.<\/li>\n<\/ul>\n\n\n\n<hr class=\"wp-block-separator has-alpha-channel-opacity\"\/>\n\n\n\n<h2 class=\"wp-block-heading\"><strong>3. Pourquoi recruter des travailleurs roumains en int\u00e9rim dans la culture c\u00e9r\u00e9ali\u00e8re ?<\/strong><\/h2>\n\n\n\n<h3 class=\"wp-block-heading\"><strong>3.1. Une main-d\u2019\u0153uvre qualifi\u00e9e et exp\u00e9riment\u00e9e<\/strong><\/h3>\n\n\n\n<figure class=\"wp-block-image\"><img decoding=\"async\" width=\"964\" height=\"642\" src=\"https:\/\/atlantis-interim.com\/wp-content\/uploads\/2024\/11\/2775146-un-ingenieur-agronome-concoit-et-met-en-oeuvre-des-solutions-techniques-et-durables-pour-ameliorer-la-production-agricole-tout-en-preservant.jpeg\" alt=\"\" class=\"wp-image-5436\" srcset=\"https:\/\/atlantis-interim.com\/wp-content\/uploads\/2024\/11\/2775146-un-ingenieur-agronome-concoit-et-met-en-oeuvre-des-solutions-techniques-et-durables-pour-ameliorer-la-production-agricole-tout-en-preservant.jpeg 964w, https:\/\/atlantis-interim.com\/wp-content\/uploads\/2024\/11\/2775146-un-ingenieur-agronome-concoit-et-met-en-oeuvre-des-solutions-techniques-et-durables-pour-ameliorer-la-production-agricole-tout-en-preservant-300x200.jpeg 300w, https:\/\/atlantis-interim.com\/wp-content\/uploads\/2024\/11\/2775146-un-ingenieur-agronome-concoit-et-met-en-oeuvre-des-solutions-techniques-et-durables-pour-ameliorer-la-production-agricole-tout-en-preservant-768x511.jpeg 768w, https:\/\/atlantis-interim.com\/wp-content\/uploads\/2024\/11\/2775146-un-ingenieur-agronome-concoit-et-met-en-oeuvre-des-solutions-techniques-et-durables-pour-ameliorer-la-production-agricole-tout-en-preservant-600x400.jpeg 600w\" sizes=\"(max-width: 964px) 100vw, 964px\" \/><\/figure>\n\n\n\n<p>La Roumanie poss\u00e8de une forte tradition agricole, et de nombreux <a href=\"https:\/\/atlantis-interim.com\/index.php\/2025\/02\/17\/les-ouvriers-roumains-dans-lagriculture-biologique-un-levier-pour-une-production-durable-en-europe\/\" data-internallinksmanager029f6b8e52c=\"25\" title=\"ouvriers\">ouvriers<\/a> ont d\u00e9j\u00e0 une exp\u00e9rience dans la culture c\u00e9r\u00e9ali\u00e8re. Ils ma\u00eetrisent :<\/p>\n\n\n\n<ul class=\"wp-block-list\">\n<li><strong>L\u2019utilisation des engins agricoles modernes<\/strong>.<\/li>\n\n\n\n<li><strong>Les techniques de semis, d\u2019entretien et de r\u00e9colte adapt\u00e9es aux climats europ\u00e9ens<\/strong>.<\/li>\n\n\n\n<li><strong>Les normes de s\u00e9curit\u00e9 et de tra\u00e7abilit\u00e9 des produits agricoles<\/strong>.<\/li>\n<\/ul>\n\n\n\n<h3 class=\"wp-block-heading\"><strong>3.2. Une flexibilit\u00e9 adapt\u00e9e aux besoins des exploitations<\/strong><\/h3>\n\n\n\n<p>Les travailleurs <a href=\"https:\/\/atlantis-interim.com\/index.php\/2025\/02\/26\/lapport-des-interimaires-roumains-dans-lelevage-expertise-et-flexibilite-au-service-des-exploitations-europeennes\/\" data-internallinksmanager029f6b8e52c=\"2\" title=\"Interimaires Roumains\">int\u00e9rimaires roumains<\/a> permettent aux exploitations c\u00e9r\u00e9ali\u00e8res de :<\/p>\n\n\n\n<ul class=\"wp-block-list\">\n<li><strong>Augmenter leurs effectifs en p\u00e9riode de forte activit\u00e9<\/strong>.<\/li>\n\n\n\n<li><strong>R\u00e9duire les co\u00fbts fixes li\u00e9s \u00e0 l\u2019embauche permanente<\/strong>.<\/li>\n\n\n\n<li><strong>Adapter rapidement le personnel aux exigences de la production<\/strong>.<\/li>\n<\/ul>\n\n\n\n<h3 class=\"wp-block-heading\"><strong>3.3. Une r\u00e9ponse \u00e0 la p\u00e9nurie de main-d\u2019\u0153uvre locale<\/strong><\/h3>\n\n\n\n<p>Avec la baisse du nombre d\u2019agriculteurs en Europe de l\u2019Ouest, les <a href=\"https:\/\/atlantis-interim.com\/index.php\/2024\/06\/14\/les-droits-des-travailleurs-roumains-detaches-en-matiere-de-sante-et-securite-au-travail\/\" data-internallinksmanager029f6b8e52c=\"4\" title=\"Travailleurs roumains\">travailleurs roumains<\/a> comblent un vide crucial, garantissant la continuit\u00e9 des activit\u00e9s c\u00e9r\u00e9ali\u00e8res.<\/p>\n\n\n\n<hr class=\"wp-block-separator has-alpha-channel-opacity\"\/>\n\n\n\n<h2 class=\"wp-block-heading\"><strong>4. D\u00e9fis et perspectives pour les travailleurs roumains dans la culture c\u00e9r\u00e9ali\u00e8re<\/strong><\/h2>\n\n\n\n<h3 class=\"wp-block-heading\"><strong>4.1. Les d\u00e9fis \u00e0 relever<\/strong><\/h3>\n\n\n\n<p>Malgr\u00e9 leur importance, les <a href=\"https:\/\/atlantis-interim.com\/index.php\/2024\/06\/14\/les-droits-des-travailleurs-roumains-detaches-en-matiere-de-sante-et-securite-au-travail\/\" data-internallinksmanager029f6b8e52c=\"4\" title=\"Travailleurs roumains\">travailleurs roumains<\/a> font face \u00e0 plusieurs d\u00e9fis :<\/p>\n\n\n\n<ul class=\"wp-block-list\">\n<li><strong>L\u2019acc\u00e8s aux formations sp\u00e9cialis\u00e9es<\/strong>, notamment pour l\u2019utilisation des nouvelles technologies agricoles.<\/li>\n\n\n\n<li><strong>Les conditions de travail parfois exigeantes<\/strong>, avec des journ\u00e9es longues pendant la saison des r\u00e9coltes.<\/li>\n\n\n\n<li><strong>Les questions de logement et d\u2019int\u00e9gration<\/strong>, qui n\u00e9cessitent un accompagnement des employeurs.<\/li>\n<\/ul>\n\n\n\n<h3 class=\"wp-block-heading\"><strong>4.2. Les perspectives d\u2019avenir<\/strong><\/h3>\n\n\n\n<p>Avec l\u2019essor de l\u2019<strong>agriculture de pr\u00e9cision<\/strong> et de la <strong>robotisation<\/strong>, la culture c\u00e9r\u00e9ali\u00e8re continue d\u2019\u00e9voluer. Les <a href=\"https:\/\/atlantis-interim.com\/index.php\/2024\/06\/14\/les-droits-des-travailleurs-roumains-detaches-en-matiere-de-sante-et-securite-au-travail\/\" data-internallinksmanager029f6b8e52c=\"4\" title=\"Travailleurs roumains\">travailleurs roumains<\/a> auront un r\u00f4le cl\u00e9 \u00e0 jouer dans :<\/p>\n\n\n\n<ul class=\"wp-block-list\">\n<li><strong>L\u2019utilisation des drones et des capteurs intelligents pour le suivi des cultures<\/strong>.<\/li>\n\n\n\n<li><strong>L\u2019automatisation des moissonneuses-batteuses et des syst\u00e8mes d\u2019irrigation<\/strong>.<\/li>\n\n\n\n<li><strong>Le d\u00e9veloppement des pratiques durables, comme l\u2019agriculture r\u00e9g\u00e9n\u00e9rative<\/strong>.<\/li>\n<\/ul>\n\n\n\n<hr class=\"wp-block-separator has-alpha-channel-opacity\"\/>\n\n\n\n<h2 class=\"wp-block-heading\"><strong>Conclusion<\/strong><\/h2>\n\n\n\n<p>Les <a href=\"https:\/\/atlantis-interim.com\/index.php\/2024\/06\/14\/les-droits-des-travailleurs-roumains-detaches-en-matiere-de-sante-et-securite-au-travail\/\" data-internallinksmanager029f6b8e52c=\"4\" title=\"Travailleurs roumains\">travailleurs roumains<\/a> sont devenus <strong>un pilier indispensable<\/strong> de la culture c\u00e9r\u00e9ali\u00e8re en Europe. Gr\u00e2ce \u00e0 leur savoir-faire et leur engagement, ils garantissent la bonne marche des exploitations, de la plantation \u00e0 la r\u00e9colte.<\/p>\n\n\n\n<p>Alors que le secteur agricole fait face \u00e0 une p\u00e9nurie de main-d\u2019\u0153uvre, le recours \u00e0 des <a href=\"https:\/\/atlantis-interim.com\/index.php\/2025\/02\/26\/lapport-des-interimaires-roumains-dans-lelevage-expertise-et-flexibilite-au-service-des-exploitations-europeennes\/\" data-internallinksmanager029f6b8e52c=\"2\" title=\"Interimaires Roumains\">int\u00e9rimaires roumains<\/a> repr\u00e9sente une <strong>solution efficace, flexible et p\u00e9renne<\/strong> pour maintenir la production et r\u00e9pondre aux d\u00e9fis alimentaires de demain.<\/p>\n\n\n\n<h3 class=\"wp-block-heading\"><strong>Besoin de travailleurs qualifi\u00e9s pour votre exploitation c\u00e9r\u00e9ali\u00e8re ?<\/strong><\/h3>\n\n\n\n<p>Contactez-nous \u00e0 <a href=\"mailto:info@atlantis-interim.com\">info@atlantis-interim.com<\/a> pour <a href=\"https:\/\/atlantis-interim.com\/index.php\/2024\/07\/05\/recruter-des-travailleurs-roumains-pour-le-secteur-du-batiment-en-france\/\" data-internallinksmanager029f6b8e52c=\"22\" title=\"recruter\">recruter<\/a> des <a href=\"https:\/\/atlantis-interim.com\/index.php\/2025\/01\/27\/limpact-des-travailleurs-interimaires-sur-la-competitivite-des-entreprises-de-transport-et-logistique\/\" data-type=\"post\" data-id=\"5546\">int\u00e9rimaires exp\u00e9riment\u00e9s<\/a> et adapt\u00e9s \u00e0 vos besoins.<\/p>\n\n\n\n<p><\/p>\n","protected":false},"excerpt":{"rendered":"<p>Les travailleurs roumains dans la culture c\u00e9r\u00e9ali\u00e8re : un soutien indispensable pour les grandes exploitations agricoles, garantissant efficacit\u00e9 et productivit\u00e9. <\/p>\n","protected":false},"author":1,"featured_media":5458,"comment_status":"open","ping_status":"open","sticky":false,"template":"","format":"standard","meta":{"_monsterinsights_skip_tracking":false,"_monsterinsights_sitenote_active":false,"_monsterinsights_sitenote_note":"","_monsterinsights_sitenote_category":0,"_jetpack_memberships_contains_paid_content":false,"wds_primary_category":0,"footnotes":""},"categories":[163,1],"tags":[160,159,79],"class_list":["post-5569","post","type-post","status-publish","format-standard","has-post-thumbnail","hentry","category-agriculture","category-blog","tag-agence-de-recrutement-roumanie","tag-agence-interim-europeene","tag-agence-interim-roumanie","th-blog blog-single has-post-thumbnail"],"aioseo_notices":[],"jetpack_featured_media_url":"https:\/\/atlantis-interim.com\/wp-content\/uploads\/2024\/11\/fermiers-du-bearn-06.jpg","jetpack_sharing_enabled":true,"_links":{"self":[{"href":"https:\/\/atlantis-interim.com\/index.php\/wp-json\/wp\/v2\/posts\/5569","targetHints":{"allow":["GET"]}}],"collection":[{"href":"https:\/\/atlantis-interim.com\/index.php\/wp-json\/wp\/v2\/posts"}],"about":[{"href":"https:\/\/atlantis-interim.com\/index.php\/wp-json\/wp\/v2\/types\/post"}],"author":[{"embeddable":true,"href":"https:\/\/atlantis-interim.com\/index.php\/wp-json\/wp\/v2\/users\/1"}],"replies":[{"embeddable":true,"href":"https:\/\/atlantis-interim.com\/index.php\/wp-json\/wp\/v2\/comments?post=5569"}],"version-history":[{"count":2,"href":"https:\/\/atlantis-interim.com\/index.php\/wp-json\/wp\/v2\/posts\/5569\/revisions"}],"predecessor-version":[{"id":5632,"href":"https:\/\/atlantis-interim.com\/index.php\/wp-json\/wp\/v2\/posts\/5569\/revisions\/5632"}],"wp:featuredmedia":[{"embeddable":true,"href":"https:\/\/atlantis-interim.com\/index.php\/wp-json\/wp\/v2\/media\/5458"}],"wp:attachment":[{"href":"https:\/\/atlantis-interim.com\/index.php\/wp-json\/wp\/v2\/media?parent=5569"}],"wp:term":[{"taxonomy":"category","embeddable":true,"href":"https:\/\/atlantis-interim.com\/index.php\/wp-json\/wp\/v2\/categories?post=5569"},{"taxonomy":"post_tag","embeddable":true,"href":"https:\/\/atlantis-interim.com\/index.php\/wp-json\/wp\/v2\/tags?post=5569"}],"curies":[{"name":"wp","href":"https:\/\/api.w.org\/{rel}","templated":true}]}}