{"id":5572,"date":"2025-02-16T02:37:37","date_gmt":"2025-02-16T01:37:37","guid":{"rendered":"https:\/\/atlantis-interim.com\/?p=5572"},"modified":"2025-02-28T16:20:43","modified_gmt":"2025-02-28T15:20:43","slug":"travail-detache-roumain-dans-la-viticulture-une-main-doeuvre-qualifiee-pour-les-vendanges-et-lentretien-des-vignes","status":"publish","type":"post","link":"https:\/\/atlantis-interim.com\/index.php\/2025\/02\/16\/travail-detache-roumain-dans-la-viticulture-une-main-doeuvre-qualifiee-pour-les-vendanges-et-lentretien-des-vignes\/","title":{"rendered":"Travail d\u00e9tach\u00e9 roumain pour l&#8217;entretien des vignes"},"content":{"rendered":"\n<h2 class=\"wp-block-heading\"><strong>Introduction<\/strong><\/h2>\n\n\n\n<p>La viticulture est un secteur cl\u00e9 de l\u2019agriculture europ\u00e9enne, avec des pays comme la France, l\u2019Italie et l\u2019Espagne en t\u00eate de la production mondiale. Cependant, ce domaine exige une <strong>main-d\u2019\u0153uvre saisonni\u00e8re abondante et qualifi\u00e9e<\/strong> pour assurer les diff\u00e9rentes \u00e9tapes de la culture de la vigne, notamment l\u2019entretien des parcelles et les vendanges.<\/p>\n\n\n\n<p>Face \u00e0 la p\u00e9nurie de travailleurs locaux, <strong>les <a href=\"https:\/\/atlantis-interim.com\/index.php\/2025\/02\/28\/les-ouvriers-agricoles-roumains-dans-le-maraichage-un-atout-pour-les-cultures-sous-serre-et-en-plein-champ\/\" data-type=\"post\" data-id=\"5573\">ouvriers d\u00e9tach\u00e9s roumain<\/a>s<\/strong> jouent un r\u00f4le essentiel en apportant <strong>leur expertise et leur flexibilit\u00e9<\/strong> aux exploitations viticoles. Gr\u00e2ce \u00e0 leur savoir-faire et leur motivation, ils participent activement \u00e0 la <strong>r\u00e9colte du raisin, \u00e0 la taille des vignes et aux divers travaux agricoles n\u00e9cessaires tout au long de l\u2019ann\u00e9e<\/strong>.<\/p>\n\n\n\n<p>Dans cet article, nous explorerons l\u2019importance du <a href=\"https:\/\/atlantis-interim.com\/index.php\/2025\/02\/23\/la-legislation-europeenne-et-son-impact-sur-le-travail-detache-dans-lindustrie-francaise\/\" data-internallinksmanager029f6b8e52c=\"1\" title=\"Travail d\u00e9tach\u00e9\">travail d\u00e9tach\u00e9<\/a> roumain dans la viticulture, les comp\u00e9tences de ces <a href=\"https:\/\/atlantis-interim.com\/index.php\/2025\/02\/17\/les-ouvriers-roumains-dans-lagriculture-biologique-un-levier-pour-une-production-durable-en-europe\/\" data-internallinksmanager029f6b8e52c=\"25\" title=\"ouvriers\">ouvriers<\/a> et les avantages qu\u2019ils offrent aux exploitations europ\u00e9ennes.<\/p>\n\n\n\n<hr class=\"wp-block-separator has-alpha-channel-opacity\"\/>\n\n\n\n<h2 class=\"wp-block-heading\"><strong>1. La viticulture en Europe : un secteur en qu\u00eate de main-d\u2019\u0153uvre<\/strong><\/h2>\n\n\n\n<h3 class=\"wp-block-heading\"><strong>1.1. Un pilier \u00e9conomique et culturel<\/strong><\/h3>\n\n\n\n<p>La viticulture est une activit\u00e9 agricole majeure dans plusieurs pays europ\u00e9ens :<\/p>\n\n\n\n<ul class=\"wp-block-list\">\n<li><strong>France<\/strong> : Bordeaux, Bourgogne, Champagne, Vall\u00e9e du Rh\u00f4ne\u2026<\/li>\n\n\n\n<li><strong>Italie<\/strong> : Toscane, Pi\u00e9mont, Sicile\u2026<\/li>\n\n\n\n<li><strong>Espagne<\/strong> : Rioja, Ribera del Duero, Priorat\u2026<\/li>\n<\/ul>\n\n\n\n<p>Ces r\u00e9gions produisent <strong>des millions d\u2019hectolitres de vin chaque ann\u00e9e<\/strong>, destin\u00e9s aux march\u00e9s nationaux et internationaux. Le secteur repr\u00e9sente <strong>des milliers d\u2019emplois<\/strong>, mais souffre d\u2019une p\u00e9nurie croissante de main-d\u2019\u0153uvre locale.<\/p>\n\n\n\n<h3 class=\"wp-block-heading\"><strong>1.2. Des <a href=\"https:\/\/atlantis-interim.com\/\" data-type=\"page\" data-id=\"17\">besoins saisonniers<\/a> et une exigence de savoir-faire<\/strong><\/h3>\n\n\n\n<p>La viticulture repose sur <strong>un calendrier agricole pr\u00e9cis<\/strong>, n\u00e9cessitant une main-d\u2019\u0153uvre abondante et qualifi\u00e9e \u00e0 diff\u00e9rents moments :<\/p>\n\n\n\n<ul class=\"wp-block-list\">\n<li><strong>L\u2019hiver et le d\u00e9but du printemps<\/strong> : taille des vignes.<\/li>\n\n\n\n<li><strong>Le printemps et l\u2019\u00e9t\u00e9<\/strong> : relevage, \u00e9bourgeonnage et effeuillage.<\/li>\n\n\n\n<li><strong>L\u2019automne<\/strong> : vendanges, un travail intense et crucial.<\/li>\n<\/ul>\n\n\n\n<p>Sans une \u00e9quipe suffisante, <strong>les vendanges risquent d\u2019\u00eatre retard\u00e9es, impactant la qualit\u00e9 du vin<\/strong>.<\/p>\n\n\n\n<figure class=\"wp-block-image size-large\"><img fetchpriority=\"high\" decoding=\"async\" width=\"964\" height=\"642\" src=\"https:\/\/atlantis-interim.com\/wp-content\/uploads\/2024\/11\/2775146-un-ingenieur-agronome-concoit-et-met-en-oeuvre-des-solutions-techniques-et-durables-pour-ameliorer-la-production-agricole-tout-en-preservant.jpeg\" alt=\"\" class=\"wp-image-5436\" srcset=\"https:\/\/atlantis-interim.com\/wp-content\/uploads\/2024\/11\/2775146-un-ingenieur-agronome-concoit-et-met-en-oeuvre-des-solutions-techniques-et-durables-pour-ameliorer-la-production-agricole-tout-en-preservant.jpeg 964w, https:\/\/atlantis-interim.com\/wp-content\/uploads\/2024\/11\/2775146-un-ingenieur-agronome-concoit-et-met-en-oeuvre-des-solutions-techniques-et-durables-pour-ameliorer-la-production-agricole-tout-en-preservant-300x200.jpeg 300w, https:\/\/atlantis-interim.com\/wp-content\/uploads\/2024\/11\/2775146-un-ingenieur-agronome-concoit-et-met-en-oeuvre-des-solutions-techniques-et-durables-pour-ameliorer-la-production-agricole-tout-en-preservant-768x511.jpeg 768w, https:\/\/atlantis-interim.com\/wp-content\/uploads\/2024\/11\/2775146-un-ingenieur-agronome-concoit-et-met-en-oeuvre-des-solutions-techniques-et-durables-pour-ameliorer-la-production-agricole-tout-en-preservant-600x400.jpeg 600w\" sizes=\"(max-width: 964px) 100vw, 964px\" \/><\/figure>\n\n\n\n<hr class=\"wp-block-separator has-alpha-channel-opacity\"\/>\n\n\n\n<h2 class=\"wp-block-heading\"><strong>2. Les travailleurs d\u00e9tach\u00e9s roumains : des acteurs cl\u00e9s de la viticulture<\/strong><\/h2>\n\n\n\n<h3 class=\"wp-block-heading\"><strong>2.1. Pourquoi recruter des travailleurs roumains en d\u00e9tachement ?<\/strong><\/h3>\n\n\n\n<p>La Roumanie a une forte tradition agricole, et de nombreux <a href=\"https:\/\/atlantis-interim.com\/index.php\/2024\/06\/14\/les-droits-des-travailleurs-roumains-detaches-en-matiere-de-sante-et-securite-au-travail\/\" data-internallinksmanager029f6b8e52c=\"4\" title=\"Travailleurs roumains\">travailleurs roumains<\/a> sont habitu\u00e9s aux m\u00e9tiers de la vigne. Leur pr\u00e9sence dans la viticulture europ\u00e9enne s\u2019explique par plusieurs facteurs :<\/p>\n\n\n\n<ul class=\"wp-block-list\">\n<li><strong>Exp\u00e9rience et savoir-faire dans les t\u00e2ches viticoles.<\/strong><\/li>\n\n\n\n<li><strong>Flexibilit\u00e9 et adaptation aux besoins saisonniers.<\/strong><\/li>\n\n\n\n<li><strong>Motivation et endurance pour des travaux physiques exigeants.<\/strong><\/li>\n<\/ul>\n\n\n\n<p>Gr\u00e2ce au <strong><a href=\"https:\/\/atlantis-interim.com\/index.php\/2025\/02\/19\/limpact-du-detachement-des-travailleurs-interimaires-roumains-sur-leconomie-industrielle-francaise\/\" data-internallinksmanager029f6b8e52c=\"27\" title=\"d\u00e9tachement roumain\">d\u00e9tachement<\/a><\/strong>, les viticulteurs europ\u00e9ens peuvent employer <strong>des <a href=\"https:\/\/atlantis-interim.com\/index.php\/2025\/02\/17\/les-ouvriers-roumains-dans-lagriculture-biologique-un-levier-pour-une-production-durable-en-europe\/\" data-internallinksmanager029f6b8e52c=\"25\" title=\"ouvriers\">ouvriers<\/a> qualifi\u00e9s pour une dur\u00e9e limit\u00e9e<\/strong>, sans avoir \u00e0 les embaucher en contrat local.<\/p>\n\n\n\n<h3 class=\"wp-block-heading\"><strong>2.2. Les missions des ouvriers roumains dans la viticulture<\/strong><\/h3>\n\n\n\n<p>Les travailleurs d\u00e9tach\u00e9s roumains interviennent sur <strong>plusieurs \u00e9tapes cruciales<\/strong> :<\/p>\n\n\n\n<h4 class=\"wp-block-heading\"><strong>2.2.1. Taille des vignes (hiver \u2013 d\u00e9but du printemps)<\/strong><\/h4>\n\n\n\n<ul class=\"wp-block-list\">\n<li>S\u00e9lection des bourgeons \u00e0 conserver.<\/li>\n\n\n\n<li>Coupe des sarments pour pr\u00e9parer la future croissance.<\/li>\n\n\n\n<li>Optimisation du rendement et de la qualit\u00e9 du raisin.<\/li>\n<\/ul>\n\n\n\n<h4 class=\"wp-block-heading\"><strong>2.2.2. Entretien et palissage (printemps \u2013 \u00e9t\u00e9)<\/strong><\/h4>\n\n\n\n<ul class=\"wp-block-list\">\n<li>Relevage et attachage des sarments.<\/li>\n\n\n\n<li>\u00c9bourgeonnage (suppression des pousses inutiles).<\/li>\n\n\n\n<li>Effeuillage pour am\u00e9liorer l\u2019ensoleillement des grappes.<\/li>\n<\/ul>\n\n\n\n<h4 class=\"wp-block-heading\"><strong>2.2.3. Les vendanges (automne)<\/strong><\/h4>\n\n\n\n<ul class=\"wp-block-list\">\n<li>R\u00e9colte manuelle des grappes.<\/li>\n\n\n\n<li>S\u00e9lection des raisins selon leur maturit\u00e9 et qualit\u00e9.<\/li>\n\n\n\n<li>Transport des raisins vers les cuves de vinification.<\/li>\n<\/ul>\n\n\n\n<p>Les vendanges sont <strong>un moment cl\u00e9<\/strong>, n\u00e9cessitant une \u00e9quipe organis\u00e9e et efficace pour garantir <strong>une r\u00e9colte rapide et qualitative<\/strong>.<\/p>\n\n\n\n<hr class=\"wp-block-separator has-alpha-channel-opacity\"\/>\n\n\n\n<h2 class=\"wp-block-heading\"><strong>3. Les avantages du travail d\u00e9tach\u00e9 roumain pour la viticulture<\/strong><\/h2>\n\n\n\n<h3 class=\"wp-block-heading\"><strong>3.1. Une main-d\u2019\u0153uvre qualifi\u00e9e et efficace<\/strong><\/h3>\n\n\n\n<p>Les <a href=\"https:\/\/atlantis-interim.com\/index.php\/2024\/06\/14\/les-droits-des-travailleurs-roumains-detaches-en-matiere-de-sante-et-securite-au-travail\/\" data-internallinksmanager029f6b8e52c=\"4\" title=\"Travailleurs roumains\">travailleurs roumains<\/a> sont souvent exp\u00e9riment\u00e9s et connaissent <strong>les techniques sp\u00e9cifiques de la viticulture<\/strong>. Ils sont capables d\u2019adapter leur travail aux exigences des vignobles europ\u00e9ens, garantissant <strong>une qualit\u00e9 optimale des r\u00e9coltes<\/strong>.<\/p>\n\n\n\n<h3 class=\"wp-block-heading\"><strong>3.2. Une solution face \u00e0 la p\u00e9nurie de main-d\u2019\u0153uvre locale<\/strong><\/h3>\n\n\n\n<p>Avec le <strong>d\u00e9sint\u00e9r\u00eat des jeunes g\u00e9n\u00e9rations pour les m\u00e9tiers agricoles<\/strong>, les viticulteurs peinent \u00e0 <a href=\"https:\/\/atlantis-interim.com\/index.php\/2024\/07\/05\/recruter-des-travailleurs-roumains-pour-le-secteur-du-batiment-en-france\/\" data-internallinksmanager029f6b8e52c=\"22\" title=\"recruter\">recruter<\/a> localement. Le <a href=\"https:\/\/atlantis-interim.com\/index.php\/2025\/02\/23\/la-legislation-europeenne-et-son-impact-sur-le-travail-detache-dans-lindustrie-francaise\/\" data-internallinksmanager029f6b8e52c=\"1\" title=\"Travail d\u00e9tach\u00e9\">travail d\u00e9tach\u00e9<\/a> permet de <strong>combler ce d\u00e9ficit<\/strong> et d\u2019assurer une main-d\u2019\u0153uvre fiable et stable.<\/p>\n\n\n\n<h3 class=\"wp-block-heading\"><strong>3.3. Une flexibilit\u00e9 adapt\u00e9e aux besoins des exploitations<\/strong><\/h3>\n\n\n\n<p>Le <strong>statut de travailleur d\u00e9tach\u00e9<\/strong> permet aux employeurs de <a href=\"https:\/\/atlantis-interim.com\/index.php\/2024\/07\/05\/recruter-des-travailleurs-roumains-pour-le-secteur-du-batiment-en-france\/\" data-internallinksmanager029f6b8e52c=\"22\" title=\"recruter\">recruter<\/a> du personnel pour <strong>des p\u00e9riodes pr\u00e9cises<\/strong>, notamment lors des vendanges. Cela permet de <strong>r\u00e9duire les co\u00fbts fixes tout en garantissant une production efficace<\/strong>.<\/p>\n\n\n\n<h3 class=\"wp-block-heading\"><strong>3.4. Une conformit\u00e9 avec la <a href=\"https:\/\/atlantis-interim.com\/index.php\/2025\/01\/07\/reglementation-et-droits-des-interimaires-dans-le-secteur-de-la-sante\/\" data-type=\"post\" data-id=\"5535\">r\u00e9glementation europ\u00e9enne<\/a><\/strong><\/h3>\n\n\n\n<p>Les <a href=\"https:\/\/atlantis-interim.com\/index.php\/2024\/06\/14\/les-droits-des-travailleurs-roumains-detaches-en-matiere-de-sante-et-securite-au-travail\/\" data-internallinksmanager029f6b8e52c=\"4\" title=\"Travailleurs roumains\">travailleurs roumains<\/a> d\u00e9tach\u00e9s sont employ\u00e9s dans le cadre de la <strong>libre circulation des travailleurs au sein de l\u2019UE<\/strong>. Les employeurs doivent respecter certaines obligations, notamment :<\/p>\n\n\n\n<ul class=\"wp-block-list\">\n<li>Une r\u00e9mun\u00e9ration conforme aux standards locaux.<\/li>\n\n\n\n<li>Le respect des conditions de travail et des horaires.<\/li>\n\n\n\n<li>Une couverture sociale et des avantages \u00e9quivalents aux travailleurs locaux.<\/li>\n<\/ul>\n\n\n\n<hr class=\"wp-block-separator has-alpha-channel-opacity\"\/>\n\n\n\n<h2 class=\"wp-block-heading\"><strong>4. D\u00e9fis et perspectives d\u2019avenir<\/strong><\/h2>\n\n\n\n<figure class=\"wp-block-image\"><img decoding=\"async\" width=\"1280\" height=\"720\" src=\"https:\/\/atlantis-interim.com\/wp-content\/uploads\/2024\/11\/0603265912262-web-tete.jpg\" alt=\"\" class=\"wp-image-5429\" srcset=\"https:\/\/atlantis-interim.com\/wp-content\/uploads\/2024\/11\/0603265912262-web-tete.jpg 1280w, https:\/\/atlantis-interim.com\/wp-content\/uploads\/2024\/11\/0603265912262-web-tete-300x169.jpg 300w, https:\/\/atlantis-interim.com\/wp-content\/uploads\/2024\/11\/0603265912262-web-tete-1024x576.jpg 1024w, https:\/\/atlantis-interim.com\/wp-content\/uploads\/2024\/11\/0603265912262-web-tete-768x432.jpg 768w, https:\/\/atlantis-interim.com\/wp-content\/uploads\/2024\/11\/0603265912262-web-tete-391x220.jpg 391w, https:\/\/atlantis-interim.com\/wp-content\/uploads\/2024\/11\/0603265912262-web-tete-600x338.jpg 600w\" sizes=\"(max-width: 1280px) 100vw, 1280px\" \/><\/figure>\n\n\n\n<h3 class=\"wp-block-heading\"><strong>4.1. Les d\u00e9fis \u00e0 relever<\/strong><\/h3>\n\n\n\n<p>Malgr\u00e9 leurs nombreux avantages, les travailleurs d\u00e9tach\u00e9s roumains rencontrent parfois des difficult\u00e9s :<\/p>\n\n\n\n<ul class=\"wp-block-list\">\n<li><strong>Probl\u00e8mes de logement et d\u2019int\u00e9gration locale<\/strong>.<\/li>\n\n\n\n<li><strong>Adaptation aux conditions climatiques et au rythme intense des vendanges<\/strong>.<\/li>\n\n\n\n<li><strong>Complexit\u00e9 administrative li\u00e9e aux contrats de <a href=\"https:\/\/atlantis-interim.com\/index.php\/2025\/02\/19\/limpact-du-detachement-des-travailleurs-interimaires-roumains-sur-leconomie-industrielle-francaise\/\" data-internallinksmanager029f6b8e52c=\"27\" title=\"d\u00e9tachement roumain\">d\u00e9tachement<\/a><\/strong>.<\/li>\n<\/ul>\n\n\n\n<p>Les employeurs doivent mettre en place <strong>un accompagnement adapt\u00e9<\/strong>, en facilitant l\u2019h\u00e9bergement et en assurant des conditions de travail respectueuses.<\/p>\n\n\n\n<h3 class=\"wp-block-heading\"><strong>4.2. Vers une \u00e9volution du travail saisonnier ?<\/strong><\/h3>\n\n\n\n<p>Avec la m\u00e9canisation croissante de la viticulture, certains travaux (comme la vendange) peuvent \u00eatre <strong>partiellement automatis\u00e9s<\/strong>. Toutefois, la main-d\u2019\u0153uvre humaine restera indispensable pour les <strong>t\u00e2ches n\u00e9cessitant un soin particulier, comme la taille et la s\u00e9lection des raisins<\/strong>.<\/p>\n\n\n\n<p>L\u2019avenir du <a href=\"https:\/\/atlantis-interim.com\/index.php\/2025\/02\/23\/la-legislation-europeenne-et-son-impact-sur-le-travail-detache-dans-lindustrie-francaise\/\" data-internallinksmanager029f6b8e52c=\"1\" title=\"Travail d\u00e9tach\u00e9\">travail d\u00e9tach\u00e9<\/a> dans la viticulture d\u00e9pendra de plusieurs facteurs :<\/p>\n\n\n\n<ul class=\"wp-block-list\">\n<li>L\u2019\u00e9volution des <strong>r\u00e9glementations europ\u00e9ennes<\/strong> sur le <a href=\"https:\/\/atlantis-interim.com\/index.php\/2025\/02\/19\/limpact-du-detachement-des-travailleurs-interimaires-roumains-sur-leconomie-industrielle-francaise\/\" data-internallinksmanager029f6b8e52c=\"27\" title=\"d\u00e9tachement roumain\">d\u00e9tachement<\/a>.<\/li>\n\n\n\n<li>Les politiques agricoles et les aides aux viticulteurs.<\/li>\n\n\n\n<li>La capacit\u00e9 des exploitations \u00e0 attirer et fid\u00e9liser des travailleurs saisonniers qualifi\u00e9s.<\/li>\n<\/ul>\n\n\n\n<hr class=\"wp-block-separator has-alpha-channel-opacity\"\/>\n\n\n\n<h2 class=\"wp-block-heading\"><strong>Conclusion<\/strong><\/h2>\n\n\n\n<p>Les travailleurs d\u00e9tach\u00e9s roumains sont devenus <strong>des acteurs incontournables<\/strong> de la viticulture europ\u00e9enne. Gr\u00e2ce \u00e0 <strong>leur expertise, leur endurance et leur flexibilit\u00e9<\/strong>, ils garantissent la bonne tenue des exploitations et la qualit\u00e9 des r\u00e9coltes, notamment pendant les vendanges.<\/p>\n\n\n\n<p>Face \u00e0 la <strong>p\u00e9nurie de main-d\u2019\u0153uvre locale<\/strong>, le <a href=\"https:\/\/atlantis-interim.com\/index.php\/2025\/02\/23\/la-legislation-europeenne-et-son-impact-sur-le-travail-detache-dans-lindustrie-francaise\/\" data-internallinksmanager029f6b8e52c=\"1\" title=\"Travail d\u00e9tach\u00e9\">travail d\u00e9tach\u00e9<\/a> constitue <strong>une solution efficace et conforme aux exigences du secteur<\/strong>, \u00e0 condition de respecter les normes en vigueur et d\u2019assurer de bonnes conditions de travail.<\/p>\n\n\n\n<h3 class=\"wp-block-heading\"><strong>Vous \u00eates viticulteur et cherchez des ouvriers qualifi\u00e9s pour vos vendanges ?<\/strong><\/h3>\n\n\n\n<p><strong>Contactez-nous d\u00e8s maintenant \u00e0 <\/strong><a href=\"mailto:info@atlantis-interim.com\">info@atlantis-interim.com<\/a><strong> pour <a href=\"https:\/\/atlantis-interim.com\/index.php\/2024\/07\/05\/recruter-des-travailleurs-roumains-pour-le-secteur-du-batiment-en-france\/\" data-internallinksmanager029f6b8e52c=\"22\" title=\"recruter\">recruter<\/a> des travailleurs d\u00e9tach\u00e9s roumains exp\u00e9riment\u00e9s et adapt\u00e9s \u00e0 vos besoins.<\/strong><\/p>\n\n\n\n<p><\/p>\n","protected":false},"excerpt":{"rendered":"<p>Travail d\u00e9tach\u00e9 roumain en viticulture : des travailleurs qualifi\u00e9s pour les vendanges et l&#8217;entretien des vignes, garantissant qualit\u00e9 et efficacit\u00e9. <\/p>\n","protected":false},"author":1,"featured_media":5458,"comment_status":"open","ping_status":"open","sticky":false,"template":"","format":"standard","meta":{"_monsterinsights_skip_tracking":false,"_monsterinsights_sitenote_active":false,"_monsterinsights_sitenote_note":"","_monsterinsights_sitenote_category":0,"_jetpack_memberships_contains_paid_content":false,"wds_primary_category":0,"footnotes":""},"categories":[163,1],"tags":[160,159,79,157],"class_list":["post-5572","post","type-post","status-publish","format-standard","has-post-thumbnail","hentry","category-agriculture","category-blog","tag-agence-de-recrutement-roumanie","tag-agence-interim-europeene","tag-agence-interim-roumanie","tag-agence-interim-travailleur-etranger","th-blog blog-single has-post-thumbnail"],"aioseo_notices":[],"jetpack_featured_media_url":"https:\/\/atlantis-interim.com\/wp-content\/uploads\/2024\/11\/fermiers-du-bearn-06.jpg","jetpack_sharing_enabled":true,"_links":{"self":[{"href":"https:\/\/atlantis-interim.com\/index.php\/wp-json\/wp\/v2\/posts\/5572","targetHints":{"allow":["GET"]}}],"collection":[{"href":"https:\/\/atlantis-interim.com\/index.php\/wp-json\/wp\/v2\/posts"}],"about":[{"href":"https:\/\/atlantis-interim.com\/index.php\/wp-json\/wp\/v2\/types\/post"}],"author":[{"embeddable":true,"href":"https:\/\/atlantis-interim.com\/index.php\/wp-json\/wp\/v2\/users\/1"}],"replies":[{"embeddable":true,"href":"https:\/\/atlantis-interim.com\/index.php\/wp-json\/wp\/v2\/comments?post=5572"}],"version-history":[{"count":2,"href":"https:\/\/atlantis-interim.com\/index.php\/wp-json\/wp\/v2\/posts\/5572\/revisions"}],"predecessor-version":[{"id":5618,"href":"https:\/\/atlantis-interim.com\/index.php\/wp-json\/wp\/v2\/posts\/5572\/revisions\/5618"}],"wp:featuredmedia":[{"embeddable":true,"href":"https:\/\/atlantis-interim.com\/index.php\/wp-json\/wp\/v2\/media\/5458"}],"wp:attachment":[{"href":"https:\/\/atlantis-interim.com\/index.php\/wp-json\/wp\/v2\/media?parent=5572"}],"wp:term":[{"taxonomy":"category","embeddable":true,"href":"https:\/\/atlantis-interim.com\/index.php\/wp-json\/wp\/v2\/categories?post=5572"},{"taxonomy":"post_tag","embeddable":true,"href":"https:\/\/atlantis-interim.com\/index.php\/wp-json\/wp\/v2\/tags?post=5572"}],"curies":[{"name":"wp","href":"https:\/\/api.w.org\/{rel}","templated":true}]}}