{"id":5575,"date":"2025-02-17T11:12:48","date_gmt":"2025-02-17T10:12:48","guid":{"rendered":"https:\/\/atlantis-interim.com\/?p=5575"},"modified":"2025-02-28T16:07:24","modified_gmt":"2025-02-28T15:07:24","slug":"les-ouvriers-roumains-dans-lagriculture-biologique-un-levier-pour-une-production-durable-en-europe","status":"publish","type":"post","link":"https:\/\/atlantis-interim.com\/index.php\/2025\/02\/17\/les-ouvriers-roumains-dans-lagriculture-biologique-un-levier-pour-une-production-durable-en-europe\/","title":{"rendered":"Les ouvriers roumains dans l\u2019agriculture biologique"},"content":{"rendered":"\n<h2 class=\"wp-block-heading\"><strong>Introduction<\/strong><\/h2>\n\n\n\n<p>L\u2019agriculture biologique conna\u00eet une expansion rapide en Europe, r\u00e9pondant \u00e0 une demande croissante des consommateurs pour des aliments plus sains et respectueux de l\u2019environnement. Cette transition n\u00e9cessite <strong>une <a href=\"https:\/\/atlantis-interim.com\/index.php\/2025\/02\/16\/travail-detache-roumain-dans-la-viticulture-une-main-doeuvre-qualifiee-pour-les-vendanges-et-lentretien-des-vignes\/\" data-internallinksmanager029f6b8e52c=\"21\" title=\"main-d\u2019\u0153uvre qualifi\u00e9e\">main-d\u2019\u0153uvre qualifi\u00e9e<\/a> et engag\u00e9e<\/strong>, capable de s\u2019adapter aux pratiques agricoles sp\u00e9cifiques du bio, qui exigent plus de travail manuel et un savoir-faire pr\u00e9cis.<\/p>\n\n\n\n<p>Dans ce contexte, <strong>les <a href=\"https:\/\/atlantis-interim.com\/index.php\/2025\/02\/28\/les-ouvriers-agricoles-roumains-dans-le-maraichage-un-atout-pour-les-cultures-sous-serre-et-en-plein-champ\/\" data-type=\"post\" data-id=\"5573\">ouvriers agricoles roumains<\/a> jouent un r\u00f4le crucial<\/strong> en apportant leur expertise et leur flexibilit\u00e9 aux exploitations biologiques europ\u00e9ennes. Gr\u00e2ce \u00e0 leur exp\u00e9rience et \u00e0 leur motivation, ils contribuent activement \u00e0 la r\u00e9ussite de cette production durable.<\/p>\n\n\n\n<p>Cet article explore :<\/p>\n\n\n\n<ul class=\"wp-block-list\">\n<li>L\u2019importance du travail manuel dans l\u2019agriculture biologique.<\/li>\n\n\n\n<li>L\u2019apport des <a href=\"https:\/\/atlantis-interim.com\/index.php\/2024\/06\/14\/les-droits-des-travailleurs-roumains-detaches-en-matiere-de-sante-et-securite-au-travail\/\" data-internallinksmanager029f6b8e52c=\"4\" title=\"Travailleurs roumains\">travailleurs roumains<\/a> dans ce secteur.<\/li>\n\n\n\n<li>Les d\u00e9fis et opportunit\u00e9s pour am\u00e9liorer leurs conditions de travail et renforcer leur r\u00f4le dans la transition \u00e9cologique.<\/li>\n<\/ul>\n\n\n\n<hr class=\"wp-block-separator has-alpha-channel-opacity\"\/>\n\n\n\n<h2 class=\"wp-block-heading\"><strong>1. L\u2019agriculture biologique en Europe : un secteur en pleine expansion<\/strong><\/h2>\n\n\n\n<h3 class=\"wp-block-heading\"><strong>1.1. Une demande croissante pour le bio<\/strong><\/h3>\n\n\n\n<p>Le march\u00e9 du bio en Europe conna\u00eet une croissance exponentielle. En 2023, la surface agricole d\u00e9di\u00e9e au bio repr\u00e9sentait environ <strong>10 % des terres cultiv\u00e9es<\/strong> dans l\u2019UE, avec des objectifs ambitieux pour atteindre <strong>25 % d\u2019ici 2030<\/strong> selon la strat\u00e9gie europ\u00e9enne &#8220;De la ferme \u00e0 la table&#8221;.<\/p>\n\n\n\n<p>Les consommateurs sont de plus en plus exigeants quant \u00e0 <strong>la qualit\u00e9 des produits<\/strong> et l\u2019impact environnemental de l\u2019agriculture. Cette tendance pousse les exploitations \u00e0 adopter des pratiques respectueuses des sols, de la biodiversit\u00e9 et du bien-\u00eatre animal.<\/p>\n\n\n<div class=\"wp-block-image\">\n<figure class=\"alignleft size-large is-resized\"><img fetchpriority=\"high\" decoding=\"async\" width=\"683\" height=\"1024\" src=\"https:\/\/atlantis-interim.com\/wp-content\/uploads\/2024\/04\/vertical-shot-seedlings-growing-out-plowed-rows-wet-soil-field-683x1024.jpg\" alt=\"\" class=\"wp-image-232\" style=\"width:511px;height:auto\" srcset=\"https:\/\/atlantis-interim.com\/wp-content\/uploads\/2024\/04\/vertical-shot-seedlings-growing-out-plowed-rows-wet-soil-field-683x1024.jpg 683w, https:\/\/atlantis-interim.com\/wp-content\/uploads\/2024\/04\/vertical-shot-seedlings-growing-out-plowed-rows-wet-soil-field-scaled-600x900.jpg 600w, https:\/\/atlantis-interim.com\/wp-content\/uploads\/2024\/04\/vertical-shot-seedlings-growing-out-plowed-rows-wet-soil-field-200x300.jpg 200w, https:\/\/atlantis-interim.com\/wp-content\/uploads\/2024\/04\/vertical-shot-seedlings-growing-out-plowed-rows-wet-soil-field-768x1152.jpg 768w, https:\/\/atlantis-interim.com\/wp-content\/uploads\/2024\/04\/vertical-shot-seedlings-growing-out-plowed-rows-wet-soil-field-1024x1536.jpg 1024w, https:\/\/atlantis-interim.com\/wp-content\/uploads\/2024\/04\/vertical-shot-seedlings-growing-out-plowed-rows-wet-soil-field-1365x2048.jpg 1365w, https:\/\/atlantis-interim.com\/wp-content\/uploads\/2024\/04\/vertical-shot-seedlings-growing-out-plowed-rows-wet-soil-field-scaled.jpg 1707w\" sizes=\"(max-width: 683px) 100vw, 683px\" \/><\/figure>\n<\/div>\n\n\n<h3 class=\"wp-block-heading\"><strong>1.2. Un besoin accru de <a href=\"https:\/\/atlantis-interim.com\/index.php\/tag\/interim-etranger-roumain\/\" data-type=\"post_tag\" data-id=\"153\">main-d\u2019\u0153uvre qualifi\u00e9e<\/a><\/strong><\/h3>\n\n\n\n<p>Contrairement \u00e0 l\u2019agriculture conventionnelle, l\u2019agriculture biologique :<\/p>\n\n\n\n<ul class=\"wp-block-list\">\n<li><strong>R\u00e9duit l\u2019utilisation des machines<\/strong> pour \u00e9viter le compactage des sols.<\/li>\n\n\n\n<li><strong>Privil\u00e9gie des m\u00e9thodes naturelles<\/strong> pour la fertilisation et la lutte contre les ravageurs.<\/li>\n\n\n\n<li><strong>Demande plus de travail manuel<\/strong>, notamment pour le d\u00e9sherbage, la rotation des cultures et l\u2019entretien des parcelles.<\/li>\n<\/ul>\n\n\n\n<p>Cela n\u00e9cessite donc <strong>une main-d\u2019\u0153uvre nombreuse et comp\u00e9tente<\/strong>, un d\u00e9fi pour de nombreuses exploitations qui peinent \u00e0 <a href=\"https:\/\/atlantis-interim.com\/index.php\/2024\/07\/05\/recruter-des-travailleurs-roumains-pour-le-secteur-du-batiment-en-france\/\" data-internallinksmanager029f6b8e52c=\"22\" title=\"recruter\">recruter<\/a> localement.<\/p>\n\n\n\n<hr class=\"wp-block-separator has-alpha-channel-opacity\"\/>\n\n\n\n<h2 class=\"wp-block-heading\"><strong>2. Le r\u00f4le essentiel des ouvriers roumains dans l\u2019agriculture biologique<\/strong><\/h2>\n\n\n\n<h3 class=\"wp-block-heading\"><strong>2.1. Une expertise agricole reconnue<\/strong><\/h3>\n\n\n\n<p>Les ouvriers agricoles roumains sont souvent issus de r\u00e9gions rurales o\u00f9 l\u2019agriculture joue un r\u00f4le central. Ils poss\u00e8dent un <strong>savoir-faire pr\u00e9cieux<\/strong> qui leur permet de s\u2019adapter rapidement aux exigences du bio, notamment :<\/p>\n\n\n\n<ul class=\"wp-block-list\">\n<li><strong>Le travail du sol sans pesticides<\/strong> (d\u00e9sherbage manuel, binage).<\/li>\n\n\n\n<li><strong>Les techniques de compostage et d\u2019amendement organique<\/strong>.<\/li>\n\n\n\n<li><strong>L\u2019entretien des cultures en rotation<\/strong> et la s\u00e9lection des semences adapt\u00e9es.<\/li>\n<\/ul>\n\n\n\n<p>Gr\u00e2ce \u00e0 cette exp\u00e9rience, ils sont un <strong>atout majeur pour les exploitations bio<\/strong>, qui ont besoin de travailleurs qualifi\u00e9s et engag\u00e9s.<\/p>\n\n\n\n<h3 class=\"wp-block-heading\"><strong>2.2. Une adaptabilit\u00e9 aux besoins des exploitations bio<\/strong><\/h3>\n\n\n\n<p>Le <a href=\"https:\/\/atlantis-interim.com\/\" data-type=\"page\" data-id=\"17\">travail en agriculture<\/a> biologique suit <strong>des cycles saisonniers intenses<\/strong>, n\u00e9cessitant une main-d\u2019\u0153uvre flexible et disponible au bon moment. Les ouvriers roumains sont particuli\u00e8rement recherch\u00e9s pour :<\/p>\n\n\n\n<ul class=\"wp-block-list\">\n<li><strong>Les semis et la pr\u00e9paration des sols<\/strong> au printemps.<\/li>\n\n\n\n<li><strong>La cueillette des fruits et l\u00e9gumes<\/strong> en \u00e9t\u00e9 et en automne.<\/li>\n\n\n\n<li><strong>L\u2019entretien des cultures p\u00e9rennes<\/strong> (vignes, vergers, plantes aromatiques).<\/li>\n<\/ul>\n\n\n\n<p>Leur disponibilit\u00e9 en <strong><a href=\"https:\/\/atlantis-interim.com\/index.php\/2025\/02\/23\/la-legislation-europeenne-et-son-impact-sur-le-travail-detache-dans-lindustrie-francaise\/\" data-internallinksmanager029f6b8e52c=\"1\" title=\"Travail d\u00e9tach\u00e9\">travail d\u00e9tach\u00e9<\/a><\/strong> permet aux exploitants bio de renforcer temporairement leurs \u00e9quipes sans engagement sur le long terme, tout en assurant <strong>la continuit\u00e9 et la qualit\u00e9 de leur production<\/strong>.<\/p>\n\n\n\n<hr class=\"wp-block-separator has-alpha-channel-opacity\"\/>\n\n\n\n<h2 class=\"wp-block-heading\"><strong>3. Les avantages du travail d\u00e9tach\u00e9 roumain pour l\u2019agriculture biologique<\/strong><\/h2>\n\n\n\n<h3 class=\"wp-block-heading\"><strong>3.1. Une r\u00e9ponse \u00e0 la p\u00e9nurie de main-d\u2019\u0153uvre locale<\/strong><\/h3>\n\n\n\n<p>De nombreux pays europ\u00e9ens peinent \u00e0 <a href=\"https:\/\/atlantis-interim.com\/index.php\/2024\/07\/05\/recruter-des-travailleurs-roumains-pour-le-secteur-du-batiment-en-france\/\" data-internallinksmanager029f6b8e52c=\"22\" title=\"recruter\">recruter<\/a> des travailleurs agricoles, notamment dans le secteur bio, o\u00f9 <strong>les t\u00e2ches sont plus physiques et exigeantes<\/strong>. Les ouvriers roumains permettent de combler ce manque et assurent <strong>la p\u00e9rennit\u00e9 des exploitations<\/strong> qui risqueraient autrement de ne pas pouvoir honorer leurs commandes.<\/p>\n\n\n\n<h3 class=\"wp-block-heading\"><strong>3.2. Un respect des <a href=\"https:\/\/atlantis-interim.com\/index.php\/2025\/01\/07\/reglementation-et-droits-des-interimaires-dans-le-secteur-de-la-sante\/\" data-type=\"post\" data-id=\"5535\">r\u00e9glementations europ\u00e9ennes<\/a><\/strong><\/h3>\n\n\n\n<p>Le recours au <a href=\"https:\/\/atlantis-interim.com\/index.php\/2025\/02\/23\/la-legislation-europeenne-et-son-impact-sur-le-travail-detache-dans-lindustrie-francaise\/\" data-internallinksmanager029f6b8e52c=\"1\" title=\"Travail d\u00e9tach\u00e9\">travail d\u00e9tach\u00e9<\/a> permet d\u2019embaucher des ouvriers roumains dans <strong>le respect des lois europ\u00e9ennes<\/strong>, garantissant :<\/p>\n\n\n\n<ul class=\"wp-block-list\">\n<li>Une <strong>r\u00e9mun\u00e9ration conforme aux standards locaux<\/strong>.<\/li>\n\n\n\n<li>Des <strong>conditions de travail r\u00e9glement\u00e9es<\/strong> en mati\u00e8re d\u2019horaires et de s\u00e9curit\u00e9.<\/li>\n\n\n\n<li>Une <strong>protection sociale<\/strong> adapt\u00e9e \u00e0 leur statut.<\/li>\n<\/ul>\n\n\n\n<h3 class=\"wp-block-heading\"><strong>3.3. Une main-d\u2019\u0153uvre motiv\u00e9e et impliqu\u00e9e<\/strong><\/h3>\n\n\n\n<p>Les <a href=\"https:\/\/atlantis-interim.com\/index.php\/2024\/06\/14\/les-droits-des-travailleurs-roumains-detaches-en-matiere-de-sante-et-securite-au-travail\/\" data-internallinksmanager029f6b8e52c=\"4\" title=\"Travailleurs roumains\">travailleurs roumains<\/a> voient souvent <strong>l\u2019agriculture biologique comme une opportunit\u00e9<\/strong> d\u2019acc\u00e9der \u00e0 des emplois valorisants et mieux r\u00e9mun\u00e9r\u00e9s que dans leur pays d\u2019origine. Ils d\u00e9veloppent ainsi une <strong>relation de confiance avec les employeurs<\/strong>, favorisant la stabilit\u00e9 et la fid\u00e9lisation de la main-d\u2019\u0153uvre.<\/p>\n\n\n\n<figure class=\"wp-block-image\"><img decoding=\"async\" width=\"1656\" height=\"1060\" src=\"https:\/\/atlantis-interim.com\/wp-content\/uploads\/2024\/07\/image.webp\" alt=\"\" class=\"wp-image-5075\" srcset=\"https:\/\/atlantis-interim.com\/wp-content\/uploads\/2024\/07\/image.webp 1656w, https:\/\/atlantis-interim.com\/wp-content\/uploads\/2024\/07\/image-300x192.webp 300w, https:\/\/atlantis-interim.com\/wp-content\/uploads\/2024\/07\/image-1024x655.webp 1024w, https:\/\/atlantis-interim.com\/wp-content\/uploads\/2024\/07\/image-768x492.webp 768w, https:\/\/atlantis-interim.com\/wp-content\/uploads\/2024\/07\/image-1536x983.webp 1536w, https:\/\/atlantis-interim.com\/wp-content\/uploads\/2024\/07\/image-600x384.webp 600w\" sizes=\"(max-width: 1656px) 100vw, 1656px\" \/><\/figure>\n\n\n\n<hr class=\"wp-block-separator has-alpha-channel-opacity\"\/>\n\n\n\n<h2 class=\"wp-block-heading\"><strong>4. D\u00e9fis et perspectives pour am\u00e9liorer les <a href=\"https:\/\/atlantis-interim.com\/index.php\/2024\/12\/06\/conditions-de-travail-des-interimaires-roumains-en-france\/\" data-type=\"post\" data-id=\"5467\">conditions de travail<\/a><\/strong><\/h2>\n\n\n\n<h3 class=\"wp-block-heading\"><strong>4.1. Am\u00e9liorer l\u2019int\u00e9gration et les conditions de vie<\/strong><\/h3>\n\n\n\n<p>Certains travailleurs d\u00e9tach\u00e9s rencontrent encore des difficult\u00e9s li\u00e9es \u00e0 :<\/p>\n\n\n\n<ul class=\"wp-block-list\">\n<li><strong>L\u2019isolement en zones rurales<\/strong>, avec un acc\u00e8s limit\u00e9 aux services essentiels.<\/li>\n\n\n\n<li><strong>Des logements parfois pr\u00e9caires<\/strong>, n\u00e9cessitant des am\u00e9liorations.<\/li>\n\n\n\n<li><strong>Une barri\u00e8re linguistique<\/strong>, qui complique la communication avec les employeurs.<\/li>\n<\/ul>\n\n\n\n<p>Investir dans <strong>de meilleures infrastructures d\u2019accueil<\/strong>, proposer des cours de langue et faciliter leur int\u00e9gration sociale sont des leviers pour am\u00e9liorer <strong>leur qualit\u00e9 de vie et leur productivit\u00e9<\/strong>.<\/p>\n\n\n\n<h3 class=\"wp-block-heading\"><strong>4.2. Favoriser la formation et la mont\u00e9e en comp\u00e9tences<\/strong><\/h3>\n\n\n\n<p>L\u2019agriculture biologique repose sur des pratiques \u00e9volutives et innovantes. Former les <a href=\"https:\/\/atlantis-interim.com\/index.php\/2024\/06\/14\/les-droits-des-travailleurs-roumains-detaches-en-matiere-de-sante-et-securite-au-travail\/\" data-internallinksmanager029f6b8e52c=\"4\" title=\"Travailleurs roumains\">travailleurs roumains<\/a> \u00e0 :<\/p>\n\n\n\n<ul class=\"wp-block-list\">\n<li><strong>L\u2019agro\u00e9cologie et la permaculture<\/strong>.<\/li>\n\n\n\n<li><strong>Les nouvelles techniques de culture biologique<\/strong>.<\/li>\n\n\n\n<li><strong>L\u2019usage raisonn\u00e9 des ressources naturelles<\/strong>.<\/li>\n<\/ul>\n\n\n\n<p>Cela permettrait <strong>d\u2019accro\u00eetre leur efficacit\u00e9<\/strong> et de favoriser une meilleure reconnaissance de leur expertise au sein des exploitations europ\u00e9ennes.<\/p>\n\n\n\n<hr class=\"wp-block-separator has-alpha-channel-opacity\"\/>\n\n\n\n<h2 class=\"wp-block-heading\"><strong>Conclusion<\/strong><\/h2>\n\n\n\n<p>L\u2019agriculture biologique est un secteur en plein essor en Europe, n\u00e9cessitant une <strong>main-d\u2019\u0153uvre qualifi\u00e9e et flexible<\/strong>. Dans ce contexte, <strong>les ouvriers agricoles roumains jouent un r\u00f4le cl\u00e9<\/strong>, gr\u00e2ce \u00e0 leur exp\u00e9rience, leur motivation et leur adaptabilit\u00e9.<\/p>\n\n\n\n<p>Le <a href=\"https:\/\/atlantis-interim.com\/index.php\/2025\/02\/23\/la-legislation-europeenne-et-son-impact-sur-le-travail-detache-dans-lindustrie-francaise\/\" data-internallinksmanager029f6b8e52c=\"1\" title=\"Travail d\u00e9tach\u00e9\">travail d\u00e9tach\u00e9<\/a> roumain repr\u00e9sente une <strong>solution essentielle pour r\u00e9pondre aux besoins saisonniers des exploitations bio<\/strong>, tout en garantissant le respect des normes sociales et environnementales.<\/p>\n\n\n\n<h3 class=\"wp-block-heading\"><strong>Vous \u00eates exploitant agricole et recherchez des travailleurs qualifi\u00e9s en bio ?<\/strong><\/h3>\n\n\n\n<p><strong>Contactez-nous \u00e0 <\/strong><a href=\"mailto:info@atlantis-interim.com\">info@atlantis-interim.com<\/a><strong> pour <a href=\"https:\/\/atlantis-interim.com\/index.php\/2024\/07\/05\/recruter-des-travailleurs-roumains-pour-le-secteur-du-batiment-en-france\/\" data-internallinksmanager029f6b8e52c=\"22\" title=\"recruter\">recruter<\/a> des ouvriers agricoles roumains en int\u00e9rim adapt\u00e9s \u00e0 vos besoins.<\/strong><\/p>\n","protected":false},"excerpt":{"rendered":"<p>Les ouvriers roumains dans l\u2019agriculture biologique<\/p>\n","protected":false},"author":1,"featured_media":5459,"comment_status":"open","ping_status":"open","sticky":false,"template":"","format":"standard","meta":{"_monsterinsights_skip_tracking":false,"_monsterinsights_sitenote_active":false,"_monsterinsights_sitenote_note":"","_monsterinsights_sitenote_category":0,"_jetpack_memberships_contains_paid_content":false,"wds_primary_category":0,"footnotes":""},"categories":[163,1],"tags":[159,79,157],"class_list":["post-5575","post","type-post","status-publish","format-standard","has-post-thumbnail","hentry","category-agriculture","category-blog","tag-agence-interim-europeene","tag-agence-interim-roumanie","tag-agence-interim-travailleur-etranger","th-blog blog-single has-post-thumbnail"],"aioseo_notices":[],"jetpack_featured_media_url":"https:\/\/atlantis-interim.com\/wp-content\/uploads\/2024\/11\/fermiers-du-bearn-02.jpg","jetpack_sharing_enabled":true,"_links":{"self":[{"href":"https:\/\/atlantis-interim.com\/index.php\/wp-json\/wp\/v2\/posts\/5575","targetHints":{"allow":["GET"]}}],"collection":[{"href":"https:\/\/atlantis-interim.com\/index.php\/wp-json\/wp\/v2\/posts"}],"about":[{"href":"https:\/\/atlantis-interim.com\/index.php\/wp-json\/wp\/v2\/types\/post"}],"author":[{"embeddable":true,"href":"https:\/\/atlantis-interim.com\/index.php\/wp-json\/wp\/v2\/users\/1"}],"replies":[{"embeddable":true,"href":"https:\/\/atlantis-interim.com\/index.php\/wp-json\/wp\/v2\/comments?post=5575"}],"version-history":[{"count":4,"href":"https:\/\/atlantis-interim.com\/index.php\/wp-json\/wp\/v2\/posts\/5575\/revisions"}],"predecessor-version":[{"id":5614,"href":"https:\/\/atlantis-interim.com\/index.php\/wp-json\/wp\/v2\/posts\/5575\/revisions\/5614"}],"wp:featuredmedia":[{"embeddable":true,"href":"https:\/\/atlantis-interim.com\/index.php\/wp-json\/wp\/v2\/media\/5459"}],"wp:attachment":[{"href":"https:\/\/atlantis-interim.com\/index.php\/wp-json\/wp\/v2\/media?parent=5575"}],"wp:term":[{"taxonomy":"category","embeddable":true,"href":"https:\/\/atlantis-interim.com\/index.php\/wp-json\/wp\/v2\/categories?post=5575"},{"taxonomy":"post_tag","embeddable":true,"href":"https:\/\/atlantis-interim.com\/index.php\/wp-json\/wp\/v2\/tags?post=5575"}],"curies":[{"name":"wp","href":"https:\/\/api.w.org\/{rel}","templated":true}]}}