{"id":5576,"date":"2025-02-20T10:17:07","date_gmt":"2025-02-20T09:17:07","guid":{"rendered":"https:\/\/atlantis-interim.com\/?p=5576"},"modified":"2025-02-28T15:51:39","modified_gmt":"2025-02-28T14:51:39","slug":"les-saisonniers-roumains-dans-la-culture-des-plantes-aromatiques-et-medicinales-une-expertise-precieuse","status":"publish","type":"post","link":"https:\/\/atlantis-interim.com\/index.php\/2025\/02\/20\/les-saisonniers-roumains-dans-la-culture-des-plantes-aromatiques-et-medicinales-une-expertise-precieuse\/","title":{"rendered":"Saisonniers roumains et culture des plantes aromatiques et m\u00e9dicinales"},"content":{"rendered":"\n<h2 class=\"wp-block-heading\"><strong>Introduction<\/strong><\/h2>\n\n\n\n<p>La culture des plantes aromatiques et m\u00e9dicinales (PAM) conna\u00eet un essor consid\u00e9rable en Europe. Avec la demande croissante pour des produits naturels et biologiques, ce secteur joue un r\u00f4le cl\u00e9 dans l\u2019industrie pharmaceutique, cosm\u00e9tique et <a href=\"https:\/\/atlantis-interim.com\/index.php\/2025\/02\/20\/les-saisonniers-roumains-dans-la-culture-des-plantes-aromatiques-et-medicinales-une-expertise-precieuse\/\" data-type=\"post\" data-id=\"5576\">agroalimentaire<\/a>. Cependant, cette production n\u00e9cessite <strong>une <a href=\"https:\/\/atlantis-interim.com\/index.php\/2025\/02\/16\/travail-detache-roumain-dans-la-viticulture-une-main-doeuvre-qualifiee-pour-les-vendanges-et-lentretien-des-vignes\/\" data-internallinksmanager029f6b8e52c=\"21\" title=\"main-d\u2019\u0153uvre qualifi\u00e9e\">main-d\u2019\u0153uvre qualifi\u00e9e<\/a> et flexible<\/strong>, notamment pour la r\u00e9colte, le s\u00e9chage et la transformation des plantes.<\/p>\n\n\n\n<p>Dans ce contexte, <strong>les travailleurs saisonniers roumains repr\u00e9sentent un soutien essentiel<\/strong> aux exploitations sp\u00e9cialis\u00e9es dans les plantes aromatiques et m\u00e9dicinales. Gr\u00e2ce \u00e0 leur <strong>exp\u00e9rience agricole et leur adaptabilit\u00e9<\/strong>, ils contribuent \u00e0 la qualit\u00e9 et \u00e0 la rentabilit\u00e9 de ces cultures exigeantes.<\/p>\n\n\n\n<p>Cet article explore :<\/p>\n\n\n\n<ul class=\"wp-block-list\">\n<li>Les sp\u00e9cificit\u00e9s du travail dans la culture des PAM.<\/li>\n\n\n\n<li>L\u2019apport des travailleurs saisonniers roumains.<\/li>\n\n\n\n<li>Les d\u00e9fis et opportunit\u00e9s pour renforcer leur r\u00f4le dans ce secteur.<\/li>\n<\/ul>\n\n\n\n<hr class=\"wp-block-separator has-alpha-channel-opacity\"\/>\n\n\n\n<h2 class=\"wp-block-heading\"><strong>1. La culture des plantes aromatiques et m\u00e9dicinales en Europe : un secteur en expansion<\/strong><\/h2>\n\n\n\n<h3 class=\"wp-block-heading\"><strong>1.1. Une demande en forte croissance<\/strong><\/h3>\n\n\n\n<p>Le march\u00e9 des PAM conna\u00eet un d\u00e9veloppement important, port\u00e9 par plusieurs tendances :<\/p>\n\n\n\n<ul class=\"wp-block-list\">\n<li><strong>L\u2019essor des m\u00e9decines naturelles et des cosm\u00e9tiques bio<\/strong>.<\/li>\n\n\n\n<li><strong>L\u2019augmentation de la consommation d\u2019infusions et d\u2019\u00e9pices biologiques<\/strong>.<\/li>\n\n\n\n<li><strong>L\u2019int\u00e9r\u00eat croissant pour les huiles essentielles et extraits de plantes<\/strong> dans l\u2019industrie du bien-\u00eatre.<\/li>\n<\/ul>\n\n\n\n<p>Les pays europ\u00e9ens, notamment <strong>la France, l\u2019Espagne, l\u2019Italie et l\u2019Allemagne<\/strong>, figurent parmi les principaux producteurs et transformateurs de ces plantes.<\/p>\n\n\n\n<h3 class=\"wp-block-heading\"><strong>1.2. Un travail exigeant et minutieux<\/strong><\/h3>\n\n\n\n<p>La culture des plantes aromatiques et m\u00e9dicinales repose sur :<\/p>\n\n\n\n<figure class=\"wp-block-image size-large\"><img fetchpriority=\"high\" decoding=\"async\" width=\"1024\" height=\"683\" src=\"https:\/\/atlantis-interim.com\/wp-content\/uploads\/2024\/11\/fermiers-du-bearn-02-1024x683.jpg\" alt=\"\" class=\"wp-image-5459\" srcset=\"https:\/\/atlantis-interim.com\/wp-content\/uploads\/2024\/11\/fermiers-du-bearn-02-1024x683.jpg 1024w, https:\/\/atlantis-interim.com\/wp-content\/uploads\/2024\/11\/fermiers-du-bearn-02-300x200.jpg 300w, https:\/\/atlantis-interim.com\/wp-content\/uploads\/2024\/11\/fermiers-du-bearn-02-768x512.jpg 768w, https:\/\/atlantis-interim.com\/wp-content\/uploads\/2024\/11\/fermiers-du-bearn-02-1536x1024.jpg 1536w, https:\/\/atlantis-interim.com\/wp-content\/uploads\/2024\/11\/fermiers-du-bearn-02-600x400.jpg 600w, https:\/\/atlantis-interim.com\/wp-content\/uploads\/2024\/11\/fermiers-du-bearn-02.jpg 1600w\" sizes=\"(max-width: 1024px) 100vw, 1024px\" \/><\/figure>\n\n\n\n<ul class=\"wp-block-list\">\n<li><strong>Une production diversifi\u00e9e<\/strong>, incluant la lavande, la camomille, la menthe, le thym, le romarin ou encore l\u2019arnica.<\/li>\n\n\n\n<li><strong>Des techniques sp\u00e9cifiques<\/strong>, comme la culture en plein champ ou sous serre.<\/li>\n\n\n\n<li><strong>Un besoin de r\u00e9colte manuelle<\/strong>, pour pr\u00e9server les principes actifs des plantes et assurer une qualit\u00e9 optimale.<\/li>\n<\/ul>\n\n\n\n<p>Certaines esp\u00e8ces n\u00e9cessitent un <strong>savoir-faire particulier<\/strong>, notamment pour le tri, le s\u00e9chage et la transformation en huiles essentielles ou en tisanes.<\/p>\n\n\n\n<hr class=\"wp-block-separator has-alpha-channel-opacity\"\/>\n\n\n\n<h2 class=\"wp-block-heading\"><strong>2. Le r\u00f4le essentiel des travailleurs saisonniers roumains<\/strong><\/h2>\n\n\n\n<h3 class=\"wp-block-heading\"><strong>2.1. Une expertise agricole adapt\u00e9e \u00e0 la culture des PAM<\/strong><\/h3>\n\n\n\n<p>Les travailleurs saisonniers roumains sont souvent issus de r\u00e9gions rurales o\u00f9 l\u2019agriculture occupe une place centrale. Ils poss\u00e8dent une exp\u00e9rience pr\u00e9cieuse dans :<\/p>\n\n\n\n<ul class=\"wp-block-list\">\n<li><strong>Le travail des cultures fragiles<\/strong>, n\u00e9cessitant soin et pr\u00e9cision.<\/li>\n\n\n\n<li><strong>Les techniques de r\u00e9colte \u00e0 la main<\/strong>, essentielles pour pr\u00e9server les ar\u00f4mes et les principes actifs.<\/li>\n\n\n\n<li><strong>Le tri et le s\u00e9chage des plantes<\/strong>, \u00e9tapes cruciales pour assurer la qualit\u00e9 des produits finis.<\/li>\n<\/ul>\n\n\n\n<p>Cette expertise leur permet de s\u2019adapter facilement aux <strong><a href=\"https:\/\/atlantis-interim.com\/index.php\/2025\/01\/31\/les-effets-de-la-precarite-de-lemploi-interimaire-sur-la-securite-des-travailleurs-dans-le-transport-risques-lies-a-la-securite-des-interimaires-dans-des-metiers-exigeants\/\" data-type=\"post\" data-id=\"5549\">exigences des exploitations europ\u00e9ennes<\/a><\/strong>, notamment celles engag\u00e9es en agriculture biologique.<\/p>\n\n\n\n<h3 class=\"wp-block-heading\"><strong>2.2. Une main-d\u2019\u0153uvre flexible et disponible en p\u00e9riode de r\u00e9colte<\/strong><\/h3>\n\n\n\n<p>La culture des PAM suit un calendrier strict, avec des p\u00e9riodes de r\u00e9colte souvent courtes et intenses. Les travailleurs saisonniers roumains permettent aux exploitants de r\u00e9pondre \u00e0 ces exigences gr\u00e2ce \u00e0 :<\/p>\n\n\n\n<ul class=\"wp-block-list\">\n<li><strong>Leur disponibilit\u00e9 en haute saison<\/strong>, lors des pics de r\u00e9colte.<\/li>\n\n\n\n<li><strong>Leur mobilit\u00e9<\/strong>, facilit\u00e9e par le <a href=\"https:\/\/atlantis-interim.com\/index.php\/2025\/02\/23\/la-legislation-europeenne-et-son-impact-sur-le-travail-detache-dans-lindustrie-francaise\/\" data-internallinksmanager029f6b8e52c=\"1\" title=\"Travail d\u00e9tach\u00e9\">travail d\u00e9tach\u00e9<\/a>.<\/li>\n\n\n\n<li><strong>Leur rapidit\u00e9 d\u2019adaptation aux besoins des exploitations<\/strong>.<\/li>\n<\/ul>\n\n\n\n<p>Cette flexibilit\u00e9 est essentielle pour assurer la rentabilit\u00e9 des cultures, car une r\u00e9colte tardive ou mal r\u00e9alis\u00e9e peut <strong>compromettre la qualit\u00e9 et le rendement<\/strong> des plantes.<\/p>\n\n\n\n<hr class=\"wp-block-separator has-alpha-channel-opacity\"\/>\n\n\n\n<h2 class=\"wp-block-heading\"><strong>3. Les avantages du travail d\u00e9tach\u00e9 roumain pour la culture des PAM<\/strong><\/h2>\n\n\n\n<h3 class=\"wp-block-heading\"><strong>3.1. Une r\u00e9ponse \u00e0 la p\u00e9nurie de main-d\u2019\u0153uvre locale<\/strong><\/h3>\n\n\n\n<p>De nombreux exploitants peinent \u00e0 <a href=\"https:\/\/atlantis-interim.com\/index.php\/2024\/07\/05\/recruter-des-travailleurs-roumains-pour-le-secteur-du-batiment-en-france\/\" data-internallinksmanager029f6b8e52c=\"22\" title=\"recruter\">recruter<\/a> des travailleurs locaux, en raison :<\/p>\n\n\n\n<ul class=\"wp-block-list\">\n<li><strong>De la p\u00e9nibilit\u00e9 du travail agricole<\/strong>.<\/li>\n\n\n\n<li><strong>Du caract\u00e8re saisonnier des emplois<\/strong>.<\/li>\n\n\n\n<li><strong>Du manque de main-d\u2019\u0153uvre qualifi\u00e9e dans ce secteur sp\u00e9cifique<\/strong>.<\/li>\n<\/ul>\n\n\n\n<p>Les saisonniers roumains apportent une <strong>solution efficace et imm\u00e9diate<\/strong>, en assurant une main-d\u2019\u0153uvre qualifi\u00e9e et motiv\u00e9e.<\/p>\n\n\n\n<h3 class=\"wp-block-heading\"><strong>3.2. Un respect des normes europ\u00e9ennes<\/strong><\/h3>\n\n\n\n<p>Le <a href=\"https:\/\/atlantis-interim.com\/index.php\/2025\/02\/23\/la-legislation-europeenne-et-son-impact-sur-le-travail-detache-dans-lindustrie-francaise\/\" data-internallinksmanager029f6b8e52c=\"1\" title=\"Travail d\u00e9tach\u00e9\">travail d\u00e9tach\u00e9<\/a> permet d\u2019embaucher des <a href=\"https:\/\/atlantis-interim.com\/index.php\/2025\/02\/17\/les-ouvriers-roumains-dans-lagriculture-biologique-un-levier-pour-une-production-durable-en-europe\/\" data-internallinksmanager029f6b8e52c=\"25\" title=\"ouvriers\">ouvriers<\/a> roumains dans <strong>le respect des r\u00e9glementations europ\u00e9ennes<\/strong>, garantissant :<\/p>\n\n\n\n<ul class=\"wp-block-list\">\n<li>Une <strong>r\u00e9mun\u00e9ration conforme aux standards du pays d\u2019accueil<\/strong>.<\/li>\n\n\n\n<li>Des <strong>conditions de travail r\u00e9glement\u00e9es<\/strong>, incluant le respect des horaires et des normes de s\u00e9curit\u00e9.<\/li>\n\n\n\n<li>Une <strong>protection sociale adapt\u00e9e<\/strong> \u00e0 leur statut.<\/li>\n<\/ul>\n\n\n\n<h3 class=\"wp-block-heading\"><strong>3.3. Un engagement croissant dans l\u2019agriculture biologique<\/strong><\/h3>\n\n\n\n<p>De nombreuses exploitations de PAM adoptent des pratiques biologiques et agro\u00e9cologiques. Les <a href=\"https:\/\/atlantis-interim.com\/index.php\/2024\/06\/14\/les-droits-des-travailleurs-roumains-detaches-en-matiere-de-sante-et-securite-au-travail\/\" data-internallinksmanager029f6b8e52c=\"4\" title=\"Travailleurs roumains\">travailleurs roumains<\/a> sont form\u00e9s et habitu\u00e9s \u00e0 :<\/p>\n\n\n\n<ul class=\"wp-block-list\">\n<li><strong>L\u2019usage de m\u00e9thodes naturelles de culture et de protection des plantes<\/strong>.<\/li>\n\n\n\n<li><strong>Le respect des normes bio pour la r\u00e9colte et le tri<\/strong>.<\/li>\n\n\n\n<li><strong>L\u2019adoption de techniques respectueuses des \u00e9cosyst\u00e8mes<\/strong>.<\/li>\n<\/ul>\n\n\n\n<figure class=\"wp-block-image\"><img decoding=\"async\" width=\"1200\" height=\"800\" src=\"https:\/\/atlantis-interim.com\/wp-content\/uploads\/2024\/11\/64be6a91a87c-ouvrier-agricole.jpg\" alt=\"\" class=\"wp-image-5451\" srcset=\"https:\/\/atlantis-interim.com\/wp-content\/uploads\/2024\/11\/64be6a91a87c-ouvrier-agricole.jpg 1200w, https:\/\/atlantis-interim.com\/wp-content\/uploads\/2024\/11\/64be6a91a87c-ouvrier-agricole-300x200.jpg 300w, https:\/\/atlantis-interim.com\/wp-content\/uploads\/2024\/11\/64be6a91a87c-ouvrier-agricole-1024x683.jpg 1024w, https:\/\/atlantis-interim.com\/wp-content\/uploads\/2024\/11\/64be6a91a87c-ouvrier-agricole-768x512.jpg 768w, https:\/\/atlantis-interim.com\/wp-content\/uploads\/2024\/11\/64be6a91a87c-ouvrier-agricole-600x400.jpg 600w\" sizes=\"(max-width: 1200px) 100vw, 1200px\" \/><\/figure>\n\n\n\n<p>Cette adaptation facilite la transition vers une <strong>agriculture durable et respectueuse de l\u2019environnement<\/strong>.<\/p>\n\n\n\n<hr class=\"wp-block-separator has-alpha-channel-opacity\"\/>\n\n\n\n<h2 class=\"wp-block-heading\"><strong>4. D\u00e9fis et perspectives pour am\u00e9liorer les conditions de travail<\/strong><\/h2>\n\n\n\n<h3 class=\"wp-block-heading\"><strong>4.1. Am\u00e9liorer l\u2019int\u00e9gration et le cadre de vie des travailleurs<\/strong><\/h3>\n\n\n\n<p>Malgr\u00e9 leur r\u00f4le essentiel, les saisonniers roumains rencontrent parfois des difficult\u00e9s :<\/p>\n\n\n\n<ul class=\"wp-block-list\">\n<li><strong>L\u2019isolement en zones rurales<\/strong>, avec un acc\u00e8s limit\u00e9 aux services de base.<\/li>\n\n\n\n<li><strong>Des conditions de logement parfois pr\u00e9caires<\/strong>.<\/li>\n\n\n\n<li><strong>Une barri\u00e8re linguistique<\/strong>, qui complique la communication avec les employeurs.<\/li>\n<\/ul>\n\n\n\n<p>Il est crucial d\u2019investir dans <strong>de meilleures infrastructures d\u2019accueil<\/strong>, de proposer des formations linguistiques et de favoriser leur int\u00e9gration sociale pour garantir leur bien-\u00eatre et leur motivation.<\/p>\n\n\n\n<h3 class=\"wp-block-heading\"><strong>4.2. Encourager la formation et la mont\u00e9e en comp\u00e9tences<\/strong><\/h3>\n\n\n\n<p>L\u2019agriculture des PAM \u00e9volue rapidement, avec des innovations en mati\u00e8re de :<\/p>\n\n\n\n<ul class=\"wp-block-list\">\n<li><strong>Techniques de culture et de transformation<\/strong>.<\/li>\n\n\n\n<li><strong>Normes de qualit\u00e9 et de certification biologique<\/strong>.<\/li>\n\n\n\n<li><strong>Optimisation des rendements et de la biodiversit\u00e9<\/strong>.<\/li>\n<\/ul>\n\n\n\n<p>Former les <a href=\"https:\/\/atlantis-interim.com\/index.php\/2024\/06\/14\/les-droits-des-travailleurs-roumains-detaches-en-matiere-de-sante-et-securite-au-travail\/\" data-internallinksmanager029f6b8e52c=\"4\" title=\"Travailleurs roumains\">travailleurs roumains<\/a> \u00e0 ces nouvelles pratiques permettrait <strong>d\u2019am\u00e9liorer leur productivit\u00e9 et leur employabilit\u00e9<\/strong>, tout en renfor\u00e7ant la comp\u00e9titivit\u00e9 des exploitations europ\u00e9ennes.<\/p>\n\n\n\n<hr class=\"wp-block-separator has-alpha-channel-opacity\"\/>\n\n\n\n<h2 class=\"wp-block-heading\"><strong>Conclusion<\/strong><\/h2>\n\n\n\n<p>La culture des plantes aromatiques et m\u00e9dicinales est un secteur dynamique, n\u00e9cessitant <strong>une main-d\u2019\u0153uvre qualifi\u00e9e et flexible<\/strong>. <strong>Les travailleurs saisonniers roumains jouent un r\u00f4le cl\u00e9<\/strong> dans cette fili\u00e8re en apportant <strong>leur expertise, leur rigueur et leur adaptabilit\u00e9<\/strong>.<\/p>\n\n\n\n<p>Le <a href=\"https:\/\/atlantis-interim.com\/index.php\/2025\/02\/23\/la-legislation-europeenne-et-son-impact-sur-le-travail-detache-dans-lindustrie-francaise\/\" data-internallinksmanager029f6b8e52c=\"1\" title=\"Travail d\u00e9tach\u00e9\">travail d\u00e9tach\u00e9<\/a> repr\u00e9sente <strong>une solution essentielle<\/strong> pour r\u00e9pondre aux besoins des exploitations, tout en respectant les standards de qualit\u00e9 et de durabilit\u00e9. Am\u00e9liorer <strong>les conditions de travail, la formation et l\u2019int\u00e9gration<\/strong> de ces travailleurs permettrait de renforcer encore davantage <strong>leur r\u00f4le strat\u00e9gique<\/strong> dans cette production \u00e0 haute valeur ajout\u00e9e.<\/p>\n\n\n\n<h3 class=\"wp-block-heading\"><strong>Vous \u00eates exploitant et recherchez des travailleurs qualifi\u00e9s pour la culture des plantes aromatiques et m\u00e9dicinales ?<\/strong><\/h3>\n\n\n\n<p><strong>Contactez-nous \u00e0 <a href=\"mailto:info@atlantis-interim.com\">info@atlantis-interim.com<\/a> pour <a href=\"https:\/\/atlantis-interim.com\/index.php\/2024\/07\/05\/recruter-des-travailleurs-roumains-pour-le-secteur-du-batiment-en-france\/\" data-internallinksmanager029f6b8e52c=\"22\" title=\"recruter\">recruter<\/a> des <a href=\"https:\/\/atlantis-interim.com\/index.php\/2025\/02\/17\/les-ouvriers-roumains-dans-lagriculture-biologique-un-levier-pour-une-production-durable-en-europe\/\" data-internallinksmanager029f6b8e52c=\"25\" title=\"ouvriers\">ouvriers<\/a> agricoles roumains en int\u00e9rim adapt\u00e9s \u00e0 vos besoins.<\/strong><\/p>\n\n\n\n<p><\/p>\n","protected":false},"excerpt":{"rendered":"<p>Introduction La culture des plantes aromatiques et m\u00e9dicinales (PAM) conna\u00eet un essor consid\u00e9rable en Europe. Avec la demande croissante pour des produits naturels et biologiques, ce secteur joue un r\u00f4le cl\u00e9 dans l\u2019industrie pharmaceutique, cosm\u00e9tique et agroalimentaire. Cependant, cette production n\u00e9cessite une main-d\u2019\u0153uvre qualifi\u00e9e et flexible, notamment pour la r\u00e9colte, le s\u00e9chage et la transformation&#8230;<\/p>\n","protected":false},"author":1,"featured_media":5427,"comment_status":"open","ping_status":"open","sticky":false,"template":"","format":"standard","meta":{"_monsterinsights_skip_tracking":false,"_monsterinsights_sitenote_active":false,"_monsterinsights_sitenote_note":"","_monsterinsights_sitenote_category":0,"_jetpack_memberships_contains_paid_content":false,"wds_primary_category":0,"footnotes":""},"categories":[163,1],"tags":[159,79,157],"class_list":["post-5576","post","type-post","status-publish","format-standard","has-post-thumbnail","hentry","category-agriculture","category-blog","tag-agence-interim-europeene","tag-agence-interim-roumanie","tag-agence-interim-travailleur-etranger","th-blog blog-single has-post-thumbnail"],"aioseo_notices":[],"jetpack_featured_media_url":"https:\/\/atlantis-interim.com\/wp-content\/uploads\/2024\/11\/sudouest-photo-1-11926051.jpg","jetpack_sharing_enabled":true,"_links":{"self":[{"href":"https:\/\/atlantis-interim.com\/index.php\/wp-json\/wp\/v2\/posts\/5576","targetHints":{"allow":["GET"]}}],"collection":[{"href":"https:\/\/atlantis-interim.com\/index.php\/wp-json\/wp\/v2\/posts"}],"about":[{"href":"https:\/\/atlantis-interim.com\/index.php\/wp-json\/wp\/v2\/types\/post"}],"author":[{"embeddable":true,"href":"https:\/\/atlantis-interim.com\/index.php\/wp-json\/wp\/v2\/users\/1"}],"replies":[{"embeddable":true,"href":"https:\/\/atlantis-interim.com\/index.php\/wp-json\/wp\/v2\/comments?post=5576"}],"version-history":[{"count":2,"href":"https:\/\/atlantis-interim.com\/index.php\/wp-json\/wp\/v2\/posts\/5576\/revisions"}],"predecessor-version":[{"id":5600,"href":"https:\/\/atlantis-interim.com\/index.php\/wp-json\/wp\/v2\/posts\/5576\/revisions\/5600"}],"wp:featuredmedia":[{"embeddable":true,"href":"https:\/\/atlantis-interim.com\/index.php\/wp-json\/wp\/v2\/media\/5427"}],"wp:attachment":[{"href":"https:\/\/atlantis-interim.com\/index.php\/wp-json\/wp\/v2\/media?parent=5576"}],"wp:term":[{"taxonomy":"category","embeddable":true,"href":"https:\/\/atlantis-interim.com\/index.php\/wp-json\/wp\/v2\/categories?post=5576"},{"taxonomy":"post_tag","embeddable":true,"href":"https:\/\/atlantis-interim.com\/index.php\/wp-json\/wp\/v2\/tags?post=5576"}],"curies":[{"name":"wp","href":"https:\/\/api.w.org\/{rel}","templated":true}]}}